{"id":996,"date":"2026-01-21T14:06:14","date_gmt":"2026-01-21T17:06:14","guid":{"rendered":"https:\/\/www.encontrajoaopessoa.com.br\/sobre\/coordenadoria-de-igualdade-racial-de-joao-pessoa-participa-de-dialogo-sobre-combate-a-intolerancia-religiosa\/"},"modified":"2026-01-21T14:06:14","modified_gmt":"2026-01-21T17:06:14","slug":"coordenadoria-de-igualdade-racial-de-joao-pessoa-participa-de-dialogo-sobre-combate-a-intolerancia-religiosa","status":"publish","type":"post","link":"https:\/\/www.encontrajoaopessoa.com.br\/sobre\/coordenadoria-de-igualdade-racial-de-joao-pessoa-participa-de-dialogo-sobre-combate-a-intolerancia-religiosa\/","title":{"rendered":"Coordenadoria de Igualdade Racial de Jo\u00e3o Pessoa participa de di\u00e1logo sobre combate \u00e0 intoler\u00e2ncia religiosa"},"content":{"rendered":"<div class=\"866aa4a7c674253f40eaa20e0e3e928c\" data-index=\"1\" style=\"float: none; margin:0px;\">\n<!-- Anuncio display - global -->\r\n<ins class=\"adsbygoogle\"\r\n     style=\"display:block\"\r\n     data-ad-client=\"ca-pub-8585364105181520\"\r\n     data-ad-slot=\"8789329856\"\r\n     data-ad-format=\"auto\"\r\n     data-full-width-responsive=\"true\"><\/ins>\r\n<script>\r\n     (adsbygoogle = window.adsbygoogle || []).push({});\r\n<\/script>\n<\/div>\n<h2>Import\u00e2ncia do Dia Nacional de Combate \u00e0 Intoler\u00e2ncia Religiosa<\/h2>\n<p>O Dia Nacional de Combate \u00e0 Intoler\u00e2ncia Religiosa, celebrado em 21 de janeiro, \u00e9 uma data significativa que visa conscientizar e educar a sociedade sobre a import\u00e2ncia do respeito \u00e0s diferentes cren\u00e7as e religi\u00f5es presentes no Brasil. Institu\u00eddo pela Lei n\u00ba 11.635 de 2007, o dia homenageia a mem\u00f3ria de M\u00e3e Gilda de Ogum, uma importante figura religiosa que sofreu discrimina\u00e7\u00e3o religiosa, sendo uma das v\u00edtimas da intoler\u00e2ncia que permeia a nossa sociedade. Este dia n\u00e3o serve apenas para lembrar das injusti\u00e7as do passado, mas tamb\u00e9m para fomentar um di\u00e1logo necess\u00e1rio entre as diversas tradi\u00e7\u00f5es religiosas, promovendo um ambiente de respeito e compreens\u00e3o m\u00fatua.<\/p>\n<p>A intoler\u00e2ncia religiosa, frequentemente manifestada por meio de discrimina\u00e7\u00e3o e viol\u00eancia, \u00e9 um fen\u00f4meno que afeta diversas comunidades e indiv\u00edduos em todo o mundo. No Brasil, onde coexistem um vasto n\u00famero de religi\u00f5es e pr\u00e1ticas espirituais, o combate a essa forma de intoler\u00e2ncia \u00e9 crucial para a promo\u00e7\u00e3o da paz social e da igualdade de direitos. A promo\u00e7\u00e3o do respeito pelas diferentes tradi\u00e7\u00f5es religiosas n\u00e3o apenas minimiza conflitos, mas tamb\u00e9m enriquece a cultura e a sociedade brasileira. Assim, o Dia Nacional de Combate \u00e0 Intoler\u00e2ncia Religiosa se torna um momento emblem\u00e1tico para a reflex\u00e3o sobre a diversidade cultural e religiosa do pa\u00eds.<\/p>\n<p>A import\u00e2ncia dessa data \u00e9 enfatizada por eventos e a\u00e7\u00f5es que buscam unir comunidades e reparar os danos causados pela intoler\u00e2ncia. Iniciativas como di\u00e1logos inter-religiosos e programas educativos s\u00e3o organizados com o objetivo de promover uma melhor compreens\u00e3o entre diferentes grupos religiosos, refor\u00e7ando a necessidade de um ambiente harmonioso. As escolas, institui\u00e7\u00f5es e a sociedade civil, como um todo, s\u00e3o incentivadas a participar dessa conscientiza\u00e7\u00e3o, ajudando a criar uma na\u00e7\u00e3o mais justa e solid\u00e1ria.<\/p>\n<p><img decoding=\"async\" src=\"https:\/\/www.encontrajoaopessoa.com.br\/sobre\/wp-content\/uploads\/2026\/01\/coordenadoria-de-igualdade-racial-de-joao-pessoa-participa-de-dialogo-sobre-combate-a-intolerancia-r.webp\" alt=\"intoler\u00e2ncia religiosa\" loading=\"lazy\" \/><\/p>\n<h2>A\u00e7\u00f5es da Prefeitura em Prol da Igualdade Racial<\/h2>\n<p>A Prefeitura de Jo\u00e3o Pessoa, atrav\u00e9s da Coordenadoria de Promo\u00e7\u00e3o da Igualdade Racial, tem se destacado na luta contra a intoler\u00e2ncia religiosa e na promo\u00e7\u00e3o de pol\u00edticas p\u00fablicas de valoriza\u00e7\u00e3o da diversidade. Desde 2021, uma s\u00e9rie de a\u00e7\u00f5es intersetoriais foram implementadas, com foco na educa\u00e7\u00e3o e conscientiza\u00e7\u00e3o da popula\u00e7\u00e3o. Essas iniciativas incluem oficinas em escolas, atendendo comunidades em situa\u00e7\u00e3o de vulnerabilidade e promovendo a diversidade cultural e religiosa em espa\u00e7os p\u00fablicos e privados.<\/p>\n<p>Uma das a\u00e7\u00f5es mais significativas \u00e9 a cria\u00e7\u00e3o e a implementa\u00e7\u00e3o do Estatuto Municipal de Promo\u00e7\u00e3o e Igualdade Racial, sancionado no in\u00edcio de 2025. Este Estatuto representa um marco importante, estabelecendo diretrizes para o enfrentamento do racismo e da intoler\u00e2ncia religiosa, al\u00e9m de promover a redu\u00e7\u00e3o das desigualdades em diversas \u00e1reas, como sa\u00fade, educa\u00e7\u00e3o e cultura. Com o apoio do F\u00f3rum da Diversidade Religiosa, a Prefeitura tem realizado eventos e encontros que incentivam o di\u00e1logo entre representantes de diferentes tradi\u00e7\u00f5es, o que contribui para um maior entendimento e respeito m\u00fatuo.<\/p>\n<p>Os esfor\u00e7os da administra\u00e7\u00e3o municipal refletem um compromisso s\u00e9rio com a justi\u00e7a social, e as pol\u00edticas implementadas visam garantir que todas as vozes sejam ouvidas e respeitadas. Programas voltados para a prote\u00e7\u00e3o de v\u00edtimas de intoler\u00e2ncia e a promo\u00e7\u00e3o da cultura afro-brasileira t\u00eam sido fundamentais para combater a discrimina\u00e7\u00e3o e fortalecer a identidade cultural local. Atrav\u00e9s do trabalho da Coordenadoria, projetos de valoriza\u00e7\u00e3o da diversidade s\u00e3o constantemente desenvolvidos, promovendo a equidade racial e religiosa na cidade.<\/p>\n<h2>O Encontro Inter-religioso e Suas Metas<\/h2>\n<p>O Caf\u00e9 da Manh\u00e3 Inter-religioso, realizado como parte das celebra\u00e7\u00f5es do Dia Nacional de Combate \u00e0 Intoler\u00e2ncia Religiosa, \u00e9 um evento que simboliza a uni\u00e3o e a colabora\u00e7\u00e3o entre diferentes tradi\u00e7\u00f5es religiosas. Este encontro \u00e9 uma iniciativa do F\u00f3rum da Diversidade Religiosa da Para\u00edba, que busca construir pontes ao inv\u00e9s de muros entre as religi\u00f5es. O evento re\u00fane l\u00edderes e representantes de diversas cren\u00e7as, promovendo um di\u00e1logo aberto e respetivo sobre quest\u00f5es relevantes que permeiam a conviv\u00eancia entre as diferentes religi\u00f5es.<\/p>\n<p>Durante o caf\u00e9 da manh\u00e3, s\u00e3o discutidas estrat\u00e9gias e metas para promover o respeito e a harmonia entre as tradi\u00e7\u00f5es religiosas, estabelecendo um espa\u00e7o seguro onde todos podem expressar suas cren\u00e7as sem medo de repres\u00e1lias. Os encontros inter-religiosos tamb\u00e9m proporcionam uma plataforma para a troca de experi\u00eancias, onde os l\u00edderes religiosos podem compartilhar suas viv\u00eancias e desafios enfrentados em suas comunidades. Este espa\u00e7o de di\u00e1logo \u00e9 essencial para fortalecer la\u00e7os de amizade e compreens\u00e3o entre diferentes grupos, estimulando uma cultura de paz e solidariedade.<\/p>\n<p>Al\u00e9m disso, as reuni\u00f5es e eventos inter-religiosos s\u00e3o fundamentais para a educa\u00e7\u00e3o do p\u00fablico em geral. Por meio de palestras, oficinas e debates, \u00e9 poss\u00edvel esclarec\u00ea-los sobre as diversas tradi\u00e7\u00f5es religiosas e as bases filos\u00f3ficas que sustentam cada uma delas. O objetivo \u00e9 desmistificar preconceitos e criar um ambiente onde as pessoas possam aprender umas com as outras, favorecendo a constru\u00e7\u00e3o de uma sociedade mais inclusiva e respeitosa.<\/p>\n<h2>Reflex\u00e3o sobre a Diversidade de Cren\u00e7as<\/h2>\n<p>A diversidade religiosa \u00e9 uma das caracter\u00edsticas mais not\u00e1veis da sociedade brasileira. Nesta pluralidade, cada cren\u00e7a traz consigo uma rica tape\u00e7aria de cultura, tradi\u00e7\u00f5es e modos de vida que enriquecem a experi\u00eancia humana. No entanto, essa diversidade tamb\u00e9m pode ser fonte de conflitos quando n\u00e3o \u00e9 respeitada. A reflex\u00e3o sobre a diversidade de cren\u00e7as \u00e9, portanto, essencial para promover um entendimento que respeite as diferen\u00e7as e fomente a conviv\u00eancia pac\u00edfica.<\/p>\n<p>Promover o respeito pela diversidade religiosa envolve o reconhecimento de que cada cren\u00e7a possui sua pr\u00f3pria hist\u00f3ria, valores e pr\u00e1ticas. Isso requer um esfor\u00e7o conjunto de l\u00edderes religiosos, educadores e a sociedade em geral para educar e conscientizar as pessoas sobre a necessidade de toler\u00e2ncia e respeito. Educa\u00e7\u00e3o \u00e9 um dos principais pilares para mudar a mentalidade e promover a sensibilidade \u00e0s quest\u00f5es religiosas e culturais, sendo fundamental nas escolas, comunidades e fam\u00edlias.<\/p>\n<p>A reflex\u00e3o sobre a diversidade de cren\u00e7as tamb\u00e9m deve abranger a compreens\u00e3o do papel da religi\u00e3o na vida das pessoas e como isso influencia suas identidades. Essa compreens\u00e3o nos ajuda a valorizar n\u00e3o apenas as cren\u00e7as, mas tamb\u00e9m as trajet\u00f3rias individuais de cada um. Exercitar a empatia e a escuta ativa nos permite dialogar com quem pensa de maneira diferente, o que, por sua vez, contribui para a redu\u00e7\u00e3o de preconceitos e conflitos.<\/p>\n<h2>Testemunhos de Lideran\u00e7as Religiosas<\/h2>\n<p>As vozes de l\u00edderes religiosos desempenham um papel crucial na promo\u00e7\u00e3o do respeito e da conviv\u00eancia pac\u00edfica entre as diferentes tradi\u00e7\u00f5es. Durante eventos como o Caf\u00e9 da Manh\u00e3 Inter-religioso, s\u00e3o frequentemente compartilhados testemunhos de experi\u00eancias vividas por l\u00edderes de diferentes religi\u00f5es que enfrentaram a intoler\u00e2ncia. Esses relatos s\u00e3o poderosos, pois trazem \u00e0 tona a realidade do preconceito e da discrimina\u00e7\u00e3o que afetam muitas comunidades.<\/p>\n<p>Al\u00e9m de compartilhar suas experi\u00eancias, os l\u00edderes religiosos t\u00eam a responsabilidade de promover a paz e o respeito dentro de suas comunidades. Atrav\u00e9s de prega\u00e7\u00f5es, ensinamentos e a\u00e7\u00f5es, eles podem inspirar seus seguidores a cultivar atitudes de toler\u00e2ncia e aceita\u00e7\u00e3o. O impacto dessas a\u00e7\u00f5es pode ser profundo, criando um efeito cascata que se estende para al\u00e9m dos muros das igrejas, templos e comunidades.<\/p>\n<p>O dialogo inter-religioso n\u00e3o se limita a eventos formais, mas tamb\u00e9m deve ocorrer em n\u00edvel comunit\u00e1rio. A conex\u00e3o entre as diferentes tradi\u00e7\u00f5es pode levar ao fortalecimento dos la\u00e7os comunit\u00e1rios e \u00e0 constru\u00e7\u00e3o de um ambiente onde todos se sintam confort\u00e1veis em expressar suas cren\u00e7as. Al\u00e9m disso, o apoio m\u00fatuo entre diferentes comunidades religiosas em momentos de crise ou discrimina\u00e7\u00e3o \u00e9 um exemplo poderoso de solidariedade, ressaltando a import\u00e2ncia de estar ao lado uns dos outros na luta contra a intoler\u00e2ncia.<\/p>\n<h2>O Papel da Sociedade no Combate \u00e0 Intoler\u00e2ncia<\/h2>\n<p>A luta contra a intoler\u00e2ncia religiosa n\u00e3o \u00e9 responsabilidade apenas de institui\u00e7\u00f5es e l\u00edderes; ela \u00e9 uma quest\u00e3o que envolve toda a sociedade. Cada indiv\u00edduo tem um papel fundamental na constru\u00e7\u00e3o de uma cultura de respeito e aceita\u00e7\u00e3o. Desde as a\u00e7\u00f5es cotidianas at\u00e9 o engajamento em movimentos sociais, a participa\u00e7\u00e3o ativa dos cidad\u00e3os \u00e9 essencial para promover mudan\u00e7as significativas.<\/p>\n<p>O combate \u00e0 intoler\u00e2ncia religiosa deve come\u00e7ar em casa, com as fam\u00edlias educando seus filhos sobre a diversidade e a import\u00e2ncia do respeito m\u00fatuo. Conversas abertas sobre religi\u00e3o, cultura e as experi\u00eancias vividas por diferentes indiv\u00edduos ajudam a fomentar a compreens\u00e3o e a empatia. Al\u00e9m disso, a ades\u00e3o a iniciativas comunit\u00e1rias que promovem a toler\u00e2ncia \u00e9 uma maneira de mostrar solidariedade e compromisso com a constru\u00e7\u00e3o de um ambiente mais pac\u00edfico.<\/p>\n<p>As redes sociais tamb\u00e9m desempenham um papel vital nesse processo. Elas t\u00eam o poder de disseminar informa\u00e7\u00f5es e apoiar campanhas de conscientiza\u00e7\u00e3o. No entanto, tamb\u00e9m podem ser usadas para propagar discursos de \u00f3dio e preconceito. Portanto, \u00e9 responsabilidade de cada usu\u00e1rio usar as plataformas de forma positiva, compartilhando mensagens de amor, respeito e inclus\u00e3o. A amplia\u00e7\u00e3o do di\u00e1logo nas redes sociais pode se traduzir em maior conscientiza\u00e7\u00e3o sobre a intoler\u00e2ncia religiosa e, por conseguinte, encorajar a\u00e7\u00f5es para enfrent\u00e1-la.<\/p>\n<h2>Estatuto Municipal e Suas Implica\u00e7\u00f5es<\/h2>\n<p>O Estatuto Municipal de Promo\u00e7\u00e3o e Igualdade Racial, sancionado em 2025, representa um avan\u00e7o significativo na luta contra o racismo e a intoler\u00e2ncia religiosa em Jo\u00e3o Pessoa. Este marco legal estabelece diretrizes claras para a promo\u00e7\u00e3o de igualdade e o enfrentamento das diversas formas de discrimina\u00e7\u00e3o que afetam as popula\u00e7\u00f5es mais vulner\u00e1veis. Ao reconhecer a import\u00e2ncia da diversidade, o Estatuto incentiva a\u00e7\u00f5es que valorizam as diferentes culturas e religi\u00f5es.<\/p>\n<p>As implica\u00e7\u00f5es do Estatuto s\u00e3o profundas, pois ele serve como um guia para a implementa\u00e7\u00e3o de pol\u00edticas p\u00fablicas que visam garantir o direito \u00e0 dignidade e \u00e0 igualdade de oportunidades para todos. As diretrizes abrangem diversas \u00e1reas, como sa\u00fade, educa\u00e7\u00e3o, cultura e trabalho, promovendo a igualdade de condi\u00e7\u00f5es e combatendo as desigualdades. Este compromisso institucional \u00e9 fundamental para fortalecer a trajet\u00f3ria de luta pela justi\u00e7a social e pela equidade.<\/p>\n<p>Com a implementa\u00e7\u00e3o do Estatuto, a Prefeitura de Jo\u00e3o Pessoa demonstra uma vontade pol\u00edtica de transformar a realidade de muitas comunidades que, historicamente, sofreram com o racismo e a intoler\u00e2ncia religiosa. Isso se traduz em recursos destinados a programas de forma\u00e7\u00e3o, capacita\u00e7\u00e3o e conscientiza\u00e7\u00e3o, promovendo a inclus\u00e3o e o respeito \u00e0 diversidade.<\/p>\n<h2>Como Denunciar Intoler\u00e2ncia Religiosa<\/h2>\n<p>Denunciar a intoler\u00e2ncia religiosa \u00e9 um passo fundamental para combater esse problema. A cidade de Jo\u00e3o Pessoa, comprometida com os direitos humanos, oferece canais apropriados para que cidad\u00e3os possam relatar casos de discrimina\u00e7\u00e3o e viol\u00eancia religiosa. O aplicativo \u201cJo\u00e3o Pessoa na Palma da M\u00e3o\u201d \u00e9 uma ferramenta disponibilizada pela Prefeitura que permite aos cidad\u00e3os registrar suas den\u00fancias de forma r\u00e1pida e acess\u00edvel. A identifica\u00e7\u00e3o facilitada e o suporte t\u00e9cnico garantem que as den\u00fancias cheguem aos \u00f3rg\u00e3os competentes.<\/p>\n<p>Al\u00e9m do aplicativo, o Disque 100, da Ouvidoria Nacional dos Direitos Humanos, \u00e9 um canal adicional onde relatos podem ser feitos de forma an\u00f4nima. A Pol\u00edcia Militar tamb\u00e9m est\u00e1 dispon\u00edvel para atendimento imediato em situa\u00e7\u00f5es de emerg\u00eancia, e \u00e9 imprescind\u00edvel que as v\u00edtimas re\u00fanam todas as evid\u00eancias e informa\u00e7\u00f5es que possam auxiliar na investiga\u00e7\u00e3o. Registrar um Boletim de Ocorr\u00eancia em qualquer delegacia \u00e9 tamb\u00e9m uma etapa importante no processo de den\u00fancia.<\/p>\n<p>A atua\u00e7\u00e3o conjunta entre a popula\u00e7\u00e3o e as institui\u00e7\u00f5es \u00e9 fundamental para criar um ambiente mais seguro e respeitoso. A forma\u00e7\u00e3o de uma rede de apoio para as v\u00edtimas de discrimina\u00e7\u00e3o e a inclus\u00e3o de a\u00e7\u00f5es educativas que promovam a consci\u00eancia sobre intoler\u00e2ncia religiosa s\u00e3o estrat\u00e9gias que podem melhorar a resposta da sociedade a esses casos. Todas essas iniciativas contribuem para a constru\u00e7\u00e3o de um futuro onde as diferen\u00e7as sejam respeitadas e celebradas.<\/p>\n<h2>A\u00e7\u00f5es Para Fortalecer a Comunidade<\/h2>\n<p>O fortalecimento das comunidades \u00e9 uma medida eficaz no combate \u00e0 intoler\u00e2ncia religiosa. \u00c9 essencial que as comunidades religiosas e culturais se unam em torno de objetivos comuns, promovendo a\u00e7\u00f5es que valorizem a diversidade e diminuam a discrimina\u00e7\u00e3o. Durante eventos inter-religiosos, as comunidades podem desenvolver projetos em conjunto que visem a constru\u00e7\u00e3o de um espa\u00e7o de conviv\u00eancia respeitosa e acolhedora.<\/p>\n<p>A realiza\u00e7\u00e3o de oficinas, atividades educativas e eventos culturais s\u00e3o algumas das maneiras de promover a integra\u00e7\u00e3o e o respeito entre as diferentes religi\u00f5es. A inclus\u00e3o de pr\u00e1ticas religiosas em projetos comunit\u00e1rios, como celebra\u00e7\u00f5es e festivais inter-religiosos, pode levar a um maior entendimento e \u00e0 solidariedade entre os diversos grupos.<\/p>\n<p>A iniciativa de criar grupos de apoio e di\u00e1logo \u00e9 fundamental para enfrentar a intoler\u00e2ncia religiosa em n\u00edvel local. Esses grupos podem ajudar a promover a empatia, a escuta e a colabora\u00e7\u00e3o, criando um ambiente seguro onde todos possam se expressar. Al\u00e9m disso, \u00e9 necess\u00e1rio incentivar o engajamento nas redes sociais, onde a dissemina\u00e7\u00e3o de mensagens de respeito \u00e0 diversidade pode ajudar a combater discursos de \u00f3dio.<\/p>\n<h2>Futuro da Igualdade Racial em Jo\u00e3o Pessoa<\/h2>\n<p>O futuro da igualdade racial em Jo\u00e3o Pessoa est\u00e1 intimamente ligado ao compromisso da sociedade e das institui\u00e7\u00f5es com a promo\u00e7\u00e3o do respeito, da dignidade e da justi\u00e7a social. As a\u00e7\u00f5es implementadas pela Prefeitura, em parceria com a sociedade civil, s\u00e3o passos significativos na constru\u00e7\u00e3o de um futuro onde a diversidade seja aceita e celebrada. O Estatuto Municipal de Promo\u00e7\u00e3o e Igualdade Racial representa um marco importante, mas a efetiva\u00e7\u00e3o de seus preceitos depende do envolvimento ativo da comunidade e da vontade pol\u00edtica cont\u00ednua.<\/p>\n<p>O fortalecimento das pol\u00edticas p\u00fablicas, incluindo educa\u00e7\u00e3o e conscientiza\u00e7\u00e3o, \u00e9 uma estrat\u00e9gia que pode levar a uma transforma\u00e7\u00e3o real nas din\u00e2micas sociais. A promo\u00e7\u00e3o da justi\u00e7a social deve ser uma prioridade, e isso envolve a prote\u00e7\u00e3o dos direitos de todas as comunidades, especialmente das mais vulner\u00e1veis. A lideran\u00e7a de grupos religiosos e comunidades atuantes \u00e9 essencial para conduzir esse processo, e o engajamento da popula\u00e7\u00e3o \u00e9 igualmente importante para garantir que as vozes de todos sejam ouvidas.<\/p>\n<p>Por fim, a promo\u00e7\u00e3o do di\u00e1logo inter-religioso e da educa\u00e7\u00e3o sobre a diversidade \u00e9 fundamental para criar um ambiente mais inclusivo e respeitoso. O combate \u00e0 intoler\u00e2ncia religiosa \u00e9 uma responsabilidade coletiva, e juntos, como sociedade, podemos construir um futuro onde toda forma de discrimina\u00e7\u00e3o seja erradicada, e a paz e a harmonia prevale\u00e7am.<\/p>\n\n<div style=\"font-size: 0px; height: 0px; line-height: 0px; margin: 0; padding: 0; clear: both;\"><\/div>","protected":false},"excerpt":{"rendered":"<p>Di\u00e1logo sobre intoler\u00e2ncia religiosa revela o compromisso com a igualdade racial.<\/p>\n","protected":false},"author":1,"featured_media":995,"comment_status":"closed","ping_status":"closed","sticky":false,"template":"","format":"standard","meta":{"footnotes":""},"categories":[1],"tags":[],"class_list":["post-996","post","type-post","status-publish","format-standard","has-post-thumbnail","hentry","category-noticias-em-joao-pessoa","has_thumb"],"yoast_head":"<!-- This site is optimized with the Yoast SEO plugin v26.4 - https:\/\/yoast.com\/wordpress\/plugins\/seo\/ -->\n<title>Coordenadoria de Igualdade Racial de Jo\u00e3o Pessoa participa de di\u00e1logo sobre combate \u00e0 intoler\u00e2ncia religiosa - Encontra Jo\u00e3o Pessoa<\/title>\n<meta name=\"robots\" content=\"index, follow, max-snippet:-1, max-image-preview:large, max-video-preview:-1\" \/>\n<link rel=\"canonical\" href=\"https:\/\/www.encontrajoaopessoa.com.br\/sobre\/coordenadoria-de-igualdade-racial-de-joao-pessoa-participa-de-dialogo-sobre-combate-a-intolerancia-religiosa\/\" \/>\n<meta property=\"og:locale\" content=\"pt_BR\" \/>\n<meta property=\"og:type\" content=\"article\" \/>\n<meta property=\"og:title\" content=\"Coordenadoria de Igualdade Racial de Jo\u00e3o Pessoa participa de di\u00e1logo sobre combate \u00e0 intoler\u00e2ncia religiosa - Encontra Jo\u00e3o Pessoa\" \/>\n<meta property=\"og:description\" content=\"Di\u00e1logo sobre intoler\u00e2ncia religiosa revela o compromisso com a igualdade racial.\" \/>\n<meta property=\"og:url\" content=\"https:\/\/www.encontrajoaopessoa.com.br\/sobre\/coordenadoria-de-igualdade-racial-de-joao-pessoa-participa-de-dialogo-sobre-combate-a-intolerancia-religiosa\/\" \/>\n<meta property=\"og:site_name\" content=\"Encontra Jo\u00e3o Pessoa\" \/>\n<meta property=\"article:published_time\" content=\"2026-01-21T17:06:14+00:00\" \/>\n<meta property=\"og:image\" content=\"https:\/\/www.encontrajoaopessoa.com.br\/sobre\/wp-content\/uploads\/2026\/01\/coordenadoria-de-igualdade-racial-de-joao-pessoa-participa-de-dialogo-sobre-combate-a-intolerancia-r.webp\" \/>\n<meta name=\"author\" content=\"Encontra Jo\u00e3o Pessoa\" \/>\n<meta name=\"twitter:card\" content=\"summary_large_image\" \/>\n<meta name=\"twitter:label1\" content=\"Escrito por\" \/>\n\t<meta name=\"twitter:data1\" content=\"Encontra Jo\u00e3o Pessoa\" \/>\n\t<meta name=\"twitter:label2\" content=\"Est. tempo de leitura\" \/>\n\t<meta name=\"twitter:data2\" content=\"13 minutos\" \/>\n<script type=\"application\/ld+json\" class=\"yoast-schema-graph\">{\"@context\":\"https:\/\/schema.org\",\"@graph\":[{\"@type\":\"WebPage\",\"@id\":\"https:\/\/www.encontrajoaopessoa.com.br\/sobre\/coordenadoria-de-igualdade-racial-de-joao-pessoa-participa-de-dialogo-sobre-combate-a-intolerancia-religiosa\/\",\"url\":\"https:\/\/www.encontrajoaopessoa.com.br\/sobre\/coordenadoria-de-igualdade-racial-de-joao-pessoa-participa-de-dialogo-sobre-combate-a-intolerancia-religiosa\/\",\"name\":\"Coordenadoria de Igualdade Racial de Jo\u00e3o Pessoa participa de di\u00e1logo sobre combate \u00e0 intoler\u00e2ncia religiosa - Encontra Jo\u00e3o Pessoa\",\"isPartOf\":{\"@id\":\"https:\/\/www.encontrajoaopessoa.com.br\/sobre\/#website\"},\"primaryImageOfPage\":{\"@id\":\"https:\/\/www.encontrajoaopessoa.com.br\/sobre\/coordenadoria-de-igualdade-racial-de-joao-pessoa-participa-de-dialogo-sobre-combate-a-intolerancia-religiosa\/#primaryimage\"},\"image\":{\"@id\":\"https:\/\/www.encontrajoaopessoa.com.br\/sobre\/coordenadoria-de-igualdade-racial-de-joao-pessoa-participa-de-dialogo-sobre-combate-a-intolerancia-religiosa\/#primaryimage\"},\"thumbnailUrl\":\"https:\/\/www.encontrajoaopessoa.com.br\/sobre\/wp-content\/uploads\/2026\/01\/coordenadoria-de-igualdade-racial-de-joao-pessoa-participa-de-dialogo-sobre-combate-a-intolerancia-r.webp\",\"datePublished\":\"2026-01-21T17:06:14+00:00\",\"author\":{\"@id\":\"https:\/\/www.encontrajoaopessoa.com.br\/sobre\/#\/schema\/person\/dcf4dbc803217a030dfb489f4a014aca\"},\"breadcrumb\":{\"@id\":\"https:\/\/www.encontrajoaopessoa.com.br\/sobre\/coordenadoria-de-igualdade-racial-de-joao-pessoa-participa-de-dialogo-sobre-combate-a-intolerancia-religiosa\/#breadcrumb\"},\"inLanguage\":\"pt-BR\",\"potentialAction\":[{\"@type\":\"ReadAction\",\"target\":[\"https:\/\/www.encontrajoaopessoa.com.br\/sobre\/coordenadoria-de-igualdade-racial-de-joao-pessoa-participa-de-dialogo-sobre-combate-a-intolerancia-religiosa\/\"]}]},{\"@type\":\"ImageObject\",\"inLanguage\":\"pt-BR\",\"@id\":\"https:\/\/www.encontrajoaopessoa.com.br\/sobre\/coordenadoria-de-igualdade-racial-de-joao-pessoa-participa-de-dialogo-sobre-combate-a-intolerancia-religiosa\/#primaryimage\",\"url\":\"https:\/\/www.encontrajoaopessoa.com.br\/sobre\/wp-content\/uploads\/2026\/01\/coordenadoria-de-igualdade-racial-de-joao-pessoa-participa-de-dialogo-sobre-combate-a-intolerancia-r.webp\",\"contentUrl\":\"https:\/\/www.encontrajoaopessoa.com.br\/sobre\/wp-content\/uploads\/2026\/01\/coordenadoria-de-igualdade-racial-de-joao-pessoa-participa-de-dialogo-sobre-combate-a-intolerancia-r.webp\",\"width\":280,\"height\":280,\"caption\":\"intoler\u00e2ncia religiosa\"},{\"@type\":\"BreadcrumbList\",\"@id\":\"https:\/\/www.encontrajoaopessoa.com.br\/sobre\/coordenadoria-de-igualdade-racial-de-joao-pessoa-participa-de-dialogo-sobre-combate-a-intolerancia-religiosa\/#breadcrumb\",\"itemListElement\":[{\"@type\":\"ListItem\",\"position\":1,\"name\":\"In\u00edcio\",\"item\":\"https:\/\/www.encontrajoaopessoa.com.br\/sobre\/\"},{\"@type\":\"ListItem\",\"position\":2,\"name\":\"Coordenadoria de Igualdade Racial de Jo\u00e3o Pessoa participa de di\u00e1logo sobre combate \u00e0 intoler\u00e2ncia religiosa\"}]},{\"@type\":\"WebSite\",\"@id\":\"https:\/\/www.encontrajoaopessoa.com.br\/sobre\/#website\",\"url\":\"https:\/\/www.encontrajoaopessoa.com.br\/sobre\/\",\"name\":\"Encontra Jo\u00e3o Pessoa\",\"description\":\"Not\u00edcias, eventos, informa\u00e7\u00f5es e dicas na cidade Jo\u00e3o Pessoa e regi\u00e3o.\",\"potentialAction\":[{\"@type\":\"SearchAction\",\"target\":{\"@type\":\"EntryPoint\",\"urlTemplate\":\"https:\/\/www.encontrajoaopessoa.com.br\/sobre\/?s={search_term_string}\"},\"query-input\":{\"@type\":\"PropertyValueSpecification\",\"valueRequired\":true,\"valueName\":\"search_term_string\"}}],\"inLanguage\":\"pt-BR\"},{\"@type\":\"Person\",\"@id\":\"https:\/\/www.encontrajoaopessoa.com.br\/sobre\/#\/schema\/person\/dcf4dbc803217a030dfb489f4a014aca\",\"name\":\"Encontra Jo\u00e3o Pessoa\",\"image\":{\"@type\":\"ImageObject\",\"inLanguage\":\"pt-BR\",\"@id\":\"https:\/\/www.encontrajoaopessoa.com.br\/sobre\/#\/schema\/person\/image\/\",\"url\":\"https:\/\/secure.gravatar.com\/avatar\/507340682b8270222e1f208e23198b6ae7e2c6a1033ae84e99bc6bce4f82a387?s=96&d=mm&r=g\",\"contentUrl\":\"https:\/\/secure.gravatar.com\/avatar\/507340682b8270222e1f208e23198b6ae7e2c6a1033ae84e99bc6bce4f82a387?s=96&d=mm&r=g\",\"caption\":\"Encontra Jo\u00e3o Pessoa\"},\"url\":\"https:\/\/www.encontrajoaopessoa.com.br\/sobre\/author\/ejoaopessoa\/\"}]}<\/script>\n<!-- \/ Yoast SEO plugin. -->","yoast_head_json":{"title":"Coordenadoria de Igualdade Racial de Jo\u00e3o Pessoa participa de di\u00e1logo sobre combate \u00e0 intoler\u00e2ncia religiosa - Encontra Jo\u00e3o Pessoa","robots":{"index":"index","follow":"follow","max-snippet":"max-snippet:-1","max-image-preview":"max-image-preview:large","max-video-preview":"max-video-preview:-1"},"canonical":"https:\/\/www.encontrajoaopessoa.com.br\/sobre\/coordenadoria-de-igualdade-racial-de-joao-pessoa-participa-de-dialogo-sobre-combate-a-intolerancia-religiosa\/","og_locale":"pt_BR","og_type":"article","og_title":"Coordenadoria de Igualdade Racial de Jo\u00e3o Pessoa participa de di\u00e1logo sobre combate \u00e0 intoler\u00e2ncia religiosa - Encontra Jo\u00e3o Pessoa","og_description":"Di\u00e1logo sobre intoler\u00e2ncia religiosa revela o compromisso com a igualdade racial.","og_url":"https:\/\/www.encontrajoaopessoa.com.br\/sobre\/coordenadoria-de-igualdade-racial-de-joao-pessoa-participa-de-dialogo-sobre-combate-a-intolerancia-religiosa\/","og_site_name":"Encontra Jo\u00e3o Pessoa","article_published_time":"2026-01-21T17:06:14+00:00","og_image":[{"url":"https:\/\/www.encontrajoaopessoa.com.br\/sobre\/wp-content\/uploads\/2026\/01\/coordenadoria-de-igualdade-racial-de-joao-pessoa-participa-de-dialogo-sobre-combate-a-intolerancia-r.webp","type":"","width":"","height":""}],"author":"Encontra Jo\u00e3o Pessoa","twitter_card":"summary_large_image","twitter_misc":{"Escrito por":"Encontra Jo\u00e3o Pessoa","Est. tempo de leitura":"13 minutos"},"schema":{"@context":"https:\/\/schema.org","@graph":[{"@type":"WebPage","@id":"https:\/\/www.encontrajoaopessoa.com.br\/sobre\/coordenadoria-de-igualdade-racial-de-joao-pessoa-participa-de-dialogo-sobre-combate-a-intolerancia-religiosa\/","url":"https:\/\/www.encontrajoaopessoa.com.br\/sobre\/coordenadoria-de-igualdade-racial-de-joao-pessoa-participa-de-dialogo-sobre-combate-a-intolerancia-religiosa\/","name":"Coordenadoria de Igualdade Racial de Jo\u00e3o Pessoa participa de di\u00e1logo sobre combate \u00e0 intoler\u00e2ncia religiosa - Encontra Jo\u00e3o Pessoa","isPartOf":{"@id":"https:\/\/www.encontrajoaopessoa.com.br\/sobre\/#website"},"primaryImageOfPage":{"@id":"https:\/\/www.encontrajoaopessoa.com.br\/sobre\/coordenadoria-de-igualdade-racial-de-joao-pessoa-participa-de-dialogo-sobre-combate-a-intolerancia-religiosa\/#primaryimage"},"image":{"@id":"https:\/\/www.encontrajoaopessoa.com.br\/sobre\/coordenadoria-de-igualdade-racial-de-joao-pessoa-participa-de-dialogo-sobre-combate-a-intolerancia-religiosa\/#primaryimage"},"thumbnailUrl":"https:\/\/www.encontrajoaopessoa.com.br\/sobre\/wp-content\/uploads\/2026\/01\/coordenadoria-de-igualdade-racial-de-joao-pessoa-participa-de-dialogo-sobre-combate-a-intolerancia-r.webp","datePublished":"2026-01-21T17:06:14+00:00","author":{"@id":"https:\/\/www.encontrajoaopessoa.com.br\/sobre\/#\/schema\/person\/dcf4dbc803217a030dfb489f4a014aca"},"breadcrumb":{"@id":"https:\/\/www.encontrajoaopessoa.com.br\/sobre\/coordenadoria-de-igualdade-racial-de-joao-pessoa-participa-de-dialogo-sobre-combate-a-intolerancia-religiosa\/#breadcrumb"},"inLanguage":"pt-BR","potentialAction":[{"@type":"ReadAction","target":["https:\/\/www.encontrajoaopessoa.com.br\/sobre\/coordenadoria-de-igualdade-racial-de-joao-pessoa-participa-de-dialogo-sobre-combate-a-intolerancia-religiosa\/"]}]},{"@type":"ImageObject","inLanguage":"pt-BR","@id":"https:\/\/www.encontrajoaopessoa.com.br\/sobre\/coordenadoria-de-igualdade-racial-de-joao-pessoa-participa-de-dialogo-sobre-combate-a-intolerancia-religiosa\/#primaryimage","url":"https:\/\/www.encontrajoaopessoa.com.br\/sobre\/wp-content\/uploads\/2026\/01\/coordenadoria-de-igualdade-racial-de-joao-pessoa-participa-de-dialogo-sobre-combate-a-intolerancia-r.webp","contentUrl":"https:\/\/www.encontrajoaopessoa.com.br\/sobre\/wp-content\/uploads\/2026\/01\/coordenadoria-de-igualdade-racial-de-joao-pessoa-participa-de-dialogo-sobre-combate-a-intolerancia-r.webp","width":280,"height":280,"caption":"intoler\u00e2ncia religiosa"},{"@type":"BreadcrumbList","@id":"https:\/\/www.encontrajoaopessoa.com.br\/sobre\/coordenadoria-de-igualdade-racial-de-joao-pessoa-participa-de-dialogo-sobre-combate-a-intolerancia-religiosa\/#breadcrumb","itemListElement":[{"@type":"ListItem","position":1,"name":"In\u00edcio","item":"https:\/\/www.encontrajoaopessoa.com.br\/sobre\/"},{"@type":"ListItem","position":2,"name":"Coordenadoria de Igualdade Racial de Jo\u00e3o Pessoa participa de di\u00e1logo sobre combate \u00e0 intoler\u00e2ncia religiosa"}]},{"@type":"WebSite","@id":"https:\/\/www.encontrajoaopessoa.com.br\/sobre\/#website","url":"https:\/\/www.encontrajoaopessoa.com.br\/sobre\/","name":"Encontra Jo\u00e3o Pessoa","description":"Not\u00edcias, eventos, informa\u00e7\u00f5es e dicas na cidade Jo\u00e3o Pessoa e regi\u00e3o.","potentialAction":[{"@type":"SearchAction","target":{"@type":"EntryPoint","urlTemplate":"https:\/\/www.encontrajoaopessoa.com.br\/sobre\/?s={search_term_string}"},"query-input":{"@type":"PropertyValueSpecification","valueRequired":true,"valueName":"search_term_string"}}],"inLanguage":"pt-BR"},{"@type":"Person","@id":"https:\/\/www.encontrajoaopessoa.com.br\/sobre\/#\/schema\/person\/dcf4dbc803217a030dfb489f4a014aca","name":"Encontra Jo\u00e3o Pessoa","image":{"@type":"ImageObject","inLanguage":"pt-BR","@id":"https:\/\/www.encontrajoaopessoa.com.br\/sobre\/#\/schema\/person\/image\/","url":"https:\/\/secure.gravatar.com\/avatar\/507340682b8270222e1f208e23198b6ae7e2c6a1033ae84e99bc6bce4f82a387?s=96&d=mm&r=g","contentUrl":"https:\/\/secure.gravatar.com\/avatar\/507340682b8270222e1f208e23198b6ae7e2c6a1033ae84e99bc6bce4f82a387?s=96&d=mm&r=g","caption":"Encontra Jo\u00e3o Pessoa"},"url":"https:\/\/www.encontrajoaopessoa.com.br\/sobre\/author\/ejoaopessoa\/"}]}},"_links":{"self":[{"href":"https:\/\/www.encontrajoaopessoa.com.br\/sobre\/wp-json\/wp\/v2\/posts\/996","targetHints":{"allow":["GET"]}}],"collection":[{"href":"https:\/\/www.encontrajoaopessoa.com.br\/sobre\/wp-json\/wp\/v2\/posts"}],"about":[{"href":"https:\/\/www.encontrajoaopessoa.com.br\/sobre\/wp-json\/wp\/v2\/types\/post"}],"author":[{"embeddable":true,"href":"https:\/\/www.encontrajoaopessoa.com.br\/sobre\/wp-json\/wp\/v2\/users\/1"}],"replies":[{"embeddable":true,"href":"https:\/\/www.encontrajoaopessoa.com.br\/sobre\/wp-json\/wp\/v2\/comments?post=996"}],"version-history":[{"count":0,"href":"https:\/\/www.encontrajoaopessoa.com.br\/sobre\/wp-json\/wp\/v2\/posts\/996\/revisions"}],"wp:featuredmedia":[{"embeddable":true,"href":"https:\/\/www.encontrajoaopessoa.com.br\/sobre\/wp-json\/wp\/v2\/media\/995"}],"wp:attachment":[{"href":"https:\/\/www.encontrajoaopessoa.com.br\/sobre\/wp-json\/wp\/v2\/media?parent=996"}],"wp:term":[{"taxonomy":"category","embeddable":true,"href":"https:\/\/www.encontrajoaopessoa.com.br\/sobre\/wp-json\/wp\/v2\/categories?post=996"},{"taxonomy":"post_tag","embeddable":true,"href":"https:\/\/www.encontrajoaopessoa.com.br\/sobre\/wp-json\/wp\/v2\/tags?post=996"}],"curies":[{"name":"wp","href":"https:\/\/api.w.org\/{rel}","templated":true}]}}