{"id":992,"date":"2026-01-20T14:08:19","date_gmt":"2026-01-20T17:08:19","guid":{"rendered":"https:\/\/www.encontrajoaopessoa.com.br\/sobre\/sedurb-divulga-edital-para-cadastro-de-ambulantes-que-desejam-trabalhar-no-carnaval-2026\/"},"modified":"2026-01-20T14:08:19","modified_gmt":"2026-01-20T17:08:19","slug":"sedurb-divulga-edital-para-cadastro-de-ambulantes-que-desejam-trabalhar-no-carnaval-2026","status":"publish","type":"post","link":"https:\/\/www.encontrajoaopessoa.com.br\/sobre\/sedurb-divulga-edital-para-cadastro-de-ambulantes-que-desejam-trabalhar-no-carnaval-2026\/","title":{"rendered":"Sedurb divulga edital para cadastro de ambulantes que desejam trabalhar no Carnaval 2026"},"content":{"rendered":"<div class=\"866aa4a7c674253f40eaa20e0e3e928c\" data-index=\"1\" style=\"float: none; margin:0px;\">\n<!-- Anuncio display - global -->\r\n<ins class=\"adsbygoogle\"\r\n     style=\"display:block\"\r\n     data-ad-client=\"ca-pub-8585364105181520\"\r\n     data-ad-slot=\"8789329856\"\r\n     data-ad-format=\"auto\"\r\n     data-full-width-responsive=\"true\"><\/ins>\r\n<script>\r\n     (adsbygoogle = window.adsbygoogle || []).push({});\r\n<\/script>\n<\/div>\n<h2>Edital de Chamamento Sedurb<\/h2>\n<p>A Secretaria de Desenvolvimento Urbano (Sedurb) de Jo\u00e3o Pessoa \u00e9 respons\u00e1vel pela organiza\u00e7\u00e3o e regulamenta\u00e7\u00e3o do com\u00e9rcio ambulante durante eventos de grande porte, como o Carnaval. Com o intuito de formalizar a participa\u00e7\u00e3o de ambulantes nos festejos do Carnaval 2026, a Sedurb divulgou um <strong>Edital de Chamamento<\/strong>. Este edital estabelece diretrizes claras para o cadastro de comerciantes ambulantes e outros interessados em utilizar estruturas nos polos de Carnaval, assegurando que o evento transcorra de maneira organizada e segura.<\/p>\n<p>O edital foi amplamente publicado, garantindo um acesso democr\u00e1tico \u00e0 informa\u00e7\u00e3o, permitindo que todos os interessados conhe\u00e7am os requisitos e as condi\u00e7\u00f5es para se inscrever. Entre os eventos contemplados, est\u00e3o a abertura do Carnaval, o Bloco Vumbora, a Via Folia e o Carnaval Tradi\u00e7\u00e3o, programados para ocorrer entre os dias 5 e 17 de fevereiro de 2026. Dessa maneira, a Sedurb busca fomentar a economia local, ao mesmo tempo em que regula a atividade comercial durante a festividade.<\/p>\n<h2>Quem Pode se Inscrever?<\/h2>\n<p>O edital estabelece crit\u00e9rios espec\u00edficos de elegibilidade para o cadastro de ambulantes. Qualquer pessoa f\u00edsica, seja nacional ou estrangeira, pode se inscrever, contanto que esteja em situa\u00e7\u00e3o regular no pa\u00eds e tenha mais de 18 anos. Essa abertura para diferentes perfis de comerciantes \u00e9 uma estrat\u00e9gia da prefeitura para integrar a diversidade de vendedores ao evento, enriquecendo a oferta de produtos e servi\u00e7os dispon\u00edveis durante o Carnaval.<\/p>\n<p><img decoding=\"async\" src=\"https:\/\/www.encontrajoaopessoa.com.br\/sobre\/wp-content\/uploads\/2026\/01\/sedurb-divulga-edital-para-cadastro-de-ambulantes-que-desejam-trabalhar-no-carnaval-2026.webp\" alt=\"cadastro de ambulantes\" loading=\"lazy\" \/><\/p>\n<p>Al\u00e9m de ser maior de idade e ter a situa\u00e7\u00e3o regular, \u00e9 fundamental que os candidatos apresentem a documenta\u00e7\u00e3o exigida. Isso n\u00e3o apenas garante uma maior organiza\u00e7\u00e3o na participa\u00e7\u00e3o, como tamb\u00e9m assegura que o evento possa acontecer dentro das normas de seguran\u00e7a e higiene exigidas. A inclus\u00e3o de requisitos como o Termo de Compromisso (Anexo I do edital) e outros documentos \u00e9 parte da estrat\u00e9gia da Sedurb para formalizar o com\u00e9rcio ambulante, promovendo uma participa\u00e7\u00e3o ativa das pessoas que buscam oportunidades durante as festividades.<\/p>\n<h2>Documentos Necess\u00e1rios<\/h2>\n<p>No ato da inscri\u00e7\u00e3o, os interessados devem apresentar uma lista de documentos que comprovar\u00e3o sua validade e elegibilidade. Os documentos exigidos s\u00e3o:<\/p>\n<ul>\n<li><strong>Termo de Compromisso:<\/strong> Este documento, que deve ser devidamente preenchido e assinado, afirma o compromisso do comerci\u00e1rio com as regras estabelecidas pelo edital.<\/li>\n<li><strong>C\u00f3pia do RG e CPF:<\/strong> A apresenta\u00e7\u00e3o desses documentos \u00e9 fundamental para a verifica\u00e7\u00e3o da identidade e da regularidade do inscrito.<\/li>\n<li><strong>C\u00f3pia do comprovante de resid\u00eancia:<\/strong> Este comprovante deve ser atualizado (de at\u00e9 tr\u00eas meses) e em nome do pr\u00f3prio inscrito, assegurando que a atividade comercial ser\u00e1 gerida por algu\u00e9m com v\u00ednculos na comunidade local.<\/li>\n<li><strong>Certid\u00e3o Negativa de D\u00e9bitos Municipais:<\/strong> Este documento garante que o comerciante n\u00e3o possui pend\u00eancias com a prefeitura de Jo\u00e3o Pessoa, permitindo que a participa\u00e7\u00e3o no evento se d\u00ea dentro da legalidade.<\/li>\n<\/ul>\n<p>Esses documentos s\u00e3o essenciais para o processo de inscri\u00e7\u00e3o e devem ser apresentados tanto na inscri\u00e7\u00e3o online quanto na presencial, a fim de evitar qualquer imprevisto.<\/p>\n<h2>Vagas Dispon\u00edveis e seus Polos<\/h2>\n<p>A quantidade de vagas dispon\u00edveis para os ambulantes varia conforme os diferentes polos de Carnaval. De acordo com o edital, as vagas destinadas aos comerciantes ambulantes s\u00e3o:<\/p>\n<ul>\n<li><strong>135 vagas:<\/strong> Para a noite de abertura do Carnaval, programada para o dia 4 de fevereiro, no Centro da cidade.<\/li>\n<li><strong>500 vagas:<\/strong> Para o Bloco Vumbora e demais blocos na Via Folia, entre os dias 5 e 11 de fevereiro.<\/li>\n<li><strong>210 vagas:<\/strong> Para o Bloco Cafu\u00e7u, que ocorrer\u00e1 no Centro Hist\u00f3rico no dia 13 de fevereiro.<\/li>\n<li><strong>160 vagas:<\/strong> Para o Carnaval Tradi\u00e7\u00e3o, que se dar\u00e1 na Avenida Duarte da Silveira entre os dias 14 e 17 de fevereiro.<\/li>\n<\/ul>\n<p>Essa distribui\u00e7\u00e3o estrat\u00e9gica visa garantir que diferentes regi\u00f5es da cidade tenham acesso a uma variedade de op\u00e7\u00f5es no contexto da festa, promovendo a circula\u00e7\u00e3o de pessoas e fomentando a economia local. O n\u00famero consider\u00e1vel de vagas tamb\u00e9m reflete o compromisso da prefeitura em apoiar os comerciantes locais na gera\u00e7\u00e3o de renda durante a alta temporada do turismo.<\/p>\n<h2>Datas Importantes para Inscri\u00e7\u00f5es<\/h2>\n<p>Para garantir a participa\u00e7\u00e3o no Carnaval 2026, os interessados dever\u00e3o respeitar um cronograma rigoroso. As inscri\u00e7\u00f5es estar\u00e3o abertas entre os dias <strong>19 e 22 de janeiro de 2026<\/strong>, e os hor\u00e1rios variam se a inscri\u00e7\u00e3o for feita de forma online ou presencial. Essa janela de inscri\u00e7\u00e3o \u00e9 uma oportunidade \u00fanica para os comerciantes ambulantes, uma vez que o sucesso na participa\u00e7\u00e3o no evento depende do cumprimento dessas datas.<\/p>\n<p>As inscri\u00e7\u00f5es poder\u00e3o ser realizadas atrav\u00e9s da plataforma 1Doc, que facilita o processo de formaliza\u00e7\u00e3o e organiza\u00e7\u00e3o. Para aqueles que optarem pela inscri\u00e7\u00e3o presencial, a Divis\u00e3o de Controle e Posturas (DCP) est\u00e1 localizada no edif\u00edcio da Central de Comercializa\u00e7\u00e3o de Agricultura Familiar (CECAF), na Avenida Hilton Souto Maior, 1112, no bairro Jos\u00e9 Am\u00e9rico. \u00c9 importante que os candidatos se atentem aos hor\u00e1rios de funcionamento, que s\u00e3o das 8h \u00e0s 14h, para garantir que consigam realizar a inscri\u00e7\u00e3o com sucesso.<\/p>\n<h2>Regras para Montagem de Estruturas<\/h2>\n<p>Os comerciantes que forem aprovados para participar do Carnaval 2026 devem seguir regras espec\u00edficas para a montagem de suas estruturas. Essas normas foram estabelecidas para garantir a seguran\u00e7a dos participantes e a fluidez do evento. A montagem das barracas fixas dever\u00e1 ser conclu\u00edda at\u00e9 as 14h do dia do evento. A montagem poder\u00e1 come\u00e7ar no dia anterior, a partir das 22h, proporcionando um intervalo adequado para a organiza\u00e7\u00e3o dos comerciantes.<\/p>\n<p>Durante os eventos, os comerciantes devem assegurar que finalizem suas atividades uma hora ap\u00f3s o t\u00e9rmino do evento, ou seja, \u00e0s 3h da manh\u00e3. A desmontagem das barracas deve ser feita at\u00e9 \u00e0s 5h do dia seguinte, respeitando o espa\u00e7o p\u00fablico e permitindo o uso adequado das \u00e1reas ap\u00f3s os festejos.<\/p>\n<p>Al\u00e9m disso, a Sedurb enfatiza a necessidade de um layout claro que indique as estruturas pretendidas. Caso os comerciantes desejem expor publicidade, devem detalhar as especifica\u00e7\u00f5es no requerimento, incluindo dimens\u00f5es e materiais a serem utilizados. Essa transpar\u00eancia \u00e9 essencial para que a Sedurb possa planejar adequadamente e evitar contratempos durante o evento.<\/p>\n<h2>Veda\u00e7\u00f5es para Comerciantes<\/h2>\n<p>Para garantir a seguran\u00e7a e o bom andamento do evento, o edital tamb\u00e9m contempla diversas veda\u00e7\u00f5es. Entre elas, destaca-se a proibi\u00e7\u00e3o da instala\u00e7\u00e3o de estruturas fixas ou publicidades que n\u00e3o tenham autoriza\u00e7\u00e3o expressa pela Sedurb. Os comerciantes devem estar cientes de que qualquer instala\u00e7\u00e3o fora das regras pode resultar em penalidades severas.<\/p>\n<p>Algumas proibi\u00e7\u00f5es destacadas pelo edital incluem:<\/p>\n<ul>\n<li>a utiliza\u00e7\u00e3o de g\u00e1s GLP e fogo (carv\u00e3o) sem as devidas normas de seguran\u00e7a;<\/li>\n<li>a loca\u00e7\u00e3o de mesas e cadeiras em locais n\u00e3o autorizados;<\/li>\n<li>o uso de equipamentos fora das barracas, como caixas t\u00e9rmicas e churrasqueiras, o que pode comprometer a organiza\u00e7\u00e3o e a seguran\u00e7a do evento;<\/li>\n<li>a comercializa\u00e7\u00e3o de produtos em garrafas de vidro, que \u00e9 estritamente proibida pela Lei 11.975\/2010.<\/li>\n<\/ul>\n<p>Essas veda\u00e7\u00f5es visam resguardar a integridade dos participantes e a conserva\u00e7\u00e3o do espa\u00e7o urbano, refletindo a responsabilidade da Sedurb na gest\u00e3o desse importante evento cultural e econ\u00f4mico. Os comerciantes devem estar atentas a essas regras, pois o descumprimento pode resultar em san\u00e7\u00f5es, incluindo a apreens\u00e3o de mercadorias.<\/p>\n<h2>Penalidades e Autoriza\u00e7\u00e3o<\/h2>\n<p>Os comerciantes que n\u00e3o cumprirem as normas estabelecidas pelo edital, como a aus\u00eancia de autoriza\u00e7\u00e3o e o crach\u00e1 de identifica\u00e7\u00e3o durante os eventos, estar\u00e3o sujeitos a penalidades rigorosas. O n\u00e3o cumprimento das cl\u00e1usulas do Termo de Compromisso e do C\u00f3digo de Posturas pode resultar na suspens\u00e3o das atividades comerciais e na apreens\u00e3o de mercadorias. Essas medidas s\u00e3o necess\u00e1rias para garantir que todos os comerciantes operem dentro da legalidade e numa condi\u00e7\u00e3o de seguran\u00e7a.<\/p>\n<p>A autoriza\u00e7\u00e3o concedida pela Sedurb durante o processo de inscri\u00e7\u00e3o \u00e9 essencial para que os ambulantes possam operar legalmente durante o Carnaval. O portador da autoriza\u00e7\u00e3o ter\u00e1 o direito de utilizar os espa\u00e7os designados pela prefeitura, respeitando os limites e as normas estabelecidas no edital.<\/p>\n<h2>Como Acompanhar as Inscri\u00e7\u00f5es<\/h2>\n<p>Acompanhar o andamento das inscri\u00e7\u00f5es e a libera\u00e7\u00e3o das autoriza\u00e7\u00f5es \u00e9 muito importante para os comerciantes interessados. Recomenda-se que os candidatos utilizem a plataforma 1Doc para receber atualiza\u00e7\u00f5es sobre suas inscri\u00e7\u00f5es. Al\u00e9m disso, \u00e9 aconselh\u00e1vel que os inscritos mantenham contato com a Sedurb para esclarecer d\u00favidas e garantir que todas as informa\u00e7\u00f5es est\u00e3o corretas e atualizadas.<\/p>\n<p>Manter a comunica\u00e7\u00e3o aberta com a Sedurb garantir\u00e1 que os ambulantes estejam cientes de quaisquer mudan\u00e7as ou novas exig\u00eancias que possam surgir ao longo do processo. Criar um relacionamento pr\u00f3ximo com a secretaria pode ser ben\u00e9fico n\u00e3o apenas para a participa\u00e7\u00e3o no Carnaval, mas tamb\u00e9m para futuras edi\u00e7\u00f5es de eventos e atividades promovidas pela prefeitura.<\/p>\n<h2>Condi\u00e7\u00f5es para Participa\u00e7\u00e3o<\/h2>\n<p>O Carnaval \u00e9 um evento que envolve a participa\u00e7\u00e3o de muitos cidad\u00e3os, e as condi\u00e7\u00f5es para a participa\u00e7\u00e3o devem ser estritas e justas. Todos os envolvidos no com\u00e9rcio ambulante devem estar cientes de suas responsabilidades e das exig\u00eancias legais que envolvem a venda de produtos. Al\u00e9m da documenta\u00e7\u00e3o necess\u00e1ria, os comerciantes ter\u00e3o a responsabilidade de oferecer produtos que estejam em conformidade com as normas sanit\u00e1rias e de seguran\u00e7a alimentar.<\/p>\n<p>A formaliza\u00e7\u00e3o atrav\u00e9s do edital \u00e9 uma grande oportunidade para que o com\u00e9rcio ambulante seja valorizado e reconhecido. O ambiente controlado permite que os consumidores desfrutem de uma experi\u00eancia mais tranquila e segura, enquanto os comerciantes t\u00eam a chance de desfrutar dos benef\u00edcios econ\u00f4micos que o Carnaval pode oferecer. Assim, a Sedurb n\u00e3o apenas facilita o cadastro, mas tamb\u00e9m promove um ambiente de neg\u00f3cios saud\u00e1vel durante uma das mais importantes festividades da regi\u00e3o.<\/p>\n\n<div style=\"font-size: 0px; height: 0px; line-height: 0px; margin: 0; padding: 0; clear: both;\"><\/div>","protected":false},"excerpt":{"rendered":"<p>Carnaval 2026: Inscri\u00e7\u00e3o para ambulantes j\u00e1 est\u00e1 aberta. Participe!<\/p>\n","protected":false},"author":1,"featured_media":991,"comment_status":"closed","ping_status":"closed","sticky":false,"template":"","format":"standard","meta":{"footnotes":""},"categories":[1],"tags":[],"class_list":["post-992","post","type-post","status-publish","format-standard","has-post-thumbnail","hentry","category-noticias-em-joao-pessoa","has_thumb"],"yoast_head":"<!-- This site is optimized with the Yoast SEO plugin v26.4 - https:\/\/yoast.com\/wordpress\/plugins\/seo\/ -->\n<title>Sedurb divulga edital para cadastro de ambulantes que desejam trabalhar no Carnaval 2026 - Encontra Jo\u00e3o Pessoa<\/title>\n<meta name=\"robots\" content=\"index, follow, max-snippet:-1, max-image-preview:large, max-video-preview:-1\" \/>\n<link rel=\"canonical\" href=\"https:\/\/www.encontrajoaopessoa.com.br\/sobre\/sedurb-divulga-edital-para-cadastro-de-ambulantes-que-desejam-trabalhar-no-carnaval-2026\/\" \/>\n<meta property=\"og:locale\" content=\"pt_BR\" \/>\n<meta property=\"og:type\" content=\"article\" \/>\n<meta property=\"og:title\" content=\"Sedurb divulga edital para cadastro de ambulantes que desejam trabalhar no Carnaval 2026 - Encontra Jo\u00e3o Pessoa\" \/>\n<meta property=\"og:description\" content=\"Carnaval 2026: Inscri\u00e7\u00e3o para ambulantes j\u00e1 est\u00e1 aberta. Participe!\" \/>\n<meta property=\"og:url\" content=\"https:\/\/www.encontrajoaopessoa.com.br\/sobre\/sedurb-divulga-edital-para-cadastro-de-ambulantes-que-desejam-trabalhar-no-carnaval-2026\/\" \/>\n<meta property=\"og:site_name\" content=\"Encontra Jo\u00e3o Pessoa\" \/>\n<meta property=\"article:published_time\" content=\"2026-01-20T17:08:19+00:00\" \/>\n<meta property=\"og:image\" content=\"https:\/\/www.encontrajoaopessoa.com.br\/sobre\/wp-content\/uploads\/2026\/01\/sedurb-divulga-edital-para-cadastro-de-ambulantes-que-desejam-trabalhar-no-carnaval-2026.webp\" \/>\n<meta name=\"author\" content=\"Encontra Jo\u00e3o Pessoa\" \/>\n<meta name=\"twitter:card\" content=\"summary_large_image\" \/>\n<meta name=\"twitter:label1\" content=\"Escrito por\" \/>\n\t<meta name=\"twitter:data1\" content=\"Encontra Jo\u00e3o Pessoa\" \/>\n\t<meta name=\"twitter:label2\" content=\"Est. tempo de leitura\" \/>\n\t<meta name=\"twitter:data2\" content=\"8 minutos\" \/>\n<script type=\"application\/ld+json\" class=\"yoast-schema-graph\">{\"@context\":\"https:\/\/schema.org\",\"@graph\":[{\"@type\":\"WebPage\",\"@id\":\"https:\/\/www.encontrajoaopessoa.com.br\/sobre\/sedurb-divulga-edital-para-cadastro-de-ambulantes-que-desejam-trabalhar-no-carnaval-2026\/\",\"url\":\"https:\/\/www.encontrajoaopessoa.com.br\/sobre\/sedurb-divulga-edital-para-cadastro-de-ambulantes-que-desejam-trabalhar-no-carnaval-2026\/\",\"name\":\"Sedurb divulga edital para cadastro de ambulantes que desejam trabalhar no Carnaval 2026 - Encontra Jo\u00e3o Pessoa\",\"isPartOf\":{\"@id\":\"https:\/\/www.encontrajoaopessoa.com.br\/sobre\/#website\"},\"primaryImageOfPage\":{\"@id\":\"https:\/\/www.encontrajoaopessoa.com.br\/sobre\/sedurb-divulga-edital-para-cadastro-de-ambulantes-que-desejam-trabalhar-no-carnaval-2026\/#primaryimage\"},\"image\":{\"@id\":\"https:\/\/www.encontrajoaopessoa.com.br\/sobre\/sedurb-divulga-edital-para-cadastro-de-ambulantes-que-desejam-trabalhar-no-carnaval-2026\/#primaryimage\"},\"thumbnailUrl\":\"https:\/\/www.encontrajoaopessoa.com.br\/sobre\/wp-content\/uploads\/2026\/01\/sedurb-divulga-edital-para-cadastro-de-ambulantes-que-desejam-trabalhar-no-carnaval-2026.webp\",\"datePublished\":\"2026-01-20T17:08:19+00:00\",\"author\":{\"@id\":\"https:\/\/www.encontrajoaopessoa.com.br\/sobre\/#\/schema\/person\/dcf4dbc803217a030dfb489f4a014aca\"},\"breadcrumb\":{\"@id\":\"https:\/\/www.encontrajoaopessoa.com.br\/sobre\/sedurb-divulga-edital-para-cadastro-de-ambulantes-que-desejam-trabalhar-no-carnaval-2026\/#breadcrumb\"},\"inLanguage\":\"pt-BR\",\"potentialAction\":[{\"@type\":\"ReadAction\",\"target\":[\"https:\/\/www.encontrajoaopessoa.com.br\/sobre\/sedurb-divulga-edital-para-cadastro-de-ambulantes-que-desejam-trabalhar-no-carnaval-2026\/\"]}]},{\"@type\":\"ImageObject\",\"inLanguage\":\"pt-BR\",\"@id\":\"https:\/\/www.encontrajoaopessoa.com.br\/sobre\/sedurb-divulga-edital-para-cadastro-de-ambulantes-que-desejam-trabalhar-no-carnaval-2026\/#primaryimage\",\"url\":\"https:\/\/www.encontrajoaopessoa.com.br\/sobre\/wp-content\/uploads\/2026\/01\/sedurb-divulga-edital-para-cadastro-de-ambulantes-que-desejam-trabalhar-no-carnaval-2026.webp\",\"contentUrl\":\"https:\/\/www.encontrajoaopessoa.com.br\/sobre\/wp-content\/uploads\/2026\/01\/sedurb-divulga-edital-para-cadastro-de-ambulantes-que-desejam-trabalhar-no-carnaval-2026.webp\",\"width\":280,\"height\":280,\"caption\":\"cadastro de ambulantes\"},{\"@type\":\"BreadcrumbList\",\"@id\":\"https:\/\/www.encontrajoaopessoa.com.br\/sobre\/sedurb-divulga-edital-para-cadastro-de-ambulantes-que-desejam-trabalhar-no-carnaval-2026\/#breadcrumb\",\"itemListElement\":[{\"@type\":\"ListItem\",\"position\":1,\"name\":\"In\u00edcio\",\"item\":\"https:\/\/www.encontrajoaopessoa.com.br\/sobre\/\"},{\"@type\":\"ListItem\",\"position\":2,\"name\":\"Sedurb divulga edital para cadastro de ambulantes que desejam trabalhar no Carnaval 2026\"}]},{\"@type\":\"WebSite\",\"@id\":\"https:\/\/www.encontrajoaopessoa.com.br\/sobre\/#website\",\"url\":\"https:\/\/www.encontrajoaopessoa.com.br\/sobre\/\",\"name\":\"Encontra Jo\u00e3o Pessoa\",\"description\":\"Not\u00edcias, eventos, informa\u00e7\u00f5es e dicas na cidade Jo\u00e3o Pessoa e regi\u00e3o.\",\"potentialAction\":[{\"@type\":\"SearchAction\",\"target\":{\"@type\":\"EntryPoint\",\"urlTemplate\":\"https:\/\/www.encontrajoaopessoa.com.br\/sobre\/?s={search_term_string}\"},\"query-input\":{\"@type\":\"PropertyValueSpecification\",\"valueRequired\":true,\"valueName\":\"search_term_string\"}}],\"inLanguage\":\"pt-BR\"},{\"@type\":\"Person\",\"@id\":\"https:\/\/www.encontrajoaopessoa.com.br\/sobre\/#\/schema\/person\/dcf4dbc803217a030dfb489f4a014aca\",\"name\":\"Encontra Jo\u00e3o Pessoa\",\"image\":{\"@type\":\"ImageObject\",\"inLanguage\":\"pt-BR\",\"@id\":\"https:\/\/www.encontrajoaopessoa.com.br\/sobre\/#\/schema\/person\/image\/\",\"url\":\"https:\/\/secure.gravatar.com\/avatar\/507340682b8270222e1f208e23198b6ae7e2c6a1033ae84e99bc6bce4f82a387?s=96&d=mm&r=g\",\"contentUrl\":\"https:\/\/secure.gravatar.com\/avatar\/507340682b8270222e1f208e23198b6ae7e2c6a1033ae84e99bc6bce4f82a387?s=96&d=mm&r=g\",\"caption\":\"Encontra Jo\u00e3o Pessoa\"},\"url\":\"https:\/\/www.encontrajoaopessoa.com.br\/sobre\/author\/ejoaopessoa\/\"}]}<\/script>\n<!-- \/ Yoast SEO plugin. -->","yoast_head_json":{"title":"Sedurb divulga edital para cadastro de ambulantes que desejam trabalhar no Carnaval 2026 - Encontra Jo\u00e3o Pessoa","robots":{"index":"index","follow":"follow","max-snippet":"max-snippet:-1","max-image-preview":"max-image-preview:large","max-video-preview":"max-video-preview:-1"},"canonical":"https:\/\/www.encontrajoaopessoa.com.br\/sobre\/sedurb-divulga-edital-para-cadastro-de-ambulantes-que-desejam-trabalhar-no-carnaval-2026\/","og_locale":"pt_BR","og_type":"article","og_title":"Sedurb divulga edital para cadastro de ambulantes que desejam trabalhar no Carnaval 2026 - Encontra Jo\u00e3o Pessoa","og_description":"Carnaval 2026: Inscri\u00e7\u00e3o para ambulantes j\u00e1 est\u00e1 aberta. Participe!","og_url":"https:\/\/www.encontrajoaopessoa.com.br\/sobre\/sedurb-divulga-edital-para-cadastro-de-ambulantes-que-desejam-trabalhar-no-carnaval-2026\/","og_site_name":"Encontra Jo\u00e3o Pessoa","article_published_time":"2026-01-20T17:08:19+00:00","og_image":[{"url":"https:\/\/www.encontrajoaopessoa.com.br\/sobre\/wp-content\/uploads\/2026\/01\/sedurb-divulga-edital-para-cadastro-de-ambulantes-que-desejam-trabalhar-no-carnaval-2026.webp","type":"","width":"","height":""}],"author":"Encontra Jo\u00e3o Pessoa","twitter_card":"summary_large_image","twitter_misc":{"Escrito por":"Encontra Jo\u00e3o Pessoa","Est. tempo de leitura":"8 minutos"},"schema":{"@context":"https:\/\/schema.org","@graph":[{"@type":"WebPage","@id":"https:\/\/www.encontrajoaopessoa.com.br\/sobre\/sedurb-divulga-edital-para-cadastro-de-ambulantes-que-desejam-trabalhar-no-carnaval-2026\/","url":"https:\/\/www.encontrajoaopessoa.com.br\/sobre\/sedurb-divulga-edital-para-cadastro-de-ambulantes-que-desejam-trabalhar-no-carnaval-2026\/","name":"Sedurb divulga edital para cadastro de ambulantes que desejam trabalhar no Carnaval 2026 - Encontra Jo\u00e3o Pessoa","isPartOf":{"@id":"https:\/\/www.encontrajoaopessoa.com.br\/sobre\/#website"},"primaryImageOfPage":{"@id":"https:\/\/www.encontrajoaopessoa.com.br\/sobre\/sedurb-divulga-edital-para-cadastro-de-ambulantes-que-desejam-trabalhar-no-carnaval-2026\/#primaryimage"},"image":{"@id":"https:\/\/www.encontrajoaopessoa.com.br\/sobre\/sedurb-divulga-edital-para-cadastro-de-ambulantes-que-desejam-trabalhar-no-carnaval-2026\/#primaryimage"},"thumbnailUrl":"https:\/\/www.encontrajoaopessoa.com.br\/sobre\/wp-content\/uploads\/2026\/01\/sedurb-divulga-edital-para-cadastro-de-ambulantes-que-desejam-trabalhar-no-carnaval-2026.webp","datePublished":"2026-01-20T17:08:19+00:00","author":{"@id":"https:\/\/www.encontrajoaopessoa.com.br\/sobre\/#\/schema\/person\/dcf4dbc803217a030dfb489f4a014aca"},"breadcrumb":{"@id":"https:\/\/www.encontrajoaopessoa.com.br\/sobre\/sedurb-divulga-edital-para-cadastro-de-ambulantes-que-desejam-trabalhar-no-carnaval-2026\/#breadcrumb"},"inLanguage":"pt-BR","potentialAction":[{"@type":"ReadAction","target":["https:\/\/www.encontrajoaopessoa.com.br\/sobre\/sedurb-divulga-edital-para-cadastro-de-ambulantes-que-desejam-trabalhar-no-carnaval-2026\/"]}]},{"@type":"ImageObject","inLanguage":"pt-BR","@id":"https:\/\/www.encontrajoaopessoa.com.br\/sobre\/sedurb-divulga-edital-para-cadastro-de-ambulantes-que-desejam-trabalhar-no-carnaval-2026\/#primaryimage","url":"https:\/\/www.encontrajoaopessoa.com.br\/sobre\/wp-content\/uploads\/2026\/01\/sedurb-divulga-edital-para-cadastro-de-ambulantes-que-desejam-trabalhar-no-carnaval-2026.webp","contentUrl":"https:\/\/www.encontrajoaopessoa.com.br\/sobre\/wp-content\/uploads\/2026\/01\/sedurb-divulga-edital-para-cadastro-de-ambulantes-que-desejam-trabalhar-no-carnaval-2026.webp","width":280,"height":280,"caption":"cadastro de ambulantes"},{"@type":"BreadcrumbList","@id":"https:\/\/www.encontrajoaopessoa.com.br\/sobre\/sedurb-divulga-edital-para-cadastro-de-ambulantes-que-desejam-trabalhar-no-carnaval-2026\/#breadcrumb","itemListElement":[{"@type":"ListItem","position":1,"name":"In\u00edcio","item":"https:\/\/www.encontrajoaopessoa.com.br\/sobre\/"},{"@type":"ListItem","position":2,"name":"Sedurb divulga edital para cadastro de ambulantes que desejam trabalhar no Carnaval 2026"}]},{"@type":"WebSite","@id":"https:\/\/www.encontrajoaopessoa.com.br\/sobre\/#website","url":"https:\/\/www.encontrajoaopessoa.com.br\/sobre\/","name":"Encontra Jo\u00e3o Pessoa","description":"Not\u00edcias, eventos, informa\u00e7\u00f5es e dicas na cidade Jo\u00e3o Pessoa e regi\u00e3o.","potentialAction":[{"@type":"SearchAction","target":{"@type":"EntryPoint","urlTemplate":"https:\/\/www.encontrajoaopessoa.com.br\/sobre\/?s={search_term_string}"},"query-input":{"@type":"PropertyValueSpecification","valueRequired":true,"valueName":"search_term_string"}}],"inLanguage":"pt-BR"},{"@type":"Person","@id":"https:\/\/www.encontrajoaopessoa.com.br\/sobre\/#\/schema\/person\/dcf4dbc803217a030dfb489f4a014aca","name":"Encontra Jo\u00e3o Pessoa","image":{"@type":"ImageObject","inLanguage":"pt-BR","@id":"https:\/\/www.encontrajoaopessoa.com.br\/sobre\/#\/schema\/person\/image\/","url":"https:\/\/secure.gravatar.com\/avatar\/507340682b8270222e1f208e23198b6ae7e2c6a1033ae84e99bc6bce4f82a387?s=96&d=mm&r=g","contentUrl":"https:\/\/secure.gravatar.com\/avatar\/507340682b8270222e1f208e23198b6ae7e2c6a1033ae84e99bc6bce4f82a387?s=96&d=mm&r=g","caption":"Encontra Jo\u00e3o Pessoa"},"url":"https:\/\/www.encontrajoaopessoa.com.br\/sobre\/author\/ejoaopessoa\/"}]}},"_links":{"self":[{"href":"https:\/\/www.encontrajoaopessoa.com.br\/sobre\/wp-json\/wp\/v2\/posts\/992","targetHints":{"allow":["GET"]}}],"collection":[{"href":"https:\/\/www.encontrajoaopessoa.com.br\/sobre\/wp-json\/wp\/v2\/posts"}],"about":[{"href":"https:\/\/www.encontrajoaopessoa.com.br\/sobre\/wp-json\/wp\/v2\/types\/post"}],"author":[{"embeddable":true,"href":"https:\/\/www.encontrajoaopessoa.com.br\/sobre\/wp-json\/wp\/v2\/users\/1"}],"replies":[{"embeddable":true,"href":"https:\/\/www.encontrajoaopessoa.com.br\/sobre\/wp-json\/wp\/v2\/comments?post=992"}],"version-history":[{"count":0,"href":"https:\/\/www.encontrajoaopessoa.com.br\/sobre\/wp-json\/wp\/v2\/posts\/992\/revisions"}],"wp:featuredmedia":[{"embeddable":true,"href":"https:\/\/www.encontrajoaopessoa.com.br\/sobre\/wp-json\/wp\/v2\/media\/991"}],"wp:attachment":[{"href":"https:\/\/www.encontrajoaopessoa.com.br\/sobre\/wp-json\/wp\/v2\/media?parent=992"}],"wp:term":[{"taxonomy":"category","embeddable":true,"href":"https:\/\/www.encontrajoaopessoa.com.br\/sobre\/wp-json\/wp\/v2\/categories?post=992"},{"taxonomy":"post_tag","embeddable":true,"href":"https:\/\/www.encontrajoaopessoa.com.br\/sobre\/wp-json\/wp\/v2\/tags?post=992"}],"curies":[{"name":"wp","href":"https:\/\/api.w.org\/{rel}","templated":true}]}}