{"id":983,"date":"2026-01-17T14:18:09","date_gmt":"2026-01-17T17:18:09","guid":{"rendered":"https:\/\/www.encontrajoaopessoa.com.br\/sobre\/prefeito-anuncia-apoio-ao-27o-congresso-nacional-do-ministerio-publico-que-sera-realizado-em-joao-pessoa\/"},"modified":"2026-01-17T14:18:09","modified_gmt":"2026-01-17T17:18:09","slug":"prefeito-anuncia-apoio-ao-27o-congresso-nacional-do-ministerio-publico-que-sera-realizado-em-joao-pessoa","status":"publish","type":"post","link":"https:\/\/www.encontrajoaopessoa.com.br\/sobre\/prefeito-anuncia-apoio-ao-27o-congresso-nacional-do-ministerio-publico-que-sera-realizado-em-joao-pessoa\/","title":{"rendered":"Prefeito anuncia apoio ao 27\u00ba Congresso Nacional do Minist\u00e9rio P\u00fablico que ser\u00e1 realizado em Jo\u00e3o Pessoa"},"content":{"rendered":"<div class=\"866aa4a7c674253f40eaa20e0e3e928c\" data-index=\"1\" style=\"float: none; margin:0px;\">\n<!-- Anuncio display - global -->\r\n<ins class=\"adsbygoogle\"\r\n     style=\"display:block\"\r\n     data-ad-client=\"ca-pub-8585364105181520\"\r\n     data-ad-slot=\"8789329856\"\r\n     data-ad-format=\"auto\"\r\n     data-full-width-responsive=\"true\"><\/ins>\r\n<script>\r\n     (adsbygoogle = window.adsbygoogle || []).push({});\r\n<\/script>\n<\/div>\n<h2>A Import\u00e2ncia do Congresso Nacional do Minist\u00e9rio P\u00fablico<\/h2>\n<p>O <strong>Congresso Nacional do Minist\u00e9rio P\u00fablico<\/strong> \u00e9 um evento de extrema relev\u00e2ncia para a discuss\u00e3o e promo\u00e7\u00e3o da Justi\u00e7a no Brasil. Este congresso, que re\u00fane promotores e procuradores de Justi\u00e7a de todo o pa\u00eds, \u00e9 uma plataforma fundamental para o debate de temas essenciais que envolvem o exerc\u00edcio da fun\u00e7\u00e3o ministerial e suas implica\u00e7\u00f5es na sociedade. A import\u00e2ncia desse evento reside na oportunidade de fortalecer la\u00e7os entre os membros do Minist\u00e9rio P\u00fablico e a sociedade civil, resultando em um aprimoramento cont\u00ednuo da atua\u00e7\u00e3o jur\u00eddica e da prote\u00e7\u00e3o dos direitos cidad\u00e3os.<\/p>\n<p>Al\u00e9m disso, o congresso permite a troca de experi\u00eancias e conhecimentos entre os participantes, o que \u00e9 essencial para a evolu\u00e7\u00e3o das pr\u00e1ticas jur\u00eddicas. As discuss\u00f5es promovidas durante o evento abordam quest\u00f5es contempor\u00e2neas e desafios que o Minist\u00e9rio P\u00fablico enfrenta na defesa da justi\u00e7a e dos direitos humanos. Por meio de palestras, mesas-redondas e workshops, diversos especialistas s\u00e3o convidados a compartilhar suas experi\u00eancias e vis\u00f5es, enriquecendo o debate.<\/p>\n<p>O evento tamb\u00e9m oferece a oportunidade de atualiza\u00e7\u00e3o sobre as legisla\u00e7\u00f5es e regulamenta\u00e7\u00f5es mais recentes, permitindo que os membros do Minist\u00e9rio P\u00fablico atuem de maneira mais eficaz e alinhada \u00e0s novas demandas sociais. Essa atualiza\u00e7\u00e3o regular \u00e9 crucial, considerando a rapidez com que mudan\u00e7as legais podem ocorrer, afetando diretamente a atua\u00e7\u00e3o do Minist\u00e9rio P\u00fablico.<\/p>\n<h2>Expectativas para o Evento em Jo\u00e3o Pessoa<\/h2>\n<p>Com a realiza\u00e7\u00e3o do <strong>27\u00ba Congresso Nacional do Minist\u00e9rio P\u00fablico<\/strong> em Jo\u00e3o Pessoa, entre os dias 16 e 19 de novembro de 2027, as expectativas s\u00e3o altas. A cidade \u00e9 conhecida por sua hospitalidade e infraestrutura adequada para receber eventos dessa magnitude, o que promete proporcionar uma experi\u00eancia enriquecedora para todos os participantes. O apoio do <strong>prefeito C\u00edcero Lucena<\/strong> ao evento demonstra o comprometimento da gest\u00e3o municipal em apoiar iniciativas que promovem o desenvolvimento social e a justi\u00e7a.<\/p>\n<p>Espera-se que cerca de 3.000 pessoas, entre congressistas, palestrantes e acompanhantes, participem do evento, o que significar\u00e1 um significativo aumento no fluxo tur\u00edstico e econ\u00f4mico da cidade. O evento est\u00e1 previsto para abordar temas de relev\u00e2ncia jur\u00eddica e social, refletindo sobre o papel do Minist\u00e9rio P\u00fablico diante dos desafios contempor\u00e2neos, como os direitos humanos, corrup\u00e7\u00e3o e a prote\u00e7\u00e3o ambiental.<\/p>\n<p>As expectativas tamb\u00e9m incluem a gera\u00e7\u00e3o de novas parcerias e colabora\u00e7\u00f5es entre os membros do Minist\u00e9rio P\u00fablico e outras institui\u00e7\u00f5es, fortalecendo a rede de atua\u00e7\u00e3o em defesa da justi\u00e7a. O congresso \u00e9 uma oportunidade valiosa para refletir sobre a import\u00e2ncia de uma atua\u00e7\u00e3o integrada e colaborativa entre diferentes esferas de governan\u00e7a.<\/p>\n<h2>Contribui\u00e7\u00f5es do Minist\u00e9rio P\u00fablico para a Sociedade<\/h2>\n<p>O <strong>Minist\u00e9rio P\u00fablico<\/strong> desempenha um papel crucial na sociedade, atuando como guardi\u00e3o da legalidade e dos direitos fundamentais da popula\u00e7\u00e3o. Suas contribui\u00e7\u00f5es s\u00e3o vastas e impactam diretamente a vida dos cidad\u00e3os. Entre as principais fun\u00e7\u00f5es, destaca-se a defesa dos direitos humanos, o combate \u00e0 corrup\u00e7\u00e3o, a promo\u00e7\u00e3o da justi\u00e7a social e a tutela do meio ambiente.<\/p>\n<p>As a\u00e7\u00f5es do Minist\u00e9rio P\u00fablico v\u00e3o al\u00e9m do \u00e2mbito judicial, envolvendo tamb\u00e9m a promo\u00e7\u00e3o de pol\u00edticas p\u00fablicas que visam melhorar a qualidade de vida da popula\u00e7\u00e3o. O di\u00e1logo com a sociedade civil, a participa\u00e7\u00e3o em a\u00e7\u00f5es comunit\u00e1rias e o engajamento em causas sociais s\u00e3o aspectos fundamentais da atua\u00e7\u00e3o ministerial. Isso \u00e9 not\u00e1vel, por exemplo, em campanhas de conscientiza\u00e7\u00e3o sobre direitos vulner\u00e1veis, como os direitos das crian\u00e7as e adolescentes, mulheres e minorias.<\/p>\n<p>Outro ponto relevante \u00e9 a atua\u00e7\u00e3o do Minist\u00e9rio P\u00fablico na defesa do meio ambiente, onde promove a\u00e7\u00f5es para garantir a preserva\u00e7\u00e3o ambiental, a sustentabilidade e a defesa de \u00e1reas de prote\u00e7\u00e3o. Esse papel \u00e9 vital na atualidade, considerando os desafios ambientais globais, e refor\u00e7a a necessidade de uma atua\u00e7\u00e3o proativa do Minist\u00e9rio P\u00fablico na promo\u00e7\u00e3o de pol\u00edticas de prote\u00e7\u00e3o ao meio ambiente.<\/p>\n<h2>Como a Prefeitura Est\u00e1 Apoindo o Evento<\/h2>\n<p>A Prefeitura de Jo\u00e3o Pessoa, sob a lideran\u00e7a do prefeito C\u00edcero Lucena, est\u00e1 apoiando o 27\u00ba Congresso Nacional do Minist\u00e9rio P\u00fablico de forma integral. Esse apoio se traduz na prepara\u00e7\u00e3o da cidade para receber os participantes e garantir que a infra-estrutura esteja \u00e0 altura das expectativas. Isso envolve desde a busca por locais adequados para a realiza\u00e7\u00e3o dos eventos, at\u00e9 a log\u00edstica para facilitar o transporte e a hospedagem dos visitantes.<\/p>\n<p>O envolvimento da gest\u00e3o municipal \u00e9 fundamental para o sucesso do evento. O prefeito C\u00edcero Lucena destacou a gratid\u00e3o ao Minist\u00e9rio P\u00fablico pela escolha de Jo\u00e3o Pessoa como sede do congresso, enfatizando a import\u00e2ncia desse encontro para a cidade e sua comunidade. O envolvimento da Prefeitura tamb\u00e9m reflete um compromisso em gerar um ambiente de di\u00e1logo e colabora\u00e7\u00e3o entre o poder p\u00fablico e o Minist\u00e9rio P\u00fablico, consolidando uma rela\u00e7\u00e3o que promove o bem-estar social.<\/p>\n<p>Al\u00e9m disso, a Prefeitura promove a\u00e7\u00f5es de sensibiliza\u00e7\u00e3o e educa\u00e7\u00e3o para a comunidade local, destacando a import\u00e2ncia do evento e como ele pode impactar positivamente o desenvolvimento social e econ\u00f4mico da cidade. Esse tipo de engajamento n\u00e3o apenas acolhe os participantes, mas tamb\u00e9m educa e envolve a popula\u00e7\u00e3o local, tornando-a parte da experi\u00eancia.<\/p>\n<h2>Impactos Econ\u00f4micos do Congresso na Cidade<\/h2>\n<p>A realiza\u00e7\u00e3o do 27\u00ba Congresso Nacional do Minist\u00e9rio P\u00fablico em Jo\u00e3o Pessoa ter\u00e1 impactos econ\u00f4micos significativos para a cidade. Com a expectativa de reunir milhares de pessoas, a movimenta\u00e7\u00e3o financeira gerada pelo evento ser\u00e1 expressiva. O setor de turismo, hospitalidade e servi\u00e7os espera um aumento na demanda, proporcionando uma oportunidade \u00fanica para os neg\u00f3cios locais.<\/p>\n<p>A presen\u00e7a de congressistas e acompanhantes gera demanda por servi\u00e7os de hospedagem, alimenta\u00e7\u00e3o, transporte e entretenimento, o que \u00e9 vital para a economia local. Com\u00e9rcio, restaurantes e hot\u00e9is devem se preparar para receber os visitantes, promovendo pacotes e ofertas que destacam a cultura e gastronomia da cidade.<\/p>\n<p>Al\u00e9m disso, o congresso pode beneficiar a infraestrutura urbana, uma vez que a Prefeitura poder\u00e1 investir em melhorias e amplia\u00e7\u00f5es nos servi\u00e7os p\u00fablicos em fun\u00e7\u00e3o do evento. Esse tipo de investimento n\u00e3o apenas assegura a funcionalidade durante o congresso, mas tamb\u00e9m traz benef\u00edcios a longo prazo para a popula\u00e7\u00e3o local.<\/p>\n<h2>A Representatividade do MPPB no Encontro Nacional<\/h2>\n<p>O <strong>Minist\u00e9rio P\u00fablico da Para\u00edba (MPPB)<\/strong> desempenha um papel destacado no 27\u00ba Congresso Nacional do Minist\u00e9rio P\u00fablico, com a ativa participa\u00e7\u00e3o de seus membros nas discuss\u00f5es nacionais. O MPPB, ao ser a sede do congresso, demonstra a for\u00e7a e a import\u00e2ncia da atua\u00e7\u00e3o ministerial na regi\u00e3o, al\u00e9m de proporcionar um espa\u00e7o de destaque para as pautas locais que precisam de aten\u00e7\u00e3o no \u00e2mbito nacional.<\/p>\n<p>A representatividade do MPPB no congresso \u00e9 importante n\u00e3o apenas para a defesa de interesses regionais, mas tamb\u00e9m para a troca de experi\u00eancias com outros membros do Minist\u00e9rio P\u00fablico de diferentes estados. Isso gera um enriquecimento m\u00fatuo, onde pr\u00e1ticas exitosas podem ser compartilhadas e adotadas em \u00e2mbito local.<\/p>\n<p>Os membros do MPPB ter\u00e3o a oportunidade de contribuir ativamente nas mesas de discuss\u00e3o, apresentando suas pr\u00e1ticas, desafios e solu\u00e7\u00f5es encontradas em sua atua\u00e7\u00e3o, o que pode inspirar outros profissionais a atuarem de forma mais eficaz e colaborativa.<\/p>\n<h2>O Papel do Prefeito na Promo\u00e7\u00e3o do Evento<\/h2>\n<p>O <strong>prefeito C\u00edcero Lucena<\/strong> tem um papel fundamental na promo\u00e7\u00e3o do 27\u00ba Congresso Nacional do Minist\u00e9rio P\u00fablico em Jo\u00e3o Pessoa. Sua lideran\u00e7a e vis\u00e3o s\u00e3o essenciais para garantir que o evento seja bem-sucedido e que deixe um legado duradouro para a cidade e a comunidade local. O suporte log\u00edstico e institucional proporcionado pela Prefeitura reflete uma estrat\u00e9gia clara de valoriza\u00e7\u00e3o e promo\u00e7\u00e3o da cidade como um centro de eventos nacionais.<\/p>\n<p>Como um importante ator pol\u00edtico, o prefeito busca mobilizar a comunidade e stakeholders locais para se envolverem com o evento, aumentando a participa\u00e7\u00e3o e o engajamento da popula\u00e7\u00e3o. Isso implica em fomentar uma cultura de acolhimento e de interesse pelas quest\u00f5es que envolvem o Minist\u00e9rio P\u00fablico e a Justi\u00e7a.<\/p>\n<p>Al\u00e9m disso, a abordagem do prefeito sobre o assunto enfatiza a import\u00e2ncia de discutir e abordar quest\u00f5es jur\u00eddicas relevantes que afetam a sociedade, promovendo um espa\u00e7o de di\u00e1logo que \u00e9 essencial na constru\u00e7\u00e3o de um ambiente jur\u00eddico mais justo e acess\u00edvel a todos.<\/p>\n<h2>Discuss\u00f5es Jur\u00eddicas e Sociais em Destaque<\/h2>\n<p>O 27\u00ba Congresso Nacional do Minist\u00e9rio P\u00fablico abordar\u00e1 quest\u00f5es jur\u00eddicas e sociais de grande relev\u00e2ncia. Entre os temas em pauta, esperam-se discuss\u00f5es sobre direitos humanos, combate \u00e0 corrup\u00e7\u00e3o, prote\u00e7\u00e3o do meio ambiente e promo\u00e7\u00e3o de pol\u00edticas p\u00fablicas eficazes. Isso demonstra o compromisso do Minist\u00e9rio P\u00fablico em n\u00e3o apenas defender a lei, mas tamb\u00e9m em atuar proativamente para garantir que a justi\u00e7a social seja uma realidade.<\/p>\n<p>A diversidade de temas discutidos no congresso reflete as m\u00faltiplas facetas da atua\u00e7\u00e3o do Minist\u00e9rio P\u00fablico e sua import\u00e2ncia na sociedade contempor\u00e2nea. As mesas de discuss\u00e3o permitir\u00e3o que especialistas apresentem suas vis\u00f5es e solu\u00e7\u00f5es, promovendo um espa\u00e7o plural que inclui diferentes vozes e experi\u00eancias.<\/p>\n<p>A ideia \u00e9 que, ao final do congresso, haja um arsenal de propostas e recomenda\u00e7\u00f5es que possam ser implementadas por membros do Minist\u00e9rio P\u00fablico em suas respectivas fun\u00e7\u00f5es, contribuindo diretamente para a melhoria da Justi\u00e7a no Brasil.<\/p>\n<h2>Como Participar do Congresso Nacional<\/h2>\n<p>Para aqueles que desejam participar do 27\u00ba Congresso Nacional do Minist\u00e9rio P\u00fablico, \u00e9 importante se manter informado sobre as diretrizes de inscri\u00e7\u00e3o e participa\u00e7\u00e3o. As informa\u00e7\u00f5es sobre inscri\u00e7\u00f5es geralmente s\u00e3o divulgadas nos canais oficiais do evento, como o site da <strong>Associa\u00e7\u00e3o Nacional dos Membros do Minist\u00e9rio P\u00fablico (CONAMP)<\/strong> e a <strong>Associa\u00e7\u00e3o Paraibana do Minist\u00e9rio P\u00fablico (APMP)<\/strong>.<\/p>\n<p>A participa\u00e7\u00e3o \u00e9 uma oportunidade valiosa para estudantes de Direito, profissionais do setor jur\u00eddico e membros da sociedade civil que desejam entender melhor a atua\u00e7\u00e3o do Minist\u00e9rio P\u00fablico e as discuss\u00f5es que permeiam a Justi\u00e7a no Brasil. Al\u00e9m disso, os interessados devem acompanhar as novidades sobre a programa\u00e7\u00e3o, que geralmente inclui palestras de renomados especialistas e personalidades no campo jur\u00eddico.<\/p>\n<p>Outro ponto importante \u00e9 que o evento geralmente promove a intera\u00e7\u00e3o entre os participantes, permitindo a troca de experi\u00eancias e conhecimentos. Isso \u00e9 especialmente relevante para jovens profissionais que buscam se inserir no campo do Direito e fortalecer sua rede de contatos.<\/p>\n<h2>Benef\u00edcios para a Comunidade Local<\/h2>\n<p>O impacto do 27\u00ba Congresso Nacional do Minist\u00e9rio P\u00fablico vai al\u00e9m da economia local; ele traz benef\u00edcios diretos para a comunidade. Com a realiza\u00e7\u00e3o do evento, a cidade de Jo\u00e3o Pessoa se torna um centro de discuss\u00e3o sobre quest\u00f5es fundamentais que afetam a sociedade, e isso leva a um aumento do engajamento c\u00edvico entre os cidad\u00e3os.<\/p>\n<p>As a\u00e7\u00f5es preparat\u00f3rias para o congresso tamb\u00e9m t\u00eam um car\u00e1ter educativo, promovendo a conscientiza\u00e7\u00e3o sobre o papel do Minist\u00e9rio P\u00fablico e sua fun\u00e7\u00e3o na defesa dos direitos. Isso proporciona uma oportunidade para que a comunidade entenda melhor como funciona o sistema jur\u00eddico e como ele pode ser acessado e utilizado para a prote\u00e7\u00e3o de seus direitos.<\/p>\n<p>Al\u00e9m disso, o engajamento da Prefeitura e de institui\u00e7\u00f5es locais facilita a cria\u00e7\u00e3o de uma cultura de cidadania ativa, onde a popula\u00e7\u00e3o se sente mais incentivada a participar das discuss\u00f5es e iniciativas que afetam suas vidas. Os benef\u00edcios de um evento como esse se estendem, assim, para a promo\u00e7\u00e3o de um ambiente social mais consciente e colaborativo.<\/p>\n\n<div style=\"font-size: 0px; height: 0px; line-height: 0px; margin: 0; padding: 0; clear: both;\"><\/div>","protected":false},"excerpt":{"rendered":"<p>Prefeito de Jo\u00e3o Pessoa apoia o 27\u00ba Congresso Nacional do Minist\u00e9rio P\u00fablico em novembro de 2027.<\/p>\n","protected":false},"author":1,"featured_media":0,"comment_status":"closed","ping_status":"closed","sticky":false,"template":"","format":"standard","meta":{"footnotes":""},"categories":[1],"tags":[],"class_list":["post-983","post","type-post","status-publish","format-standard","hentry","category-noticias-em-joao-pessoa"],"yoast_head":"<!-- This site is optimized with the Yoast SEO plugin v26.4 - https:\/\/yoast.com\/wordpress\/plugins\/seo\/ -->\n<title>Prefeito anuncia apoio ao 27\u00ba Congresso Nacional do Minist\u00e9rio P\u00fablico que ser\u00e1 realizado em Jo\u00e3o Pessoa - Encontra Jo\u00e3o Pessoa<\/title>\n<meta name=\"robots\" content=\"index, follow, max-snippet:-1, max-image-preview:large, max-video-preview:-1\" \/>\n<link rel=\"canonical\" href=\"https:\/\/www.encontrajoaopessoa.com.br\/sobre\/prefeito-anuncia-apoio-ao-27o-congresso-nacional-do-ministerio-publico-que-sera-realizado-em-joao-pessoa\/\" \/>\n<meta property=\"og:locale\" content=\"pt_BR\" \/>\n<meta property=\"og:type\" content=\"article\" \/>\n<meta property=\"og:title\" content=\"Prefeito anuncia apoio ao 27\u00ba Congresso Nacional do Minist\u00e9rio P\u00fablico que ser\u00e1 realizado em Jo\u00e3o Pessoa - Encontra Jo\u00e3o Pessoa\" \/>\n<meta property=\"og:description\" content=\"Prefeito de Jo\u00e3o Pessoa apoia o 27\u00ba Congresso Nacional do Minist\u00e9rio P\u00fablico em novembro de 2027.\" \/>\n<meta property=\"og:url\" content=\"https:\/\/www.encontrajoaopessoa.com.br\/sobre\/prefeito-anuncia-apoio-ao-27o-congresso-nacional-do-ministerio-publico-que-sera-realizado-em-joao-pessoa\/\" \/>\n<meta property=\"og:site_name\" content=\"Encontra Jo\u00e3o Pessoa\" \/>\n<meta property=\"article:published_time\" content=\"2026-01-17T17:18:09+00:00\" \/>\n<meta name=\"author\" content=\"Encontra Jo\u00e3o Pessoa\" \/>\n<meta name=\"twitter:card\" content=\"summary_large_image\" \/>\n<meta name=\"twitter:label1\" content=\"Escrito por\" \/>\n\t<meta name=\"twitter:data1\" content=\"Encontra Jo\u00e3o Pessoa\" \/>\n\t<meta name=\"twitter:label2\" content=\"Est. tempo de leitura\" \/>\n\t<meta name=\"twitter:data2\" content=\"10 minutos\" \/>\n<script type=\"application\/ld+json\" class=\"yoast-schema-graph\">{\"@context\":\"https:\/\/schema.org\",\"@graph\":[{\"@type\":\"WebPage\",\"@id\":\"https:\/\/www.encontrajoaopessoa.com.br\/sobre\/prefeito-anuncia-apoio-ao-27o-congresso-nacional-do-ministerio-publico-que-sera-realizado-em-joao-pessoa\/\",\"url\":\"https:\/\/www.encontrajoaopessoa.com.br\/sobre\/prefeito-anuncia-apoio-ao-27o-congresso-nacional-do-ministerio-publico-que-sera-realizado-em-joao-pessoa\/\",\"name\":\"Prefeito anuncia apoio ao 27\u00ba Congresso Nacional do Minist\u00e9rio P\u00fablico que ser\u00e1 realizado em Jo\u00e3o Pessoa - Encontra Jo\u00e3o Pessoa\",\"isPartOf\":{\"@id\":\"https:\/\/www.encontrajoaopessoa.com.br\/sobre\/#website\"},\"datePublished\":\"2026-01-17T17:18:09+00:00\",\"author\":{\"@id\":\"https:\/\/www.encontrajoaopessoa.com.br\/sobre\/#\/schema\/person\/dcf4dbc803217a030dfb489f4a014aca\"},\"breadcrumb\":{\"@id\":\"https:\/\/www.encontrajoaopessoa.com.br\/sobre\/prefeito-anuncia-apoio-ao-27o-congresso-nacional-do-ministerio-publico-que-sera-realizado-em-joao-pessoa\/#breadcrumb\"},\"inLanguage\":\"pt-BR\",\"potentialAction\":[{\"@type\":\"ReadAction\",\"target\":[\"https:\/\/www.encontrajoaopessoa.com.br\/sobre\/prefeito-anuncia-apoio-ao-27o-congresso-nacional-do-ministerio-publico-que-sera-realizado-em-joao-pessoa\/\"]}]},{\"@type\":\"BreadcrumbList\",\"@id\":\"https:\/\/www.encontrajoaopessoa.com.br\/sobre\/prefeito-anuncia-apoio-ao-27o-congresso-nacional-do-ministerio-publico-que-sera-realizado-em-joao-pessoa\/#breadcrumb\",\"itemListElement\":[{\"@type\":\"ListItem\",\"position\":1,\"name\":\"In\u00edcio\",\"item\":\"https:\/\/www.encontrajoaopessoa.com.br\/sobre\/\"},{\"@type\":\"ListItem\",\"position\":2,\"name\":\"Prefeito anuncia apoio ao 27\u00ba Congresso Nacional do Minist\u00e9rio P\u00fablico que ser\u00e1 realizado em Jo\u00e3o Pessoa\"}]},{\"@type\":\"WebSite\",\"@id\":\"https:\/\/www.encontrajoaopessoa.com.br\/sobre\/#website\",\"url\":\"https:\/\/www.encontrajoaopessoa.com.br\/sobre\/\",\"name\":\"Encontra Jo\u00e3o Pessoa\",\"description\":\"Not\u00edcias, eventos, informa\u00e7\u00f5es e dicas na cidade Jo\u00e3o Pessoa e regi\u00e3o.\",\"potentialAction\":[{\"@type\":\"SearchAction\",\"target\":{\"@type\":\"EntryPoint\",\"urlTemplate\":\"https:\/\/www.encontrajoaopessoa.com.br\/sobre\/?s={search_term_string}\"},\"query-input\":{\"@type\":\"PropertyValueSpecification\",\"valueRequired\":true,\"valueName\":\"search_term_string\"}}],\"inLanguage\":\"pt-BR\"},{\"@type\":\"Person\",\"@id\":\"https:\/\/www.encontrajoaopessoa.com.br\/sobre\/#\/schema\/person\/dcf4dbc803217a030dfb489f4a014aca\",\"name\":\"Encontra Jo\u00e3o Pessoa\",\"image\":{\"@type\":\"ImageObject\",\"inLanguage\":\"pt-BR\",\"@id\":\"https:\/\/www.encontrajoaopessoa.com.br\/sobre\/#\/schema\/person\/image\/\",\"url\":\"https:\/\/secure.gravatar.com\/avatar\/507340682b8270222e1f208e23198b6ae7e2c6a1033ae84e99bc6bce4f82a387?s=96&d=mm&r=g\",\"contentUrl\":\"https:\/\/secure.gravatar.com\/avatar\/507340682b8270222e1f208e23198b6ae7e2c6a1033ae84e99bc6bce4f82a387?s=96&d=mm&r=g\",\"caption\":\"Encontra Jo\u00e3o Pessoa\"},\"url\":\"https:\/\/www.encontrajoaopessoa.com.br\/sobre\/author\/ejoaopessoa\/\"}]}<\/script>\n<!-- \/ Yoast SEO plugin. -->","yoast_head_json":{"title":"Prefeito anuncia apoio ao 27\u00ba Congresso Nacional do Minist\u00e9rio P\u00fablico que ser\u00e1 realizado em Jo\u00e3o Pessoa - Encontra Jo\u00e3o Pessoa","robots":{"index":"index","follow":"follow","max-snippet":"max-snippet:-1","max-image-preview":"max-image-preview:large","max-video-preview":"max-video-preview:-1"},"canonical":"https:\/\/www.encontrajoaopessoa.com.br\/sobre\/prefeito-anuncia-apoio-ao-27o-congresso-nacional-do-ministerio-publico-que-sera-realizado-em-joao-pessoa\/","og_locale":"pt_BR","og_type":"article","og_title":"Prefeito anuncia apoio ao 27\u00ba Congresso Nacional do Minist\u00e9rio P\u00fablico que ser\u00e1 realizado em Jo\u00e3o Pessoa - Encontra Jo\u00e3o Pessoa","og_description":"Prefeito de Jo\u00e3o Pessoa apoia o 27\u00ba Congresso Nacional do Minist\u00e9rio P\u00fablico em novembro de 2027.","og_url":"https:\/\/www.encontrajoaopessoa.com.br\/sobre\/prefeito-anuncia-apoio-ao-27o-congresso-nacional-do-ministerio-publico-que-sera-realizado-em-joao-pessoa\/","og_site_name":"Encontra Jo\u00e3o Pessoa","article_published_time":"2026-01-17T17:18:09+00:00","author":"Encontra Jo\u00e3o Pessoa","twitter_card":"summary_large_image","twitter_misc":{"Escrito por":"Encontra Jo\u00e3o Pessoa","Est. tempo de leitura":"10 minutos"},"schema":{"@context":"https:\/\/schema.org","@graph":[{"@type":"WebPage","@id":"https:\/\/www.encontrajoaopessoa.com.br\/sobre\/prefeito-anuncia-apoio-ao-27o-congresso-nacional-do-ministerio-publico-que-sera-realizado-em-joao-pessoa\/","url":"https:\/\/www.encontrajoaopessoa.com.br\/sobre\/prefeito-anuncia-apoio-ao-27o-congresso-nacional-do-ministerio-publico-que-sera-realizado-em-joao-pessoa\/","name":"Prefeito anuncia apoio ao 27\u00ba Congresso Nacional do Minist\u00e9rio P\u00fablico que ser\u00e1 realizado em Jo\u00e3o Pessoa - Encontra Jo\u00e3o Pessoa","isPartOf":{"@id":"https:\/\/www.encontrajoaopessoa.com.br\/sobre\/#website"},"datePublished":"2026-01-17T17:18:09+00:00","author":{"@id":"https:\/\/www.encontrajoaopessoa.com.br\/sobre\/#\/schema\/person\/dcf4dbc803217a030dfb489f4a014aca"},"breadcrumb":{"@id":"https:\/\/www.encontrajoaopessoa.com.br\/sobre\/prefeito-anuncia-apoio-ao-27o-congresso-nacional-do-ministerio-publico-que-sera-realizado-em-joao-pessoa\/#breadcrumb"},"inLanguage":"pt-BR","potentialAction":[{"@type":"ReadAction","target":["https:\/\/www.encontrajoaopessoa.com.br\/sobre\/prefeito-anuncia-apoio-ao-27o-congresso-nacional-do-ministerio-publico-que-sera-realizado-em-joao-pessoa\/"]}]},{"@type":"BreadcrumbList","@id":"https:\/\/www.encontrajoaopessoa.com.br\/sobre\/prefeito-anuncia-apoio-ao-27o-congresso-nacional-do-ministerio-publico-que-sera-realizado-em-joao-pessoa\/#breadcrumb","itemListElement":[{"@type":"ListItem","position":1,"name":"In\u00edcio","item":"https:\/\/www.encontrajoaopessoa.com.br\/sobre\/"},{"@type":"ListItem","position":2,"name":"Prefeito anuncia apoio ao 27\u00ba Congresso Nacional do Minist\u00e9rio P\u00fablico que ser\u00e1 realizado em Jo\u00e3o Pessoa"}]},{"@type":"WebSite","@id":"https:\/\/www.encontrajoaopessoa.com.br\/sobre\/#website","url":"https:\/\/www.encontrajoaopessoa.com.br\/sobre\/","name":"Encontra Jo\u00e3o Pessoa","description":"Not\u00edcias, eventos, informa\u00e7\u00f5es e dicas na cidade Jo\u00e3o Pessoa e regi\u00e3o.","potentialAction":[{"@type":"SearchAction","target":{"@type":"EntryPoint","urlTemplate":"https:\/\/www.encontrajoaopessoa.com.br\/sobre\/?s={search_term_string}"},"query-input":{"@type":"PropertyValueSpecification","valueRequired":true,"valueName":"search_term_string"}}],"inLanguage":"pt-BR"},{"@type":"Person","@id":"https:\/\/www.encontrajoaopessoa.com.br\/sobre\/#\/schema\/person\/dcf4dbc803217a030dfb489f4a014aca","name":"Encontra Jo\u00e3o Pessoa","image":{"@type":"ImageObject","inLanguage":"pt-BR","@id":"https:\/\/www.encontrajoaopessoa.com.br\/sobre\/#\/schema\/person\/image\/","url":"https:\/\/secure.gravatar.com\/avatar\/507340682b8270222e1f208e23198b6ae7e2c6a1033ae84e99bc6bce4f82a387?s=96&d=mm&r=g","contentUrl":"https:\/\/secure.gravatar.com\/avatar\/507340682b8270222e1f208e23198b6ae7e2c6a1033ae84e99bc6bce4f82a387?s=96&d=mm&r=g","caption":"Encontra Jo\u00e3o Pessoa"},"url":"https:\/\/www.encontrajoaopessoa.com.br\/sobre\/author\/ejoaopessoa\/"}]}},"_links":{"self":[{"href":"https:\/\/www.encontrajoaopessoa.com.br\/sobre\/wp-json\/wp\/v2\/posts\/983","targetHints":{"allow":["GET"]}}],"collection":[{"href":"https:\/\/www.encontrajoaopessoa.com.br\/sobre\/wp-json\/wp\/v2\/posts"}],"about":[{"href":"https:\/\/www.encontrajoaopessoa.com.br\/sobre\/wp-json\/wp\/v2\/types\/post"}],"author":[{"embeddable":true,"href":"https:\/\/www.encontrajoaopessoa.com.br\/sobre\/wp-json\/wp\/v2\/users\/1"}],"replies":[{"embeddable":true,"href":"https:\/\/www.encontrajoaopessoa.com.br\/sobre\/wp-json\/wp\/v2\/comments?post=983"}],"version-history":[{"count":0,"href":"https:\/\/www.encontrajoaopessoa.com.br\/sobre\/wp-json\/wp\/v2\/posts\/983\/revisions"}],"wp:attachment":[{"href":"https:\/\/www.encontrajoaopessoa.com.br\/sobre\/wp-json\/wp\/v2\/media?parent=983"}],"wp:term":[{"taxonomy":"category","embeddable":true,"href":"https:\/\/www.encontrajoaopessoa.com.br\/sobre\/wp-json\/wp\/v2\/categories?post=983"},{"taxonomy":"post_tag","embeddable":true,"href":"https:\/\/www.encontrajoaopessoa.com.br\/sobre\/wp-json\/wp\/v2\/tags?post=983"}],"curies":[{"name":"wp","href":"https:\/\/api.w.org\/{rel}","templated":true}]}}