{"id":957,"date":"2026-01-07T09:55:31","date_gmt":"2026-01-07T12:55:31","guid":{"rendered":"https:\/\/www.encontrajoaopessoa.com.br\/sobre\/zona-azul-na-orla-de-joao-pessoa-deve-comecar-a-funcionar-em-fevereiro\/"},"modified":"2026-01-07T09:55:31","modified_gmt":"2026-01-07T12:55:31","slug":"zona-azul-na-orla-de-joao-pessoa-deve-comecar-a-funcionar-em-fevereiro","status":"publish","type":"post","link":"https:\/\/www.encontrajoaopessoa.com.br\/sobre\/zona-azul-na-orla-de-joao-pessoa-deve-comecar-a-funcionar-em-fevereiro\/","title":{"rendered":"Zona Azul na orla de Jo\u00e3o Pessoa deve come\u00e7ar a funcionar em fevereiro"},"content":{"rendered":"<div class=\"866aa4a7c674253f40eaa20e0e3e928c\" data-index=\"1\" style=\"float: none; margin:0px;\">\n<!-- Anuncio display - global -->\r\n<ins class=\"adsbygoogle\"\r\n     style=\"display:block\"\r\n     data-ad-client=\"ca-pub-8585364105181520\"\r\n     data-ad-slot=\"8789329856\"\r\n     data-ad-format=\"auto\"\r\n     data-full-width-responsive=\"true\"><\/ins>\r\n<script>\r\n     (adsbygoogle = window.adsbygoogle || []).push({});\r\n<\/script>\n<\/div>\n<h2>O que \u00e9 a Zona Azul?<\/h2>\n<p>A Zona Azul \u00e9 um sistema rotativo de estacionamento pago que visa a organiza\u00e7\u00e3o e a gest\u00e3o do uso de vagas em \u00e1reas urbanas. Este sistema \u00e9 implementado em v\u00e1rias cidades do Brasil, e a proposta \u00e9 promover a rotatividade das vagas, facilitando o acesso de ve\u00edculos a regi\u00f5es com alta demanda, especialmente em \u00e1reas comerciais e tur\u00edsticas.<\/p>\n<p>Em Jo\u00e3o Pessoa, a Zona Azul ser\u00e1 instalada na orla, criando um novo modelo de estacionamento que promete melhorar a experi\u00eancia de moradores e turistas que frequentam as praias e outras \u00e1reas p\u00fablicas. O objetivo principal \u00e9 otimizar o uso das vagas dispon\u00edveis, evitando superfaturamento e garantindo que mais pessoas tenham acesso ao que a cidade tem a oferecer.<\/p>\n<h2>Funcionamento do sistema na orla<\/h2>\n<p>O funcionamento da Zona Azul na orla de Jo\u00e3o Pessoa se dar\u00e1 por meio de um sistema de rotatividade, o que significa que cada ve\u00edculo ter\u00e1 um tempo m\u00e1ximo de perman\u00eancia em uma vaga espec\u00edfica. Essa medida visa aumentar a disponibilidade de vagas para aqueles que desejam estacionar na \u00e1rea. De acordo com informa\u00e7\u00f5es da Superintend\u00eancia Executiva de Mobilidade Urbana de Jo\u00e3o Pessoa (Semob-JP), durante o m\u00eas de janeiro, a sinaliza\u00e7\u00e3o e a instala\u00e7\u00e3o das placas estar\u00e3o em andamento, sendo que a cobran\u00e7a efetiva come\u00e7ar\u00e1 em fevereiro.<\/p>\n<p><img decoding=\"async\" src=\"https:\/\/www.encontrajoaopessoa.com.br\/sobre\/wp-content\/uploads\/2026\/01\/zona-azul-na-orla-de-joao-pessoa-deve-comecar-a-funcionar-em-fevereiro.webp\" alt=\"Zona Azul Jo\u00e3o Pessoa\" loading=\"lazy\" \/><\/p>\n<p>Durante o per\u00edodo de instala\u00e7\u00e3o, a popula\u00e7\u00e3o ter\u00e1 a oportunidade de se adaptar ao novo sistema, que incluir\u00e1 orienta\u00e7\u00f5es sobre o funcionamento e utiliza\u00e7\u00e3o do estacionamento rotativo. Ser\u00e1 essencial que os motoristas entendam as regras para evitar multas e garantir a efic\u00e1cia do sistema na pr\u00e1tica.<\/p>\n<h2>Objetivos do novo sistema de estacionamento<\/h2>\n<p>Os principais objetivos da implementa\u00e7\u00e3o do sistema Zona Azul na orla de Jo\u00e3o Pessoa s\u00e3o:<\/p>\n<ul>\n<li><strong>Melhorar a rotatividade das vagas:<\/strong> Facilitar o acesso de mais ve\u00edculos \u00e0s \u00e1reas da orla, otimizando o uso das vagas dispon\u00edveis.<\/li>\n<li><strong>Proporcionar uma experi\u00eancia melhor para moradores e turistas:<\/strong> Ao garantir a disponibilidade de vagas, o sistema busca tornar a visita\u00e7\u00e3o \u00e0 orla mais agrad\u00e1vel.<\/li>\n<li><strong>Aumentar a fiscaliza\u00e7\u00e3o e a organiza\u00e7\u00e3o do estacionamento:<\/strong> Um sistema pago permite um melhor controle sobre o uso das vagas p\u00fablicas, reduzindo o problema de ve\u00edculos mal estacionados.<\/li>\n<li><strong>Contribuir para a mobilidade urbana:<\/strong> Com um estacionamento organizado, pretende-se melhorar o fluxo de ve\u00edculos na regi\u00e3o, reduzindo congestionamentos.<\/li>\n<\/ul>\n<h2>Per\u00edodo de adapta\u00e7\u00e3o e instala\u00e7\u00e3o<\/h2>\n<p>O m\u00eas de janeiro ser\u00e1 dedicado \u00e0 instala\u00e7\u00e3o das sinaliza\u00e7\u00f5es e placas que v\u00e3o informar os motoristas sobre as regras e funcionamento do sistema Zona Azul. Neste per\u00edodo, a cobran\u00e7a ainda n\u00e3o estar\u00e1 em vigor; portanto, o estacionamento na orla ser\u00e1 apenas orientativo. Essa fase educativa \u00e9 fundamental para que a popula\u00e7\u00e3o se familiarize com as novas regras.<\/p>\n<p>A Semob-JP informou que at\u00e9 o dia 18 de janeiro, as placas devem estar todas instaladas, e a partir do dia 19, come\u00e7ar\u00e1 um intenso trabalho de conscientiza\u00e7\u00e3o e orienta\u00e7\u00e3o ao p\u00fablico. A ideia \u00e9 que todos estejam informados sobre como utilizar corretamente as vagas e as nuances do sistema de cobran\u00e7a que entra em vigor a partir de fevereiro.<\/p>\n<h2>Tempo m\u00e1ximo de perman\u00eancia nas vagas<\/h2>\n<p>Um dos diferenciais do sistema Zona Azul na orla de Jo\u00e3o Pessoa ser\u00e1 o tempo m\u00e1ximo de perman\u00eancia, que ser\u00e1 de at\u00e9 seis horas por vaga. Esse tempo foi estabelecido para otimizar o uso do espa\u00e7o, assegurando que tanto moradores quanto turistas possam aproveitar as \u00e1reas de lazer e as praias sem enfrentar muitas dificuldades para encontrar vagas.<\/p>\n<p>Essa decis\u00e3o tem como base o feedback de outras localidades onde o sistema foi implementado, onde a rotatividade maior nas vagas c\u00f3pia resultou em uma melhor experi\u00eancia para quem frequenta esses locais. Com essa nova regra, espera-se que os motoristas n\u00e3o precisem estacionar por longos per\u00edodos, garantindo uma maior circula\u00e7\u00e3o de ve\u00edculos.<\/p>\n<h2>Benef\u00edcios para a popula\u00e7\u00e3o local<\/h2>\n<p>A implementa\u00e7\u00e3o da Zona Azul traz uma s\u00e9rie de benef\u00edcios para a popula\u00e7\u00e3o de Jo\u00e3o Pessoa, incluindo:<\/p>\n<ul>\n<li><strong>Acesso facilitado \u00e0s \u00e1reas de lazer:<\/strong> Com a rotatividade das vagas, mais pessoas poder\u00e3o frequentar a orla e usufruir das praias e \u00e1reas p\u00fablicas.<\/li>\n<li><strong>Redu\u00e7\u00e3o do tempo de busca por vagas:<\/strong> Com um sistema organizado e fiscalizado, a busca por vagas deve se tornar mais r\u00e1pida e eficaz.<\/li>\n<li><strong>Aumento da seguran\u00e7a e conforto:<\/strong> Vagas bem sinalizadas e acompanhadas por um sistema de controle podem reduzir a confus\u00e3o e a inseguran\u00e7a que pode ocorrer em \u00e1reas muito movimentadas.<\/li>\n<li><strong>Valoriza\u00e7\u00e3o do espa\u00e7o p\u00fablico:<\/strong> O sistema de estacionamento pago pode gerar receita que pode ser revertida em melhorias para a infraestrutura da regi\u00e3o.<\/li>\n<\/ul>\n<h2>Como funciona a cobran\u00e7a na Zona Azul?<\/h2>\n<p>A cobran\u00e7a no sistema Zona Azul ser\u00e1 realizada de forma digital, facilitando o pagamento por parte dos motoristas. A Semob-JP dever\u00e1 disponibilizar op\u00e7\u00f5es de pagamento atrav\u00e9s de aplicativos, al\u00e9m de m\u00e9todos tradicionais, como tickets impressos que poder\u00e3o ser adquiridos em m\u00e1quinas espalhadas pela orla.<\/p>\n<p>Os motoristas que estacionarem nas vagas da Zona Azul dever\u00e3o registrar seu ve\u00edculo e efetuar o pagamento, garantindo que est\u00e3o dentro das normas de utiliza\u00e7\u00e3o do espa\u00e7o. Caso contr\u00e1rio, a fiscaliza\u00e7\u00e3o poder\u00e1 aplicar multas, que s\u00e3o uma das formas de manter a ordem e a organiza\u00e7\u00e3o na utiliza\u00e7\u00e3o das vagas.<\/p>\n<p>O valor a ser cobrado e a forma de pagamento dever\u00e3o ser** esclarecidos** durante o per\u00edodo de adapta\u00e7\u00e3o, e a popula\u00e7\u00e3o ser\u00e1 informada atrav\u00e9s de campanhas educativas para garantir ampla compreens\u00e3o do novo sistema.<\/p>\n<h2>Expectativas de moradores e turistas<\/h2>\n<p>As expectativas em rela\u00e7\u00e3o \u00e0 implementa\u00e7\u00e3o da Zona Azul na orla de Jo\u00e3o Pessoa s\u00e3o altas. Moradores e comerciantes, assim como turistas, est\u00e3o ansiosos para observar melhorias no acesso e na experi\u00eancia na \u00e1rea da orla. A ideia \u00e9 que, com a implementa\u00e7\u00e3o do sistema, todos os usu\u00e1rios do espa\u00e7o p\u00fablico possam desfrutar de um ambiente mais organizado e acolhedor.<\/p>\n<p>A redu\u00e7\u00e3o do estresse rotineiro enfrentado por motoristas na busca por vagas tamb\u00e9m ser\u00e1 um ponto positivo. A previs\u00e3o \u00e9 que o sistema, ao proporcionar um modelo mais organizado, consiga atender tanto as demandas di\u00e1rias dos moradores, quanto os visitantes que buscam aproveitar as belezas naturais e as atra\u00e7\u00f5es da cidade.<\/p>\n<h2>Impacto esperado na mobilidade urbana<\/h2>\n<p>O impacto esperado da Zona Azul na mobilidade urbana de Jo\u00e3o Pessoa deve ser significativo. Com a introdu\u00e7\u00e3o do sistema, espera-se uma melhora no fluxo de ve\u00edculos, resultando em menos congestionamentos nas principais vias adjacentes \u00e0 orla. Isso deve proporcionar n\u00e3o apenas um tr\u00e2nsito mais leve, mas tamb\u00e9m melhorar a qualidade de vida dos habitantes locais e a experi\u00eancia dos turistas.<\/p>\n<p>Al\u00e9m disso, o novo sistema poder\u00e1 servir como um modelo para futuras implementa\u00e7\u00f5es em outras \u00e1reas da cidade que tamb\u00e9m enfrentam problemas semelhantes relacionados ao uso do espa\u00e7o p\u00fablico e \u00e0 congest\u00e3o de tr\u00e1fego. A efici\u00eancia demonstrada na orla poder\u00e1, assim, ser replicada em outras regi\u00f5es, ajudando a consolidar Jo\u00e3o Pessoa como uma cidade mais acess\u00edvel e ordenada.<\/p>\n<h2>Pr\u00f3ximos passos ap\u00f3s a instala\u00e7\u00e3o<\/h2>\n<p>Ap\u00f3s a instala\u00e7\u00e3o e in\u00edcio do funcionamento do sistema Zona Azul, haver\u00e1 um per\u00edodo de monitoramento e avalia\u00e7\u00e3o das opera\u00e7\u00f5es. A Semob-JP dever\u00e1 acompanhar de perto a implementa\u00e7\u00e3o do sistema, coletando feedback para realizar ajustes que possam ser necess\u00e1rios para garantir que o modelo atenda \u00e0s necessidades da popula\u00e7\u00e3o.<\/p>\n<p>Al\u00e9m disso, campanhas educativas continuar\u00e3o sendo realizadas para manter a popula\u00e7\u00e3o informada sobre como utilizar o sistema corretament. Isso pode incluir atualiza\u00e7\u00f5es sobre novos processos, m\u00e9todos de pagamento e quaisquer altera\u00e7\u00f5es que possam ser feitas em resposta a feedback e necessidades observadas na opera\u00e7\u00e3o do sistema.<\/p>\n<p>Por fim, o sucesso da Zona Azul na orla de Jo\u00e3o Pessoa servir\u00e1 como uma base s\u00f3lida para poss\u00edveis expans\u00f5es desse modelo em outras \u00e1reas urbanas da cidade, contribuindo para uma mobilidade urbana mais sustent\u00e1vel e organizada.<\/p>\n\n<div style=\"font-size: 0px; height: 0px; line-height: 0px; margin: 0; padding: 0; clear: both;\"><\/div>","protected":false},"excerpt":{"rendered":"<p>Zona Azul come\u00e7a a operar em fevereiro; saiba tudo sobre o novo sistema!<\/p>\n","protected":false},"author":1,"featured_media":956,"comment_status":"closed","ping_status":"closed","sticky":false,"template":"","format":"standard","meta":{"footnotes":""},"categories":[1],"tags":[],"class_list":["post-957","post","type-post","status-publish","format-standard","has-post-thumbnail","hentry","category-noticias-em-joao-pessoa","has_thumb"],"yoast_head":"<!-- This site is optimized with the Yoast SEO plugin v26.4 - https:\/\/yoast.com\/wordpress\/plugins\/seo\/ -->\n<title>Zona Azul na orla de Jo\u00e3o Pessoa deve come\u00e7ar a funcionar em fevereiro - Encontra Jo\u00e3o Pessoa<\/title>\n<meta name=\"robots\" content=\"index, follow, max-snippet:-1, max-image-preview:large, max-video-preview:-1\" \/>\n<link rel=\"canonical\" href=\"https:\/\/www.encontrajoaopessoa.com.br\/sobre\/zona-azul-na-orla-de-joao-pessoa-deve-comecar-a-funcionar-em-fevereiro\/\" \/>\n<meta property=\"og:locale\" content=\"pt_BR\" \/>\n<meta property=\"og:type\" content=\"article\" \/>\n<meta property=\"og:title\" content=\"Zona Azul na orla de Jo\u00e3o Pessoa deve come\u00e7ar a funcionar em fevereiro - Encontra Jo\u00e3o Pessoa\" \/>\n<meta property=\"og:description\" content=\"Zona Azul come\u00e7a a operar em fevereiro; saiba tudo sobre o novo sistema!\" \/>\n<meta property=\"og:url\" content=\"https:\/\/www.encontrajoaopessoa.com.br\/sobre\/zona-azul-na-orla-de-joao-pessoa-deve-comecar-a-funcionar-em-fevereiro\/\" \/>\n<meta property=\"og:site_name\" content=\"Encontra Jo\u00e3o Pessoa\" \/>\n<meta property=\"article:published_time\" content=\"2026-01-07T12:55:31+00:00\" \/>\n<meta property=\"og:image\" content=\"https:\/\/www.encontrajoaopessoa.com.br\/sobre\/wp-content\/uploads\/2026\/01\/zona-azul-na-orla-de-joao-pessoa-deve-comecar-a-funcionar-em-fevereiro.webp\" \/>\n<meta name=\"author\" content=\"Encontra Jo\u00e3o Pessoa\" \/>\n<meta name=\"twitter:card\" content=\"summary_large_image\" \/>\n<meta name=\"twitter:label1\" content=\"Escrito por\" \/>\n\t<meta name=\"twitter:data1\" content=\"Encontra Jo\u00e3o Pessoa\" \/>\n\t<meta name=\"twitter:label2\" content=\"Est. tempo de leitura\" \/>\n\t<meta name=\"twitter:data2\" content=\"7 minutos\" \/>\n<script type=\"application\/ld+json\" class=\"yoast-schema-graph\">{\"@context\":\"https:\/\/schema.org\",\"@graph\":[{\"@type\":\"WebPage\",\"@id\":\"https:\/\/www.encontrajoaopessoa.com.br\/sobre\/zona-azul-na-orla-de-joao-pessoa-deve-comecar-a-funcionar-em-fevereiro\/\",\"url\":\"https:\/\/www.encontrajoaopessoa.com.br\/sobre\/zona-azul-na-orla-de-joao-pessoa-deve-comecar-a-funcionar-em-fevereiro\/\",\"name\":\"Zona Azul na orla de Jo\u00e3o Pessoa deve come\u00e7ar a funcionar em fevereiro - Encontra Jo\u00e3o Pessoa\",\"isPartOf\":{\"@id\":\"https:\/\/www.encontrajoaopessoa.com.br\/sobre\/#website\"},\"primaryImageOfPage\":{\"@id\":\"https:\/\/www.encontrajoaopessoa.com.br\/sobre\/zona-azul-na-orla-de-joao-pessoa-deve-comecar-a-funcionar-em-fevereiro\/#primaryimage\"},\"image\":{\"@id\":\"https:\/\/www.encontrajoaopessoa.com.br\/sobre\/zona-azul-na-orla-de-joao-pessoa-deve-comecar-a-funcionar-em-fevereiro\/#primaryimage\"},\"thumbnailUrl\":\"https:\/\/www.encontrajoaopessoa.com.br\/sobre\/wp-content\/uploads\/2026\/01\/zona-azul-na-orla-de-joao-pessoa-deve-comecar-a-funcionar-em-fevereiro.webp\",\"datePublished\":\"2026-01-07T12:55:31+00:00\",\"author\":{\"@id\":\"https:\/\/www.encontrajoaopessoa.com.br\/sobre\/#\/schema\/person\/dcf4dbc803217a030dfb489f4a014aca\"},\"breadcrumb\":{\"@id\":\"https:\/\/www.encontrajoaopessoa.com.br\/sobre\/zona-azul-na-orla-de-joao-pessoa-deve-comecar-a-funcionar-em-fevereiro\/#breadcrumb\"},\"inLanguage\":\"pt-BR\",\"potentialAction\":[{\"@type\":\"ReadAction\",\"target\":[\"https:\/\/www.encontrajoaopessoa.com.br\/sobre\/zona-azul-na-orla-de-joao-pessoa-deve-comecar-a-funcionar-em-fevereiro\/\"]}]},{\"@type\":\"ImageObject\",\"inLanguage\":\"pt-BR\",\"@id\":\"https:\/\/www.encontrajoaopessoa.com.br\/sobre\/zona-azul-na-orla-de-joao-pessoa-deve-comecar-a-funcionar-em-fevereiro\/#primaryimage\",\"url\":\"https:\/\/www.encontrajoaopessoa.com.br\/sobre\/wp-content\/uploads\/2026\/01\/zona-azul-na-orla-de-joao-pessoa-deve-comecar-a-funcionar-em-fevereiro.webp\",\"contentUrl\":\"https:\/\/www.encontrajoaopessoa.com.br\/sobre\/wp-content\/uploads\/2026\/01\/zona-azul-na-orla-de-joao-pessoa-deve-comecar-a-funcionar-em-fevereiro.webp\",\"width\":320,\"height\":280,\"caption\":\"Zona Azul Jo\u00e3o Pessoa\"},{\"@type\":\"BreadcrumbList\",\"@id\":\"https:\/\/www.encontrajoaopessoa.com.br\/sobre\/zona-azul-na-orla-de-joao-pessoa-deve-comecar-a-funcionar-em-fevereiro\/#breadcrumb\",\"itemListElement\":[{\"@type\":\"ListItem\",\"position\":1,\"name\":\"In\u00edcio\",\"item\":\"https:\/\/www.encontrajoaopessoa.com.br\/sobre\/\"},{\"@type\":\"ListItem\",\"position\":2,\"name\":\"Zona Azul na orla de Jo\u00e3o Pessoa deve come\u00e7ar a funcionar em fevereiro\"}]},{\"@type\":\"WebSite\",\"@id\":\"https:\/\/www.encontrajoaopessoa.com.br\/sobre\/#website\",\"url\":\"https:\/\/www.encontrajoaopessoa.com.br\/sobre\/\",\"name\":\"Encontra Jo\u00e3o Pessoa\",\"description\":\"Not\u00edcias, eventos, informa\u00e7\u00f5es e dicas na cidade Jo\u00e3o Pessoa e regi\u00e3o.\",\"potentialAction\":[{\"@type\":\"SearchAction\",\"target\":{\"@type\":\"EntryPoint\",\"urlTemplate\":\"https:\/\/www.encontrajoaopessoa.com.br\/sobre\/?s={search_term_string}\"},\"query-input\":{\"@type\":\"PropertyValueSpecification\",\"valueRequired\":true,\"valueName\":\"search_term_string\"}}],\"inLanguage\":\"pt-BR\"},{\"@type\":\"Person\",\"@id\":\"https:\/\/www.encontrajoaopessoa.com.br\/sobre\/#\/schema\/person\/dcf4dbc803217a030dfb489f4a014aca\",\"name\":\"Encontra Jo\u00e3o Pessoa\",\"image\":{\"@type\":\"ImageObject\",\"inLanguage\":\"pt-BR\",\"@id\":\"https:\/\/www.encontrajoaopessoa.com.br\/sobre\/#\/schema\/person\/image\/\",\"url\":\"https:\/\/secure.gravatar.com\/avatar\/507340682b8270222e1f208e23198b6ae7e2c6a1033ae84e99bc6bce4f82a387?s=96&d=mm&r=g\",\"contentUrl\":\"https:\/\/secure.gravatar.com\/avatar\/507340682b8270222e1f208e23198b6ae7e2c6a1033ae84e99bc6bce4f82a387?s=96&d=mm&r=g\",\"caption\":\"Encontra Jo\u00e3o Pessoa\"},\"url\":\"https:\/\/www.encontrajoaopessoa.com.br\/sobre\/author\/ejoaopessoa\/\"}]}<\/script>\n<!-- \/ Yoast SEO plugin. -->","yoast_head_json":{"title":"Zona Azul na orla de Jo\u00e3o Pessoa deve come\u00e7ar a funcionar em fevereiro - Encontra Jo\u00e3o Pessoa","robots":{"index":"index","follow":"follow","max-snippet":"max-snippet:-1","max-image-preview":"max-image-preview:large","max-video-preview":"max-video-preview:-1"},"canonical":"https:\/\/www.encontrajoaopessoa.com.br\/sobre\/zona-azul-na-orla-de-joao-pessoa-deve-comecar-a-funcionar-em-fevereiro\/","og_locale":"pt_BR","og_type":"article","og_title":"Zona Azul na orla de Jo\u00e3o Pessoa deve come\u00e7ar a funcionar em fevereiro - Encontra Jo\u00e3o Pessoa","og_description":"Zona Azul come\u00e7a a operar em fevereiro; saiba tudo sobre o novo sistema!","og_url":"https:\/\/www.encontrajoaopessoa.com.br\/sobre\/zona-azul-na-orla-de-joao-pessoa-deve-comecar-a-funcionar-em-fevereiro\/","og_site_name":"Encontra Jo\u00e3o Pessoa","article_published_time":"2026-01-07T12:55:31+00:00","og_image":[{"url":"https:\/\/www.encontrajoaopessoa.com.br\/sobre\/wp-content\/uploads\/2026\/01\/zona-azul-na-orla-de-joao-pessoa-deve-comecar-a-funcionar-em-fevereiro.webp","type":"","width":"","height":""}],"author":"Encontra Jo\u00e3o Pessoa","twitter_card":"summary_large_image","twitter_misc":{"Escrito por":"Encontra Jo\u00e3o Pessoa","Est. tempo de leitura":"7 minutos"},"schema":{"@context":"https:\/\/schema.org","@graph":[{"@type":"WebPage","@id":"https:\/\/www.encontrajoaopessoa.com.br\/sobre\/zona-azul-na-orla-de-joao-pessoa-deve-comecar-a-funcionar-em-fevereiro\/","url":"https:\/\/www.encontrajoaopessoa.com.br\/sobre\/zona-azul-na-orla-de-joao-pessoa-deve-comecar-a-funcionar-em-fevereiro\/","name":"Zona Azul na orla de Jo\u00e3o Pessoa deve come\u00e7ar a funcionar em fevereiro - Encontra Jo\u00e3o Pessoa","isPartOf":{"@id":"https:\/\/www.encontrajoaopessoa.com.br\/sobre\/#website"},"primaryImageOfPage":{"@id":"https:\/\/www.encontrajoaopessoa.com.br\/sobre\/zona-azul-na-orla-de-joao-pessoa-deve-comecar-a-funcionar-em-fevereiro\/#primaryimage"},"image":{"@id":"https:\/\/www.encontrajoaopessoa.com.br\/sobre\/zona-azul-na-orla-de-joao-pessoa-deve-comecar-a-funcionar-em-fevereiro\/#primaryimage"},"thumbnailUrl":"https:\/\/www.encontrajoaopessoa.com.br\/sobre\/wp-content\/uploads\/2026\/01\/zona-azul-na-orla-de-joao-pessoa-deve-comecar-a-funcionar-em-fevereiro.webp","datePublished":"2026-01-07T12:55:31+00:00","author":{"@id":"https:\/\/www.encontrajoaopessoa.com.br\/sobre\/#\/schema\/person\/dcf4dbc803217a030dfb489f4a014aca"},"breadcrumb":{"@id":"https:\/\/www.encontrajoaopessoa.com.br\/sobre\/zona-azul-na-orla-de-joao-pessoa-deve-comecar-a-funcionar-em-fevereiro\/#breadcrumb"},"inLanguage":"pt-BR","potentialAction":[{"@type":"ReadAction","target":["https:\/\/www.encontrajoaopessoa.com.br\/sobre\/zona-azul-na-orla-de-joao-pessoa-deve-comecar-a-funcionar-em-fevereiro\/"]}]},{"@type":"ImageObject","inLanguage":"pt-BR","@id":"https:\/\/www.encontrajoaopessoa.com.br\/sobre\/zona-azul-na-orla-de-joao-pessoa-deve-comecar-a-funcionar-em-fevereiro\/#primaryimage","url":"https:\/\/www.encontrajoaopessoa.com.br\/sobre\/wp-content\/uploads\/2026\/01\/zona-azul-na-orla-de-joao-pessoa-deve-comecar-a-funcionar-em-fevereiro.webp","contentUrl":"https:\/\/www.encontrajoaopessoa.com.br\/sobre\/wp-content\/uploads\/2026\/01\/zona-azul-na-orla-de-joao-pessoa-deve-comecar-a-funcionar-em-fevereiro.webp","width":320,"height":280,"caption":"Zona Azul Jo\u00e3o Pessoa"},{"@type":"BreadcrumbList","@id":"https:\/\/www.encontrajoaopessoa.com.br\/sobre\/zona-azul-na-orla-de-joao-pessoa-deve-comecar-a-funcionar-em-fevereiro\/#breadcrumb","itemListElement":[{"@type":"ListItem","position":1,"name":"In\u00edcio","item":"https:\/\/www.encontrajoaopessoa.com.br\/sobre\/"},{"@type":"ListItem","position":2,"name":"Zona Azul na orla de Jo\u00e3o Pessoa deve come\u00e7ar a funcionar em fevereiro"}]},{"@type":"WebSite","@id":"https:\/\/www.encontrajoaopessoa.com.br\/sobre\/#website","url":"https:\/\/www.encontrajoaopessoa.com.br\/sobre\/","name":"Encontra Jo\u00e3o Pessoa","description":"Not\u00edcias, eventos, informa\u00e7\u00f5es e dicas na cidade Jo\u00e3o Pessoa e regi\u00e3o.","potentialAction":[{"@type":"SearchAction","target":{"@type":"EntryPoint","urlTemplate":"https:\/\/www.encontrajoaopessoa.com.br\/sobre\/?s={search_term_string}"},"query-input":{"@type":"PropertyValueSpecification","valueRequired":true,"valueName":"search_term_string"}}],"inLanguage":"pt-BR"},{"@type":"Person","@id":"https:\/\/www.encontrajoaopessoa.com.br\/sobre\/#\/schema\/person\/dcf4dbc803217a030dfb489f4a014aca","name":"Encontra Jo\u00e3o Pessoa","image":{"@type":"ImageObject","inLanguage":"pt-BR","@id":"https:\/\/www.encontrajoaopessoa.com.br\/sobre\/#\/schema\/person\/image\/","url":"https:\/\/secure.gravatar.com\/avatar\/507340682b8270222e1f208e23198b6ae7e2c6a1033ae84e99bc6bce4f82a387?s=96&d=mm&r=g","contentUrl":"https:\/\/secure.gravatar.com\/avatar\/507340682b8270222e1f208e23198b6ae7e2c6a1033ae84e99bc6bce4f82a387?s=96&d=mm&r=g","caption":"Encontra Jo\u00e3o Pessoa"},"url":"https:\/\/www.encontrajoaopessoa.com.br\/sobre\/author\/ejoaopessoa\/"}]}},"_links":{"self":[{"href":"https:\/\/www.encontrajoaopessoa.com.br\/sobre\/wp-json\/wp\/v2\/posts\/957","targetHints":{"allow":["GET"]}}],"collection":[{"href":"https:\/\/www.encontrajoaopessoa.com.br\/sobre\/wp-json\/wp\/v2\/posts"}],"about":[{"href":"https:\/\/www.encontrajoaopessoa.com.br\/sobre\/wp-json\/wp\/v2\/types\/post"}],"author":[{"embeddable":true,"href":"https:\/\/www.encontrajoaopessoa.com.br\/sobre\/wp-json\/wp\/v2\/users\/1"}],"replies":[{"embeddable":true,"href":"https:\/\/www.encontrajoaopessoa.com.br\/sobre\/wp-json\/wp\/v2\/comments?post=957"}],"version-history":[{"count":0,"href":"https:\/\/www.encontrajoaopessoa.com.br\/sobre\/wp-json\/wp\/v2\/posts\/957\/revisions"}],"wp:featuredmedia":[{"embeddable":true,"href":"https:\/\/www.encontrajoaopessoa.com.br\/sobre\/wp-json\/wp\/v2\/media\/956"}],"wp:attachment":[{"href":"https:\/\/www.encontrajoaopessoa.com.br\/sobre\/wp-json\/wp\/v2\/media?parent=957"}],"wp:term":[{"taxonomy":"category","embeddable":true,"href":"https:\/\/www.encontrajoaopessoa.com.br\/sobre\/wp-json\/wp\/v2\/categories?post=957"},{"taxonomy":"post_tag","embeddable":true,"href":"https:\/\/www.encontrajoaopessoa.com.br\/sobre\/wp-json\/wp\/v2\/tags?post=957"}],"curies":[{"name":"wp","href":"https:\/\/api.w.org\/{rel}","templated":true}]}}