{"id":89,"date":"2013-02-11T00:01:00","date_gmt":"2013-02-11T02:01:00","guid":{"rendered":"http:\/\/www.encontrajoaopessoa.com.br\/noticias\/?p=89"},"modified":"2013-02-10T19:34:24","modified_gmt":"2013-02-10T21:34:24","slug":"praias-de-joao-pessoa-e-regiao-estao-improprias-para-banho","status":"publish","type":"post","link":"https:\/\/www.encontrajoaopessoa.com.br\/sobre\/praias-de-joao-pessoa-e-regiao-estao-improprias-para-banho\/","title":{"rendered":"Praias de Jo\u00e3o Pessoa e regi\u00e3o est\u00e3o impr\u00f3prias para banho"},"content":{"rendered":"<div class=\"866aa4a7c674253f40eaa20e0e3e928c\" data-index=\"1\" style=\"float: none; margin:0px;\">\n<!-- Anuncio display - global -->\r\n<ins class=\"adsbygoogle\"\r\n     style=\"display:block\"\r\n     data-ad-client=\"ca-pub-8585364105181520\"\r\n     data-ad-slot=\"8789329856\"\r\n     data-ad-format=\"auto\"\r\n     data-full-width-responsive=\"true\"><\/ins>\r\n<script>\r\n     (adsbygoogle = window.adsbygoogle || []).push({});\r\n<\/script>\n<\/div>\n<p>Durante per\u00edodo carnavalesco os banhistas da Para\u00edba ter\u00e3o que evitar tr\u00eas praias que est\u00e3o impr\u00f3prias para banho. As outras 53 praias que foram fiscalizadas para o relat\u00f3rio semanal de balneabilidade da Superintend\u00eancia de Administra\u00e7\u00e3o do Meio Ambiente (Sudema) est\u00e3o em boas condi\u00e7\u00f5es para serem aproveitadas.<\/p>\n<p>Os banhistas devem evitar a Praia do Jacar\u00e9, localizada no munic\u00edpio de\u00a0Cabedelo, na margem direita do estu\u00e1rio do Rio Para\u00edba. A Praia do Cabo Branco, localizada no munic\u00edpio de\u00a0Jo\u00e3o Pessoa, no final da Avenida Cabo branco, 100m a esquerda e a direita da desembocadura da <a title=\"Galerias de Arte em Jo\u00e3o Pessoa\" href=\"http:\/\/www.encontrajoaopessoa.com.br\/g\/galerias-de-arte-em-joao-pessoa.shtml\" target=\"_blank\">galeria<\/a> pluvial e a Praia de Macei\u00f3, localizada no munic\u00edpio de Pitimbu, 100 metros a esquerda e a direita da desembocadura do Riacho do Engenho Velho, tamb\u00e9m est\u00e3o impr\u00f3prias.<\/p>\n<p>A Sudema realiza monitoramento semanal nas praias localizadas no munic\u00edpio de Jo\u00e3o Pessoa, Lucena e\u00a0Pitimbu, localizadas nos centros urbanos com maior fluxo de banhistas. O monitoramento dos demais munic\u00edpios do litoral paraibano \u00e9 realizado mensalmente.<\/p>\n<p>O relat\u00f3rio ainda recomenda aos banhistas que evitem os trechos de praias localizados em \u00e1reas frontais a desembocaduras de galerias de \u00e1guas pluviais, principalmente se houver ind\u00edcio de escoamento recente.<\/p>\n<p><em>Fonte: G1<\/em><\/p>\n\n<div style=\"font-size: 0px; height: 0px; line-height: 0px; margin: 0; padding: 0; clear: both;\"><\/div>","protected":false},"excerpt":{"rendered":"<p>Durante per\u00edodo carnavalesco os banhistas da Para\u00edba ter\u00e3o que evitar tr\u00eas praias que est\u00e3o impr\u00f3prias para banho. As outras 53 praias que foram fiscalizadas para o relat\u00f3rio semanal de balneabilidade da Superintend\u00eancia de Administra\u00e7\u00e3o do Meio Ambiente (Sudema) est\u00e3o em boas condi\u00e7\u00f5es para serem aproveitadas. Os banhistas devem evitar a Praia do Jacar\u00e9, localizada no munic\u00edpio de\u00a0Cabedelo, na margem direita do estu\u00e1rio do Rio Para\u00edba. A Praia do Cabo Branco, localizada no munic\u00edpio de\u00a0Jo\u00e3o Pessoa, no final da Avenida Cabo branco, 100m a esquerda e a direita da desembocadura da galeria pluvial e a Praia de Macei\u00f3, localizada no munic\u00edpio <\/p>\n","protected":false},"author":1,"featured_media":0,"comment_status":"open","ping_status":"open","sticky":false,"template":"","format":"standard","meta":{"footnotes":""},"categories":[1,7],"tags":[11],"class_list":["post-89","post","type-post","status-publish","format-standard","hentry","category-noticias-em-joao-pessoa","category-servicos-em-joao-pessoa","tag-joao-pessoa"],"yoast_head":"<!-- This site is optimized with the Yoast SEO plugin v26.4 - https:\/\/yoast.com\/wordpress\/plugins\/seo\/ -->\n<title>Praias de Jo\u00e3o Pessoa e regi\u00e3o est\u00e3o impr\u00f3prias para banho - Encontra Jo\u00e3o Pessoa<\/title>\n<meta name=\"robots\" content=\"index, follow, max-snippet:-1, max-image-preview:large, max-video-preview:-1\" \/>\n<link rel=\"canonical\" href=\"https:\/\/www.encontrajoaopessoa.com.br\/sobre\/praias-de-joao-pessoa-e-regiao-estao-improprias-para-banho\/\" \/>\n<meta property=\"og:locale\" content=\"pt_BR\" \/>\n<meta property=\"og:type\" content=\"article\" \/>\n<meta property=\"og:title\" content=\"Praias de Jo\u00e3o Pessoa e regi\u00e3o est\u00e3o impr\u00f3prias para banho - Encontra Jo\u00e3o Pessoa\" \/>\n<meta property=\"og:description\" content=\"Durante per\u00edodo carnavalesco os banhistas da Para\u00edba ter\u00e3o que evitar tr\u00eas praias que est\u00e3o impr\u00f3prias para banho. As outras 53 praias que foram fiscalizadas para o relat\u00f3rio semanal de balneabilidade da Superintend\u00eancia de Administra\u00e7\u00e3o do Meio Ambiente (Sudema) est\u00e3o em boas condi\u00e7\u00f5es para serem aproveitadas. Os banhistas devem evitar a Praia do Jacar\u00e9, localizada no munic\u00edpio de\u00a0Cabedelo, na margem direita do estu\u00e1rio do Rio Para\u00edba. A Praia do Cabo Branco, localizada no munic\u00edpio de\u00a0Jo\u00e3o Pessoa, no final da Avenida Cabo branco, 100m a esquerda e a direita da desembocadura da galeria pluvial e a Praia de Macei\u00f3, localizada no munic\u00edpio\" \/>\n<meta property=\"og:url\" content=\"https:\/\/www.encontrajoaopessoa.com.br\/sobre\/praias-de-joao-pessoa-e-regiao-estao-improprias-para-banho\/\" \/>\n<meta property=\"og:site_name\" content=\"Encontra Jo\u00e3o Pessoa\" \/>\n<meta property=\"article:published_time\" content=\"2013-02-11T02:01:00+00:00\" \/>\n<meta name=\"author\" content=\"Encontra Jo\u00e3o Pessoa\" \/>\n<meta name=\"twitter:card\" content=\"summary_large_image\" \/>\n<meta name=\"twitter:label1\" content=\"Escrito por\" \/>\n\t<meta name=\"twitter:data1\" content=\"Encontra Jo\u00e3o Pessoa\" \/>\n\t<meta name=\"twitter:label2\" content=\"Est. tempo de leitura\" \/>\n\t<meta name=\"twitter:data2\" content=\"1 minuto\" \/>\n<script type=\"application\/ld+json\" class=\"yoast-schema-graph\">{\"@context\":\"https:\/\/schema.org\",\"@graph\":[{\"@type\":\"WebPage\",\"@id\":\"https:\/\/www.encontrajoaopessoa.com.br\/sobre\/praias-de-joao-pessoa-e-regiao-estao-improprias-para-banho\/\",\"url\":\"https:\/\/www.encontrajoaopessoa.com.br\/sobre\/praias-de-joao-pessoa-e-regiao-estao-improprias-para-banho\/\",\"name\":\"Praias de Jo\u00e3o Pessoa e regi\u00e3o est\u00e3o impr\u00f3prias para banho - Encontra Jo\u00e3o Pessoa\",\"isPartOf\":{\"@id\":\"https:\/\/www.encontrajoaopessoa.com.br\/sobre\/#website\"},\"datePublished\":\"2013-02-11T02:01:00+00:00\",\"author\":{\"@id\":\"https:\/\/www.encontrajoaopessoa.com.br\/sobre\/#\/schema\/person\/dcf4dbc803217a030dfb489f4a014aca\"},\"breadcrumb\":{\"@id\":\"https:\/\/www.encontrajoaopessoa.com.br\/sobre\/praias-de-joao-pessoa-e-regiao-estao-improprias-para-banho\/#breadcrumb\"},\"inLanguage\":\"pt-BR\",\"potentialAction\":[{\"@type\":\"ReadAction\",\"target\":[\"https:\/\/www.encontrajoaopessoa.com.br\/sobre\/praias-de-joao-pessoa-e-regiao-estao-improprias-para-banho\/\"]}]},{\"@type\":\"BreadcrumbList\",\"@id\":\"https:\/\/www.encontrajoaopessoa.com.br\/sobre\/praias-de-joao-pessoa-e-regiao-estao-improprias-para-banho\/#breadcrumb\",\"itemListElement\":[{\"@type\":\"ListItem\",\"position\":1,\"name\":\"In\u00edcio\",\"item\":\"https:\/\/www.encontrajoaopessoa.com.br\/sobre\/\"},{\"@type\":\"ListItem\",\"position\":2,\"name\":\"Praias de Jo\u00e3o Pessoa e regi\u00e3o est\u00e3o impr\u00f3prias para banho\"}]},{\"@type\":\"WebSite\",\"@id\":\"https:\/\/www.encontrajoaopessoa.com.br\/sobre\/#website\",\"url\":\"https:\/\/www.encontrajoaopessoa.com.br\/sobre\/\",\"name\":\"Encontra Jo\u00e3o Pessoa\",\"description\":\"Not\u00edcias, eventos, informa\u00e7\u00f5es e dicas na cidade Jo\u00e3o Pessoa e regi\u00e3o.\",\"potentialAction\":[{\"@type\":\"SearchAction\",\"target\":{\"@type\":\"EntryPoint\",\"urlTemplate\":\"https:\/\/www.encontrajoaopessoa.com.br\/sobre\/?s={search_term_string}\"},\"query-input\":{\"@type\":\"PropertyValueSpecification\",\"valueRequired\":true,\"valueName\":\"search_term_string\"}}],\"inLanguage\":\"pt-BR\"},{\"@type\":\"Person\",\"@id\":\"https:\/\/www.encontrajoaopessoa.com.br\/sobre\/#\/schema\/person\/dcf4dbc803217a030dfb489f4a014aca\",\"name\":\"Encontra Jo\u00e3o Pessoa\",\"image\":{\"@type\":\"ImageObject\",\"inLanguage\":\"pt-BR\",\"@id\":\"https:\/\/www.encontrajoaopessoa.com.br\/sobre\/#\/schema\/person\/image\/\",\"url\":\"https:\/\/secure.gravatar.com\/avatar\/507340682b8270222e1f208e23198b6ae7e2c6a1033ae84e99bc6bce4f82a387?s=96&d=mm&r=g\",\"contentUrl\":\"https:\/\/secure.gravatar.com\/avatar\/507340682b8270222e1f208e23198b6ae7e2c6a1033ae84e99bc6bce4f82a387?s=96&d=mm&r=g\",\"caption\":\"Encontra Jo\u00e3o Pessoa\"},\"url\":\"https:\/\/www.encontrajoaopessoa.com.br\/sobre\/author\/ejoaopessoa\/\"}]}<\/script>\n<!-- \/ Yoast SEO plugin. -->","yoast_head_json":{"title":"Praias de Jo\u00e3o Pessoa e regi\u00e3o est\u00e3o impr\u00f3prias para banho - Encontra Jo\u00e3o Pessoa","robots":{"index":"index","follow":"follow","max-snippet":"max-snippet:-1","max-image-preview":"max-image-preview:large","max-video-preview":"max-video-preview:-1"},"canonical":"https:\/\/www.encontrajoaopessoa.com.br\/sobre\/praias-de-joao-pessoa-e-regiao-estao-improprias-para-banho\/","og_locale":"pt_BR","og_type":"article","og_title":"Praias de Jo\u00e3o Pessoa e regi\u00e3o est\u00e3o impr\u00f3prias para banho - Encontra Jo\u00e3o Pessoa","og_description":"Durante per\u00edodo carnavalesco os banhistas da Para\u00edba ter\u00e3o que evitar tr\u00eas praias que est\u00e3o impr\u00f3prias para banho. As outras 53 praias que foram fiscalizadas para o relat\u00f3rio semanal de balneabilidade da Superintend\u00eancia de Administra\u00e7\u00e3o do Meio Ambiente (Sudema) est\u00e3o em boas condi\u00e7\u00f5es para serem aproveitadas. Os banhistas devem evitar a Praia do Jacar\u00e9, localizada no munic\u00edpio de\u00a0Cabedelo, na margem direita do estu\u00e1rio do Rio Para\u00edba. A Praia do Cabo Branco, localizada no munic\u00edpio de\u00a0Jo\u00e3o Pessoa, no final da Avenida Cabo branco, 100m a esquerda e a direita da desembocadura da galeria pluvial e a Praia de Macei\u00f3, localizada no munic\u00edpio","og_url":"https:\/\/www.encontrajoaopessoa.com.br\/sobre\/praias-de-joao-pessoa-e-regiao-estao-improprias-para-banho\/","og_site_name":"Encontra Jo\u00e3o Pessoa","article_published_time":"2013-02-11T02:01:00+00:00","author":"Encontra Jo\u00e3o Pessoa","twitter_card":"summary_large_image","twitter_misc":{"Escrito por":"Encontra Jo\u00e3o Pessoa","Est. tempo de leitura":"1 minuto"},"schema":{"@context":"https:\/\/schema.org","@graph":[{"@type":"WebPage","@id":"https:\/\/www.encontrajoaopessoa.com.br\/sobre\/praias-de-joao-pessoa-e-regiao-estao-improprias-para-banho\/","url":"https:\/\/www.encontrajoaopessoa.com.br\/sobre\/praias-de-joao-pessoa-e-regiao-estao-improprias-para-banho\/","name":"Praias de Jo\u00e3o Pessoa e regi\u00e3o est\u00e3o impr\u00f3prias para banho - Encontra Jo\u00e3o Pessoa","isPartOf":{"@id":"https:\/\/www.encontrajoaopessoa.com.br\/sobre\/#website"},"datePublished":"2013-02-11T02:01:00+00:00","author":{"@id":"https:\/\/www.encontrajoaopessoa.com.br\/sobre\/#\/schema\/person\/dcf4dbc803217a030dfb489f4a014aca"},"breadcrumb":{"@id":"https:\/\/www.encontrajoaopessoa.com.br\/sobre\/praias-de-joao-pessoa-e-regiao-estao-improprias-para-banho\/#breadcrumb"},"inLanguage":"pt-BR","potentialAction":[{"@type":"ReadAction","target":["https:\/\/www.encontrajoaopessoa.com.br\/sobre\/praias-de-joao-pessoa-e-regiao-estao-improprias-para-banho\/"]}]},{"@type":"BreadcrumbList","@id":"https:\/\/www.encontrajoaopessoa.com.br\/sobre\/praias-de-joao-pessoa-e-regiao-estao-improprias-para-banho\/#breadcrumb","itemListElement":[{"@type":"ListItem","position":1,"name":"In\u00edcio","item":"https:\/\/www.encontrajoaopessoa.com.br\/sobre\/"},{"@type":"ListItem","position":2,"name":"Praias de Jo\u00e3o Pessoa e regi\u00e3o est\u00e3o impr\u00f3prias para banho"}]},{"@type":"WebSite","@id":"https:\/\/www.encontrajoaopessoa.com.br\/sobre\/#website","url":"https:\/\/www.encontrajoaopessoa.com.br\/sobre\/","name":"Encontra Jo\u00e3o Pessoa","description":"Not\u00edcias, eventos, informa\u00e7\u00f5es e dicas na cidade Jo\u00e3o Pessoa e regi\u00e3o.","potentialAction":[{"@type":"SearchAction","target":{"@type":"EntryPoint","urlTemplate":"https:\/\/www.encontrajoaopessoa.com.br\/sobre\/?s={search_term_string}"},"query-input":{"@type":"PropertyValueSpecification","valueRequired":true,"valueName":"search_term_string"}}],"inLanguage":"pt-BR"},{"@type":"Person","@id":"https:\/\/www.encontrajoaopessoa.com.br\/sobre\/#\/schema\/person\/dcf4dbc803217a030dfb489f4a014aca","name":"Encontra Jo\u00e3o Pessoa","image":{"@type":"ImageObject","inLanguage":"pt-BR","@id":"https:\/\/www.encontrajoaopessoa.com.br\/sobre\/#\/schema\/person\/image\/","url":"https:\/\/secure.gravatar.com\/avatar\/507340682b8270222e1f208e23198b6ae7e2c6a1033ae84e99bc6bce4f82a387?s=96&d=mm&r=g","contentUrl":"https:\/\/secure.gravatar.com\/avatar\/507340682b8270222e1f208e23198b6ae7e2c6a1033ae84e99bc6bce4f82a387?s=96&d=mm&r=g","caption":"Encontra Jo\u00e3o Pessoa"},"url":"https:\/\/www.encontrajoaopessoa.com.br\/sobre\/author\/ejoaopessoa\/"}]}},"_links":{"self":[{"href":"https:\/\/www.encontrajoaopessoa.com.br\/sobre\/wp-json\/wp\/v2\/posts\/89","targetHints":{"allow":["GET"]}}],"collection":[{"href":"https:\/\/www.encontrajoaopessoa.com.br\/sobre\/wp-json\/wp\/v2\/posts"}],"about":[{"href":"https:\/\/www.encontrajoaopessoa.com.br\/sobre\/wp-json\/wp\/v2\/types\/post"}],"author":[{"embeddable":true,"href":"https:\/\/www.encontrajoaopessoa.com.br\/sobre\/wp-json\/wp\/v2\/users\/1"}],"replies":[{"embeddable":true,"href":"https:\/\/www.encontrajoaopessoa.com.br\/sobre\/wp-json\/wp\/v2\/comments?post=89"}],"version-history":[{"count":0,"href":"https:\/\/www.encontrajoaopessoa.com.br\/sobre\/wp-json\/wp\/v2\/posts\/89\/revisions"}],"wp:attachment":[{"href":"https:\/\/www.encontrajoaopessoa.com.br\/sobre\/wp-json\/wp\/v2\/media?parent=89"}],"wp:term":[{"taxonomy":"category","embeddable":true,"href":"https:\/\/www.encontrajoaopessoa.com.br\/sobre\/wp-json\/wp\/v2\/categories?post=89"},{"taxonomy":"post_tag","embeddable":true,"href":"https:\/\/www.encontrajoaopessoa.com.br\/sobre\/wp-json\/wp\/v2\/tags?post=89"}],"curies":[{"name":"wp","href":"https:\/\/api.w.org\/{rel}","templated":true}]}}