{"id":289,"date":"2013-06-11T00:01:51","date_gmt":"2013-06-11T03:01:51","guid":{"rendered":"http:\/\/www.encontrajoaopessoa.com.br\/noticias\/?p=289"},"modified":"2013-06-10T22:50:55","modified_gmt":"2013-06-11T01:50:55","slug":"custo-de-vida-subiu-120-por-cento-no-mes-de-maio-em-joao-pessoa-diz-ideme","status":"publish","type":"post","link":"https:\/\/www.encontrajoaopessoa.com.br\/sobre\/custo-de-vida-subiu-120-por-cento-no-mes-de-maio-em-joao-pessoa-diz-ideme\/","title":{"rendered":"Custo de vida subiu 1,20 por cento no m\u00eas de maio em Jo\u00e3o Pessoa, diz Ideme"},"content":{"rendered":"<div class=\"866aa4a7c674253f40eaa20e0e3e928c\" data-index=\"1\" style=\"float: none; margin:0px;\">\n<!-- Anuncio display - global -->\r\n<ins class=\"adsbygoogle\"\r\n     style=\"display:block\"\r\n     data-ad-client=\"ca-pub-8585364105181520\"\r\n     data-ad-slot=\"8789329856\"\r\n     data-ad-format=\"auto\"\r\n     data-full-width-responsive=\"true\"><\/ins>\r\n<script>\r\n     (adsbygoogle = window.adsbygoogle || []).push({});\r\n<\/script>\n<\/div>\n<p>O custo de vida na <a href=\"http:\/\/www.encontrajoaopessoa.com.br\" target=\"_blank\">cidade de\u00a0Jo\u00e3o Pessoa<\/a>\u00a0subiu 1,20% neste m\u00eas de maio em compara\u00e7\u00e3o ao m\u00eas de abril deste ano. O aumento do custo de vida \u00e9 determinado \u00cdndice de Pre\u00e7os do Consumidor (IPC) apontado por pesquisa do Instituto de Desenvolvimento Municipal e Estadual (Ideme). O custo de vida referente a maio foi divulgado nesta segunda-feira (10).<\/p>\n<p>Ainda de acordo com o Ideme, a varia\u00e7\u00e3o do custo aumentou em 11,76% nos \u00faltimos 12 meses e 6,71% at\u00e9 o m\u00eas passado em 2013. De acordo com os dados do Ideme, o grupo Alimenta\u00e7\u00e3o foi o que apresentou as maiores varia\u00e7\u00f5es, com aumento de 3,99%. Os itens com maior alta de pre\u00e7os foram: hortali\u00e7as e verduras (15,30%), frutas (11,21%), a\u00e7\u00facares e derivados (4,67%), sal e condimentos (3,08%), leite e derivados (2,04%) e panificados (1,33%). Os <a title=\"Produtos Naturais e Fitoter\u00e1picos em Jo\u00e3o Pessoa\" href=\"http:\/\/www.encontrajoaopessoa.com.br\/p\/produtos-naturais-e-fitoterapicos-em-joao-pessoa.shtml\" target=\"_blank\">produtos na cidade de Jo\u00e3o Pessoa<\/a> que sofreram redu\u00e7\u00e3o de pre\u00e7os m\u00e9dios foram: carnes frescas e v\u00edsceras (-2,25%), carnes e peixes industrializados (-2,22%), cereais (-2,07%) e tub\u00e9rculos e ra\u00edzes (-1,62%).<\/p>\n<p>Al\u00e9m de Alimenta\u00e7\u00e3o, os grupos Transporte e Comunica\u00e7\u00e3o; Sa\u00fade e Cuidados Pessoais, e Habita\u00e7\u00e3o tamb\u00e9m apresentaram aumentos de 1,54%, 1,23% e 0,57%, respectivamente, no m\u00eas de maio. Em contrapartida, o Ideme registrou queda nos pre\u00e7os m\u00e9dios nos grupos Vestu\u00e1rio (-0,78%), Servi\u00e7os Pessoais (-0,24%) e Artigos de Resid\u00eancia (-0,21%).<\/p>\n<p><em>Fonte: G1<\/em><\/p>\n\n<div style=\"font-size: 0px; height: 0px; line-height: 0px; margin: 0; padding: 0; clear: both;\"><\/div>","protected":false},"excerpt":{"rendered":"<p>O custo de vida na cidade de\u00a0Jo\u00e3o Pessoa\u00a0subiu 1,20% neste m\u00eas de maio em compara\u00e7\u00e3o ao m\u00eas de abril deste ano. O aumento do custo de vida \u00e9 determinado \u00cdndice de Pre\u00e7os do Consumidor (IPC) apontado por pesquisa do Instituto de Desenvolvimento Municipal e Estadual (Ideme). O custo de vida referente a maio foi divulgado nesta segunda-feira (10). Ainda de acordo com o Ideme, a varia\u00e7\u00e3o do custo aumentou em 11,76% nos \u00faltimos 12 meses e 6,71% at\u00e9 o m\u00eas passado em 2013. De acordo com os dados do Ideme, o grupo Alimenta\u00e7\u00e3o foi o que apresentou as maiores varia\u00e7\u00f5es, <\/p>\n","protected":false},"author":1,"featured_media":0,"comment_status":"open","ping_status":"open","sticky":false,"template":"","format":"standard","meta":{"footnotes":""},"categories":[1,7],"tags":[11],"class_list":["post-289","post","type-post","status-publish","format-standard","hentry","category-noticias-em-joao-pessoa","category-servicos-em-joao-pessoa","tag-joao-pessoa"],"yoast_head":"<!-- This site is optimized with the Yoast SEO plugin v26.4 - https:\/\/yoast.com\/wordpress\/plugins\/seo\/ -->\n<title>Custo de vida subiu 1,20 por cento no m\u00eas de maio em Jo\u00e3o Pessoa, diz Ideme - Encontra Jo\u00e3o Pessoa<\/title>\n<meta name=\"robots\" content=\"index, follow, max-snippet:-1, max-image-preview:large, max-video-preview:-1\" \/>\n<link rel=\"canonical\" href=\"https:\/\/www.encontrajoaopessoa.com.br\/sobre\/custo-de-vida-subiu-120-por-cento-no-mes-de-maio-em-joao-pessoa-diz-ideme\/\" \/>\n<meta property=\"og:locale\" content=\"pt_BR\" \/>\n<meta property=\"og:type\" content=\"article\" \/>\n<meta property=\"og:title\" content=\"Custo de vida subiu 1,20 por cento no m\u00eas de maio em Jo\u00e3o Pessoa, diz Ideme - Encontra Jo\u00e3o Pessoa\" \/>\n<meta property=\"og:description\" content=\"O custo de vida na cidade de\u00a0Jo\u00e3o Pessoa\u00a0subiu 1,20% neste m\u00eas de maio em compara\u00e7\u00e3o ao m\u00eas de abril deste ano. O aumento do custo de vida \u00e9 determinado \u00cdndice de Pre\u00e7os do Consumidor (IPC) apontado por pesquisa do Instituto de Desenvolvimento Municipal e Estadual (Ideme). O custo de vida referente a maio foi divulgado nesta segunda-feira (10). Ainda de acordo com o Ideme, a varia\u00e7\u00e3o do custo aumentou em 11,76% nos \u00faltimos 12 meses e 6,71% at\u00e9 o m\u00eas passado em 2013. De acordo com os dados do Ideme, o grupo Alimenta\u00e7\u00e3o foi o que apresentou as maiores varia\u00e7\u00f5es,\" \/>\n<meta property=\"og:url\" content=\"https:\/\/www.encontrajoaopessoa.com.br\/sobre\/custo-de-vida-subiu-120-por-cento-no-mes-de-maio-em-joao-pessoa-diz-ideme\/\" \/>\n<meta property=\"og:site_name\" content=\"Encontra Jo\u00e3o Pessoa\" \/>\n<meta property=\"article:published_time\" content=\"2013-06-11T03:01:51+00:00\" \/>\n<meta name=\"author\" content=\"Encontra Jo\u00e3o Pessoa\" \/>\n<meta name=\"twitter:card\" content=\"summary_large_image\" \/>\n<meta name=\"twitter:label1\" content=\"Escrito por\" \/>\n\t<meta name=\"twitter:data1\" content=\"Encontra Jo\u00e3o Pessoa\" \/>\n\t<meta name=\"twitter:label2\" content=\"Est. tempo de leitura\" \/>\n\t<meta name=\"twitter:data2\" content=\"1 minuto\" \/>\n<script type=\"application\/ld+json\" class=\"yoast-schema-graph\">{\"@context\":\"https:\/\/schema.org\",\"@graph\":[{\"@type\":\"WebPage\",\"@id\":\"https:\/\/www.encontrajoaopessoa.com.br\/sobre\/custo-de-vida-subiu-120-por-cento-no-mes-de-maio-em-joao-pessoa-diz-ideme\/\",\"url\":\"https:\/\/www.encontrajoaopessoa.com.br\/sobre\/custo-de-vida-subiu-120-por-cento-no-mes-de-maio-em-joao-pessoa-diz-ideme\/\",\"name\":\"Custo de vida subiu 1,20 por cento no m\u00eas de maio em Jo\u00e3o Pessoa, diz Ideme - Encontra Jo\u00e3o Pessoa\",\"isPartOf\":{\"@id\":\"https:\/\/www.encontrajoaopessoa.com.br\/sobre\/#website\"},\"datePublished\":\"2013-06-11T03:01:51+00:00\",\"author\":{\"@id\":\"https:\/\/www.encontrajoaopessoa.com.br\/sobre\/#\/schema\/person\/dcf4dbc803217a030dfb489f4a014aca\"},\"breadcrumb\":{\"@id\":\"https:\/\/www.encontrajoaopessoa.com.br\/sobre\/custo-de-vida-subiu-120-por-cento-no-mes-de-maio-em-joao-pessoa-diz-ideme\/#breadcrumb\"},\"inLanguage\":\"pt-BR\",\"potentialAction\":[{\"@type\":\"ReadAction\",\"target\":[\"https:\/\/www.encontrajoaopessoa.com.br\/sobre\/custo-de-vida-subiu-120-por-cento-no-mes-de-maio-em-joao-pessoa-diz-ideme\/\"]}]},{\"@type\":\"BreadcrumbList\",\"@id\":\"https:\/\/www.encontrajoaopessoa.com.br\/sobre\/custo-de-vida-subiu-120-por-cento-no-mes-de-maio-em-joao-pessoa-diz-ideme\/#breadcrumb\",\"itemListElement\":[{\"@type\":\"ListItem\",\"position\":1,\"name\":\"In\u00edcio\",\"item\":\"https:\/\/www.encontrajoaopessoa.com.br\/sobre\/\"},{\"@type\":\"ListItem\",\"position\":2,\"name\":\"Custo de vida subiu 1,20 por cento no m\u00eas de maio em Jo\u00e3o Pessoa, diz Ideme\"}]},{\"@type\":\"WebSite\",\"@id\":\"https:\/\/www.encontrajoaopessoa.com.br\/sobre\/#website\",\"url\":\"https:\/\/www.encontrajoaopessoa.com.br\/sobre\/\",\"name\":\"Encontra Jo\u00e3o Pessoa\",\"description\":\"Not\u00edcias, eventos, informa\u00e7\u00f5es e dicas na cidade Jo\u00e3o Pessoa e regi\u00e3o.\",\"potentialAction\":[{\"@type\":\"SearchAction\",\"target\":{\"@type\":\"EntryPoint\",\"urlTemplate\":\"https:\/\/www.encontrajoaopessoa.com.br\/sobre\/?s={search_term_string}\"},\"query-input\":{\"@type\":\"PropertyValueSpecification\",\"valueRequired\":true,\"valueName\":\"search_term_string\"}}],\"inLanguage\":\"pt-BR\"},{\"@type\":\"Person\",\"@id\":\"https:\/\/www.encontrajoaopessoa.com.br\/sobre\/#\/schema\/person\/dcf4dbc803217a030dfb489f4a014aca\",\"name\":\"Encontra Jo\u00e3o Pessoa\",\"image\":{\"@type\":\"ImageObject\",\"inLanguage\":\"pt-BR\",\"@id\":\"https:\/\/www.encontrajoaopessoa.com.br\/sobre\/#\/schema\/person\/image\/\",\"url\":\"https:\/\/secure.gravatar.com\/avatar\/507340682b8270222e1f208e23198b6ae7e2c6a1033ae84e99bc6bce4f82a387?s=96&d=mm&r=g\",\"contentUrl\":\"https:\/\/secure.gravatar.com\/avatar\/507340682b8270222e1f208e23198b6ae7e2c6a1033ae84e99bc6bce4f82a387?s=96&d=mm&r=g\",\"caption\":\"Encontra Jo\u00e3o Pessoa\"},\"url\":\"https:\/\/www.encontrajoaopessoa.com.br\/sobre\/author\/ejoaopessoa\/\"}]}<\/script>\n<!-- \/ Yoast SEO plugin. -->","yoast_head_json":{"title":"Custo de vida subiu 1,20 por cento no m\u00eas de maio em Jo\u00e3o Pessoa, diz Ideme - Encontra Jo\u00e3o Pessoa","robots":{"index":"index","follow":"follow","max-snippet":"max-snippet:-1","max-image-preview":"max-image-preview:large","max-video-preview":"max-video-preview:-1"},"canonical":"https:\/\/www.encontrajoaopessoa.com.br\/sobre\/custo-de-vida-subiu-120-por-cento-no-mes-de-maio-em-joao-pessoa-diz-ideme\/","og_locale":"pt_BR","og_type":"article","og_title":"Custo de vida subiu 1,20 por cento no m\u00eas de maio em Jo\u00e3o Pessoa, diz Ideme - Encontra Jo\u00e3o Pessoa","og_description":"O custo de vida na cidade de\u00a0Jo\u00e3o Pessoa\u00a0subiu 1,20% neste m\u00eas de maio em compara\u00e7\u00e3o ao m\u00eas de abril deste ano. O aumento do custo de vida \u00e9 determinado \u00cdndice de Pre\u00e7os do Consumidor (IPC) apontado por pesquisa do Instituto de Desenvolvimento Municipal e Estadual (Ideme). O custo de vida referente a maio foi divulgado nesta segunda-feira (10). Ainda de acordo com o Ideme, a varia\u00e7\u00e3o do custo aumentou em 11,76% nos \u00faltimos 12 meses e 6,71% at\u00e9 o m\u00eas passado em 2013. De acordo com os dados do Ideme, o grupo Alimenta\u00e7\u00e3o foi o que apresentou as maiores varia\u00e7\u00f5es,","og_url":"https:\/\/www.encontrajoaopessoa.com.br\/sobre\/custo-de-vida-subiu-120-por-cento-no-mes-de-maio-em-joao-pessoa-diz-ideme\/","og_site_name":"Encontra Jo\u00e3o Pessoa","article_published_time":"2013-06-11T03:01:51+00:00","author":"Encontra Jo\u00e3o Pessoa","twitter_card":"summary_large_image","twitter_misc":{"Escrito por":"Encontra Jo\u00e3o Pessoa","Est. tempo de leitura":"1 minuto"},"schema":{"@context":"https:\/\/schema.org","@graph":[{"@type":"WebPage","@id":"https:\/\/www.encontrajoaopessoa.com.br\/sobre\/custo-de-vida-subiu-120-por-cento-no-mes-de-maio-em-joao-pessoa-diz-ideme\/","url":"https:\/\/www.encontrajoaopessoa.com.br\/sobre\/custo-de-vida-subiu-120-por-cento-no-mes-de-maio-em-joao-pessoa-diz-ideme\/","name":"Custo de vida subiu 1,20 por cento no m\u00eas de maio em Jo\u00e3o Pessoa, diz Ideme - Encontra Jo\u00e3o Pessoa","isPartOf":{"@id":"https:\/\/www.encontrajoaopessoa.com.br\/sobre\/#website"},"datePublished":"2013-06-11T03:01:51+00:00","author":{"@id":"https:\/\/www.encontrajoaopessoa.com.br\/sobre\/#\/schema\/person\/dcf4dbc803217a030dfb489f4a014aca"},"breadcrumb":{"@id":"https:\/\/www.encontrajoaopessoa.com.br\/sobre\/custo-de-vida-subiu-120-por-cento-no-mes-de-maio-em-joao-pessoa-diz-ideme\/#breadcrumb"},"inLanguage":"pt-BR","potentialAction":[{"@type":"ReadAction","target":["https:\/\/www.encontrajoaopessoa.com.br\/sobre\/custo-de-vida-subiu-120-por-cento-no-mes-de-maio-em-joao-pessoa-diz-ideme\/"]}]},{"@type":"BreadcrumbList","@id":"https:\/\/www.encontrajoaopessoa.com.br\/sobre\/custo-de-vida-subiu-120-por-cento-no-mes-de-maio-em-joao-pessoa-diz-ideme\/#breadcrumb","itemListElement":[{"@type":"ListItem","position":1,"name":"In\u00edcio","item":"https:\/\/www.encontrajoaopessoa.com.br\/sobre\/"},{"@type":"ListItem","position":2,"name":"Custo de vida subiu 1,20 por cento no m\u00eas de maio em Jo\u00e3o Pessoa, diz Ideme"}]},{"@type":"WebSite","@id":"https:\/\/www.encontrajoaopessoa.com.br\/sobre\/#website","url":"https:\/\/www.encontrajoaopessoa.com.br\/sobre\/","name":"Encontra Jo\u00e3o Pessoa","description":"Not\u00edcias, eventos, informa\u00e7\u00f5es e dicas na cidade Jo\u00e3o Pessoa e regi\u00e3o.","potentialAction":[{"@type":"SearchAction","target":{"@type":"EntryPoint","urlTemplate":"https:\/\/www.encontrajoaopessoa.com.br\/sobre\/?s={search_term_string}"},"query-input":{"@type":"PropertyValueSpecification","valueRequired":true,"valueName":"search_term_string"}}],"inLanguage":"pt-BR"},{"@type":"Person","@id":"https:\/\/www.encontrajoaopessoa.com.br\/sobre\/#\/schema\/person\/dcf4dbc803217a030dfb489f4a014aca","name":"Encontra Jo\u00e3o Pessoa","image":{"@type":"ImageObject","inLanguage":"pt-BR","@id":"https:\/\/www.encontrajoaopessoa.com.br\/sobre\/#\/schema\/person\/image\/","url":"https:\/\/secure.gravatar.com\/avatar\/507340682b8270222e1f208e23198b6ae7e2c6a1033ae84e99bc6bce4f82a387?s=96&d=mm&r=g","contentUrl":"https:\/\/secure.gravatar.com\/avatar\/507340682b8270222e1f208e23198b6ae7e2c6a1033ae84e99bc6bce4f82a387?s=96&d=mm&r=g","caption":"Encontra Jo\u00e3o Pessoa"},"url":"https:\/\/www.encontrajoaopessoa.com.br\/sobre\/author\/ejoaopessoa\/"}]}},"_links":{"self":[{"href":"https:\/\/www.encontrajoaopessoa.com.br\/sobre\/wp-json\/wp\/v2\/posts\/289","targetHints":{"allow":["GET"]}}],"collection":[{"href":"https:\/\/www.encontrajoaopessoa.com.br\/sobre\/wp-json\/wp\/v2\/posts"}],"about":[{"href":"https:\/\/www.encontrajoaopessoa.com.br\/sobre\/wp-json\/wp\/v2\/types\/post"}],"author":[{"embeddable":true,"href":"https:\/\/www.encontrajoaopessoa.com.br\/sobre\/wp-json\/wp\/v2\/users\/1"}],"replies":[{"embeddable":true,"href":"https:\/\/www.encontrajoaopessoa.com.br\/sobre\/wp-json\/wp\/v2\/comments?post=289"}],"version-history":[{"count":0,"href":"https:\/\/www.encontrajoaopessoa.com.br\/sobre\/wp-json\/wp\/v2\/posts\/289\/revisions"}],"wp:attachment":[{"href":"https:\/\/www.encontrajoaopessoa.com.br\/sobre\/wp-json\/wp\/v2\/media?parent=289"}],"wp:term":[{"taxonomy":"category","embeddable":true,"href":"https:\/\/www.encontrajoaopessoa.com.br\/sobre\/wp-json\/wp\/v2\/categories?post=289"},{"taxonomy":"post_tag","embeddable":true,"href":"https:\/\/www.encontrajoaopessoa.com.br\/sobre\/wp-json\/wp\/v2\/tags?post=289"}],"curies":[{"name":"wp","href":"https:\/\/api.w.org\/{rel}","templated":true}]}}