{"id":265,"date":"2013-05-23T00:01:57","date_gmt":"2013-05-23T03:01:57","guid":{"rendered":"http:\/\/www.encontrajoaopessoa.com.br\/noticias\/?p=265"},"modified":"2013-05-22T20:39:09","modified_gmt":"2013-05-22T23:39:09","slug":"prefeitura-de-joao-pessoa-inscreve-para-seis-cursos-do-pronatec","status":"publish","type":"post","link":"https:\/\/www.encontrajoaopessoa.com.br\/sobre\/prefeitura-de-joao-pessoa-inscreve-para-seis-cursos-do-pronatec\/","title":{"rendered":"Prefeitura de Jo\u00e3o Pessoa inscreve para seis cursos do Pronatec"},"content":{"rendered":"<div class=\"866aa4a7c674253f40eaa20e0e3e928c\" data-index=\"1\" style=\"float: none; margin:0px;\">\n<!-- Anuncio display - global -->\r\n<ins class=\"adsbygoogle\"\r\n     style=\"display:block\"\r\n     data-ad-client=\"ca-pub-8585364105181520\"\r\n     data-ad-slot=\"8789329856\"\r\n     data-ad-format=\"auto\"\r\n     data-full-width-responsive=\"true\"><\/ins>\r\n<script>\r\n     (adsbygoogle = window.adsbygoogle || []).push({});\r\n<\/script>\n<\/div>\n<p>As fam\u00edlias beneficiadas pelos programas Brasil Sem\u00a0Mis\u00e9ria\u00a0e do Bolsa Fam\u00edlia em <a href=\"http:\/\/www.encontrajoaopessoa.com.br\" target=\"_blank\">guia\u00a0Jo\u00e3o Pessoa<\/a>\u00a0podem se inscrever at\u00e9 o dia 2 de junho para seis cursos do Programa Nacional de Acesso ao Ensino T\u00e9cnico e Emprego (Pronatec). S\u00e3o 71 vagas destinadas exclusivamente para os titulares ou benefici\u00e1rios dos programas que estejam na faixa et\u00e1ria a partir de 16 anos.<\/p>\n<p>As pessoas interessadas devem se inscrever nos Centros de Refer\u00eancia da Cidadania (CRCs) e Centros de Refer\u00eancia da Assist\u00eancia Social (Cras) de Jo\u00e3o Pessoa, no hor\u00e1rio de 8h \u00e0s 12h e das 14h \u00e0s 17h. Os cursos ser\u00e3o iniciados em junho, atrav\u00e9s do Servi\u00e7o Nacional de Aprendizagem do Transporte (Senat).<\/p>\n<p>A diretora da Assist\u00eancia Social (DAS), Themis Gondim, informa que os <a title=\"Cursos Diversos em Jo\u00e3o Pessoa\" href=\"http:\/\/www.encontrajoaopessoa.com.br\/c\/cursos-diversos-em-joao-pessoa.shtml\" target=\"_blank\">cursos na cidade de Jo\u00e3o Pessoa<\/a> se destinam \u00e0 capacita\u00e7\u00e3o dos benefici\u00e1rios do Cadastro \u00danico, visando \u00e0 inser\u00e7\u00e3o deles no mercado de trabalho.<\/p>\n<p>Para fazer a inscri\u00e7\u00e3o \u00e9 necess\u00e1rio apresentar inscri\u00e7\u00e3o do N\u00famero de Informa\u00e7\u00e3o Social (NIS) da fam\u00edlia, c\u00f3pia de identidade (RG), CPF e comprovante de resid\u00eancia. Informa\u00e7\u00f5es na Diretoria de Assist\u00eancia Social (DAS) pelo telefone 3218-9253. Os endere\u00e7os dos CRAS e CRC, onde podem ser feitas as inscri\u00e7\u00f5es,\u00a0est\u00e3o dispon\u00edveis no site da Prefeitura Municipal de Jo\u00e3o Pessoa.<\/p>\n<p>Confira os cursos e a quantidade de vagas oferecidas<\/p>\n<p>&#8211; Auxiliar Administrativo: 22 vagas \/ Turno: Tarde\/ Ensino M\u00e9dio Incompleto);<br \/>\n&#8211; Auxiliar de Pessoa: 08 vagas \/ Turno: Manh\u00e3\/ Ensino M\u00e9dio Incompleto;<br \/>\n&#8211; Auxiliar de Recursos Humanos: 07 vagas \/ Turno: Tarde\/ Ensino M\u00e9dio Incompleto;<br \/>\n&#8211; Auxiliar Financeiro: 20 vagas \/ Turno: tarde\/ Ensino M\u00e9dio completo;<br \/>\n&#8211; Recepcionista: 06 vagas \/ Turno: Tarde\/ Ensino Fundamental Incompleto;<br \/>\n&#8211; Recepcionista em Meio de Hospedagem: 08 vagas \/ Turno: Manh\u00e3\/ Ensino M\u00e9dio Incompleto.<\/p>\n<p><em>Fonte: G1<\/em><\/p>\n\n<div style=\"font-size: 0px; height: 0px; line-height: 0px; margin: 0; padding: 0; clear: both;\"><\/div>","protected":false},"excerpt":{"rendered":"<p>As fam\u00edlias beneficiadas pelos programas Brasil Sem\u00a0Mis\u00e9ria\u00a0e do Bolsa Fam\u00edlia em guia\u00a0Jo\u00e3o Pessoa\u00a0podem se inscrever at\u00e9 o dia 2 de junho para seis cursos do Programa Nacional de Acesso ao Ensino T\u00e9cnico e Emprego (Pronatec). S\u00e3o 71 vagas destinadas exclusivamente para os titulares ou benefici\u00e1rios dos programas que estejam na faixa et\u00e1ria a partir de 16 anos. As pessoas interessadas devem se inscrever nos Centros de Refer\u00eancia da Cidadania (CRCs) e Centros de Refer\u00eancia da Assist\u00eancia Social (Cras) de Jo\u00e3o Pessoa, no hor\u00e1rio de 8h \u00e0s 12h e das 14h \u00e0s 17h. Os cursos ser\u00e3o iniciados em junho, atrav\u00e9s do <\/p>\n","protected":false},"author":1,"featured_media":0,"comment_status":"open","ping_status":"open","sticky":false,"template":"","format":"standard","meta":{"footnotes":""},"categories":[3,1,7],"tags":[11],"class_list":["post-265","post","type-post","status-publish","format-standard","hentry","category-cursos-em-joao-pessoa","category-noticias-em-joao-pessoa","category-servicos-em-joao-pessoa","tag-joao-pessoa"],"yoast_head":"<!-- This site is optimized with the Yoast SEO plugin v26.4 - https:\/\/yoast.com\/wordpress\/plugins\/seo\/ -->\n<title>Prefeitura de Jo\u00e3o Pessoa inscreve para seis cursos do Pronatec - Encontra Jo\u00e3o Pessoa<\/title>\n<meta name=\"robots\" content=\"index, follow, max-snippet:-1, max-image-preview:large, max-video-preview:-1\" \/>\n<link rel=\"canonical\" href=\"https:\/\/www.encontrajoaopessoa.com.br\/sobre\/prefeitura-de-joao-pessoa-inscreve-para-seis-cursos-do-pronatec\/\" \/>\n<meta property=\"og:locale\" content=\"pt_BR\" \/>\n<meta property=\"og:type\" content=\"article\" \/>\n<meta property=\"og:title\" content=\"Prefeitura de Jo\u00e3o Pessoa inscreve para seis cursos do Pronatec - Encontra Jo\u00e3o Pessoa\" \/>\n<meta property=\"og:description\" content=\"As fam\u00edlias beneficiadas pelos programas Brasil Sem\u00a0Mis\u00e9ria\u00a0e do Bolsa Fam\u00edlia em guia\u00a0Jo\u00e3o Pessoa\u00a0podem se inscrever at\u00e9 o dia 2 de junho para seis cursos do Programa Nacional de Acesso ao Ensino T\u00e9cnico e Emprego (Pronatec). S\u00e3o 71 vagas destinadas exclusivamente para os titulares ou benefici\u00e1rios dos programas que estejam na faixa et\u00e1ria a partir de 16 anos. As pessoas interessadas devem se inscrever nos Centros de Refer\u00eancia da Cidadania (CRCs) e Centros de Refer\u00eancia da Assist\u00eancia Social (Cras) de Jo\u00e3o Pessoa, no hor\u00e1rio de 8h \u00e0s 12h e das 14h \u00e0s 17h. Os cursos ser\u00e3o iniciados em junho, atrav\u00e9s do\" \/>\n<meta property=\"og:url\" content=\"https:\/\/www.encontrajoaopessoa.com.br\/sobre\/prefeitura-de-joao-pessoa-inscreve-para-seis-cursos-do-pronatec\/\" \/>\n<meta property=\"og:site_name\" content=\"Encontra Jo\u00e3o Pessoa\" \/>\n<meta property=\"article:published_time\" content=\"2013-05-23T03:01:57+00:00\" \/>\n<meta name=\"author\" content=\"Encontra Jo\u00e3o Pessoa\" \/>\n<meta name=\"twitter:card\" content=\"summary_large_image\" \/>\n<meta name=\"twitter:label1\" content=\"Escrito por\" \/>\n\t<meta name=\"twitter:data1\" content=\"Encontra Jo\u00e3o Pessoa\" \/>\n\t<meta name=\"twitter:label2\" content=\"Est. tempo de leitura\" \/>\n\t<meta name=\"twitter:data2\" content=\"2 minutos\" \/>\n<script type=\"application\/ld+json\" class=\"yoast-schema-graph\">{\"@context\":\"https:\/\/schema.org\",\"@graph\":[{\"@type\":\"WebPage\",\"@id\":\"https:\/\/www.encontrajoaopessoa.com.br\/sobre\/prefeitura-de-joao-pessoa-inscreve-para-seis-cursos-do-pronatec\/\",\"url\":\"https:\/\/www.encontrajoaopessoa.com.br\/sobre\/prefeitura-de-joao-pessoa-inscreve-para-seis-cursos-do-pronatec\/\",\"name\":\"Prefeitura de Jo\u00e3o Pessoa inscreve para seis cursos do Pronatec - Encontra Jo\u00e3o Pessoa\",\"isPartOf\":{\"@id\":\"https:\/\/www.encontrajoaopessoa.com.br\/sobre\/#website\"},\"datePublished\":\"2013-05-23T03:01:57+00:00\",\"author\":{\"@id\":\"https:\/\/www.encontrajoaopessoa.com.br\/sobre\/#\/schema\/person\/dcf4dbc803217a030dfb489f4a014aca\"},\"breadcrumb\":{\"@id\":\"https:\/\/www.encontrajoaopessoa.com.br\/sobre\/prefeitura-de-joao-pessoa-inscreve-para-seis-cursos-do-pronatec\/#breadcrumb\"},\"inLanguage\":\"pt-BR\",\"potentialAction\":[{\"@type\":\"ReadAction\",\"target\":[\"https:\/\/www.encontrajoaopessoa.com.br\/sobre\/prefeitura-de-joao-pessoa-inscreve-para-seis-cursos-do-pronatec\/\"]}]},{\"@type\":\"BreadcrumbList\",\"@id\":\"https:\/\/www.encontrajoaopessoa.com.br\/sobre\/prefeitura-de-joao-pessoa-inscreve-para-seis-cursos-do-pronatec\/#breadcrumb\",\"itemListElement\":[{\"@type\":\"ListItem\",\"position\":1,\"name\":\"In\u00edcio\",\"item\":\"https:\/\/www.encontrajoaopessoa.com.br\/sobre\/\"},{\"@type\":\"ListItem\",\"position\":2,\"name\":\"Prefeitura de Jo\u00e3o Pessoa inscreve para seis cursos do Pronatec\"}]},{\"@type\":\"WebSite\",\"@id\":\"https:\/\/www.encontrajoaopessoa.com.br\/sobre\/#website\",\"url\":\"https:\/\/www.encontrajoaopessoa.com.br\/sobre\/\",\"name\":\"Encontra Jo\u00e3o Pessoa\",\"description\":\"Not\u00edcias, eventos, informa\u00e7\u00f5es e dicas na cidade Jo\u00e3o Pessoa e regi\u00e3o.\",\"potentialAction\":[{\"@type\":\"SearchAction\",\"target\":{\"@type\":\"EntryPoint\",\"urlTemplate\":\"https:\/\/www.encontrajoaopessoa.com.br\/sobre\/?s={search_term_string}\"},\"query-input\":{\"@type\":\"PropertyValueSpecification\",\"valueRequired\":true,\"valueName\":\"search_term_string\"}}],\"inLanguage\":\"pt-BR\"},{\"@type\":\"Person\",\"@id\":\"https:\/\/www.encontrajoaopessoa.com.br\/sobre\/#\/schema\/person\/dcf4dbc803217a030dfb489f4a014aca\",\"name\":\"Encontra Jo\u00e3o Pessoa\",\"image\":{\"@type\":\"ImageObject\",\"inLanguage\":\"pt-BR\",\"@id\":\"https:\/\/www.encontrajoaopessoa.com.br\/sobre\/#\/schema\/person\/image\/\",\"url\":\"https:\/\/secure.gravatar.com\/avatar\/507340682b8270222e1f208e23198b6ae7e2c6a1033ae84e99bc6bce4f82a387?s=96&d=mm&r=g\",\"contentUrl\":\"https:\/\/secure.gravatar.com\/avatar\/507340682b8270222e1f208e23198b6ae7e2c6a1033ae84e99bc6bce4f82a387?s=96&d=mm&r=g\",\"caption\":\"Encontra Jo\u00e3o Pessoa\"},\"url\":\"https:\/\/www.encontrajoaopessoa.com.br\/sobre\/author\/ejoaopessoa\/\"}]}<\/script>\n<!-- \/ Yoast SEO plugin. -->","yoast_head_json":{"title":"Prefeitura de Jo\u00e3o Pessoa inscreve para seis cursos do Pronatec - Encontra Jo\u00e3o Pessoa","robots":{"index":"index","follow":"follow","max-snippet":"max-snippet:-1","max-image-preview":"max-image-preview:large","max-video-preview":"max-video-preview:-1"},"canonical":"https:\/\/www.encontrajoaopessoa.com.br\/sobre\/prefeitura-de-joao-pessoa-inscreve-para-seis-cursos-do-pronatec\/","og_locale":"pt_BR","og_type":"article","og_title":"Prefeitura de Jo\u00e3o Pessoa inscreve para seis cursos do Pronatec - Encontra Jo\u00e3o Pessoa","og_description":"As fam\u00edlias beneficiadas pelos programas Brasil Sem\u00a0Mis\u00e9ria\u00a0e do Bolsa Fam\u00edlia em guia\u00a0Jo\u00e3o Pessoa\u00a0podem se inscrever at\u00e9 o dia 2 de junho para seis cursos do Programa Nacional de Acesso ao Ensino T\u00e9cnico e Emprego (Pronatec). S\u00e3o 71 vagas destinadas exclusivamente para os titulares ou benefici\u00e1rios dos programas que estejam na faixa et\u00e1ria a partir de 16 anos. As pessoas interessadas devem se inscrever nos Centros de Refer\u00eancia da Cidadania (CRCs) e Centros de Refer\u00eancia da Assist\u00eancia Social (Cras) de Jo\u00e3o Pessoa, no hor\u00e1rio de 8h \u00e0s 12h e das 14h \u00e0s 17h. Os cursos ser\u00e3o iniciados em junho, atrav\u00e9s do","og_url":"https:\/\/www.encontrajoaopessoa.com.br\/sobre\/prefeitura-de-joao-pessoa-inscreve-para-seis-cursos-do-pronatec\/","og_site_name":"Encontra Jo\u00e3o Pessoa","article_published_time":"2013-05-23T03:01:57+00:00","author":"Encontra Jo\u00e3o Pessoa","twitter_card":"summary_large_image","twitter_misc":{"Escrito por":"Encontra Jo\u00e3o Pessoa","Est. tempo de leitura":"2 minutos"},"schema":{"@context":"https:\/\/schema.org","@graph":[{"@type":"WebPage","@id":"https:\/\/www.encontrajoaopessoa.com.br\/sobre\/prefeitura-de-joao-pessoa-inscreve-para-seis-cursos-do-pronatec\/","url":"https:\/\/www.encontrajoaopessoa.com.br\/sobre\/prefeitura-de-joao-pessoa-inscreve-para-seis-cursos-do-pronatec\/","name":"Prefeitura de Jo\u00e3o Pessoa inscreve para seis cursos do Pronatec - Encontra Jo\u00e3o Pessoa","isPartOf":{"@id":"https:\/\/www.encontrajoaopessoa.com.br\/sobre\/#website"},"datePublished":"2013-05-23T03:01:57+00:00","author":{"@id":"https:\/\/www.encontrajoaopessoa.com.br\/sobre\/#\/schema\/person\/dcf4dbc803217a030dfb489f4a014aca"},"breadcrumb":{"@id":"https:\/\/www.encontrajoaopessoa.com.br\/sobre\/prefeitura-de-joao-pessoa-inscreve-para-seis-cursos-do-pronatec\/#breadcrumb"},"inLanguage":"pt-BR","potentialAction":[{"@type":"ReadAction","target":["https:\/\/www.encontrajoaopessoa.com.br\/sobre\/prefeitura-de-joao-pessoa-inscreve-para-seis-cursos-do-pronatec\/"]}]},{"@type":"BreadcrumbList","@id":"https:\/\/www.encontrajoaopessoa.com.br\/sobre\/prefeitura-de-joao-pessoa-inscreve-para-seis-cursos-do-pronatec\/#breadcrumb","itemListElement":[{"@type":"ListItem","position":1,"name":"In\u00edcio","item":"https:\/\/www.encontrajoaopessoa.com.br\/sobre\/"},{"@type":"ListItem","position":2,"name":"Prefeitura de Jo\u00e3o Pessoa inscreve para seis cursos do Pronatec"}]},{"@type":"WebSite","@id":"https:\/\/www.encontrajoaopessoa.com.br\/sobre\/#website","url":"https:\/\/www.encontrajoaopessoa.com.br\/sobre\/","name":"Encontra Jo\u00e3o Pessoa","description":"Not\u00edcias, eventos, informa\u00e7\u00f5es e dicas na cidade Jo\u00e3o Pessoa e regi\u00e3o.","potentialAction":[{"@type":"SearchAction","target":{"@type":"EntryPoint","urlTemplate":"https:\/\/www.encontrajoaopessoa.com.br\/sobre\/?s={search_term_string}"},"query-input":{"@type":"PropertyValueSpecification","valueRequired":true,"valueName":"search_term_string"}}],"inLanguage":"pt-BR"},{"@type":"Person","@id":"https:\/\/www.encontrajoaopessoa.com.br\/sobre\/#\/schema\/person\/dcf4dbc803217a030dfb489f4a014aca","name":"Encontra Jo\u00e3o Pessoa","image":{"@type":"ImageObject","inLanguage":"pt-BR","@id":"https:\/\/www.encontrajoaopessoa.com.br\/sobre\/#\/schema\/person\/image\/","url":"https:\/\/secure.gravatar.com\/avatar\/507340682b8270222e1f208e23198b6ae7e2c6a1033ae84e99bc6bce4f82a387?s=96&d=mm&r=g","contentUrl":"https:\/\/secure.gravatar.com\/avatar\/507340682b8270222e1f208e23198b6ae7e2c6a1033ae84e99bc6bce4f82a387?s=96&d=mm&r=g","caption":"Encontra Jo\u00e3o Pessoa"},"url":"https:\/\/www.encontrajoaopessoa.com.br\/sobre\/author\/ejoaopessoa\/"}]}},"_links":{"self":[{"href":"https:\/\/www.encontrajoaopessoa.com.br\/sobre\/wp-json\/wp\/v2\/posts\/265","targetHints":{"allow":["GET"]}}],"collection":[{"href":"https:\/\/www.encontrajoaopessoa.com.br\/sobre\/wp-json\/wp\/v2\/posts"}],"about":[{"href":"https:\/\/www.encontrajoaopessoa.com.br\/sobre\/wp-json\/wp\/v2\/types\/post"}],"author":[{"embeddable":true,"href":"https:\/\/www.encontrajoaopessoa.com.br\/sobre\/wp-json\/wp\/v2\/users\/1"}],"replies":[{"embeddable":true,"href":"https:\/\/www.encontrajoaopessoa.com.br\/sobre\/wp-json\/wp\/v2\/comments?post=265"}],"version-history":[{"count":0,"href":"https:\/\/www.encontrajoaopessoa.com.br\/sobre\/wp-json\/wp\/v2\/posts\/265\/revisions"}],"wp:attachment":[{"href":"https:\/\/www.encontrajoaopessoa.com.br\/sobre\/wp-json\/wp\/v2\/media?parent=265"}],"wp:term":[{"taxonomy":"category","embeddable":true,"href":"https:\/\/www.encontrajoaopessoa.com.br\/sobre\/wp-json\/wp\/v2\/categories?post=265"},{"taxonomy":"post_tag","embeddable":true,"href":"https:\/\/www.encontrajoaopessoa.com.br\/sobre\/wp-json\/wp\/v2\/tags?post=265"}],"curies":[{"name":"wp","href":"https:\/\/api.w.org\/{rel}","templated":true}]}}