{"id":2301,"date":"2026-09-04T01:39:56","date_gmt":"2026-09-04T04:39:56","guid":{"rendered":"https:\/\/www.encontrajoaopessoa.com.br\/sobre\/empresario-jose-carlos-da-silva-junior-e-homenageado-com-nome-de-viaduto-no-arco-metropolitano-de-joao-pessoa\/"},"modified":"2026-09-04T01:39:56","modified_gmt":"2026-09-04T04:39:56","slug":"empresario-jose-carlos-da-silva-junior-e-homenageado-com-nome-de-viaduto-no-arco-metropolitano-de-joao-pessoa","status":"publish","type":"post","link":"https:\/\/www.encontrajoaopessoa.com.br\/sobre\/empresario-jose-carlos-da-silva-junior-e-homenageado-com-nome-de-viaduto-no-arco-metropolitano-de-joao-pessoa\/","title":{"rendered":"Empres\u00e1rio Jos\u00e9 Carlos da Silva J\u00fanior \u00e9 homenageado com nome de viaduto no Arco Metropolitano de Jo\u00e3o Pessoa"},"content":{"rendered":"<div class=\"866aa4a7c674253f40eaa20e0e3e928c\" data-index=\"1\" style=\"float: none; margin:0px;\">\n<!-- Anuncio display - global -->\r\n<ins class=\"adsbygoogle\"\r\n     style=\"display:block\"\r\n     data-ad-client=\"ca-pub-8585364105181520\"\r\n     data-ad-slot=\"8789329856\"\r\n     data-ad-format=\"auto\"\r\n     data-full-width-responsive=\"true\"><\/ins>\r\n<script>\r\n     (adsbygoogle = window.adsbygoogle || []).push({});\r\n<\/script>\n<\/div>\n<h2>A Inaugura\u00e7\u00e3o do Viaduto<\/h2>\n<p>O Viaduto Jos\u00e9 Carlos da Silva J\u00fanior foi oficialmente inaugurado no Arco Metropolitano de Jo\u00e3o Pessoa, no dia 3 de setembro de 2026, em uma cerim\u00f4nia que contou com a presen\u00e7a de autoridades locais e familiares do homenageado. Este viaduto, que \u00e9 uma importante estrutura de transporte da regi\u00e3o, foi projetado para facilitar o tr\u00e1fego nas interse\u00e7\u00f5es entre a PB-016 e a BR-230, melhorando assim a mobilidade urbana e conectando diversas \u00e1reas da cidade. A cria\u00e7\u00e3o do viaduto \u00e9 uma homenagem ao legado deixado por Jos\u00e9 Carlos da Silva J\u00fanior, um renomado empres\u00e1rio e pol\u00edtico paraibano.<\/p>\n<h2>O Legado de Jos\u00e9 Carlos da Silva J\u00fanior<\/h2>\n<p>Jos\u00e9 Carlos da Silva J\u00fanior foi uma figura essencial para o desenvolvimento econ\u00f4mico da Para\u00edba. Ele fundou o Grupo S\u00e3o Braz, que se destacou na ind\u00fastria de alimentos e bebidas, e tamb\u00e9m a Rede Para\u00edba de Comunica\u00e7\u00e3o. Sua vis\u00e3o empreendedora e as inova\u00e7\u00f5es que trouxe para o setor aliment\u00edcio foram cruciais para gerar empregos e contribuir para a economia local. Al\u00e9m de seu trabalho no campo empresarial, Jos\u00e9 Carlos tamb\u00e9m teve uma not\u00e1vel trajet\u00f3ria na pol\u00edtica, ocupando cargos como vice-governador e senador, onde sempre lutou em prol do progresso e bem-estar dos paraibanos.<\/p>\n<h2>Impacto na Mobilidade Urbana<\/h2>\n<p>O novo viaduto promete impactar positivamente a mobilidade urbana, ao reduzir congestionamentos nas principais rodovias que cortam a cidade. Ele faz parte de um projeto maior de melhoria das infraestruturas rodovi\u00e1rias da regi\u00e3o metropolitana, que inclui tamb\u00e9m melhorias em pavimenta\u00e7\u00e3o, sinaliza\u00e7\u00e3o e seguran\u00e7a vi\u00e1ria. A expectativa \u00e9 que essa estrutura contribua para um tr\u00e2nsito mais fluido e seguro, beneficiando tanto motoristas quanto pedestres.<\/p>\n<p><img decoding=\"async\" src=\"https:\/\/www.encontrajoaopessoa.com.br\/sobre\/wp-content\/uploads\/2026\/09\/empresario-jose-carlos-da-silva-junior-e-homenageado-com-nome-de-viaduto-no-arco-metropolitano-de-jo.webp\" alt=\"viaduto jose carlos da silva junior\" loading=\"lazy\" \/><\/p>\n<h2>Hist\u00f3ria do Grupo S\u00e3o Braz<\/h2>\n<p>Fundado em 1952, o Grupo S\u00e3o Braz \u00e9 um marco na ind\u00fastria aliment\u00edcia brasileira, especialmente na produ\u00e7\u00e3o de caf\u00e9 e produtos derivados. Desde a sua cria\u00e7\u00e3o, a empresa cresceu exponencialmente, consolidando-se como uma das l\u00edderes do setor no Nordeste e nacionalmente. O sucesso do grupo pode ser atribu\u00eddo \u00e0 busca incessante pela qualidade e inova\u00e7\u00e3o, aspectos que sempre foram defendidos por seu fundador, Jos\u00e9 Carlos da Silva J\u00fanior.<\/p>\n<h2>Trajet\u00f3ria de Jos\u00e9 Carlos na Pol\u00edtica<\/h2>\n<p>Al\u00e9m de sua carreira empresarial, Jos\u00e9 Carlos da Silva J\u00fanior teve uma significativa participa\u00e7\u00e3o na pol\u00edtica paraibana. Durante seu mandato como vice-governador e senador, ele se destacou por suas iniciativas voltadas para a educa\u00e7\u00e3o, sa\u00fade e desenvolvimento social. Seu compromisso com a democracia e o bem-estar da popula\u00e7\u00e3o foram marcas registradas de sua carreira pol\u00edtica. Ele tamb\u00e9m era conhecido por seu empoderamento \u00e0 comunidade empreendedora, promovendo pol\u00edticas que facilitavam o desenvolvimento de pequenas e m\u00e9dias empresas.<\/p>\n<h2>Detalhes da Estrutura do Viaduto<\/h2>\n<p>O Viaduto Jos\u00e9 Carlos da Silva J\u00fanior foi projetado para atender a demanda crescente do tr\u00e1fego na regi\u00e3o, com uma estrutura inovadora que incorpora tecnologias de ponta. Com um comprimento total de 300 metros e uma largura de 16 metros, o viaduto foi constru\u00eddo para suportar um significativo volume de ve\u00edculos, garantindo a seguran\u00e7a de todos os usu\u00e1rios. Essa obra n\u00e3o apenas facilita a circula\u00e7\u00e3o nas estradas, mas tamb\u00e9m serve como um s\u00edmbolo da mem\u00f3ria de um homem que fez muito pela Para\u00edba.<\/p>\n<h2>Comemora\u00e7\u00f5es do Centen\u00e1rio<\/h2>\n<p>O ano de 2026 tamb\u00e9m marca o centen\u00e1rio de Jos\u00e9 Carlos da Silva J\u00fanior, e diversas comemora\u00e7\u00f5es est\u00e3o sendo realizadas em sua homenagem. Al\u00e9m da inaugura\u00e7\u00e3o do viaduto, eventos, palestras e exposi\u00e7\u00f5es est\u00e3o programados para celebrar sua vida e contribui\u00e7\u00f5es. Essas celebra\u00e7\u00f5es visam n\u00e3o apenas recordar sua trajet\u00f3ria, mas tamb\u00e9m inspirar futuras gera\u00e7\u00f5es a seguir seus passos no empreendedorismo e na pol\u00edtica.<\/p>\n<h2>A Aprova\u00e7\u00e3o da Lei<\/h2>\n<p>A denomina\u00e7\u00e3o do viaduto foi aprovada de forma un\u00e2nime pela Assembleia Legislativa da Para\u00edba, que reconheceu a import\u00e2ncia de Jos\u00e9 Carlos da Silva J\u00fanior para a hist\u00f3ria do estado. A lei que oficializa a homenagem foi sancionada pelo governador Lucas Ribeiro, e a import\u00e2ncia deste gesto \u00e9 um reconhecimento da comunidade em um momento de comemora\u00e7\u00e3o do centen\u00e1rio do empres\u00e1rio. Este tipo de iniciativa ressalta a relev\u00e2ncia de conectar pol\u00edticas p\u00fablicas e homenagem \u00e0 figuras que moldaram a hist\u00f3ria local.<\/p>\n<h2>Import\u00e2ncia Econ\u00f4mica da Homenagem<\/h2>\n<p>Homenagear personalidades como Jos\u00e9 Carlos da Silva J\u00fanior \u00e9 vital para a valoriza\u00e7\u00e3o da identidade cultural e econ\u00f4mica da Para\u00edba. O viaduto n\u00e3o representa apenas uma estrutura f\u00edsica, mas um novo caminho que conecta o legado empresarial e social do homenageado \u00e0s futuras gera\u00e7\u00f5es. Essa iniciativa tamb\u00e9m incentiva o empreendedorismo na regi\u00e3o, despertando o interesse de novos investidores e promovendo a prosperidade econ\u00f4mica.<\/p>\n<h2>Responsabilidade do DER-PB na Denomina\u00e7\u00e3o<\/h2>\n<p>O Departamento de Estradas de Rodagem da Para\u00edba (DER-PB) ser\u00e1 respons\u00e1vel pela confec\u00e7\u00e3o e instala\u00e7\u00e3o das placas que indicar\u00e3o o nome do viaduto. Esta tarefa n\u00e3o \u00e9 apenas administrativa, mas reveste-se de um car\u00e1ter simb\u00f3lico, pois a visibilidade do nome de Jos\u00e9 Carlos da Silva J\u00fanior nas estradas reitera sua influ\u00eancia e import\u00e2ncia na cultura e economia local. A integra\u00e7\u00e3o desses aspectos na sinaliza\u00e7\u00e3o p\u00fablica \u00e9 uma forma de manter viva a mem\u00f3ria de um grande l\u00edder regional.<\/p>\n\n<div style=\"font-size: 0px; height: 0px; line-height: 0px; margin: 0; padding: 0; clear: both;\"><\/div>","protected":false},"excerpt":{"rendered":"<p>Viaduto Jos\u00e9 Carlos da Silva J\u00fanior \u00e9 inaugurado em Jo\u00e3o Pessoa.<\/p>\n","protected":false},"author":1,"featured_media":2300,"comment_status":"closed","ping_status":"closed","sticky":false,"template":"","format":"standard","meta":{"footnotes":""},"categories":[1],"tags":[],"class_list":["post-2301","post","type-post","status-publish","format-standard","has-post-thumbnail","hentry","category-noticias-em-joao-pessoa","has_thumb"],"yoast_head":"<!-- This site is optimized with the Yoast SEO plugin v28.2 - https:\/\/yoast.com\/product\/yoast-seo-wordpress\/ -->\n<title>Empres\u00e1rio Jos\u00e9 Carlos da Silva J\u00fanior \u00e9 homenageado com nome de viaduto no Arco Metropolitano de Jo\u00e3o Pessoa - Encontra Jo\u00e3o Pessoa<\/title>\n<meta name=\"robots\" content=\"index, follow, max-snippet:-1, max-image-preview:large, max-video-preview:-1\" \/>\n<link rel=\"canonical\" href=\"https:\/\/www.encontrajoaopessoa.com.br\/sobre\/empresario-jose-carlos-da-silva-junior-e-homenageado-com-nome-de-viaduto-no-arco-metropolitano-de-joao-pessoa\/\" \/>\n<meta property=\"og:locale\" content=\"pt_BR\" \/>\n<meta property=\"og:type\" content=\"article\" \/>\n<meta property=\"og:title\" content=\"Empres\u00e1rio Jos\u00e9 Carlos da Silva J\u00fanior \u00e9 homenageado com nome de viaduto no Arco Metropolitano de Jo\u00e3o Pessoa - Encontra Jo\u00e3o Pessoa\" \/>\n<meta property=\"og:description\" content=\"Viaduto Jos\u00e9 Carlos da Silva J\u00fanior \u00e9 inaugurado em Jo\u00e3o Pessoa.\" \/>\n<meta property=\"og:url\" content=\"https:\/\/www.encontrajoaopessoa.com.br\/sobre\/empresario-jose-carlos-da-silva-junior-e-homenageado-com-nome-de-viaduto-no-arco-metropolitano-de-joao-pessoa\/\" \/>\n<meta property=\"og:site_name\" content=\"Encontra Jo\u00e3o Pessoa\" \/>\n<meta property=\"article:published_time\" content=\"2026-09-04T04:39:56+00:00\" \/>\n<meta property=\"og:image\" content=\"https:\/\/www.encontrajoaopessoa.com.br\/sobre\/wp-content\/uploads\/2026\/09\/empresario-jose-carlos-da-silva-junior-e-homenageado-com-nome-de-viaduto-no-arco-metropolitano-de-jo.webp\" \/>\n<meta name=\"author\" content=\"Encontra Jo\u00e3o Pessoa\" \/>\n<meta name=\"twitter:card\" content=\"summary_large_image\" \/>\n<meta name=\"twitter:label1\" content=\"Escrito por\" \/>\n\t<meta name=\"twitter:data1\" content=\"Encontra Jo\u00e3o Pessoa\" \/>\n\t<meta name=\"twitter:label2\" content=\"Est. tempo de leitura\" \/>\n\t<meta name=\"twitter:data2\" content=\"5 minutos\" \/>\n<script type=\"application\/ld+json\" class=\"yoast-schema-graph\">{\"@context\":\"https:\\\/\\\/schema.org\",\"@graph\":[{\"@type\":\"Article\",\"@id\":\"https:\\\/\\\/www.encontrajoaopessoa.com.br\\\/sobre\\\/empresario-jose-carlos-da-silva-junior-e-homenageado-com-nome-de-viaduto-no-arco-metropolitano-de-joao-pessoa\\\/#article\",\"isPartOf\":{\"@id\":\"https:\\\/\\\/www.encontrajoaopessoa.com.br\\\/sobre\\\/empresario-jose-carlos-da-silva-junior-e-homenageado-com-nome-de-viaduto-no-arco-metropolitano-de-joao-pessoa\\\/\"},\"author\":{\"name\":\"Encontra Jo\u00e3o Pessoa\",\"@id\":\"https:\\\/\\\/www.encontrajoaopessoa.com.br\\\/sobre\\\/#\\\/schema\\\/person\\\/dcf4dbc803217a030dfb489f4a014aca\"},\"headline\":\"Empres\u00e1rio Jos\u00e9 Carlos da Silva J\u00fanior \u00e9 homenageado com nome de viaduto no Arco Metropolitano de Jo\u00e3o Pessoa\",\"datePublished\":\"2026-09-04T04:39:56+00:00\",\"mainEntityOfPage\":{\"@id\":\"https:\\\/\\\/www.encontrajoaopessoa.com.br\\\/sobre\\\/empresario-jose-carlos-da-silva-junior-e-homenageado-com-nome-de-viaduto-no-arco-metropolitano-de-joao-pessoa\\\/\"},\"wordCount\":949,\"image\":{\"@id\":\"https:\\\/\\\/www.encontrajoaopessoa.com.br\\\/sobre\\\/empresario-jose-carlos-da-silva-junior-e-homenageado-com-nome-de-viaduto-no-arco-metropolitano-de-joao-pessoa\\\/#primaryimage\"},\"thumbnailUrl\":\"https:\\\/\\\/www.encontrajoaopessoa.com.br\\\/sobre\\\/wp-content\\\/uploads\\\/2026\\\/09\\\/empresario-jose-carlos-da-silva-junior-e-homenageado-com-nome-de-viaduto-no-arco-metropolitano-de-jo.webp\",\"articleSection\":[\"Not\u00edcias Jo\u00e3o Pessoa\"],\"inLanguage\":\"pt-BR\"},{\"@type\":\"WebPage\",\"@id\":\"https:\\\/\\\/www.encontrajoaopessoa.com.br\\\/sobre\\\/empresario-jose-carlos-da-silva-junior-e-homenageado-com-nome-de-viaduto-no-arco-metropolitano-de-joao-pessoa\\\/\",\"url\":\"https:\\\/\\\/www.encontrajoaopessoa.com.br\\\/sobre\\\/empresario-jose-carlos-da-silva-junior-e-homenageado-com-nome-de-viaduto-no-arco-metropolitano-de-joao-pessoa\\\/\",\"name\":\"Empres\u00e1rio Jos\u00e9 Carlos da Silva J\u00fanior \u00e9 homenageado com nome de viaduto no Arco Metropolitano de Jo\u00e3o Pessoa - Encontra Jo\u00e3o Pessoa\",\"isPartOf\":{\"@id\":\"https:\\\/\\\/www.encontrajoaopessoa.com.br\\\/sobre\\\/#website\"},\"primaryImageOfPage\":{\"@id\":\"https:\\\/\\\/www.encontrajoaopessoa.com.br\\\/sobre\\\/empresario-jose-carlos-da-silva-junior-e-homenageado-com-nome-de-viaduto-no-arco-metropolitano-de-joao-pessoa\\\/#primaryimage\"},\"image\":{\"@id\":\"https:\\\/\\\/www.encontrajoaopessoa.com.br\\\/sobre\\\/empresario-jose-carlos-da-silva-junior-e-homenageado-com-nome-de-viaduto-no-arco-metropolitano-de-joao-pessoa\\\/#primaryimage\"},\"thumbnailUrl\":\"https:\\\/\\\/www.encontrajoaopessoa.com.br\\\/sobre\\\/wp-content\\\/uploads\\\/2026\\\/09\\\/empresario-jose-carlos-da-silva-junior-e-homenageado-com-nome-de-viaduto-no-arco-metropolitano-de-jo.webp\",\"datePublished\":\"2026-09-04T04:39:56+00:00\",\"author\":{\"@id\":\"https:\\\/\\\/www.encontrajoaopessoa.com.br\\\/sobre\\\/#\\\/schema\\\/person\\\/dcf4dbc803217a030dfb489f4a014aca\"},\"breadcrumb\":{\"@id\":\"https:\\\/\\\/www.encontrajoaopessoa.com.br\\\/sobre\\\/empresario-jose-carlos-da-silva-junior-e-homenageado-com-nome-de-viaduto-no-arco-metropolitano-de-joao-pessoa\\\/#breadcrumb\"},\"inLanguage\":\"pt-BR\",\"potentialAction\":[{\"@type\":\"ReadAction\",\"target\":[\"https:\\\/\\\/www.encontrajoaopessoa.com.br\\\/sobre\\\/empresario-jose-carlos-da-silva-junior-e-homenageado-com-nome-de-viaduto-no-arco-metropolitano-de-joao-pessoa\\\/\"]}]},{\"@type\":\"ImageObject\",\"inLanguage\":\"pt-BR\",\"@id\":\"https:\\\/\\\/www.encontrajoaopessoa.com.br\\\/sobre\\\/empresario-jose-carlos-da-silva-junior-e-homenageado-com-nome-de-viaduto-no-arco-metropolitano-de-joao-pessoa\\\/#primaryimage\",\"url\":\"https:\\\/\\\/www.encontrajoaopessoa.com.br\\\/sobre\\\/wp-content\\\/uploads\\\/2026\\\/09\\\/empresario-jose-carlos-da-silva-junior-e-homenageado-com-nome-de-viaduto-no-arco-metropolitano-de-jo.webp\",\"contentUrl\":\"https:\\\/\\\/www.encontrajoaopessoa.com.br\\\/sobre\\\/wp-content\\\/uploads\\\/2026\\\/09\\\/empresario-jose-carlos-da-silva-junior-e-homenageado-com-nome-de-viaduto-no-arco-metropolitano-de-jo.webp\",\"width\":280,\"height\":280,\"caption\":\"viaduto jose carlos da silva junior\"},{\"@type\":\"BreadcrumbList\",\"@id\":\"https:\\\/\\\/www.encontrajoaopessoa.com.br\\\/sobre\\\/empresario-jose-carlos-da-silva-junior-e-homenageado-com-nome-de-viaduto-no-arco-metropolitano-de-joao-pessoa\\\/#breadcrumb\",\"itemListElement\":[{\"@type\":\"ListItem\",\"position\":1,\"name\":\"In\u00edcio\",\"item\":\"https:\\\/\\\/www.encontrajoaopessoa.com.br\\\/sobre\\\/\"},{\"@type\":\"ListItem\",\"position\":2,\"name\":\"Empres\u00e1rio Jos\u00e9 Carlos da Silva J\u00fanior \u00e9 homenageado com nome de viaduto no Arco Metropolitano de Jo\u00e3o Pessoa\"}]},{\"@type\":\"WebSite\",\"@id\":\"https:\\\/\\\/www.encontrajoaopessoa.com.br\\\/sobre\\\/#website\",\"url\":\"https:\\\/\\\/www.encontrajoaopessoa.com.br\\\/sobre\\\/\",\"name\":\"Encontra Jo\u00e3o Pessoa\",\"description\":\"Not\u00edcias, eventos, informa\u00e7\u00f5es e dicas na cidade Jo\u00e3o Pessoa e regi\u00e3o.\",\"potentialAction\":[{\"@type\":\"SearchAction\",\"target\":{\"@type\":\"EntryPoint\",\"urlTemplate\":\"https:\\\/\\\/www.encontrajoaopessoa.com.br\\\/sobre\\\/?s={search_term_string}\"},\"query-input\":{\"@type\":\"PropertyValueSpecification\",\"valueRequired\":true,\"valueName\":\"search_term_string\"}}],\"inLanguage\":\"pt-BR\"},{\"@type\":\"Person\",\"@id\":\"https:\\\/\\\/www.encontrajoaopessoa.com.br\\\/sobre\\\/#\\\/schema\\\/person\\\/dcf4dbc803217a030dfb489f4a014aca\",\"name\":\"Encontra Jo\u00e3o Pessoa\",\"image\":{\"@type\":\"ImageObject\",\"inLanguage\":\"pt-BR\",\"@id\":\"https:\\\/\\\/secure.gravatar.com\\\/avatar\\\/507340682b8270222e1f208e23198b6ae7e2c6a1033ae84e99bc6bce4f82a387?s=96&d=mm&r=g\",\"url\":\"https:\\\/\\\/secure.gravatar.com\\\/avatar\\\/507340682b8270222e1f208e23198b6ae7e2c6a1033ae84e99bc6bce4f82a387?s=96&d=mm&r=g\",\"contentUrl\":\"https:\\\/\\\/secure.gravatar.com\\\/avatar\\\/507340682b8270222e1f208e23198b6ae7e2c6a1033ae84e99bc6bce4f82a387?s=96&d=mm&r=g\",\"caption\":\"Encontra Jo\u00e3o Pessoa\"},\"url\":\"https:\\\/\\\/www.encontrajoaopessoa.com.br\\\/sobre\\\/author\\\/ejoaopessoa\\\/\"}]}<\/script>\n<!-- \/ Yoast SEO plugin. -->","yoast_head_json":{"title":"Empres\u00e1rio Jos\u00e9 Carlos da Silva J\u00fanior \u00e9 homenageado com nome de viaduto no Arco Metropolitano de Jo\u00e3o Pessoa - Encontra Jo\u00e3o Pessoa","robots":{"index":"index","follow":"follow","max-snippet":"max-snippet:-1","max-image-preview":"max-image-preview:large","max-video-preview":"max-video-preview:-1"},"canonical":"https:\/\/www.encontrajoaopessoa.com.br\/sobre\/empresario-jose-carlos-da-silva-junior-e-homenageado-com-nome-de-viaduto-no-arco-metropolitano-de-joao-pessoa\/","og_locale":"pt_BR","og_type":"article","og_title":"Empres\u00e1rio Jos\u00e9 Carlos da Silva J\u00fanior \u00e9 homenageado com nome de viaduto no Arco Metropolitano de Jo\u00e3o Pessoa - Encontra Jo\u00e3o Pessoa","og_description":"Viaduto Jos\u00e9 Carlos da Silva J\u00fanior \u00e9 inaugurado em Jo\u00e3o Pessoa.","og_url":"https:\/\/www.encontrajoaopessoa.com.br\/sobre\/empresario-jose-carlos-da-silva-junior-e-homenageado-com-nome-de-viaduto-no-arco-metropolitano-de-joao-pessoa\/","og_site_name":"Encontra Jo\u00e3o Pessoa","article_published_time":"2026-09-04T04:39:56+00:00","og_image":[{"url":"https:\/\/www.encontrajoaopessoa.com.br\/sobre\/wp-content\/uploads\/2026\/09\/empresario-jose-carlos-da-silva-junior-e-homenageado-com-nome-de-viaduto-no-arco-metropolitano-de-jo.webp","type":"","width":"","height":""}],"author":"Encontra Jo\u00e3o Pessoa","twitter_card":"summary_large_image","twitter_misc":{"Escrito por":"Encontra Jo\u00e3o Pessoa","Est. tempo de leitura":"5 minutos"},"schema":{"@context":"https:\/\/schema.org","@graph":[{"@type":"Article","@id":"https:\/\/www.encontrajoaopessoa.com.br\/sobre\/empresario-jose-carlos-da-silva-junior-e-homenageado-com-nome-de-viaduto-no-arco-metropolitano-de-joao-pessoa\/#article","isPartOf":{"@id":"https:\/\/www.encontrajoaopessoa.com.br\/sobre\/empresario-jose-carlos-da-silva-junior-e-homenageado-com-nome-de-viaduto-no-arco-metropolitano-de-joao-pessoa\/"},"author":{"name":"Encontra Jo\u00e3o Pessoa","@id":"https:\/\/www.encontrajoaopessoa.com.br\/sobre\/#\/schema\/person\/dcf4dbc803217a030dfb489f4a014aca"},"headline":"Empres\u00e1rio Jos\u00e9 Carlos da Silva J\u00fanior \u00e9 homenageado com nome de viaduto no Arco Metropolitano de Jo\u00e3o Pessoa","datePublished":"2026-09-04T04:39:56+00:00","mainEntityOfPage":{"@id":"https:\/\/www.encontrajoaopessoa.com.br\/sobre\/empresario-jose-carlos-da-silva-junior-e-homenageado-com-nome-de-viaduto-no-arco-metropolitano-de-joao-pessoa\/"},"wordCount":949,"image":{"@id":"https:\/\/www.encontrajoaopessoa.com.br\/sobre\/empresario-jose-carlos-da-silva-junior-e-homenageado-com-nome-de-viaduto-no-arco-metropolitano-de-joao-pessoa\/#primaryimage"},"thumbnailUrl":"https:\/\/www.encontrajoaopessoa.com.br\/sobre\/wp-content\/uploads\/2026\/09\/empresario-jose-carlos-da-silva-junior-e-homenageado-com-nome-de-viaduto-no-arco-metropolitano-de-jo.webp","articleSection":["Not\u00edcias Jo\u00e3o Pessoa"],"inLanguage":"pt-BR"},{"@type":"WebPage","@id":"https:\/\/www.encontrajoaopessoa.com.br\/sobre\/empresario-jose-carlos-da-silva-junior-e-homenageado-com-nome-de-viaduto-no-arco-metropolitano-de-joao-pessoa\/","url":"https:\/\/www.encontrajoaopessoa.com.br\/sobre\/empresario-jose-carlos-da-silva-junior-e-homenageado-com-nome-de-viaduto-no-arco-metropolitano-de-joao-pessoa\/","name":"Empres\u00e1rio Jos\u00e9 Carlos da Silva J\u00fanior \u00e9 homenageado com nome de viaduto no Arco Metropolitano de Jo\u00e3o Pessoa - Encontra Jo\u00e3o Pessoa","isPartOf":{"@id":"https:\/\/www.encontrajoaopessoa.com.br\/sobre\/#website"},"primaryImageOfPage":{"@id":"https:\/\/www.encontrajoaopessoa.com.br\/sobre\/empresario-jose-carlos-da-silva-junior-e-homenageado-com-nome-de-viaduto-no-arco-metropolitano-de-joao-pessoa\/#primaryimage"},"image":{"@id":"https:\/\/www.encontrajoaopessoa.com.br\/sobre\/empresario-jose-carlos-da-silva-junior-e-homenageado-com-nome-de-viaduto-no-arco-metropolitano-de-joao-pessoa\/#primaryimage"},"thumbnailUrl":"https:\/\/www.encontrajoaopessoa.com.br\/sobre\/wp-content\/uploads\/2026\/09\/empresario-jose-carlos-da-silva-junior-e-homenageado-com-nome-de-viaduto-no-arco-metropolitano-de-jo.webp","datePublished":"2026-09-04T04:39:56+00:00","author":{"@id":"https:\/\/www.encontrajoaopessoa.com.br\/sobre\/#\/schema\/person\/dcf4dbc803217a030dfb489f4a014aca"},"breadcrumb":{"@id":"https:\/\/www.encontrajoaopessoa.com.br\/sobre\/empresario-jose-carlos-da-silva-junior-e-homenageado-com-nome-de-viaduto-no-arco-metropolitano-de-joao-pessoa\/#breadcrumb"},"inLanguage":"pt-BR","potentialAction":[{"@type":"ReadAction","target":["https:\/\/www.encontrajoaopessoa.com.br\/sobre\/empresario-jose-carlos-da-silva-junior-e-homenageado-com-nome-de-viaduto-no-arco-metropolitano-de-joao-pessoa\/"]}]},{"@type":"ImageObject","inLanguage":"pt-BR","@id":"https:\/\/www.encontrajoaopessoa.com.br\/sobre\/empresario-jose-carlos-da-silva-junior-e-homenageado-com-nome-de-viaduto-no-arco-metropolitano-de-joao-pessoa\/#primaryimage","url":"https:\/\/www.encontrajoaopessoa.com.br\/sobre\/wp-content\/uploads\/2026\/09\/empresario-jose-carlos-da-silva-junior-e-homenageado-com-nome-de-viaduto-no-arco-metropolitano-de-jo.webp","contentUrl":"https:\/\/www.encontrajoaopessoa.com.br\/sobre\/wp-content\/uploads\/2026\/09\/empresario-jose-carlos-da-silva-junior-e-homenageado-com-nome-de-viaduto-no-arco-metropolitano-de-jo.webp","width":280,"height":280,"caption":"viaduto jose carlos da silva junior"},{"@type":"BreadcrumbList","@id":"https:\/\/www.encontrajoaopessoa.com.br\/sobre\/empresario-jose-carlos-da-silva-junior-e-homenageado-com-nome-de-viaduto-no-arco-metropolitano-de-joao-pessoa\/#breadcrumb","itemListElement":[{"@type":"ListItem","position":1,"name":"In\u00edcio","item":"https:\/\/www.encontrajoaopessoa.com.br\/sobre\/"},{"@type":"ListItem","position":2,"name":"Empres\u00e1rio Jos\u00e9 Carlos da Silva J\u00fanior \u00e9 homenageado com nome de viaduto no Arco Metropolitano de Jo\u00e3o Pessoa"}]},{"@type":"WebSite","@id":"https:\/\/www.encontrajoaopessoa.com.br\/sobre\/#website","url":"https:\/\/www.encontrajoaopessoa.com.br\/sobre\/","name":"Encontra Jo\u00e3o Pessoa","description":"Not\u00edcias, eventos, informa\u00e7\u00f5es e dicas na cidade Jo\u00e3o Pessoa e regi\u00e3o.","potentialAction":[{"@type":"SearchAction","target":{"@type":"EntryPoint","urlTemplate":"https:\/\/www.encontrajoaopessoa.com.br\/sobre\/?s={search_term_string}"},"query-input":{"@type":"PropertyValueSpecification","valueRequired":true,"valueName":"search_term_string"}}],"inLanguage":"pt-BR"},{"@type":"Person","@id":"https:\/\/www.encontrajoaopessoa.com.br\/sobre\/#\/schema\/person\/dcf4dbc803217a030dfb489f4a014aca","name":"Encontra Jo\u00e3o Pessoa","image":{"@type":"ImageObject","inLanguage":"pt-BR","@id":"https:\/\/secure.gravatar.com\/avatar\/507340682b8270222e1f208e23198b6ae7e2c6a1033ae84e99bc6bce4f82a387?s=96&d=mm&r=g","url":"https:\/\/secure.gravatar.com\/avatar\/507340682b8270222e1f208e23198b6ae7e2c6a1033ae84e99bc6bce4f82a387?s=96&d=mm&r=g","contentUrl":"https:\/\/secure.gravatar.com\/avatar\/507340682b8270222e1f208e23198b6ae7e2c6a1033ae84e99bc6bce4f82a387?s=96&d=mm&r=g","caption":"Encontra Jo\u00e3o Pessoa"},"url":"https:\/\/www.encontrajoaopessoa.com.br\/sobre\/author\/ejoaopessoa\/"}]}},"_links":{"self":[{"href":"https:\/\/www.encontrajoaopessoa.com.br\/sobre\/wp-json\/wp\/v2\/posts\/2301","targetHints":{"allow":["GET"]}}],"collection":[{"href":"https:\/\/www.encontrajoaopessoa.com.br\/sobre\/wp-json\/wp\/v2\/posts"}],"about":[{"href":"https:\/\/www.encontrajoaopessoa.com.br\/sobre\/wp-json\/wp\/v2\/types\/post"}],"author":[{"embeddable":true,"href":"https:\/\/www.encontrajoaopessoa.com.br\/sobre\/wp-json\/wp\/v2\/users\/1"}],"replies":[{"embeddable":true,"href":"https:\/\/www.encontrajoaopessoa.com.br\/sobre\/wp-json\/wp\/v2\/comments?post=2301"}],"version-history":[{"count":0,"href":"https:\/\/www.encontrajoaopessoa.com.br\/sobre\/wp-json\/wp\/v2\/posts\/2301\/revisions"}],"wp:featuredmedia":[{"embeddable":true,"href":"https:\/\/www.encontrajoaopessoa.com.br\/sobre\/wp-json\/wp\/v2\/media\/2300"}],"wp:attachment":[{"href":"https:\/\/www.encontrajoaopessoa.com.br\/sobre\/wp-json\/wp\/v2\/media?parent=2301"}],"wp:term":[{"taxonomy":"category","embeddable":true,"href":"https:\/\/www.encontrajoaopessoa.com.br\/sobre\/wp-json\/wp\/v2\/categories?post=2301"},{"taxonomy":"post_tag","embeddable":true,"href":"https:\/\/www.encontrajoaopessoa.com.br\/sobre\/wp-json\/wp\/v2\/tags?post=2301"}],"curies":[{"name":"wp","href":"https:\/\/api.w.org\/{rel}","templated":true}]}}