{"id":2299,"date":"2026-09-04T01:38:50","date_gmt":"2026-09-04T04:38:50","guid":{"rendered":"https:\/\/www.encontrajoaopessoa.com.br\/sobre\/expo-favela-paraiba-2026-comeca-nesta-sexta\/"},"modified":"2026-09-04T01:38:50","modified_gmt":"2026-09-04T04:38:50","slug":"expo-favela-paraiba-2026-comeca-nesta-sexta","status":"publish","type":"post","link":"https:\/\/www.encontrajoaopessoa.com.br\/sobre\/expo-favela-paraiba-2026-comeca-nesta-sexta\/","title":{"rendered":"Expo Favela Para\u00edba 2026 come\u00e7a nesta sexta"},"content":{"rendered":"<div class=\"866aa4a7c674253f40eaa20e0e3e928c\" data-index=\"1\" style=\"float: none; margin:0px;\">\n<!-- Anuncio display - global -->\r\n<ins class=\"adsbygoogle\"\r\n     style=\"display:block\"\r\n     data-ad-client=\"ca-pub-8585364105181520\"\r\n     data-ad-slot=\"8789329856\"\r\n     data-ad-format=\"auto\"\r\n     data-full-width-responsive=\"true\"><\/ins>\r\n<script>\r\n     (adsbygoogle = window.adsbygoogle || []).push({});\r\n<\/script>\n<\/div>\n<h2>Programa\u00e7\u00e3o Completa da Expo Favela Para\u00edba<\/h2>\n<p>A Expo Favela Para\u00edba 2026 ocorrer\u00e1 entre os dias 4 e 6 de setembro, em Jo\u00e3o Pessoa, na Usina Cultural Energisa, oferecendo entrada gratuita ao p\u00fablico. Este evento reunir\u00e1 uma vasta gama de atividades, que incluem shows, oficinas, palestras, pain\u00e9is de discuss\u00e3o e uma feira de neg\u00f3cios focada no fortalecimento do empreendedorismo nas comunidades perif\u00e9ricas.<\/p>\n<p>Com a presen\u00e7a de mais de 60 empreendedores, o festival \u00e9 uma vitrine para iniciativas locais e oferecer\u00e1 uma oportunidade \u00fanica de acesso a uma plataforma de divulga\u00e7\u00e3o e visibilidade para os participantes. A programa\u00e7\u00e3o diversificada promete engajar a comunidade e atrair um p\u00fablico variado.<\/p>\n<h2>Shows de Artistas Nacionais Confirmados<\/h2>\n<p>Entre os destaques musicais, grandes nomes do rap e hip hop nacional se apresentar\u00e3o. Artistas como GOG, Kmilla CDD e Edi Rock s\u00e3o alguns dos confirmados no palco. Essas performances s\u00e3o esperadas para atrair um grande p\u00fablico e proporcionar momentos memor\u00e1veis, refletindo a cultura urbana e a express\u00e3o art\u00edstica das periferias.<\/p>\n<p><img decoding=\"async\" src=\"https:\/\/www.encontrajoaopessoa.com.br\/sobre\/wp-content\/uploads\/2026\/09\/expo-favela-paraiba-2026-comeca-nesta-sexta.webp\" alt=\"Expo Favela Para\u00edba 2026\" loading=\"lazy\" \/><\/p>\n<p>Al\u00e9m desses artistas, outros talentos regionais tamb\u00e9m estar\u00e3o presentes, garantindo uma programa\u00e7\u00e3o rica e variada que promete agradar todas as faixas et\u00e1rias e gostos musicais.<\/p>\n<h2>Workshops e Palestras para Oportunidades<\/h2>\n<p>Durante o evento, os participantes ter\u00e3o a chance de se inscrever em workshops que visam o desenvolvimento de habilidades e a capacita\u00e7\u00e3o profissional. Um dos workshops abordar\u00e1 a gest\u00e3o de carreira voltada para artistas das comunidades, contribuindo para o crescimento de suas trajet\u00f3rias no cen\u00e1rio musical.<\/p>\n<p>Al\u00e9m disso, haver\u00e1 espa\u00e7o para o &#8220;Balc\u00e3o de Oportunidades&#8221;, que oferecer\u00e1 divulga\u00e7\u00e3o de iniciativas voltadas para a gera\u00e7\u00e3o de renda e trabalho em parceria com a Favela Seguros. Esses eventos destacam o compromisso da Expo em abrir portas para os empreendedores locais.<\/p>\n<h2>Oportunidades para Empreendedores da Periferia<\/h2>\n<p>Mais de 60 empreendedores de diversas \u00e1reas estar\u00e3o participando do evento, onde poder\u00e3o apresentar seus neg\u00f3cios e competir pelo pr\u00eamio TOP 20. Este pr\u00eamio \u00e9 uma valoriza\u00e7\u00e3o das iniciativas que emergem das favelas e periferias. Os empreendedores estar\u00e3o em estandes, oferecendo produtos e servi\u00e7os, ao mesmo tempo em que buscam conex\u00f5es e parcerias para expandir seus neg\u00f3cios.<\/p>\n<h2>Como Participar da Feira da Expo Favela<\/h2>\n<p>Para participar da Expo Favela Para\u00edba, basta comparecer ao local durante os dias do evento. A entrada \u00e9 totalmente gratuita, garantindo que todos tenham a oportunidade de desfrutar das diversas atividades que ser\u00e3o ofertadas. \u00c9 importante ficar atento \u00e0 programa\u00e7\u00e3o detalhada que ser\u00e1 disponibilizada no site do evento, para que os visitantes possam planejar suas visitas e aproveitar ao m\u00e1ximo a experi\u00eancia.<\/p>\n<h2>Expectativas para as Atra\u00e7\u00f5es do Evento<\/h2>\n<p>A expectativa em torno das atra\u00e7\u00f5es \u00e9 alta, tanto por parte dos organizadores quanto do p\u00fablico. A presen\u00e7a de artistas renomados e o enfoque em jovens empreendedores prometem tornar a Expo Favela um espa\u00e7o de celebra\u00e7\u00e3o e inspira\u00e7\u00e3o, refor\u00e7ando a import\u00e2ncia da cultura e do empreendedorismo nas periferias.<\/p>\n<h2>Impacto da Expo na Cultura Local<\/h2>\n<p>A Expo Favela Para\u00edba n\u00e3o \u00e9 apenas um evento; ela representa uma celebra\u00e7\u00e3o da cultura perif\u00e9rica, promovendo a visibilidade de talentos localizados, que muitas vezes n\u00e3o t\u00eam acesso a espa\u00e7os desse tipo. Isso traz um impacto significativo, estimulando o orgulho e a identidade cultural das comunidades envolvidas.<\/p>\n<h2>Promo\u00e7\u00e3o de Carreiras no Rap e Hip Hop<\/h2>\n<p>A presen\u00e7a de artistas como GOG e Edi Rock serve como um incentivo para jovens talentos da cena do rap e hip hop. Essa promo\u00e7\u00e3o de carreiras \u00e9 fundamental, uma vez que oferece exemplos de sucesso e caminhos que podem ser seguidos por novos artistas. O evento proporciona um momento \u00fanico para di\u00e1logo e aprendizado.<\/p>\n<h2>Detalhes sobre o Pr\u00eamio TOP 20<\/h2>\n<p>O pr\u00eamio TOP 20 \u00e9 uma iniciativa que visa reconhecer e valorizar os 20 empreendedores mais promissores da periferia. Os crit\u00e9rios de sele\u00e7\u00e3o incluem inova\u00e7\u00e3o, impacto social e potencial de crescimento dos neg\u00f3cios, destacando a import\u00e2ncia do empreendedorismo para o desenvolvimento econ\u00f4mico da comunidade.<\/p>\n<h2>Conectando a Comunidade e Empreendedores<\/h2>\n<p>A Expo Favela Para\u00edba 2026 se destaca n\u00e3o apenas por ser uma plataforma de entretenimento, mas tamb\u00e9m por seu papel como catalisador de mudan\u00e7as sociais e econ\u00f4micas. Atrav\u00e9s da conex\u00e3o entre empreendedores e a comunidade, o evento promove a cria\u00e7\u00e3o de uma rede de suporte m\u00fatuo, incentivando o crescimento conjunto e as parcerias locais.<\/p>\n\n<div style=\"font-size: 0px; height: 0px; line-height: 0px; margin: 0; padding: 0; clear: both;\"><\/div>","protected":false},"excerpt":{"rendered":"<p>Expo Favela Para\u00edba 2026 destaca shows e empreendedorismo da periferia!<\/p>\n","protected":false},"author":1,"featured_media":2298,"comment_status":"closed","ping_status":"closed","sticky":false,"template":"","format":"standard","meta":{"footnotes":""},"categories":[26],"tags":[],"class_list":["post-2299","post","type-post","status-publish","format-standard","has-post-thumbnail","hentry","category-cultura-em-joao-pessoa","has_thumb"],"yoast_head":"<!-- This site is optimized with the Yoast SEO plugin v28.2 - https:\/\/yoast.com\/product\/yoast-seo-wordpress\/ -->\n<title>Expo Favela Para\u00edba 2026 come\u00e7a nesta sexta - Encontra Jo\u00e3o Pessoa<\/title>\n<meta name=\"robots\" content=\"index, follow, max-snippet:-1, max-image-preview:large, max-video-preview:-1\" \/>\n<link rel=\"canonical\" href=\"https:\/\/www.encontrajoaopessoa.com.br\/sobre\/expo-favela-paraiba-2026-comeca-nesta-sexta\/\" \/>\n<meta property=\"og:locale\" content=\"pt_BR\" \/>\n<meta property=\"og:type\" content=\"article\" \/>\n<meta property=\"og:title\" content=\"Expo Favela Para\u00edba 2026 come\u00e7a nesta sexta - Encontra Jo\u00e3o Pessoa\" \/>\n<meta property=\"og:description\" content=\"Expo Favela Para\u00edba 2026 destaca shows e empreendedorismo da periferia!\" \/>\n<meta property=\"og:url\" content=\"https:\/\/www.encontrajoaopessoa.com.br\/sobre\/expo-favela-paraiba-2026-comeca-nesta-sexta\/\" \/>\n<meta property=\"og:site_name\" content=\"Encontra Jo\u00e3o Pessoa\" \/>\n<meta property=\"article:published_time\" content=\"2026-09-04T04:38:50+00:00\" \/>\n<meta property=\"og:image\" content=\"https:\/\/www.encontrajoaopessoa.com.br\/sobre\/wp-content\/uploads\/2026\/09\/expo-favela-paraiba-2026-comeca-nesta-sexta.webp\" \/>\n<meta name=\"author\" content=\"Encontra Jo\u00e3o Pessoa\" \/>\n<meta name=\"twitter:card\" content=\"summary_large_image\" \/>\n<meta name=\"twitter:label1\" content=\"Escrito por\" \/>\n\t<meta name=\"twitter:data1\" content=\"Encontra Jo\u00e3o Pessoa\" \/>\n\t<meta name=\"twitter:label2\" content=\"Est. tempo de leitura\" \/>\n\t<meta name=\"twitter:data2\" content=\"4 minutos\" \/>\n<script type=\"application\/ld+json\" class=\"yoast-schema-graph\">{\"@context\":\"https:\\\/\\\/schema.org\",\"@graph\":[{\"@type\":\"Article\",\"@id\":\"https:\\\/\\\/www.encontrajoaopessoa.com.br\\\/sobre\\\/expo-favela-paraiba-2026-comeca-nesta-sexta\\\/#article\",\"isPartOf\":{\"@id\":\"https:\\\/\\\/www.encontrajoaopessoa.com.br\\\/sobre\\\/expo-favela-paraiba-2026-comeca-nesta-sexta\\\/\"},\"author\":{\"name\":\"Encontra Jo\u00e3o Pessoa\",\"@id\":\"https:\\\/\\\/www.encontrajoaopessoa.com.br\\\/sobre\\\/#\\\/schema\\\/person\\\/dcf4dbc803217a030dfb489f4a014aca\"},\"headline\":\"Expo Favela Para\u00edba 2026 come\u00e7a nesta sexta\",\"datePublished\":\"2026-09-04T04:38:50+00:00\",\"mainEntityOfPage\":{\"@id\":\"https:\\\/\\\/www.encontrajoaopessoa.com.br\\\/sobre\\\/expo-favela-paraiba-2026-comeca-nesta-sexta\\\/\"},\"wordCount\":766,\"image\":{\"@id\":\"https:\\\/\\\/www.encontrajoaopessoa.com.br\\\/sobre\\\/expo-favela-paraiba-2026-comeca-nesta-sexta\\\/#primaryimage\"},\"thumbnailUrl\":\"https:\\\/\\\/www.encontrajoaopessoa.com.br\\\/sobre\\\/wp-content\\\/uploads\\\/2026\\\/09\\\/expo-favela-paraiba-2026-comeca-nesta-sexta.webp\",\"articleSection\":[\"Cultura Jo\u00e3o Pessoa\"],\"inLanguage\":\"pt-BR\"},{\"@type\":\"WebPage\",\"@id\":\"https:\\\/\\\/www.encontrajoaopessoa.com.br\\\/sobre\\\/expo-favela-paraiba-2026-comeca-nesta-sexta\\\/\",\"url\":\"https:\\\/\\\/www.encontrajoaopessoa.com.br\\\/sobre\\\/expo-favela-paraiba-2026-comeca-nesta-sexta\\\/\",\"name\":\"Expo Favela Para\u00edba 2026 come\u00e7a nesta sexta - Encontra Jo\u00e3o Pessoa\",\"isPartOf\":{\"@id\":\"https:\\\/\\\/www.encontrajoaopessoa.com.br\\\/sobre\\\/#website\"},\"primaryImageOfPage\":{\"@id\":\"https:\\\/\\\/www.encontrajoaopessoa.com.br\\\/sobre\\\/expo-favela-paraiba-2026-comeca-nesta-sexta\\\/#primaryimage\"},\"image\":{\"@id\":\"https:\\\/\\\/www.encontrajoaopessoa.com.br\\\/sobre\\\/expo-favela-paraiba-2026-comeca-nesta-sexta\\\/#primaryimage\"},\"thumbnailUrl\":\"https:\\\/\\\/www.encontrajoaopessoa.com.br\\\/sobre\\\/wp-content\\\/uploads\\\/2026\\\/09\\\/expo-favela-paraiba-2026-comeca-nesta-sexta.webp\",\"datePublished\":\"2026-09-04T04:38:50+00:00\",\"author\":{\"@id\":\"https:\\\/\\\/www.encontrajoaopessoa.com.br\\\/sobre\\\/#\\\/schema\\\/person\\\/dcf4dbc803217a030dfb489f4a014aca\"},\"breadcrumb\":{\"@id\":\"https:\\\/\\\/www.encontrajoaopessoa.com.br\\\/sobre\\\/expo-favela-paraiba-2026-comeca-nesta-sexta\\\/#breadcrumb\"},\"inLanguage\":\"pt-BR\",\"potentialAction\":[{\"@type\":\"ReadAction\",\"target\":[\"https:\\\/\\\/www.encontrajoaopessoa.com.br\\\/sobre\\\/expo-favela-paraiba-2026-comeca-nesta-sexta\\\/\"]}]},{\"@type\":\"ImageObject\",\"inLanguage\":\"pt-BR\",\"@id\":\"https:\\\/\\\/www.encontrajoaopessoa.com.br\\\/sobre\\\/expo-favela-paraiba-2026-comeca-nesta-sexta\\\/#primaryimage\",\"url\":\"https:\\\/\\\/www.encontrajoaopessoa.com.br\\\/sobre\\\/wp-content\\\/uploads\\\/2026\\\/09\\\/expo-favela-paraiba-2026-comeca-nesta-sexta.webp\",\"contentUrl\":\"https:\\\/\\\/www.encontrajoaopessoa.com.br\\\/sobre\\\/wp-content\\\/uploads\\\/2026\\\/09\\\/expo-favela-paraiba-2026-comeca-nesta-sexta.webp\",\"width\":280,\"height\":280,\"caption\":\"Expo Favela Para\u00edba 2026\"},{\"@type\":\"BreadcrumbList\",\"@id\":\"https:\\\/\\\/www.encontrajoaopessoa.com.br\\\/sobre\\\/expo-favela-paraiba-2026-comeca-nesta-sexta\\\/#breadcrumb\",\"itemListElement\":[{\"@type\":\"ListItem\",\"position\":1,\"name\":\"In\u00edcio\",\"item\":\"https:\\\/\\\/www.encontrajoaopessoa.com.br\\\/sobre\\\/\"},{\"@type\":\"ListItem\",\"position\":2,\"name\":\"Expo Favela Para\u00edba 2026 come\u00e7a nesta sexta\"}]},{\"@type\":\"WebSite\",\"@id\":\"https:\\\/\\\/www.encontrajoaopessoa.com.br\\\/sobre\\\/#website\",\"url\":\"https:\\\/\\\/www.encontrajoaopessoa.com.br\\\/sobre\\\/\",\"name\":\"Encontra Jo\u00e3o Pessoa\",\"description\":\"Not\u00edcias, eventos, informa\u00e7\u00f5es e dicas na cidade Jo\u00e3o Pessoa e regi\u00e3o.\",\"potentialAction\":[{\"@type\":\"SearchAction\",\"target\":{\"@type\":\"EntryPoint\",\"urlTemplate\":\"https:\\\/\\\/www.encontrajoaopessoa.com.br\\\/sobre\\\/?s={search_term_string}\"},\"query-input\":{\"@type\":\"PropertyValueSpecification\",\"valueRequired\":true,\"valueName\":\"search_term_string\"}}],\"inLanguage\":\"pt-BR\"},{\"@type\":\"Person\",\"@id\":\"https:\\\/\\\/www.encontrajoaopessoa.com.br\\\/sobre\\\/#\\\/schema\\\/person\\\/dcf4dbc803217a030dfb489f4a014aca\",\"name\":\"Encontra Jo\u00e3o Pessoa\",\"image\":{\"@type\":\"ImageObject\",\"inLanguage\":\"pt-BR\",\"@id\":\"https:\\\/\\\/secure.gravatar.com\\\/avatar\\\/507340682b8270222e1f208e23198b6ae7e2c6a1033ae84e99bc6bce4f82a387?s=96&d=mm&r=g\",\"url\":\"https:\\\/\\\/secure.gravatar.com\\\/avatar\\\/507340682b8270222e1f208e23198b6ae7e2c6a1033ae84e99bc6bce4f82a387?s=96&d=mm&r=g\",\"contentUrl\":\"https:\\\/\\\/secure.gravatar.com\\\/avatar\\\/507340682b8270222e1f208e23198b6ae7e2c6a1033ae84e99bc6bce4f82a387?s=96&d=mm&r=g\",\"caption\":\"Encontra Jo\u00e3o Pessoa\"},\"url\":\"https:\\\/\\\/www.encontrajoaopessoa.com.br\\\/sobre\\\/author\\\/ejoaopessoa\\\/\"}]}<\/script>\n<!-- \/ Yoast SEO plugin. -->","yoast_head_json":{"title":"Expo Favela Para\u00edba 2026 come\u00e7a nesta sexta - Encontra Jo\u00e3o Pessoa","robots":{"index":"index","follow":"follow","max-snippet":"max-snippet:-1","max-image-preview":"max-image-preview:large","max-video-preview":"max-video-preview:-1"},"canonical":"https:\/\/www.encontrajoaopessoa.com.br\/sobre\/expo-favela-paraiba-2026-comeca-nesta-sexta\/","og_locale":"pt_BR","og_type":"article","og_title":"Expo Favela Para\u00edba 2026 come\u00e7a nesta sexta - Encontra Jo\u00e3o Pessoa","og_description":"Expo Favela Para\u00edba 2026 destaca shows e empreendedorismo da periferia!","og_url":"https:\/\/www.encontrajoaopessoa.com.br\/sobre\/expo-favela-paraiba-2026-comeca-nesta-sexta\/","og_site_name":"Encontra Jo\u00e3o Pessoa","article_published_time":"2026-09-04T04:38:50+00:00","og_image":[{"url":"https:\/\/www.encontrajoaopessoa.com.br\/sobre\/wp-content\/uploads\/2026\/09\/expo-favela-paraiba-2026-comeca-nesta-sexta.webp","type":"","width":"","height":""}],"author":"Encontra Jo\u00e3o Pessoa","twitter_card":"summary_large_image","twitter_misc":{"Escrito por":"Encontra Jo\u00e3o Pessoa","Est. tempo de leitura":"4 minutos"},"schema":{"@context":"https:\/\/schema.org","@graph":[{"@type":"Article","@id":"https:\/\/www.encontrajoaopessoa.com.br\/sobre\/expo-favela-paraiba-2026-comeca-nesta-sexta\/#article","isPartOf":{"@id":"https:\/\/www.encontrajoaopessoa.com.br\/sobre\/expo-favela-paraiba-2026-comeca-nesta-sexta\/"},"author":{"name":"Encontra Jo\u00e3o Pessoa","@id":"https:\/\/www.encontrajoaopessoa.com.br\/sobre\/#\/schema\/person\/dcf4dbc803217a030dfb489f4a014aca"},"headline":"Expo Favela Para\u00edba 2026 come\u00e7a nesta sexta","datePublished":"2026-09-04T04:38:50+00:00","mainEntityOfPage":{"@id":"https:\/\/www.encontrajoaopessoa.com.br\/sobre\/expo-favela-paraiba-2026-comeca-nesta-sexta\/"},"wordCount":766,"image":{"@id":"https:\/\/www.encontrajoaopessoa.com.br\/sobre\/expo-favela-paraiba-2026-comeca-nesta-sexta\/#primaryimage"},"thumbnailUrl":"https:\/\/www.encontrajoaopessoa.com.br\/sobre\/wp-content\/uploads\/2026\/09\/expo-favela-paraiba-2026-comeca-nesta-sexta.webp","articleSection":["Cultura Jo\u00e3o Pessoa"],"inLanguage":"pt-BR"},{"@type":"WebPage","@id":"https:\/\/www.encontrajoaopessoa.com.br\/sobre\/expo-favela-paraiba-2026-comeca-nesta-sexta\/","url":"https:\/\/www.encontrajoaopessoa.com.br\/sobre\/expo-favela-paraiba-2026-comeca-nesta-sexta\/","name":"Expo Favela Para\u00edba 2026 come\u00e7a nesta sexta - Encontra Jo\u00e3o Pessoa","isPartOf":{"@id":"https:\/\/www.encontrajoaopessoa.com.br\/sobre\/#website"},"primaryImageOfPage":{"@id":"https:\/\/www.encontrajoaopessoa.com.br\/sobre\/expo-favela-paraiba-2026-comeca-nesta-sexta\/#primaryimage"},"image":{"@id":"https:\/\/www.encontrajoaopessoa.com.br\/sobre\/expo-favela-paraiba-2026-comeca-nesta-sexta\/#primaryimage"},"thumbnailUrl":"https:\/\/www.encontrajoaopessoa.com.br\/sobre\/wp-content\/uploads\/2026\/09\/expo-favela-paraiba-2026-comeca-nesta-sexta.webp","datePublished":"2026-09-04T04:38:50+00:00","author":{"@id":"https:\/\/www.encontrajoaopessoa.com.br\/sobre\/#\/schema\/person\/dcf4dbc803217a030dfb489f4a014aca"},"breadcrumb":{"@id":"https:\/\/www.encontrajoaopessoa.com.br\/sobre\/expo-favela-paraiba-2026-comeca-nesta-sexta\/#breadcrumb"},"inLanguage":"pt-BR","potentialAction":[{"@type":"ReadAction","target":["https:\/\/www.encontrajoaopessoa.com.br\/sobre\/expo-favela-paraiba-2026-comeca-nesta-sexta\/"]}]},{"@type":"ImageObject","inLanguage":"pt-BR","@id":"https:\/\/www.encontrajoaopessoa.com.br\/sobre\/expo-favela-paraiba-2026-comeca-nesta-sexta\/#primaryimage","url":"https:\/\/www.encontrajoaopessoa.com.br\/sobre\/wp-content\/uploads\/2026\/09\/expo-favela-paraiba-2026-comeca-nesta-sexta.webp","contentUrl":"https:\/\/www.encontrajoaopessoa.com.br\/sobre\/wp-content\/uploads\/2026\/09\/expo-favela-paraiba-2026-comeca-nesta-sexta.webp","width":280,"height":280,"caption":"Expo Favela Para\u00edba 2026"},{"@type":"BreadcrumbList","@id":"https:\/\/www.encontrajoaopessoa.com.br\/sobre\/expo-favela-paraiba-2026-comeca-nesta-sexta\/#breadcrumb","itemListElement":[{"@type":"ListItem","position":1,"name":"In\u00edcio","item":"https:\/\/www.encontrajoaopessoa.com.br\/sobre\/"},{"@type":"ListItem","position":2,"name":"Expo Favela Para\u00edba 2026 come\u00e7a nesta sexta"}]},{"@type":"WebSite","@id":"https:\/\/www.encontrajoaopessoa.com.br\/sobre\/#website","url":"https:\/\/www.encontrajoaopessoa.com.br\/sobre\/","name":"Encontra Jo\u00e3o Pessoa","description":"Not\u00edcias, eventos, informa\u00e7\u00f5es e dicas na cidade Jo\u00e3o Pessoa e regi\u00e3o.","potentialAction":[{"@type":"SearchAction","target":{"@type":"EntryPoint","urlTemplate":"https:\/\/www.encontrajoaopessoa.com.br\/sobre\/?s={search_term_string}"},"query-input":{"@type":"PropertyValueSpecification","valueRequired":true,"valueName":"search_term_string"}}],"inLanguage":"pt-BR"},{"@type":"Person","@id":"https:\/\/www.encontrajoaopessoa.com.br\/sobre\/#\/schema\/person\/dcf4dbc803217a030dfb489f4a014aca","name":"Encontra Jo\u00e3o Pessoa","image":{"@type":"ImageObject","inLanguage":"pt-BR","@id":"https:\/\/secure.gravatar.com\/avatar\/507340682b8270222e1f208e23198b6ae7e2c6a1033ae84e99bc6bce4f82a387?s=96&d=mm&r=g","url":"https:\/\/secure.gravatar.com\/avatar\/507340682b8270222e1f208e23198b6ae7e2c6a1033ae84e99bc6bce4f82a387?s=96&d=mm&r=g","contentUrl":"https:\/\/secure.gravatar.com\/avatar\/507340682b8270222e1f208e23198b6ae7e2c6a1033ae84e99bc6bce4f82a387?s=96&d=mm&r=g","caption":"Encontra Jo\u00e3o Pessoa"},"url":"https:\/\/www.encontrajoaopessoa.com.br\/sobre\/author\/ejoaopessoa\/"}]}},"_links":{"self":[{"href":"https:\/\/www.encontrajoaopessoa.com.br\/sobre\/wp-json\/wp\/v2\/posts\/2299","targetHints":{"allow":["GET"]}}],"collection":[{"href":"https:\/\/www.encontrajoaopessoa.com.br\/sobre\/wp-json\/wp\/v2\/posts"}],"about":[{"href":"https:\/\/www.encontrajoaopessoa.com.br\/sobre\/wp-json\/wp\/v2\/types\/post"}],"author":[{"embeddable":true,"href":"https:\/\/www.encontrajoaopessoa.com.br\/sobre\/wp-json\/wp\/v2\/users\/1"}],"replies":[{"embeddable":true,"href":"https:\/\/www.encontrajoaopessoa.com.br\/sobre\/wp-json\/wp\/v2\/comments?post=2299"}],"version-history":[{"count":0,"href":"https:\/\/www.encontrajoaopessoa.com.br\/sobre\/wp-json\/wp\/v2\/posts\/2299\/revisions"}],"wp:featuredmedia":[{"embeddable":true,"href":"https:\/\/www.encontrajoaopessoa.com.br\/sobre\/wp-json\/wp\/v2\/media\/2298"}],"wp:attachment":[{"href":"https:\/\/www.encontrajoaopessoa.com.br\/sobre\/wp-json\/wp\/v2\/media?parent=2299"}],"wp:term":[{"taxonomy":"category","embeddable":true,"href":"https:\/\/www.encontrajoaopessoa.com.br\/sobre\/wp-json\/wp\/v2\/categories?post=2299"},{"taxonomy":"post_tag","embeddable":true,"href":"https:\/\/www.encontrajoaopessoa.com.br\/sobre\/wp-json\/wp\/v2\/tags?post=2299"}],"curies":[{"name":"wp","href":"https:\/\/api.w.org\/{rel}","templated":true}]}}