{"id":2289,"date":"2026-09-02T01:40:14","date_gmt":"2026-09-02T04:40:14","guid":{"rendered":"https:\/\/www.encontrajoaopessoa.com.br\/sobre\/prefeitura-de-joao-pessoa-registra-grande-mobilizacao-em-dia-d-de-vacinacao-antirrabica\/"},"modified":"2026-09-02T01:40:14","modified_gmt":"2026-09-02T04:40:14","slug":"prefeitura-de-joao-pessoa-registra-grande-mobilizacao-em-dia-d-de-vacinacao-antirrabica","status":"publish","type":"post","link":"https:\/\/www.encontrajoaopessoa.com.br\/sobre\/prefeitura-de-joao-pessoa-registra-grande-mobilizacao-em-dia-d-de-vacinacao-antirrabica\/","title":{"rendered":"Prefeitura de Jo\u00e3o Pessoa registra grande mobiliza\u00e7\u00e3o em Dia D de vacina\u00e7\u00e3o antirr\u00e1bica"},"content":{"rendered":"<div class=\"866aa4a7c674253f40eaa20e0e3e928c\" data-index=\"1\" style=\"float: none; margin:0px;\">\n<!-- Anuncio display - global -->\r\n<ins class=\"adsbygoogle\"\r\n     style=\"display:block\"\r\n     data-ad-client=\"ca-pub-8585364105181520\"\r\n     data-ad-slot=\"8789329856\"\r\n     data-ad-format=\"auto\"\r\n     data-full-width-responsive=\"true\"><\/ins>\r\n<script>\r\n     (adsbygoogle = window.adsbygoogle || []).push({});\r\n<\/script>\n<\/div>\n<h2>Import\u00e2ncia da Vacina\u00e7\u00e3o Antirr\u00e1bica<\/h2>\n<p>A vacina\u00e7\u00e3o antirr\u00e1bica desempenha um papel vital na prote\u00e7\u00e3o da sa\u00fade p\u00fablica e animal. Esta pr\u00e1tica \u00e9 essencial para controlar a propaga\u00e7\u00e3o da raiva, uma doen\u00e7a viral que pode ser fatal tanto para animais quanto para humanos. A imuniza\u00e7\u00e3o regular de c\u00e3es e gatos n\u00e3o apenas protege os animais de estima\u00e7\u00e3o, mas tamb\u00e9m assegura um ambiente mais seguro para a comunidade, prevenindo a transmiss\u00e3o do v\u00edrus da raiva.<\/p>\n<p>A raiva \u00e9 uma zoonose, o que significa que pode ser transmitida de animais para humanos, geralmente atrav\u00e9s de mordidas. Uma vez que os sintomas aparecem, a doen\u00e7a \u00e9 quase sempre fatal. Por isso, a preven\u00e7\u00e3o por meio da vacina\u00e7\u00e3o \u00e9 fundamental. A vacina\u00e7\u00e3o antirr\u00e1bica \u00e9 eficaz e segura, sendo a \u00fanica maneira de garantir que os animais de estima\u00e7\u00e3o estejam protegidos contra esta enfermidade devastadora.<\/p>\n<h2>Dados da Mobiliza\u00e7\u00e3o na Cidade<\/h2>\n<p>No Dia D de vacina\u00e7\u00e3o, que ocorreu em um dia espec\u00edfico de uma certa data, a Prefeitura de Jo\u00e3o Pessoa organizou uma mobiliza\u00e7\u00e3o abrangente, estabelecendo 135 postos de vacina\u00e7\u00e3o em toda a cidade. A resposta da popula\u00e7\u00e3o foi significativa, com muitos tutores de animais aproveitando a oportunidade para imunizar seus bichos de estima\u00e7\u00e3o. O evento n\u00e3o apenas destacou a preocupa\u00e7\u00e3o com a sa\u00fade dos animais, mas tamb\u00e9m refletiu o compromisso da administra\u00e7\u00e3o local em promover campanhas de sa\u00fade p\u00fablica.<\/p>\n<p><img decoding=\"async\" src=\"https:\/\/www.encontrajoaopessoa.com.br\/sobre\/wp-content\/uploads\/2026\/09\/prefeitura-de-joao-pessoa-registra-grande-mobilizacao-em-dia-d-de-vacinacao-antirrabica.webp\" alt=\"vacina\u00e7\u00e3o antirr\u00e1bica\" loading=\"lazy\" \/><\/p>\n<h2>Testemunhos de Tutores de Animais<\/h2>\n<p>Os relatos de tutores de animais que participaram do Dia D de vacina\u00e7\u00e3o mostraram a import\u00e2ncia dessa iniciativa. Por exemplo, uma moradora do bairro dos Banc\u00e1rios, Adriele da Silva Bezerra, levou seu gato, Robu\u2019, para receber a vacina pela primeira vez. Ela expressou sua gratid\u00e3o pela acessibilidade da vacina\u00e7\u00e3o gratuita, salientando que &#8220;\u00e9 muito bom ter essa disponibilidade de vacina\u00e7\u00e3o, porque \u00e9 mais acess\u00edvel para quem n\u00e3o tem condi\u00e7\u00f5es de pagar uma vacina&#8221;. Outro participante, Ivan Diniz, tamb\u00e9m do Banc\u00e1rios, comentou sobre a import\u00e2ncia da sa\u00fade tanto para os animais quanto para as pessoas, afirmando que &#8220;\u00e9 sempre bom manter a sa\u00fade dos animais e das pr\u00f3prias pessoas&#8221;. Esses testemunhos ressaltam a relev\u00e2ncia do evento e o impacto positivo na comunidade.<\/p>\n<h2>Pontos de Vacina\u00e7\u00e3o em Jo\u00e3o Pessoa<\/h2>\n<p>Os 135 locais destinados \u00e0 vacina\u00e7\u00e3o antirr\u00e1bica foram estrategicamente distribu\u00eddos em diferentes \u00e1reas da cidade, garantindo f\u00e1cil acesso para todos os tutores de c\u00e3es e gatos. Estabelecimentos como o Centro de Controle de Zoonoses, localizado no bairro dos Banc\u00e1rios, foram alguns dos locais mais procurados, refletindo uma alta demanda por imuniza\u00e7\u00e3o. A Prefeitura se empenhou em assegurar que cada ponto estivesse bem preparado para atender a popula\u00e7\u00e3o e seus animais de estima\u00e7\u00e3o, disponibilizando profissionais capacitados para realizar os atendimentos.<\/p>\n<h2>A\u00e7\u00e3o da Secretaria Municipal de Sa\u00fade<\/h2>\n<p>A Secretaria Municipal de Sa\u00fade (SMS) de Jo\u00e3o Pessoa organizou a vacina\u00e7\u00e3o antirr\u00e1bica com o intuito de n\u00e3o apenas vacinar os animais, mas tamb\u00e9m educar a popula\u00e7\u00e3o sobre a import\u00e2ncia da imuniza\u00e7\u00e3o. Gabriela Azevedo, diretora do Centro de Controle de Zoonoses, destacou que &#8220;Jo\u00e3o Pessoa mant\u00e9m o recorde de 18 anos sem nenhum caso suspeito de raiva animal ou humana&#8221;, o que refor\u00e7a o sucesso da iniciativa. A SMS trabalhou em conjunto com diversas equipes para aumentar a conscientiza\u00e7\u00e3o e incentivar a participa\u00e7\u00e3o do p\u00fablico no evento.<\/p>\n<h2>Impacto da Vacina\u00e7\u00e3o na Sa\u00fade P\u00fablica<\/h2>\n<p>A vacina\u00e7\u00e3o antirr\u00e1bica \u00e9 crucial para a sa\u00fade p\u00fablica, pois ajuda a prevenir surtos da doen\u00e7a em popula\u00e7\u00f5es animais e humanas. Com uma vacina\u00e7\u00e3o adequada, \u00e9 poss\u00edvel reduzir significativamente o n\u00famero de casos de raiva, protegendo n\u00e3o s\u00f3 os animais mas tamb\u00e9m as pessoas que interagem com eles. A imuniza\u00e7\u00e3o em massa de animais de estima\u00e7\u00e3o tamb\u00e9m diminui a necessidade de interven\u00e7\u00f5es mais dr\u00e1sticas, como a elimina\u00e7\u00e3o de animais potenciais transmissores da raiva, promovendo um ambiente de coabita\u00e7\u00e3o saud\u00e1vel.<\/p>\n<h2>Como Funciona a Vacina\u00e7\u00e3o Antirr\u00e1bica<\/h2>\n<p>A vacina antirr\u00e1bica funciona estimulando o sistema imunol\u00f3gico dos animais a responder ao v\u00edrus da raiva. Ap\u00f3s a administra\u00e7\u00e3o, o organismo desenvolve anticorpos que o proteger\u00e3o contra a infec\u00e7\u00e3o. A vacina\u00e7\u00e3o deve ser realizada anualmente, come\u00e7ando com a primeira dose dada em filhotes, geralmente a partir dos tr\u00eas meses de idade. A prote\u00e7\u00e3o \u00e9 fundamental, pois a raiva \u00e9 uma doen\u00e7a letal e n\u00e3o h\u00e1 cura uma vez que os sintomas se manifestam.<\/p>\n<h2>Dicas para Proteger Seu Animal<\/h2>\n<p>Al\u00e9m de vacinar, existem v\u00e1rias medidas que os tutores podem adotar para proteger seus animais de estima\u00e7\u00e3o:<\/p>\n<ul>\n<li><strong>Mantenha seu animal em casa:<\/strong> Evite que seus pets tenham acesso \u00e0 rua sem supervis\u00e3o, reduzindo o risco de encontros com animais potencialmente infectados.<\/li>\n<li><strong>Adote cuidados com a higiene:<\/strong> Mantenha o ambiente limpo e livre de fezes, que podem ser fontes de contamina\u00e7\u00e3o.<\/li>\n<li><strong>Eduque sobre riscos:<\/strong> Informe-se e eduque sua fam\u00edlia sobre os sinais de raiva e como reagir em caso de uma mordida ou arranhadura de um animal.<\/li>\n<\/ul>\n<h2>Pr\u00f3ximos Eventos de Sa\u00fade Animal<\/h2>\n<p>A Prefeitura de Jo\u00e3o Pessoa planeja mais eventos como o Dia D de vacina\u00e7\u00e3o antirr\u00e1bica em outras datas ao longo do ano. Essas iniciativas visam n\u00e3o s\u00f3 vacinar animais, mas tamb\u00e9m promover atividades educativas e de conscientiza\u00e7\u00e3o sobre a sa\u00fade animal. Informa\u00e7\u00f5es sobre esses eventos ser\u00e3o divulgadas por meio das redes sociais da Prefeitura e outros canais de comunica\u00e7\u00e3o.<\/p>\n<h2>Como Participar e Contribuir<\/h2>\n<p>Os tutores de animais e interessados em acompanhar as a\u00e7\u00f5es de vacina\u00e7\u00e3o devem ficar atentos \u00e0s chamadas nos meios de comunica\u00e7\u00e3o locais. Participar dessas iniciativas n\u00e3o apenas protegem os seus pets, mas tamb\u00e9m colaboram com a sa\u00fade p\u00fablica da sua comunidade. Al\u00e9m disso, \u00e9 importante incentivar amigos e familiares a vacinarem seus animais, criando uma cadeia de prote\u00e7\u00e3o contra a raiva e outras doen\u00e7as.<\/p>\n\n<div style=\"font-size: 0px; height: 0px; line-height: 0px; margin: 0; padding: 0; clear: both;\"><\/div>","protected":false},"excerpt":{"rendered":"<p>Jo\u00e3o Pessoa registra grande mobiliza\u00e7\u00e3o no Dia D da vacina\u00e7\u00e3o antirr\u00e1bica animal em 135 pontos da cidade.<\/p>\n","protected":false},"author":1,"featured_media":2288,"comment_status":"closed","ping_status":"closed","sticky":false,"template":"","format":"standard","meta":{"footnotes":""},"categories":[35],"tags":[],"class_list":["post-2289","post","type-post","status-publish","format-standard","has-post-thumbnail","hentry","category-saude-em-joao-pessoa","has_thumb"],"yoast_head":"<!-- This site is optimized with the Yoast SEO plugin v28.2 - https:\/\/yoast.com\/product\/yoast-seo-wordpress\/ -->\n<title>Prefeitura de Jo\u00e3o Pessoa registra grande mobiliza\u00e7\u00e3o em Dia D de vacina\u00e7\u00e3o antirr\u00e1bica - Encontra Jo\u00e3o Pessoa<\/title>\n<meta name=\"robots\" content=\"index, follow, max-snippet:-1, max-image-preview:large, max-video-preview:-1\" \/>\n<link rel=\"canonical\" href=\"https:\/\/www.encontrajoaopessoa.com.br\/sobre\/prefeitura-de-joao-pessoa-registra-grande-mobilizacao-em-dia-d-de-vacinacao-antirrabica\/\" \/>\n<meta property=\"og:locale\" content=\"pt_BR\" \/>\n<meta property=\"og:type\" content=\"article\" \/>\n<meta property=\"og:title\" content=\"Prefeitura de Jo\u00e3o Pessoa registra grande mobiliza\u00e7\u00e3o em Dia D de vacina\u00e7\u00e3o antirr\u00e1bica - Encontra Jo\u00e3o Pessoa\" \/>\n<meta property=\"og:description\" content=\"Jo\u00e3o Pessoa registra grande mobiliza\u00e7\u00e3o no Dia D da vacina\u00e7\u00e3o antirr\u00e1bica animal em 135 pontos da cidade.\" \/>\n<meta property=\"og:url\" content=\"https:\/\/www.encontrajoaopessoa.com.br\/sobre\/prefeitura-de-joao-pessoa-registra-grande-mobilizacao-em-dia-d-de-vacinacao-antirrabica\/\" \/>\n<meta property=\"og:site_name\" content=\"Encontra Jo\u00e3o Pessoa\" \/>\n<meta property=\"article:published_time\" content=\"2026-09-02T04:40:14+00:00\" \/>\n<meta property=\"og:image\" content=\"https:\/\/www.encontrajoaopessoa.com.br\/sobre\/wp-content\/uploads\/2026\/09\/prefeitura-de-joao-pessoa-registra-grande-mobilizacao-em-dia-d-de-vacinacao-antirrabica.webp\" \/>\n<meta name=\"author\" content=\"Encontra Jo\u00e3o Pessoa\" \/>\n<meta name=\"twitter:card\" content=\"summary_large_image\" \/>\n<meta name=\"twitter:label1\" content=\"Escrito por\" \/>\n\t<meta name=\"twitter:data1\" content=\"Encontra Jo\u00e3o Pessoa\" \/>\n\t<meta name=\"twitter:label2\" content=\"Est. tempo de leitura\" \/>\n\t<meta name=\"twitter:data2\" content=\"5 minutos\" \/>\n<script type=\"application\/ld+json\" class=\"yoast-schema-graph\">{\"@context\":\"https:\\\/\\\/schema.org\",\"@graph\":[{\"@type\":\"Article\",\"@id\":\"https:\\\/\\\/www.encontrajoaopessoa.com.br\\\/sobre\\\/prefeitura-de-joao-pessoa-registra-grande-mobilizacao-em-dia-d-de-vacinacao-antirrabica\\\/#article\",\"isPartOf\":{\"@id\":\"https:\\\/\\\/www.encontrajoaopessoa.com.br\\\/sobre\\\/prefeitura-de-joao-pessoa-registra-grande-mobilizacao-em-dia-d-de-vacinacao-antirrabica\\\/\"},\"author\":{\"name\":\"Encontra Jo\u00e3o Pessoa\",\"@id\":\"https:\\\/\\\/www.encontrajoaopessoa.com.br\\\/sobre\\\/#\\\/schema\\\/person\\\/dcf4dbc803217a030dfb489f4a014aca\"},\"headline\":\"Prefeitura de Jo\u00e3o Pessoa registra grande mobiliza\u00e7\u00e3o em Dia D de vacina\u00e7\u00e3o antirr\u00e1bica\",\"datePublished\":\"2026-09-02T04:40:14+00:00\",\"mainEntityOfPage\":{\"@id\":\"https:\\\/\\\/www.encontrajoaopessoa.com.br\\\/sobre\\\/prefeitura-de-joao-pessoa-registra-grande-mobilizacao-em-dia-d-de-vacinacao-antirrabica\\\/\"},\"wordCount\":1060,\"image\":{\"@id\":\"https:\\\/\\\/www.encontrajoaopessoa.com.br\\\/sobre\\\/prefeitura-de-joao-pessoa-registra-grande-mobilizacao-em-dia-d-de-vacinacao-antirrabica\\\/#primaryimage\"},\"thumbnailUrl\":\"https:\\\/\\\/www.encontrajoaopessoa.com.br\\\/sobre\\\/wp-content\\\/uploads\\\/2026\\\/09\\\/prefeitura-de-joao-pessoa-registra-grande-mobilizacao-em-dia-d-de-vacinacao-antirrabica.webp\",\"articleSection\":[\"Sa\u00fade Jo\u00e3o Pessoa\"],\"inLanguage\":\"pt-BR\"},{\"@type\":\"WebPage\",\"@id\":\"https:\\\/\\\/www.encontrajoaopessoa.com.br\\\/sobre\\\/prefeitura-de-joao-pessoa-registra-grande-mobilizacao-em-dia-d-de-vacinacao-antirrabica\\\/\",\"url\":\"https:\\\/\\\/www.encontrajoaopessoa.com.br\\\/sobre\\\/prefeitura-de-joao-pessoa-registra-grande-mobilizacao-em-dia-d-de-vacinacao-antirrabica\\\/\",\"name\":\"Prefeitura de Jo\u00e3o Pessoa registra grande mobiliza\u00e7\u00e3o em Dia D de vacina\u00e7\u00e3o antirr\u00e1bica - Encontra Jo\u00e3o Pessoa\",\"isPartOf\":{\"@id\":\"https:\\\/\\\/www.encontrajoaopessoa.com.br\\\/sobre\\\/#website\"},\"primaryImageOfPage\":{\"@id\":\"https:\\\/\\\/www.encontrajoaopessoa.com.br\\\/sobre\\\/prefeitura-de-joao-pessoa-registra-grande-mobilizacao-em-dia-d-de-vacinacao-antirrabica\\\/#primaryimage\"},\"image\":{\"@id\":\"https:\\\/\\\/www.encontrajoaopessoa.com.br\\\/sobre\\\/prefeitura-de-joao-pessoa-registra-grande-mobilizacao-em-dia-d-de-vacinacao-antirrabica\\\/#primaryimage\"},\"thumbnailUrl\":\"https:\\\/\\\/www.encontrajoaopessoa.com.br\\\/sobre\\\/wp-content\\\/uploads\\\/2026\\\/09\\\/prefeitura-de-joao-pessoa-registra-grande-mobilizacao-em-dia-d-de-vacinacao-antirrabica.webp\",\"datePublished\":\"2026-09-02T04:40:14+00:00\",\"author\":{\"@id\":\"https:\\\/\\\/www.encontrajoaopessoa.com.br\\\/sobre\\\/#\\\/schema\\\/person\\\/dcf4dbc803217a030dfb489f4a014aca\"},\"breadcrumb\":{\"@id\":\"https:\\\/\\\/www.encontrajoaopessoa.com.br\\\/sobre\\\/prefeitura-de-joao-pessoa-registra-grande-mobilizacao-em-dia-d-de-vacinacao-antirrabica\\\/#breadcrumb\"},\"inLanguage\":\"pt-BR\",\"potentialAction\":[{\"@type\":\"ReadAction\",\"target\":[\"https:\\\/\\\/www.encontrajoaopessoa.com.br\\\/sobre\\\/prefeitura-de-joao-pessoa-registra-grande-mobilizacao-em-dia-d-de-vacinacao-antirrabica\\\/\"]}]},{\"@type\":\"ImageObject\",\"inLanguage\":\"pt-BR\",\"@id\":\"https:\\\/\\\/www.encontrajoaopessoa.com.br\\\/sobre\\\/prefeitura-de-joao-pessoa-registra-grande-mobilizacao-em-dia-d-de-vacinacao-antirrabica\\\/#primaryimage\",\"url\":\"https:\\\/\\\/www.encontrajoaopessoa.com.br\\\/sobre\\\/wp-content\\\/uploads\\\/2026\\\/09\\\/prefeitura-de-joao-pessoa-registra-grande-mobilizacao-em-dia-d-de-vacinacao-antirrabica.webp\",\"contentUrl\":\"https:\\\/\\\/www.encontrajoaopessoa.com.br\\\/sobre\\\/wp-content\\\/uploads\\\/2026\\\/09\\\/prefeitura-de-joao-pessoa-registra-grande-mobilizacao-em-dia-d-de-vacinacao-antirrabica.webp\",\"width\":280,\"height\":280,\"caption\":\"vacina\u00e7\u00e3o antirr\u00e1bica\"},{\"@type\":\"BreadcrumbList\",\"@id\":\"https:\\\/\\\/www.encontrajoaopessoa.com.br\\\/sobre\\\/prefeitura-de-joao-pessoa-registra-grande-mobilizacao-em-dia-d-de-vacinacao-antirrabica\\\/#breadcrumb\",\"itemListElement\":[{\"@type\":\"ListItem\",\"position\":1,\"name\":\"In\u00edcio\",\"item\":\"https:\\\/\\\/www.encontrajoaopessoa.com.br\\\/sobre\\\/\"},{\"@type\":\"ListItem\",\"position\":2,\"name\":\"Prefeitura de Jo\u00e3o Pessoa registra grande mobiliza\u00e7\u00e3o em Dia D de vacina\u00e7\u00e3o antirr\u00e1bica\"}]},{\"@type\":\"WebSite\",\"@id\":\"https:\\\/\\\/www.encontrajoaopessoa.com.br\\\/sobre\\\/#website\",\"url\":\"https:\\\/\\\/www.encontrajoaopessoa.com.br\\\/sobre\\\/\",\"name\":\"Encontra Jo\u00e3o Pessoa\",\"description\":\"Not\u00edcias, eventos, informa\u00e7\u00f5es e dicas na cidade Jo\u00e3o Pessoa e regi\u00e3o.\",\"potentialAction\":[{\"@type\":\"SearchAction\",\"target\":{\"@type\":\"EntryPoint\",\"urlTemplate\":\"https:\\\/\\\/www.encontrajoaopessoa.com.br\\\/sobre\\\/?s={search_term_string}\"},\"query-input\":{\"@type\":\"PropertyValueSpecification\",\"valueRequired\":true,\"valueName\":\"search_term_string\"}}],\"inLanguage\":\"pt-BR\"},{\"@type\":\"Person\",\"@id\":\"https:\\\/\\\/www.encontrajoaopessoa.com.br\\\/sobre\\\/#\\\/schema\\\/person\\\/dcf4dbc803217a030dfb489f4a014aca\",\"name\":\"Encontra Jo\u00e3o Pessoa\",\"image\":{\"@type\":\"ImageObject\",\"inLanguage\":\"pt-BR\",\"@id\":\"https:\\\/\\\/secure.gravatar.com\\\/avatar\\\/507340682b8270222e1f208e23198b6ae7e2c6a1033ae84e99bc6bce4f82a387?s=96&d=mm&r=g\",\"url\":\"https:\\\/\\\/secure.gravatar.com\\\/avatar\\\/507340682b8270222e1f208e23198b6ae7e2c6a1033ae84e99bc6bce4f82a387?s=96&d=mm&r=g\",\"contentUrl\":\"https:\\\/\\\/secure.gravatar.com\\\/avatar\\\/507340682b8270222e1f208e23198b6ae7e2c6a1033ae84e99bc6bce4f82a387?s=96&d=mm&r=g\",\"caption\":\"Encontra Jo\u00e3o Pessoa\"},\"url\":\"https:\\\/\\\/www.encontrajoaopessoa.com.br\\\/sobre\\\/author\\\/ejoaopessoa\\\/\"}]}<\/script>\n<!-- \/ Yoast SEO plugin. -->","yoast_head_json":{"title":"Prefeitura de Jo\u00e3o Pessoa registra grande mobiliza\u00e7\u00e3o em Dia D de vacina\u00e7\u00e3o antirr\u00e1bica - Encontra Jo\u00e3o Pessoa","robots":{"index":"index","follow":"follow","max-snippet":"max-snippet:-1","max-image-preview":"max-image-preview:large","max-video-preview":"max-video-preview:-1"},"canonical":"https:\/\/www.encontrajoaopessoa.com.br\/sobre\/prefeitura-de-joao-pessoa-registra-grande-mobilizacao-em-dia-d-de-vacinacao-antirrabica\/","og_locale":"pt_BR","og_type":"article","og_title":"Prefeitura de Jo\u00e3o Pessoa registra grande mobiliza\u00e7\u00e3o em Dia D de vacina\u00e7\u00e3o antirr\u00e1bica - Encontra Jo\u00e3o Pessoa","og_description":"Jo\u00e3o Pessoa registra grande mobiliza\u00e7\u00e3o no Dia D da vacina\u00e7\u00e3o antirr\u00e1bica animal em 135 pontos da cidade.","og_url":"https:\/\/www.encontrajoaopessoa.com.br\/sobre\/prefeitura-de-joao-pessoa-registra-grande-mobilizacao-em-dia-d-de-vacinacao-antirrabica\/","og_site_name":"Encontra Jo\u00e3o Pessoa","article_published_time":"2026-09-02T04:40:14+00:00","og_image":[{"url":"https:\/\/www.encontrajoaopessoa.com.br\/sobre\/wp-content\/uploads\/2026\/09\/prefeitura-de-joao-pessoa-registra-grande-mobilizacao-em-dia-d-de-vacinacao-antirrabica.webp","type":"","width":"","height":""}],"author":"Encontra Jo\u00e3o Pessoa","twitter_card":"summary_large_image","twitter_misc":{"Escrito por":"Encontra Jo\u00e3o Pessoa","Est. tempo de leitura":"5 minutos"},"schema":{"@context":"https:\/\/schema.org","@graph":[{"@type":"Article","@id":"https:\/\/www.encontrajoaopessoa.com.br\/sobre\/prefeitura-de-joao-pessoa-registra-grande-mobilizacao-em-dia-d-de-vacinacao-antirrabica\/#article","isPartOf":{"@id":"https:\/\/www.encontrajoaopessoa.com.br\/sobre\/prefeitura-de-joao-pessoa-registra-grande-mobilizacao-em-dia-d-de-vacinacao-antirrabica\/"},"author":{"name":"Encontra Jo\u00e3o Pessoa","@id":"https:\/\/www.encontrajoaopessoa.com.br\/sobre\/#\/schema\/person\/dcf4dbc803217a030dfb489f4a014aca"},"headline":"Prefeitura de Jo\u00e3o Pessoa registra grande mobiliza\u00e7\u00e3o em Dia D de vacina\u00e7\u00e3o antirr\u00e1bica","datePublished":"2026-09-02T04:40:14+00:00","mainEntityOfPage":{"@id":"https:\/\/www.encontrajoaopessoa.com.br\/sobre\/prefeitura-de-joao-pessoa-registra-grande-mobilizacao-em-dia-d-de-vacinacao-antirrabica\/"},"wordCount":1060,"image":{"@id":"https:\/\/www.encontrajoaopessoa.com.br\/sobre\/prefeitura-de-joao-pessoa-registra-grande-mobilizacao-em-dia-d-de-vacinacao-antirrabica\/#primaryimage"},"thumbnailUrl":"https:\/\/www.encontrajoaopessoa.com.br\/sobre\/wp-content\/uploads\/2026\/09\/prefeitura-de-joao-pessoa-registra-grande-mobilizacao-em-dia-d-de-vacinacao-antirrabica.webp","articleSection":["Sa\u00fade Jo\u00e3o Pessoa"],"inLanguage":"pt-BR"},{"@type":"WebPage","@id":"https:\/\/www.encontrajoaopessoa.com.br\/sobre\/prefeitura-de-joao-pessoa-registra-grande-mobilizacao-em-dia-d-de-vacinacao-antirrabica\/","url":"https:\/\/www.encontrajoaopessoa.com.br\/sobre\/prefeitura-de-joao-pessoa-registra-grande-mobilizacao-em-dia-d-de-vacinacao-antirrabica\/","name":"Prefeitura de Jo\u00e3o Pessoa registra grande mobiliza\u00e7\u00e3o em Dia D de vacina\u00e7\u00e3o antirr\u00e1bica - Encontra Jo\u00e3o Pessoa","isPartOf":{"@id":"https:\/\/www.encontrajoaopessoa.com.br\/sobre\/#website"},"primaryImageOfPage":{"@id":"https:\/\/www.encontrajoaopessoa.com.br\/sobre\/prefeitura-de-joao-pessoa-registra-grande-mobilizacao-em-dia-d-de-vacinacao-antirrabica\/#primaryimage"},"image":{"@id":"https:\/\/www.encontrajoaopessoa.com.br\/sobre\/prefeitura-de-joao-pessoa-registra-grande-mobilizacao-em-dia-d-de-vacinacao-antirrabica\/#primaryimage"},"thumbnailUrl":"https:\/\/www.encontrajoaopessoa.com.br\/sobre\/wp-content\/uploads\/2026\/09\/prefeitura-de-joao-pessoa-registra-grande-mobilizacao-em-dia-d-de-vacinacao-antirrabica.webp","datePublished":"2026-09-02T04:40:14+00:00","author":{"@id":"https:\/\/www.encontrajoaopessoa.com.br\/sobre\/#\/schema\/person\/dcf4dbc803217a030dfb489f4a014aca"},"breadcrumb":{"@id":"https:\/\/www.encontrajoaopessoa.com.br\/sobre\/prefeitura-de-joao-pessoa-registra-grande-mobilizacao-em-dia-d-de-vacinacao-antirrabica\/#breadcrumb"},"inLanguage":"pt-BR","potentialAction":[{"@type":"ReadAction","target":["https:\/\/www.encontrajoaopessoa.com.br\/sobre\/prefeitura-de-joao-pessoa-registra-grande-mobilizacao-em-dia-d-de-vacinacao-antirrabica\/"]}]},{"@type":"ImageObject","inLanguage":"pt-BR","@id":"https:\/\/www.encontrajoaopessoa.com.br\/sobre\/prefeitura-de-joao-pessoa-registra-grande-mobilizacao-em-dia-d-de-vacinacao-antirrabica\/#primaryimage","url":"https:\/\/www.encontrajoaopessoa.com.br\/sobre\/wp-content\/uploads\/2026\/09\/prefeitura-de-joao-pessoa-registra-grande-mobilizacao-em-dia-d-de-vacinacao-antirrabica.webp","contentUrl":"https:\/\/www.encontrajoaopessoa.com.br\/sobre\/wp-content\/uploads\/2026\/09\/prefeitura-de-joao-pessoa-registra-grande-mobilizacao-em-dia-d-de-vacinacao-antirrabica.webp","width":280,"height":280,"caption":"vacina\u00e7\u00e3o antirr\u00e1bica"},{"@type":"BreadcrumbList","@id":"https:\/\/www.encontrajoaopessoa.com.br\/sobre\/prefeitura-de-joao-pessoa-registra-grande-mobilizacao-em-dia-d-de-vacinacao-antirrabica\/#breadcrumb","itemListElement":[{"@type":"ListItem","position":1,"name":"In\u00edcio","item":"https:\/\/www.encontrajoaopessoa.com.br\/sobre\/"},{"@type":"ListItem","position":2,"name":"Prefeitura de Jo\u00e3o Pessoa registra grande mobiliza\u00e7\u00e3o em Dia D de vacina\u00e7\u00e3o antirr\u00e1bica"}]},{"@type":"WebSite","@id":"https:\/\/www.encontrajoaopessoa.com.br\/sobre\/#website","url":"https:\/\/www.encontrajoaopessoa.com.br\/sobre\/","name":"Encontra Jo\u00e3o Pessoa","description":"Not\u00edcias, eventos, informa\u00e7\u00f5es e dicas na cidade Jo\u00e3o Pessoa e regi\u00e3o.","potentialAction":[{"@type":"SearchAction","target":{"@type":"EntryPoint","urlTemplate":"https:\/\/www.encontrajoaopessoa.com.br\/sobre\/?s={search_term_string}"},"query-input":{"@type":"PropertyValueSpecification","valueRequired":true,"valueName":"search_term_string"}}],"inLanguage":"pt-BR"},{"@type":"Person","@id":"https:\/\/www.encontrajoaopessoa.com.br\/sobre\/#\/schema\/person\/dcf4dbc803217a030dfb489f4a014aca","name":"Encontra Jo\u00e3o Pessoa","image":{"@type":"ImageObject","inLanguage":"pt-BR","@id":"https:\/\/secure.gravatar.com\/avatar\/507340682b8270222e1f208e23198b6ae7e2c6a1033ae84e99bc6bce4f82a387?s=96&d=mm&r=g","url":"https:\/\/secure.gravatar.com\/avatar\/507340682b8270222e1f208e23198b6ae7e2c6a1033ae84e99bc6bce4f82a387?s=96&d=mm&r=g","contentUrl":"https:\/\/secure.gravatar.com\/avatar\/507340682b8270222e1f208e23198b6ae7e2c6a1033ae84e99bc6bce4f82a387?s=96&d=mm&r=g","caption":"Encontra Jo\u00e3o Pessoa"},"url":"https:\/\/www.encontrajoaopessoa.com.br\/sobre\/author\/ejoaopessoa\/"}]}},"_links":{"self":[{"href":"https:\/\/www.encontrajoaopessoa.com.br\/sobre\/wp-json\/wp\/v2\/posts\/2289","targetHints":{"allow":["GET"]}}],"collection":[{"href":"https:\/\/www.encontrajoaopessoa.com.br\/sobre\/wp-json\/wp\/v2\/posts"}],"about":[{"href":"https:\/\/www.encontrajoaopessoa.com.br\/sobre\/wp-json\/wp\/v2\/types\/post"}],"author":[{"embeddable":true,"href":"https:\/\/www.encontrajoaopessoa.com.br\/sobre\/wp-json\/wp\/v2\/users\/1"}],"replies":[{"embeddable":true,"href":"https:\/\/www.encontrajoaopessoa.com.br\/sobre\/wp-json\/wp\/v2\/comments?post=2289"}],"version-history":[{"count":0,"href":"https:\/\/www.encontrajoaopessoa.com.br\/sobre\/wp-json\/wp\/v2\/posts\/2289\/revisions"}],"wp:featuredmedia":[{"embeddable":true,"href":"https:\/\/www.encontrajoaopessoa.com.br\/sobre\/wp-json\/wp\/v2\/media\/2288"}],"wp:attachment":[{"href":"https:\/\/www.encontrajoaopessoa.com.br\/sobre\/wp-json\/wp\/v2\/media?parent=2289"}],"wp:term":[{"taxonomy":"category","embeddable":true,"href":"https:\/\/www.encontrajoaopessoa.com.br\/sobre\/wp-json\/wp\/v2\/categories?post=2289"},{"taxonomy":"post_tag","embeddable":true,"href":"https:\/\/www.encontrajoaopessoa.com.br\/sobre\/wp-json\/wp\/v2\/tags?post=2289"}],"curies":[{"name":"wp","href":"https:\/\/api.w.org\/{rel}","templated":true}]}}