{"id":2287,"date":"2026-09-02T01:38:51","date_gmt":"2026-09-02T04:38:51","guid":{"rendered":"https:\/\/www.encontrajoaopessoa.com.br\/sobre\/leo-bezerra-entrega-centro-dia-e-amplia-rede-de-protecao-e-inclusao-em-joao-pessoa\/"},"modified":"2026-09-02T01:38:51","modified_gmt":"2026-09-02T04:38:51","slug":"leo-bezerra-entrega-centro-dia-e-amplia-rede-de-protecao-e-inclusao-em-joao-pessoa","status":"publish","type":"post","link":"https:\/\/www.encontrajoaopessoa.com.br\/sobre\/leo-bezerra-entrega-centro-dia-e-amplia-rede-de-protecao-e-inclusao-em-joao-pessoa\/","title":{"rendered":"Leo Bezerra entrega Centro Dia e amplia rede de prote\u00e7\u00e3o e inclus\u00e3o em Jo\u00e3o Pessoa"},"content":{"rendered":"<div class=\"866aa4a7c674253f40eaa20e0e3e928c\" data-index=\"1\" style=\"float: none; margin:0px;\">\n<!-- Anuncio display - global -->\r\n<ins class=\"adsbygoogle\"\r\n     style=\"display:block\"\r\n     data-ad-client=\"ca-pub-8585364105181520\"\r\n     data-ad-slot=\"8789329856\"\r\n     data-ad-format=\"auto\"\r\n     data-full-width-responsive=\"true\"><\/ins>\r\n<script>\r\n     (adsbygoogle = window.adsbygoogle || []).push({});\r\n<\/script>\n<\/div>\n<h2>Inaugura\u00e7\u00e3o do Centro Dia<\/h2>\n<p>No dia 1\u00ba de setembro de 2026, a Prefeitura de Jo\u00e3o Pessoa, sob a lideran\u00e7a do prefeito Leo Bezerra, inaugurou o Centro Dia de Habilita\u00e7\u00e3o e Reabilita\u00e7\u00e3o de Crian\u00e7as e Adolescentes. Esta nova instala\u00e7\u00e3o visa expandir a rede de apoio a pessoas com defici\u00eancia e neurodivergentes, oferecendo servi\u00e7os integrados e multidisciplinares.<\/p>\n<h2>Espa\u00e7o Cuidar: Um Pilar de Inclus\u00e3o<\/h2>\n<p>O Centro Dia complementa o Espa\u00e7o Cuidar, localizado no bairro dos Banc\u00e1rios, que j\u00e1 oferecia assist\u00eancia a indiv\u00edduos com necessidades especiais. Com a abertura do Centro Dia, os servi\u00e7os se tornam mais amplos e acess\u00edveis, criando um ambiente prop\u00edcio para o desenvolvimento e inclus\u00e3o social das crian\u00e7as e adolescentes atendidos.<\/p>\n<h2>A Rede de Prote\u00e7\u00e3o em Jo\u00e3o Pessoa<\/h2>\n<p>A presen\u00e7a do Centro Dia, que se junta ao Espa\u00e7o Acolher e ao Centro de Doen\u00e7as Raras, fortalece a rede de prote\u00e7\u00e3o social na regi\u00e3o. Esta localiza\u00e7\u00e3o estrat\u00e9gica permite que as fam\u00edlias tenham acesso a m\u00faltiplos servi\u00e7os de assist\u00eancia social, sa\u00fade e educa\u00e7\u00e3o, promovendo um suporte abrangente e eficiente.<\/p>\n<p><img decoding=\"async\" src=\"https:\/\/www.encontrajoaopessoa.com.br\/sobre\/wp-content\/uploads\/2026\/09\/leo-bezerra-entrega-centro-dia-e-amplia-rede-de-protecao-e-inclusao-em-joao-pessoa.webp\" alt=\"Centro Dia\" loading=\"lazy\" \/><\/p>\n<h2>Benef\u00edcios do Centro Dia<\/h2>\n<p>O novo centro n\u00e3o apenas amplia a infraestrutura dispon\u00edvel, mas tamb\u00e9m melhora a qualidade do atendimento. Com uma equipe especializada, o Centro Dia oferece servi\u00e7os de terapia e suporte educacional personalizado, respondendo \u00e0s necessidades espec\u00edficas de cada crian\u00e7a e adolescente. A prioridade \u00e9 garantir que aqueles em situa\u00e7\u00e3o de vulnerabilidade sejam atendidos de maneira eficaz.<\/p>\n<h2>Testemunhos de Fam\u00edlias Impactadas<\/h2>\n<p>Fam\u00edlias que j\u00e1 utilizam os servi\u00e7os do Centro Dia manifestam sua satisfa\u00e7\u00e3o com a nova estrutura. Josinaldo Ferreira, por exemplo, \u00e9 pai de Davi, um jovem autista que se beneficia das terapias oferecidas no local. Ele destaca os avan\u00e7os significativos que seu filho fez em socializa\u00e7\u00e3o e comportamento, ressaltando a import\u00e2ncia do apoio recebido.<\/p>\n<h2>Assist\u00eancia Social e Educa\u00e7\u00e3o em Foco<\/h2>\n<p>A gest\u00e3o do Centro Dia ser\u00e1 feita pela Secretaria de Direitos Humanos e Cidadania (Sedhuc). O espa\u00e7o \u00e9 focado em integrar a\u00e7\u00f5es de assist\u00eancia social com a educa\u00e7\u00e3o, promovendo um desenvolvimento hol\u00edstico para as crian\u00e7as e adolescentes atendidos. O objetivo \u00e9 criar um ambiente de aprendizado e inclus\u00e3o, quebrando barreiras sociais.<\/p>\n<h2>Desafios e Oportunidades da Inclus\u00e3o<\/h2>\n<p>Apesar dos avan\u00e7os, o cen\u00e1rio ainda apresenta desafios significativos. A exclus\u00e3o social continua a ser uma realidade para muitos. O Centro Dia est\u00e1 comprometido em intensificar suas a\u00e7\u00f5es para promover a inclus\u00e3o e socializa\u00e7\u00e3o, assegurando que as crian\u00e7as participem ativamente da vida social.<\/p>\n<h2>O Papel da Prefeitura na Inclus\u00e3o<\/h2>\n<p>A administra\u00e7\u00e3o municipal tem se mostrado efetiva na cria\u00e7\u00e3o de pol\u00edticas p\u00fablicas voltadas para a inclus\u00e3o social. Leo Bezerra enalteceu a import\u00e2ncia do Centro Dia como uma porta de entrada vital para aqueles que precisam de assist\u00eancia. A colabora\u00e7\u00e3o entre diferentes secretarias \u00e9 crucial para fortalecer essas iniciativas.<\/p>\n<h2>Atendimentos Multidisciplinares no Centro Dia<\/h2>\n<p>O Centro Dia se destaca pela variedade de atendimentos que oferece: desde terapias ocupacionais at\u00e9 atividades educativas. Essa abordagem multidisciplinar permite abordagens personalizadas, essenciais para o desenvolvimento das habilidades de cada usu\u00e1rio.<\/p>\n<h2>Futuro da Inclus\u00e3o e Prote\u00e7\u00e3o Social em Jo\u00e3o Pessoa<\/h2>\n<p>Com a inaugura\u00e7\u00e3o do Centro Dia, Jo\u00e3o Pessoa d\u00e1 um passo importante em dire\u00e7\u00e3o \u00e0 prote\u00e7\u00e3o e inclus\u00e3o social. O compromisso da administra\u00e7\u00e3o em desenvolver estruturas que atendam a necessidade da popula\u00e7\u00e3o em situa\u00e7\u00e3o de vulnerabilidade \u00e9 um exemplo a ser seguido. O futuro parece promissor, e o centro ser\u00e1 fundamental na continuidade desse trabalho.<\/p>\n\n<div style=\"font-size: 0px; height: 0px; line-height: 0px; margin: 0; padding: 0; clear: both;\"><\/div>","protected":false},"excerpt":{"rendered":"<p>Centro Dia em Jo\u00e3o Pessoa amplia a rede de prote\u00e7\u00e3o e inclus\u00e3o social.<\/p>\n","protected":false},"author":1,"featured_media":2286,"comment_status":"closed","ping_status":"closed","sticky":false,"template":"","format":"standard","meta":{"footnotes":""},"categories":[27],"tags":[],"class_list":["post-2287","post","type-post","status-publish","format-standard","has-post-thumbnail","hentry","category-educacao-em-joao-pessoa","has_thumb"],"yoast_head":"<!-- This site is optimized with the Yoast SEO plugin v28.2 - https:\/\/yoast.com\/product\/yoast-seo-wordpress\/ -->\n<title>Leo Bezerra entrega Centro Dia e amplia rede de prote\u00e7\u00e3o e inclus\u00e3o em Jo\u00e3o Pessoa - Encontra Jo\u00e3o Pessoa<\/title>\n<meta name=\"robots\" content=\"index, follow, max-snippet:-1, max-image-preview:large, max-video-preview:-1\" \/>\n<link rel=\"canonical\" href=\"https:\/\/www.encontrajoaopessoa.com.br\/sobre\/leo-bezerra-entrega-centro-dia-e-amplia-rede-de-protecao-e-inclusao-em-joao-pessoa\/\" \/>\n<meta property=\"og:locale\" content=\"pt_BR\" \/>\n<meta property=\"og:type\" content=\"article\" \/>\n<meta property=\"og:title\" content=\"Leo Bezerra entrega Centro Dia e amplia rede de prote\u00e7\u00e3o e inclus\u00e3o em Jo\u00e3o Pessoa - Encontra Jo\u00e3o Pessoa\" \/>\n<meta property=\"og:description\" content=\"Centro Dia em Jo\u00e3o Pessoa amplia a rede de prote\u00e7\u00e3o e inclus\u00e3o social.\" \/>\n<meta property=\"og:url\" content=\"https:\/\/www.encontrajoaopessoa.com.br\/sobre\/leo-bezerra-entrega-centro-dia-e-amplia-rede-de-protecao-e-inclusao-em-joao-pessoa\/\" \/>\n<meta property=\"og:site_name\" content=\"Encontra Jo\u00e3o Pessoa\" \/>\n<meta property=\"article:published_time\" content=\"2026-09-02T04:38:51+00:00\" \/>\n<meta property=\"og:image\" content=\"https:\/\/www.encontrajoaopessoa.com.br\/sobre\/wp-content\/uploads\/2026\/09\/leo-bezerra-entrega-centro-dia-e-amplia-rede-de-protecao-e-inclusao-em-joao-pessoa.webp\" \/>\n<meta name=\"author\" content=\"Encontra Jo\u00e3o Pessoa\" \/>\n<meta name=\"twitter:card\" content=\"summary_large_image\" \/>\n<meta name=\"twitter:label1\" content=\"Escrito por\" \/>\n\t<meta name=\"twitter:data1\" content=\"Encontra Jo\u00e3o Pessoa\" \/>\n\t<meta name=\"twitter:label2\" content=\"Est. tempo de leitura\" \/>\n\t<meta name=\"twitter:data2\" content=\"3 minutos\" \/>\n<script type=\"application\/ld+json\" class=\"yoast-schema-graph\">{\"@context\":\"https:\\\/\\\/schema.org\",\"@graph\":[{\"@type\":\"Article\",\"@id\":\"https:\\\/\\\/www.encontrajoaopessoa.com.br\\\/sobre\\\/leo-bezerra-entrega-centro-dia-e-amplia-rede-de-protecao-e-inclusao-em-joao-pessoa\\\/#article\",\"isPartOf\":{\"@id\":\"https:\\\/\\\/www.encontrajoaopessoa.com.br\\\/sobre\\\/leo-bezerra-entrega-centro-dia-e-amplia-rede-de-protecao-e-inclusao-em-joao-pessoa\\\/\"},\"author\":{\"name\":\"Encontra Jo\u00e3o Pessoa\",\"@id\":\"https:\\\/\\\/www.encontrajoaopessoa.com.br\\\/sobre\\\/#\\\/schema\\\/person\\\/dcf4dbc803217a030dfb489f4a014aca\"},\"headline\":\"Leo Bezerra entrega Centro Dia e amplia rede de prote\u00e7\u00e3o e inclus\u00e3o em Jo\u00e3o Pessoa\",\"datePublished\":\"2026-09-02T04:38:51+00:00\",\"mainEntityOfPage\":{\"@id\":\"https:\\\/\\\/www.encontrajoaopessoa.com.br\\\/sobre\\\/leo-bezerra-entrega-centro-dia-e-amplia-rede-de-protecao-e-inclusao-em-joao-pessoa\\\/\"},\"wordCount\":642,\"image\":{\"@id\":\"https:\\\/\\\/www.encontrajoaopessoa.com.br\\\/sobre\\\/leo-bezerra-entrega-centro-dia-e-amplia-rede-de-protecao-e-inclusao-em-joao-pessoa\\\/#primaryimage\"},\"thumbnailUrl\":\"https:\\\/\\\/www.encontrajoaopessoa.com.br\\\/sobre\\\/wp-content\\\/uploads\\\/2026\\\/09\\\/leo-bezerra-entrega-centro-dia-e-amplia-rede-de-protecao-e-inclusao-em-joao-pessoa.webp\",\"articleSection\":[\"Educa\u00e7\u00e3o Jo\u00e3o Pessoa\"],\"inLanguage\":\"pt-BR\"},{\"@type\":\"WebPage\",\"@id\":\"https:\\\/\\\/www.encontrajoaopessoa.com.br\\\/sobre\\\/leo-bezerra-entrega-centro-dia-e-amplia-rede-de-protecao-e-inclusao-em-joao-pessoa\\\/\",\"url\":\"https:\\\/\\\/www.encontrajoaopessoa.com.br\\\/sobre\\\/leo-bezerra-entrega-centro-dia-e-amplia-rede-de-protecao-e-inclusao-em-joao-pessoa\\\/\",\"name\":\"Leo Bezerra entrega Centro Dia e amplia rede de prote\u00e7\u00e3o e inclus\u00e3o em Jo\u00e3o Pessoa - Encontra Jo\u00e3o Pessoa\",\"isPartOf\":{\"@id\":\"https:\\\/\\\/www.encontrajoaopessoa.com.br\\\/sobre\\\/#website\"},\"primaryImageOfPage\":{\"@id\":\"https:\\\/\\\/www.encontrajoaopessoa.com.br\\\/sobre\\\/leo-bezerra-entrega-centro-dia-e-amplia-rede-de-protecao-e-inclusao-em-joao-pessoa\\\/#primaryimage\"},\"image\":{\"@id\":\"https:\\\/\\\/www.encontrajoaopessoa.com.br\\\/sobre\\\/leo-bezerra-entrega-centro-dia-e-amplia-rede-de-protecao-e-inclusao-em-joao-pessoa\\\/#primaryimage\"},\"thumbnailUrl\":\"https:\\\/\\\/www.encontrajoaopessoa.com.br\\\/sobre\\\/wp-content\\\/uploads\\\/2026\\\/09\\\/leo-bezerra-entrega-centro-dia-e-amplia-rede-de-protecao-e-inclusao-em-joao-pessoa.webp\",\"datePublished\":\"2026-09-02T04:38:51+00:00\",\"author\":{\"@id\":\"https:\\\/\\\/www.encontrajoaopessoa.com.br\\\/sobre\\\/#\\\/schema\\\/person\\\/dcf4dbc803217a030dfb489f4a014aca\"},\"breadcrumb\":{\"@id\":\"https:\\\/\\\/www.encontrajoaopessoa.com.br\\\/sobre\\\/leo-bezerra-entrega-centro-dia-e-amplia-rede-de-protecao-e-inclusao-em-joao-pessoa\\\/#breadcrumb\"},\"inLanguage\":\"pt-BR\",\"potentialAction\":[{\"@type\":\"ReadAction\",\"target\":[\"https:\\\/\\\/www.encontrajoaopessoa.com.br\\\/sobre\\\/leo-bezerra-entrega-centro-dia-e-amplia-rede-de-protecao-e-inclusao-em-joao-pessoa\\\/\"]}]},{\"@type\":\"ImageObject\",\"inLanguage\":\"pt-BR\",\"@id\":\"https:\\\/\\\/www.encontrajoaopessoa.com.br\\\/sobre\\\/leo-bezerra-entrega-centro-dia-e-amplia-rede-de-protecao-e-inclusao-em-joao-pessoa\\\/#primaryimage\",\"url\":\"https:\\\/\\\/www.encontrajoaopessoa.com.br\\\/sobre\\\/wp-content\\\/uploads\\\/2026\\\/09\\\/leo-bezerra-entrega-centro-dia-e-amplia-rede-de-protecao-e-inclusao-em-joao-pessoa.webp\",\"contentUrl\":\"https:\\\/\\\/www.encontrajoaopessoa.com.br\\\/sobre\\\/wp-content\\\/uploads\\\/2026\\\/09\\\/leo-bezerra-entrega-centro-dia-e-amplia-rede-de-protecao-e-inclusao-em-joao-pessoa.webp\",\"width\":280,\"height\":280,\"caption\":\"Centro Dia\"},{\"@type\":\"BreadcrumbList\",\"@id\":\"https:\\\/\\\/www.encontrajoaopessoa.com.br\\\/sobre\\\/leo-bezerra-entrega-centro-dia-e-amplia-rede-de-protecao-e-inclusao-em-joao-pessoa\\\/#breadcrumb\",\"itemListElement\":[{\"@type\":\"ListItem\",\"position\":1,\"name\":\"In\u00edcio\",\"item\":\"https:\\\/\\\/www.encontrajoaopessoa.com.br\\\/sobre\\\/\"},{\"@type\":\"ListItem\",\"position\":2,\"name\":\"Leo Bezerra entrega Centro Dia e amplia rede de prote\u00e7\u00e3o e inclus\u00e3o em Jo\u00e3o Pessoa\"}]},{\"@type\":\"WebSite\",\"@id\":\"https:\\\/\\\/www.encontrajoaopessoa.com.br\\\/sobre\\\/#website\",\"url\":\"https:\\\/\\\/www.encontrajoaopessoa.com.br\\\/sobre\\\/\",\"name\":\"Encontra Jo\u00e3o Pessoa\",\"description\":\"Not\u00edcias, eventos, informa\u00e7\u00f5es e dicas na cidade Jo\u00e3o Pessoa e regi\u00e3o.\",\"potentialAction\":[{\"@type\":\"SearchAction\",\"target\":{\"@type\":\"EntryPoint\",\"urlTemplate\":\"https:\\\/\\\/www.encontrajoaopessoa.com.br\\\/sobre\\\/?s={search_term_string}\"},\"query-input\":{\"@type\":\"PropertyValueSpecification\",\"valueRequired\":true,\"valueName\":\"search_term_string\"}}],\"inLanguage\":\"pt-BR\"},{\"@type\":\"Person\",\"@id\":\"https:\\\/\\\/www.encontrajoaopessoa.com.br\\\/sobre\\\/#\\\/schema\\\/person\\\/dcf4dbc803217a030dfb489f4a014aca\",\"name\":\"Encontra Jo\u00e3o Pessoa\",\"image\":{\"@type\":\"ImageObject\",\"inLanguage\":\"pt-BR\",\"@id\":\"https:\\\/\\\/secure.gravatar.com\\\/avatar\\\/507340682b8270222e1f208e23198b6ae7e2c6a1033ae84e99bc6bce4f82a387?s=96&d=mm&r=g\",\"url\":\"https:\\\/\\\/secure.gravatar.com\\\/avatar\\\/507340682b8270222e1f208e23198b6ae7e2c6a1033ae84e99bc6bce4f82a387?s=96&d=mm&r=g\",\"contentUrl\":\"https:\\\/\\\/secure.gravatar.com\\\/avatar\\\/507340682b8270222e1f208e23198b6ae7e2c6a1033ae84e99bc6bce4f82a387?s=96&d=mm&r=g\",\"caption\":\"Encontra Jo\u00e3o Pessoa\"},\"url\":\"https:\\\/\\\/www.encontrajoaopessoa.com.br\\\/sobre\\\/author\\\/ejoaopessoa\\\/\"}]}<\/script>\n<!-- \/ Yoast SEO plugin. -->","yoast_head_json":{"title":"Leo Bezerra entrega Centro Dia e amplia rede de prote\u00e7\u00e3o e inclus\u00e3o em Jo\u00e3o Pessoa - Encontra Jo\u00e3o Pessoa","robots":{"index":"index","follow":"follow","max-snippet":"max-snippet:-1","max-image-preview":"max-image-preview:large","max-video-preview":"max-video-preview:-1"},"canonical":"https:\/\/www.encontrajoaopessoa.com.br\/sobre\/leo-bezerra-entrega-centro-dia-e-amplia-rede-de-protecao-e-inclusao-em-joao-pessoa\/","og_locale":"pt_BR","og_type":"article","og_title":"Leo Bezerra entrega Centro Dia e amplia rede de prote\u00e7\u00e3o e inclus\u00e3o em Jo\u00e3o Pessoa - Encontra Jo\u00e3o Pessoa","og_description":"Centro Dia em Jo\u00e3o Pessoa amplia a rede de prote\u00e7\u00e3o e inclus\u00e3o social.","og_url":"https:\/\/www.encontrajoaopessoa.com.br\/sobre\/leo-bezerra-entrega-centro-dia-e-amplia-rede-de-protecao-e-inclusao-em-joao-pessoa\/","og_site_name":"Encontra Jo\u00e3o Pessoa","article_published_time":"2026-09-02T04:38:51+00:00","og_image":[{"url":"https:\/\/www.encontrajoaopessoa.com.br\/sobre\/wp-content\/uploads\/2026\/09\/leo-bezerra-entrega-centro-dia-e-amplia-rede-de-protecao-e-inclusao-em-joao-pessoa.webp","type":"","width":"","height":""}],"author":"Encontra Jo\u00e3o Pessoa","twitter_card":"summary_large_image","twitter_misc":{"Escrito por":"Encontra Jo\u00e3o Pessoa","Est. tempo de leitura":"3 minutos"},"schema":{"@context":"https:\/\/schema.org","@graph":[{"@type":"Article","@id":"https:\/\/www.encontrajoaopessoa.com.br\/sobre\/leo-bezerra-entrega-centro-dia-e-amplia-rede-de-protecao-e-inclusao-em-joao-pessoa\/#article","isPartOf":{"@id":"https:\/\/www.encontrajoaopessoa.com.br\/sobre\/leo-bezerra-entrega-centro-dia-e-amplia-rede-de-protecao-e-inclusao-em-joao-pessoa\/"},"author":{"name":"Encontra Jo\u00e3o Pessoa","@id":"https:\/\/www.encontrajoaopessoa.com.br\/sobre\/#\/schema\/person\/dcf4dbc803217a030dfb489f4a014aca"},"headline":"Leo Bezerra entrega Centro Dia e amplia rede de prote\u00e7\u00e3o e inclus\u00e3o em Jo\u00e3o Pessoa","datePublished":"2026-09-02T04:38:51+00:00","mainEntityOfPage":{"@id":"https:\/\/www.encontrajoaopessoa.com.br\/sobre\/leo-bezerra-entrega-centro-dia-e-amplia-rede-de-protecao-e-inclusao-em-joao-pessoa\/"},"wordCount":642,"image":{"@id":"https:\/\/www.encontrajoaopessoa.com.br\/sobre\/leo-bezerra-entrega-centro-dia-e-amplia-rede-de-protecao-e-inclusao-em-joao-pessoa\/#primaryimage"},"thumbnailUrl":"https:\/\/www.encontrajoaopessoa.com.br\/sobre\/wp-content\/uploads\/2026\/09\/leo-bezerra-entrega-centro-dia-e-amplia-rede-de-protecao-e-inclusao-em-joao-pessoa.webp","articleSection":["Educa\u00e7\u00e3o Jo\u00e3o Pessoa"],"inLanguage":"pt-BR"},{"@type":"WebPage","@id":"https:\/\/www.encontrajoaopessoa.com.br\/sobre\/leo-bezerra-entrega-centro-dia-e-amplia-rede-de-protecao-e-inclusao-em-joao-pessoa\/","url":"https:\/\/www.encontrajoaopessoa.com.br\/sobre\/leo-bezerra-entrega-centro-dia-e-amplia-rede-de-protecao-e-inclusao-em-joao-pessoa\/","name":"Leo Bezerra entrega Centro Dia e amplia rede de prote\u00e7\u00e3o e inclus\u00e3o em Jo\u00e3o Pessoa - Encontra Jo\u00e3o Pessoa","isPartOf":{"@id":"https:\/\/www.encontrajoaopessoa.com.br\/sobre\/#website"},"primaryImageOfPage":{"@id":"https:\/\/www.encontrajoaopessoa.com.br\/sobre\/leo-bezerra-entrega-centro-dia-e-amplia-rede-de-protecao-e-inclusao-em-joao-pessoa\/#primaryimage"},"image":{"@id":"https:\/\/www.encontrajoaopessoa.com.br\/sobre\/leo-bezerra-entrega-centro-dia-e-amplia-rede-de-protecao-e-inclusao-em-joao-pessoa\/#primaryimage"},"thumbnailUrl":"https:\/\/www.encontrajoaopessoa.com.br\/sobre\/wp-content\/uploads\/2026\/09\/leo-bezerra-entrega-centro-dia-e-amplia-rede-de-protecao-e-inclusao-em-joao-pessoa.webp","datePublished":"2026-09-02T04:38:51+00:00","author":{"@id":"https:\/\/www.encontrajoaopessoa.com.br\/sobre\/#\/schema\/person\/dcf4dbc803217a030dfb489f4a014aca"},"breadcrumb":{"@id":"https:\/\/www.encontrajoaopessoa.com.br\/sobre\/leo-bezerra-entrega-centro-dia-e-amplia-rede-de-protecao-e-inclusao-em-joao-pessoa\/#breadcrumb"},"inLanguage":"pt-BR","potentialAction":[{"@type":"ReadAction","target":["https:\/\/www.encontrajoaopessoa.com.br\/sobre\/leo-bezerra-entrega-centro-dia-e-amplia-rede-de-protecao-e-inclusao-em-joao-pessoa\/"]}]},{"@type":"ImageObject","inLanguage":"pt-BR","@id":"https:\/\/www.encontrajoaopessoa.com.br\/sobre\/leo-bezerra-entrega-centro-dia-e-amplia-rede-de-protecao-e-inclusao-em-joao-pessoa\/#primaryimage","url":"https:\/\/www.encontrajoaopessoa.com.br\/sobre\/wp-content\/uploads\/2026\/09\/leo-bezerra-entrega-centro-dia-e-amplia-rede-de-protecao-e-inclusao-em-joao-pessoa.webp","contentUrl":"https:\/\/www.encontrajoaopessoa.com.br\/sobre\/wp-content\/uploads\/2026\/09\/leo-bezerra-entrega-centro-dia-e-amplia-rede-de-protecao-e-inclusao-em-joao-pessoa.webp","width":280,"height":280,"caption":"Centro Dia"},{"@type":"BreadcrumbList","@id":"https:\/\/www.encontrajoaopessoa.com.br\/sobre\/leo-bezerra-entrega-centro-dia-e-amplia-rede-de-protecao-e-inclusao-em-joao-pessoa\/#breadcrumb","itemListElement":[{"@type":"ListItem","position":1,"name":"In\u00edcio","item":"https:\/\/www.encontrajoaopessoa.com.br\/sobre\/"},{"@type":"ListItem","position":2,"name":"Leo Bezerra entrega Centro Dia e amplia rede de prote\u00e7\u00e3o e inclus\u00e3o em Jo\u00e3o Pessoa"}]},{"@type":"WebSite","@id":"https:\/\/www.encontrajoaopessoa.com.br\/sobre\/#website","url":"https:\/\/www.encontrajoaopessoa.com.br\/sobre\/","name":"Encontra Jo\u00e3o Pessoa","description":"Not\u00edcias, eventos, informa\u00e7\u00f5es e dicas na cidade Jo\u00e3o Pessoa e regi\u00e3o.","potentialAction":[{"@type":"SearchAction","target":{"@type":"EntryPoint","urlTemplate":"https:\/\/www.encontrajoaopessoa.com.br\/sobre\/?s={search_term_string}"},"query-input":{"@type":"PropertyValueSpecification","valueRequired":true,"valueName":"search_term_string"}}],"inLanguage":"pt-BR"},{"@type":"Person","@id":"https:\/\/www.encontrajoaopessoa.com.br\/sobre\/#\/schema\/person\/dcf4dbc803217a030dfb489f4a014aca","name":"Encontra Jo\u00e3o Pessoa","image":{"@type":"ImageObject","inLanguage":"pt-BR","@id":"https:\/\/secure.gravatar.com\/avatar\/507340682b8270222e1f208e23198b6ae7e2c6a1033ae84e99bc6bce4f82a387?s=96&d=mm&r=g","url":"https:\/\/secure.gravatar.com\/avatar\/507340682b8270222e1f208e23198b6ae7e2c6a1033ae84e99bc6bce4f82a387?s=96&d=mm&r=g","contentUrl":"https:\/\/secure.gravatar.com\/avatar\/507340682b8270222e1f208e23198b6ae7e2c6a1033ae84e99bc6bce4f82a387?s=96&d=mm&r=g","caption":"Encontra Jo\u00e3o Pessoa"},"url":"https:\/\/www.encontrajoaopessoa.com.br\/sobre\/author\/ejoaopessoa\/"}]}},"_links":{"self":[{"href":"https:\/\/www.encontrajoaopessoa.com.br\/sobre\/wp-json\/wp\/v2\/posts\/2287","targetHints":{"allow":["GET"]}}],"collection":[{"href":"https:\/\/www.encontrajoaopessoa.com.br\/sobre\/wp-json\/wp\/v2\/posts"}],"about":[{"href":"https:\/\/www.encontrajoaopessoa.com.br\/sobre\/wp-json\/wp\/v2\/types\/post"}],"author":[{"embeddable":true,"href":"https:\/\/www.encontrajoaopessoa.com.br\/sobre\/wp-json\/wp\/v2\/users\/1"}],"replies":[{"embeddable":true,"href":"https:\/\/www.encontrajoaopessoa.com.br\/sobre\/wp-json\/wp\/v2\/comments?post=2287"}],"version-history":[{"count":0,"href":"https:\/\/www.encontrajoaopessoa.com.br\/sobre\/wp-json\/wp\/v2\/posts\/2287\/revisions"}],"wp:featuredmedia":[{"embeddable":true,"href":"https:\/\/www.encontrajoaopessoa.com.br\/sobre\/wp-json\/wp\/v2\/media\/2286"}],"wp:attachment":[{"href":"https:\/\/www.encontrajoaopessoa.com.br\/sobre\/wp-json\/wp\/v2\/media?parent=2287"}],"wp:term":[{"taxonomy":"category","embeddable":true,"href":"https:\/\/www.encontrajoaopessoa.com.br\/sobre\/wp-json\/wp\/v2\/categories?post=2287"},{"taxonomy":"post_tag","embeddable":true,"href":"https:\/\/www.encontrajoaopessoa.com.br\/sobre\/wp-json\/wp\/v2\/tags?post=2287"}],"curies":[{"name":"wp","href":"https:\/\/api.w.org\/{rel}","templated":true}]}}