{"id":2283,"date":"2026-09-01T01:39:45","date_gmt":"2026-09-01T04:39:45","guid":{"rendered":"https:\/\/www.encontrajoaopessoa.com.br\/sobre\/samara-martins-candidata-a-presidencia-defende-fim-da-escala-6x1-em-joao-pessoa\/"},"modified":"2026-09-01T01:39:45","modified_gmt":"2026-09-01T04:39:45","slug":"samara-martins-candidata-a-presidencia-defende-fim-da-escala-6x1-em-joao-pessoa","status":"publish","type":"post","link":"https:\/\/www.encontrajoaopessoa.com.br\/sobre\/samara-martins-candidata-a-presidencia-defende-fim-da-escala-6x1-em-joao-pessoa\/","title":{"rendered":"Samara Martins, candidata \u00e0 Presid\u00eancia, defende fim da escala 6&#215;1, em Jo\u00e3o Pessoa"},"content":{"rendered":"<div class=\"866aa4a7c674253f40eaa20e0e3e928c\" data-index=\"1\" style=\"float: none; margin:0px;\">\n<!-- Anuncio display - global -->\r\n<ins class=\"adsbygoogle\"\r\n     style=\"display:block\"\r\n     data-ad-client=\"ca-pub-8585364105181520\"\r\n     data-ad-slot=\"8789329856\"\r\n     data-ad-format=\"auto\"\r\n     data-full-width-responsive=\"true\"><\/ins>\r\n<script>\r\n     (adsbygoogle = window.adsbygoogle || []).push({});\r\n<\/script>\n<\/div>\n<h2>Defesa da Mudan\u00e7a da Escala 6&#215;1<\/h2>\n<p>A candidata Samara Martins, que concorre \u00e0 presid\u00eancia, levanta a voz em favor da altera\u00e7\u00e3o no regime de trabalho 6&#215;1, que est\u00e1 vigente em algumas categorias, como a de funcion\u00e1rios de limpeza urbana. Durante seus discursos e entrevistas, ela destaca que essa mudan\u00e7a \u00e9 essencial para proporcionar melhores condi\u00e7\u00f5es de trabalho e mais equil\u00edbrio na vida dos trabalhadores. Essa mudan\u00e7a n\u00e3o \u00e9 apenas uma quest\u00e3o de redu\u00e7\u00e3o de carga hor\u00e1ria, mas sim um passo significativo em dire\u00e7\u00e3o \u00e0 valoriza\u00e7\u00e3o do trabalhador.<\/p>\n<h2>Apoio Popular e Mobiliza\u00e7\u00e3o<\/h2>\n<p>Em suas andan\u00e7as pela Para\u00edba, Samara tem atra\u00eddo a aten\u00e7\u00e3o e o apoio de muitos cidad\u00e3os. Reuni\u00f5es em centros comunit\u00e1rios e eventos ao ar livre t\u00eam se tornado oportunidades para ela apresentar suas ideias e ouvir as demandas da popula\u00e7\u00e3o. O apoio popular para sua proposta de modificar a escala de trabalho reflete uma demanda crescente por justi\u00e7a social no ambiente profissional.<\/p>\n<h2>Propostas para uma Jornada de Trabalho Equitativa<\/h2>\n<ul>\n<li><strong>Redu\u00e7\u00e3o da Carga Hor\u00e1ria:<\/strong> A proposta de tradu\u00e7\u00e3o da jornada de trabalho 6&#215;1 para unidades mais justas, como 5&#215;2.<\/li>\n<li><strong>Aumento do Sal\u00e1rio M\u00ednimo:<\/strong> A candidata se compromete a lutar por um aumento de 100% no valor do sal\u00e1rio m\u00ednimo, proporcionando um padr\u00e3o de vida digno para os trabalhadores.<\/li>\n<li><strong>Implementa\u00e7\u00e3o de Pol\u00edticas Trabalhistas:<\/strong> A proposta inclui a cria\u00e7\u00e3o de leis que obriguem os parlamentares a utilizarem os mesmos servi\u00e7os p\u00fablicos que legislam, promovendo uma maior responsabilidade.<\/li>\n<\/ul>\n<h2>A Sa\u00fade e Educa\u00e7\u00e3o para Pol\u00edticos<\/h2>\n<p>Um dos pilares da campanha de Samara \u00e9 a exig\u00eancia de que os pol\u00edticos utilizem os servi\u00e7os p\u00fablicos de sa\u00fade e educa\u00e7\u00e3o. Para ela, essa \u00e9 uma forma de garantir que os legisladores entendam as realidades enfrentadas pela popula\u00e7\u00e3o e assim legislem de maneira mais eficaz e emp\u00e1tica. Essa proposta busca n\u00e3o apenas a melhoria desses servi\u00e7os, mas tamb\u00e9m a responsabilidade social dos pol\u00edticos.<\/p>\n<p><img decoding=\"async\" src=\"https:\/\/www.encontrajoaopessoa.com.br\/sobre\/wp-content\/uploads\/2026\/09\/samara-martins-candidata-a-presidencia-defende-fim-da-escala-6x1-em-joao-pessoa.webp\" alt=\"Samara Martins fim da escala 6x1\" loading=\"lazy\" \/><\/p>\n<h2>Impacto das Propostas nas Elei\u00e7\u00f5es 2026<\/h2>\n<p>A candidatura de Samara Martins se destaca nas elei\u00e7\u00f5es de 2026 por sua postura arrojada e por suas propostas voltadas para o trabalhador. A possibilidade de mudan\u00e7as significativas na legisla\u00e7\u00e3o do trabalho e na sa\u00fade p\u00fablica geram um impacto direto nas inten\u00e7\u00f5es de voto, especialmente entre os jovens e os trabalhadores.<\/p>\n<h2>Reuni\u00f5es Estrat\u00e9gicas com Apoiadores<\/h2>\n<p>Para fortalecer sua campanha, Samara est\u00e1 constantemente se reunindo com apoiadores e l\u00edderes comunit\u00e1rios. Esses encontros servem para discutir estrat\u00e9gias e alinhar os objetivos da campanha, al\u00e9m de criar uma rede de apoio que \u00e9 crucial para o sucesso eleitoral. O engajamento com a comunidade \u00e9 um ponto-forte em sua jornada pol\u00edtica.<\/p>\n<h2>A Carreata pela Mudan\u00e7a<\/h2>\n<p>Recentemente, a candidata participou de uma carreata em Jo\u00e3o Pessoa. Esse evento foi uma oportunidade para ela conectar-se com a base eleitoral e mostrar o apoio que recebe, al\u00e9m de promover um debate aberto sobre suas propostas. Durante a carreata, ficou evidente a mobiliza\u00e7\u00e3o em torno de seu nome e a expectativa positiva que ela gera.<\/p>\n<h2>Rea\u00e7\u00e3o da Comunidade e Apoiadores<\/h2>\n<p>O feedback da comunidade tem sido bastante positivo. Muitas pessoas se sentem representadas pelas ideias de Samara e h\u00e1 uma crescente expectativa em rela\u00e7\u00e3o \u00e0s suas propostas. A participa\u00e7\u00e3o ativa nas redes sociais e a presen\u00e7a em eventos locais s\u00e3o estrat\u00e9gias que t\u00eam servido para engajar ainda mais os cidad\u00e3os em torno de sua candidatura.<\/p>\n<h2>Pautas Trabalhadas em Jo\u00e3o Pessoa<\/h2>\n<p>As pautas trabalhadas em Jo\u00e3o Pessoa n\u00e3o se limitam apenas ao trabalho, mas abrangem sa\u00fade, educa\u00e7\u00e3o e justi\u00e7a social. A candidata acredita que todas essas quest\u00f5es est\u00e3o interligadas e que a verdadeira mudan\u00e7a s\u00f3 ser\u00e1 poss\u00edvel com uma abordagem hol\u00edstica. Assim, as discuss\u00f5es em sua campanha refletem essa vis\u00e3o ampla e integrada.<\/p>\n<h2>O Futuro da Pol\u00edtica com Samara Martins<\/h2>\n<p>Com base nas propostas de Samara Martins, o futuro da pol\u00edtica na Para\u00edba pode representar uma nova era de responsabilidade, compromisso e justi\u00e7a social. A candidata busca instaurar um di\u00e1logo constante entre os representantes e a sociedade, permitindo que a voz do povo seja ouvida e considerada nas decis\u00f5es legislativas. Essa vis\u00e3o amplia\u00e7\u00e3o dos direitos trabalhistas pode redefinir as rela\u00e7\u00f5es de trabalho e ajudar a construir um cen\u00e1rio mais justo e igualit\u00e1rio para todos.<\/p>\n\n<div style=\"font-size: 0px; height: 0px; line-height: 0px; margin: 0; padding: 0; clear: both;\"><\/div>","protected":false},"excerpt":{"rendered":"<p>Samara Martins defende o fim da escala 6&#215;1 e prop\u00f5e mudan\u00e7as nos servi\u00e7os p\u00fablicos.<\/p>\n","protected":false},"author":1,"featured_media":2282,"comment_status":"closed","ping_status":"closed","sticky":false,"template":"","format":"standard","meta":{"footnotes":""},"categories":[1],"tags":[],"class_list":["post-2283","post","type-post","status-publish","format-standard","has-post-thumbnail","hentry","category-noticias-em-joao-pessoa","has_thumb"],"yoast_head":"<!-- This site is optimized with the Yoast SEO plugin v28.2 - https:\/\/yoast.com\/product\/yoast-seo-wordpress\/ -->\n<title>Samara Martins, candidata \u00e0 Presid\u00eancia, defende fim da escala 6x1, em Jo\u00e3o Pessoa - Encontra Jo\u00e3o Pessoa<\/title>\n<meta name=\"robots\" content=\"index, follow, max-snippet:-1, max-image-preview:large, max-video-preview:-1\" \/>\n<link rel=\"canonical\" href=\"https:\/\/www.encontrajoaopessoa.com.br\/sobre\/samara-martins-candidata-a-presidencia-defende-fim-da-escala-6x1-em-joao-pessoa\/\" \/>\n<meta property=\"og:locale\" content=\"pt_BR\" \/>\n<meta property=\"og:type\" content=\"article\" \/>\n<meta property=\"og:title\" content=\"Samara Martins, candidata \u00e0 Presid\u00eancia, defende fim da escala 6x1, em Jo\u00e3o Pessoa - Encontra Jo\u00e3o Pessoa\" \/>\n<meta property=\"og:description\" content=\"Samara Martins defende o fim da escala 6x1 e prop\u00f5e mudan\u00e7as nos servi\u00e7os p\u00fablicos.\" \/>\n<meta property=\"og:url\" content=\"https:\/\/www.encontrajoaopessoa.com.br\/sobre\/samara-martins-candidata-a-presidencia-defende-fim-da-escala-6x1-em-joao-pessoa\/\" \/>\n<meta property=\"og:site_name\" content=\"Encontra Jo\u00e3o Pessoa\" \/>\n<meta property=\"article:published_time\" content=\"2026-09-01T04:39:45+00:00\" \/>\n<meta property=\"og:image\" content=\"https:\/\/www.encontrajoaopessoa.com.br\/sobre\/wp-content\/uploads\/2026\/09\/samara-martins-candidata-a-presidencia-defende-fim-da-escala-6x1-em-joao-pessoa.webp\" \/>\n<meta name=\"author\" content=\"Encontra Jo\u00e3o Pessoa\" \/>\n<meta name=\"twitter:card\" content=\"summary_large_image\" \/>\n<meta name=\"twitter:label1\" content=\"Escrito por\" \/>\n\t<meta name=\"twitter:data1\" content=\"Encontra Jo\u00e3o Pessoa\" \/>\n\t<meta name=\"twitter:label2\" content=\"Est. tempo de leitura\" \/>\n\t<meta name=\"twitter:data2\" content=\"4 minutos\" \/>\n<script type=\"application\/ld+json\" class=\"yoast-schema-graph\">{\"@context\":\"https:\\\/\\\/schema.org\",\"@graph\":[{\"@type\":\"Article\",\"@id\":\"https:\\\/\\\/www.encontrajoaopessoa.com.br\\\/sobre\\\/samara-martins-candidata-a-presidencia-defende-fim-da-escala-6x1-em-joao-pessoa\\\/#article\",\"isPartOf\":{\"@id\":\"https:\\\/\\\/www.encontrajoaopessoa.com.br\\\/sobre\\\/samara-martins-candidata-a-presidencia-defende-fim-da-escala-6x1-em-joao-pessoa\\\/\"},\"author\":{\"name\":\"Encontra Jo\u00e3o Pessoa\",\"@id\":\"https:\\\/\\\/www.encontrajoaopessoa.com.br\\\/sobre\\\/#\\\/schema\\\/person\\\/dcf4dbc803217a030dfb489f4a014aca\"},\"headline\":\"Samara Martins, candidata \u00e0 Presid\u00eancia, defende fim da escala 6&#215;1, em Jo\u00e3o Pessoa\",\"datePublished\":\"2026-09-01T04:39:45+00:00\",\"mainEntityOfPage\":{\"@id\":\"https:\\\/\\\/www.encontrajoaopessoa.com.br\\\/sobre\\\/samara-martins-candidata-a-presidencia-defende-fim-da-escala-6x1-em-joao-pessoa\\\/\"},\"wordCount\":782,\"image\":{\"@id\":\"https:\\\/\\\/www.encontrajoaopessoa.com.br\\\/sobre\\\/samara-martins-candidata-a-presidencia-defende-fim-da-escala-6x1-em-joao-pessoa\\\/#primaryimage\"},\"thumbnailUrl\":\"https:\\\/\\\/www.encontrajoaopessoa.com.br\\\/sobre\\\/wp-content\\\/uploads\\\/2026\\\/09\\\/samara-martins-candidata-a-presidencia-defende-fim-da-escala-6x1-em-joao-pessoa.webp\",\"articleSection\":[\"Not\u00edcias Jo\u00e3o Pessoa\"],\"inLanguage\":\"pt-BR\"},{\"@type\":\"WebPage\",\"@id\":\"https:\\\/\\\/www.encontrajoaopessoa.com.br\\\/sobre\\\/samara-martins-candidata-a-presidencia-defende-fim-da-escala-6x1-em-joao-pessoa\\\/\",\"url\":\"https:\\\/\\\/www.encontrajoaopessoa.com.br\\\/sobre\\\/samara-martins-candidata-a-presidencia-defende-fim-da-escala-6x1-em-joao-pessoa\\\/\",\"name\":\"Samara Martins, candidata \u00e0 Presid\u00eancia, defende fim da escala 6x1, em Jo\u00e3o Pessoa - Encontra Jo\u00e3o Pessoa\",\"isPartOf\":{\"@id\":\"https:\\\/\\\/www.encontrajoaopessoa.com.br\\\/sobre\\\/#website\"},\"primaryImageOfPage\":{\"@id\":\"https:\\\/\\\/www.encontrajoaopessoa.com.br\\\/sobre\\\/samara-martins-candidata-a-presidencia-defende-fim-da-escala-6x1-em-joao-pessoa\\\/#primaryimage\"},\"image\":{\"@id\":\"https:\\\/\\\/www.encontrajoaopessoa.com.br\\\/sobre\\\/samara-martins-candidata-a-presidencia-defende-fim-da-escala-6x1-em-joao-pessoa\\\/#primaryimage\"},\"thumbnailUrl\":\"https:\\\/\\\/www.encontrajoaopessoa.com.br\\\/sobre\\\/wp-content\\\/uploads\\\/2026\\\/09\\\/samara-martins-candidata-a-presidencia-defende-fim-da-escala-6x1-em-joao-pessoa.webp\",\"datePublished\":\"2026-09-01T04:39:45+00:00\",\"author\":{\"@id\":\"https:\\\/\\\/www.encontrajoaopessoa.com.br\\\/sobre\\\/#\\\/schema\\\/person\\\/dcf4dbc803217a030dfb489f4a014aca\"},\"breadcrumb\":{\"@id\":\"https:\\\/\\\/www.encontrajoaopessoa.com.br\\\/sobre\\\/samara-martins-candidata-a-presidencia-defende-fim-da-escala-6x1-em-joao-pessoa\\\/#breadcrumb\"},\"inLanguage\":\"pt-BR\",\"potentialAction\":[{\"@type\":\"ReadAction\",\"target\":[\"https:\\\/\\\/www.encontrajoaopessoa.com.br\\\/sobre\\\/samara-martins-candidata-a-presidencia-defende-fim-da-escala-6x1-em-joao-pessoa\\\/\"]}]},{\"@type\":\"ImageObject\",\"inLanguage\":\"pt-BR\",\"@id\":\"https:\\\/\\\/www.encontrajoaopessoa.com.br\\\/sobre\\\/samara-martins-candidata-a-presidencia-defende-fim-da-escala-6x1-em-joao-pessoa\\\/#primaryimage\",\"url\":\"https:\\\/\\\/www.encontrajoaopessoa.com.br\\\/sobre\\\/wp-content\\\/uploads\\\/2026\\\/09\\\/samara-martins-candidata-a-presidencia-defende-fim-da-escala-6x1-em-joao-pessoa.webp\",\"contentUrl\":\"https:\\\/\\\/www.encontrajoaopessoa.com.br\\\/sobre\\\/wp-content\\\/uploads\\\/2026\\\/09\\\/samara-martins-candidata-a-presidencia-defende-fim-da-escala-6x1-em-joao-pessoa.webp\",\"width\":280,\"height\":280,\"caption\":\"Samara Martins fim da escala 6x1\"},{\"@type\":\"BreadcrumbList\",\"@id\":\"https:\\\/\\\/www.encontrajoaopessoa.com.br\\\/sobre\\\/samara-martins-candidata-a-presidencia-defende-fim-da-escala-6x1-em-joao-pessoa\\\/#breadcrumb\",\"itemListElement\":[{\"@type\":\"ListItem\",\"position\":1,\"name\":\"In\u00edcio\",\"item\":\"https:\\\/\\\/www.encontrajoaopessoa.com.br\\\/sobre\\\/\"},{\"@type\":\"ListItem\",\"position\":2,\"name\":\"Samara Martins, candidata \u00e0 Presid\u00eancia, defende fim da escala 6&#215;1, em Jo\u00e3o Pessoa\"}]},{\"@type\":\"WebSite\",\"@id\":\"https:\\\/\\\/www.encontrajoaopessoa.com.br\\\/sobre\\\/#website\",\"url\":\"https:\\\/\\\/www.encontrajoaopessoa.com.br\\\/sobre\\\/\",\"name\":\"Encontra Jo\u00e3o Pessoa\",\"description\":\"Not\u00edcias, eventos, informa\u00e7\u00f5es e dicas na cidade Jo\u00e3o Pessoa e regi\u00e3o.\",\"potentialAction\":[{\"@type\":\"SearchAction\",\"target\":{\"@type\":\"EntryPoint\",\"urlTemplate\":\"https:\\\/\\\/www.encontrajoaopessoa.com.br\\\/sobre\\\/?s={search_term_string}\"},\"query-input\":{\"@type\":\"PropertyValueSpecification\",\"valueRequired\":true,\"valueName\":\"search_term_string\"}}],\"inLanguage\":\"pt-BR\"},{\"@type\":\"Person\",\"@id\":\"https:\\\/\\\/www.encontrajoaopessoa.com.br\\\/sobre\\\/#\\\/schema\\\/person\\\/dcf4dbc803217a030dfb489f4a014aca\",\"name\":\"Encontra Jo\u00e3o Pessoa\",\"image\":{\"@type\":\"ImageObject\",\"inLanguage\":\"pt-BR\",\"@id\":\"https:\\\/\\\/secure.gravatar.com\\\/avatar\\\/507340682b8270222e1f208e23198b6ae7e2c6a1033ae84e99bc6bce4f82a387?s=96&d=mm&r=g\",\"url\":\"https:\\\/\\\/secure.gravatar.com\\\/avatar\\\/507340682b8270222e1f208e23198b6ae7e2c6a1033ae84e99bc6bce4f82a387?s=96&d=mm&r=g\",\"contentUrl\":\"https:\\\/\\\/secure.gravatar.com\\\/avatar\\\/507340682b8270222e1f208e23198b6ae7e2c6a1033ae84e99bc6bce4f82a387?s=96&d=mm&r=g\",\"caption\":\"Encontra Jo\u00e3o Pessoa\"},\"url\":\"https:\\\/\\\/www.encontrajoaopessoa.com.br\\\/sobre\\\/author\\\/ejoaopessoa\\\/\"}]}<\/script>\n<!-- \/ Yoast SEO plugin. -->","yoast_head_json":{"title":"Samara Martins, candidata \u00e0 Presid\u00eancia, defende fim da escala 6x1, em Jo\u00e3o Pessoa - Encontra Jo\u00e3o Pessoa","robots":{"index":"index","follow":"follow","max-snippet":"max-snippet:-1","max-image-preview":"max-image-preview:large","max-video-preview":"max-video-preview:-1"},"canonical":"https:\/\/www.encontrajoaopessoa.com.br\/sobre\/samara-martins-candidata-a-presidencia-defende-fim-da-escala-6x1-em-joao-pessoa\/","og_locale":"pt_BR","og_type":"article","og_title":"Samara Martins, candidata \u00e0 Presid\u00eancia, defende fim da escala 6x1, em Jo\u00e3o Pessoa - Encontra Jo\u00e3o Pessoa","og_description":"Samara Martins defende o fim da escala 6x1 e prop\u00f5e mudan\u00e7as nos servi\u00e7os p\u00fablicos.","og_url":"https:\/\/www.encontrajoaopessoa.com.br\/sobre\/samara-martins-candidata-a-presidencia-defende-fim-da-escala-6x1-em-joao-pessoa\/","og_site_name":"Encontra Jo\u00e3o Pessoa","article_published_time":"2026-09-01T04:39:45+00:00","og_image":[{"url":"https:\/\/www.encontrajoaopessoa.com.br\/sobre\/wp-content\/uploads\/2026\/09\/samara-martins-candidata-a-presidencia-defende-fim-da-escala-6x1-em-joao-pessoa.webp","type":"","width":"","height":""}],"author":"Encontra Jo\u00e3o Pessoa","twitter_card":"summary_large_image","twitter_misc":{"Escrito por":"Encontra Jo\u00e3o Pessoa","Est. tempo de leitura":"4 minutos"},"schema":{"@context":"https:\/\/schema.org","@graph":[{"@type":"Article","@id":"https:\/\/www.encontrajoaopessoa.com.br\/sobre\/samara-martins-candidata-a-presidencia-defende-fim-da-escala-6x1-em-joao-pessoa\/#article","isPartOf":{"@id":"https:\/\/www.encontrajoaopessoa.com.br\/sobre\/samara-martins-candidata-a-presidencia-defende-fim-da-escala-6x1-em-joao-pessoa\/"},"author":{"name":"Encontra Jo\u00e3o Pessoa","@id":"https:\/\/www.encontrajoaopessoa.com.br\/sobre\/#\/schema\/person\/dcf4dbc803217a030dfb489f4a014aca"},"headline":"Samara Martins, candidata \u00e0 Presid\u00eancia, defende fim da escala 6&#215;1, em Jo\u00e3o Pessoa","datePublished":"2026-09-01T04:39:45+00:00","mainEntityOfPage":{"@id":"https:\/\/www.encontrajoaopessoa.com.br\/sobre\/samara-martins-candidata-a-presidencia-defende-fim-da-escala-6x1-em-joao-pessoa\/"},"wordCount":782,"image":{"@id":"https:\/\/www.encontrajoaopessoa.com.br\/sobre\/samara-martins-candidata-a-presidencia-defende-fim-da-escala-6x1-em-joao-pessoa\/#primaryimage"},"thumbnailUrl":"https:\/\/www.encontrajoaopessoa.com.br\/sobre\/wp-content\/uploads\/2026\/09\/samara-martins-candidata-a-presidencia-defende-fim-da-escala-6x1-em-joao-pessoa.webp","articleSection":["Not\u00edcias Jo\u00e3o Pessoa"],"inLanguage":"pt-BR"},{"@type":"WebPage","@id":"https:\/\/www.encontrajoaopessoa.com.br\/sobre\/samara-martins-candidata-a-presidencia-defende-fim-da-escala-6x1-em-joao-pessoa\/","url":"https:\/\/www.encontrajoaopessoa.com.br\/sobre\/samara-martins-candidata-a-presidencia-defende-fim-da-escala-6x1-em-joao-pessoa\/","name":"Samara Martins, candidata \u00e0 Presid\u00eancia, defende fim da escala 6x1, em Jo\u00e3o Pessoa - Encontra Jo\u00e3o Pessoa","isPartOf":{"@id":"https:\/\/www.encontrajoaopessoa.com.br\/sobre\/#website"},"primaryImageOfPage":{"@id":"https:\/\/www.encontrajoaopessoa.com.br\/sobre\/samara-martins-candidata-a-presidencia-defende-fim-da-escala-6x1-em-joao-pessoa\/#primaryimage"},"image":{"@id":"https:\/\/www.encontrajoaopessoa.com.br\/sobre\/samara-martins-candidata-a-presidencia-defende-fim-da-escala-6x1-em-joao-pessoa\/#primaryimage"},"thumbnailUrl":"https:\/\/www.encontrajoaopessoa.com.br\/sobre\/wp-content\/uploads\/2026\/09\/samara-martins-candidata-a-presidencia-defende-fim-da-escala-6x1-em-joao-pessoa.webp","datePublished":"2026-09-01T04:39:45+00:00","author":{"@id":"https:\/\/www.encontrajoaopessoa.com.br\/sobre\/#\/schema\/person\/dcf4dbc803217a030dfb489f4a014aca"},"breadcrumb":{"@id":"https:\/\/www.encontrajoaopessoa.com.br\/sobre\/samara-martins-candidata-a-presidencia-defende-fim-da-escala-6x1-em-joao-pessoa\/#breadcrumb"},"inLanguage":"pt-BR","potentialAction":[{"@type":"ReadAction","target":["https:\/\/www.encontrajoaopessoa.com.br\/sobre\/samara-martins-candidata-a-presidencia-defende-fim-da-escala-6x1-em-joao-pessoa\/"]}]},{"@type":"ImageObject","inLanguage":"pt-BR","@id":"https:\/\/www.encontrajoaopessoa.com.br\/sobre\/samara-martins-candidata-a-presidencia-defende-fim-da-escala-6x1-em-joao-pessoa\/#primaryimage","url":"https:\/\/www.encontrajoaopessoa.com.br\/sobre\/wp-content\/uploads\/2026\/09\/samara-martins-candidata-a-presidencia-defende-fim-da-escala-6x1-em-joao-pessoa.webp","contentUrl":"https:\/\/www.encontrajoaopessoa.com.br\/sobre\/wp-content\/uploads\/2026\/09\/samara-martins-candidata-a-presidencia-defende-fim-da-escala-6x1-em-joao-pessoa.webp","width":280,"height":280,"caption":"Samara Martins fim da escala 6x1"},{"@type":"BreadcrumbList","@id":"https:\/\/www.encontrajoaopessoa.com.br\/sobre\/samara-martins-candidata-a-presidencia-defende-fim-da-escala-6x1-em-joao-pessoa\/#breadcrumb","itemListElement":[{"@type":"ListItem","position":1,"name":"In\u00edcio","item":"https:\/\/www.encontrajoaopessoa.com.br\/sobre\/"},{"@type":"ListItem","position":2,"name":"Samara Martins, candidata \u00e0 Presid\u00eancia, defende fim da escala 6&#215;1, em Jo\u00e3o Pessoa"}]},{"@type":"WebSite","@id":"https:\/\/www.encontrajoaopessoa.com.br\/sobre\/#website","url":"https:\/\/www.encontrajoaopessoa.com.br\/sobre\/","name":"Encontra Jo\u00e3o Pessoa","description":"Not\u00edcias, eventos, informa\u00e7\u00f5es e dicas na cidade Jo\u00e3o Pessoa e regi\u00e3o.","potentialAction":[{"@type":"SearchAction","target":{"@type":"EntryPoint","urlTemplate":"https:\/\/www.encontrajoaopessoa.com.br\/sobre\/?s={search_term_string}"},"query-input":{"@type":"PropertyValueSpecification","valueRequired":true,"valueName":"search_term_string"}}],"inLanguage":"pt-BR"},{"@type":"Person","@id":"https:\/\/www.encontrajoaopessoa.com.br\/sobre\/#\/schema\/person\/dcf4dbc803217a030dfb489f4a014aca","name":"Encontra Jo\u00e3o Pessoa","image":{"@type":"ImageObject","inLanguage":"pt-BR","@id":"https:\/\/secure.gravatar.com\/avatar\/507340682b8270222e1f208e23198b6ae7e2c6a1033ae84e99bc6bce4f82a387?s=96&d=mm&r=g","url":"https:\/\/secure.gravatar.com\/avatar\/507340682b8270222e1f208e23198b6ae7e2c6a1033ae84e99bc6bce4f82a387?s=96&d=mm&r=g","contentUrl":"https:\/\/secure.gravatar.com\/avatar\/507340682b8270222e1f208e23198b6ae7e2c6a1033ae84e99bc6bce4f82a387?s=96&d=mm&r=g","caption":"Encontra Jo\u00e3o Pessoa"},"url":"https:\/\/www.encontrajoaopessoa.com.br\/sobre\/author\/ejoaopessoa\/"}]}},"_links":{"self":[{"href":"https:\/\/www.encontrajoaopessoa.com.br\/sobre\/wp-json\/wp\/v2\/posts\/2283","targetHints":{"allow":["GET"]}}],"collection":[{"href":"https:\/\/www.encontrajoaopessoa.com.br\/sobre\/wp-json\/wp\/v2\/posts"}],"about":[{"href":"https:\/\/www.encontrajoaopessoa.com.br\/sobre\/wp-json\/wp\/v2\/types\/post"}],"author":[{"embeddable":true,"href":"https:\/\/www.encontrajoaopessoa.com.br\/sobre\/wp-json\/wp\/v2\/users\/1"}],"replies":[{"embeddable":true,"href":"https:\/\/www.encontrajoaopessoa.com.br\/sobre\/wp-json\/wp\/v2\/comments?post=2283"}],"version-history":[{"count":0,"href":"https:\/\/www.encontrajoaopessoa.com.br\/sobre\/wp-json\/wp\/v2\/posts\/2283\/revisions"}],"wp:featuredmedia":[{"embeddable":true,"href":"https:\/\/www.encontrajoaopessoa.com.br\/sobre\/wp-json\/wp\/v2\/media\/2282"}],"wp:attachment":[{"href":"https:\/\/www.encontrajoaopessoa.com.br\/sobre\/wp-json\/wp\/v2\/media?parent=2283"}],"wp:term":[{"taxonomy":"category","embeddable":true,"href":"https:\/\/www.encontrajoaopessoa.com.br\/sobre\/wp-json\/wp\/v2\/categories?post=2283"},{"taxonomy":"post_tag","embeddable":true,"href":"https:\/\/www.encontrajoaopessoa.com.br\/sobre\/wp-json\/wp\/v2\/tags?post=2283"}],"curies":[{"name":"wp","href":"https:\/\/api.w.org\/{rel}","templated":true}]}}