{"id":2277,"date":"2026-08-31T01:39:59","date_gmt":"2026-08-31T04:39:59","guid":{"rendered":"https:\/\/www.encontrajoaopessoa.com.br\/sobre\/dia-d-de-vacinacao-antirrabica-acontece-neste-sabado-29-na-paraiba-confira-locais\/"},"modified":"2026-08-31T01:39:59","modified_gmt":"2026-08-31T04:39:59","slug":"dia-d-de-vacinacao-antirrabica-acontece-neste-sabado-29-na-paraiba-confira-locais","status":"publish","type":"post","link":"https:\/\/www.encontrajoaopessoa.com.br\/sobre\/dia-d-de-vacinacao-antirrabica-acontece-neste-sabado-29-na-paraiba-confira-locais\/","title":{"rendered":"&#8216;Dia D&#8217; de vacina\u00e7\u00e3o antirr\u00e1bica acontece neste s\u00e1bado (29) na Para\u00edba; confira locais"},"content":{"rendered":"<div class=\"866aa4a7c674253f40eaa20e0e3e928c\" data-index=\"1\" style=\"float: none; margin:0px;\">\n<!-- Anuncio display - global -->\r\n<ins class=\"adsbygoogle\"\r\n     style=\"display:block\"\r\n     data-ad-client=\"ca-pub-8585364105181520\"\r\n     data-ad-slot=\"8789329856\"\r\n     data-ad-format=\"auto\"\r\n     data-full-width-responsive=\"true\"><\/ins>\r\n<script>\r\n     (adsbygoogle = window.adsbygoogle || []).push({});\r\n<\/script>\n<\/div>\n<h2>O que \u00e9 a vacina\u00e7\u00e3o antirr\u00e1bica?<\/h2>\n<p>A vacina\u00e7\u00e3o antirr\u00e1bica \u00e9 um procedimento essencial de sa\u00fade p\u00fablica que consiste na imuniza\u00e7\u00e3o de c\u00e3es e gatos contra o v\u00edrus da raiva, uma enfermidade viral que pode ser fatal e se transmite, principalmente, atrav\u00e9s da mordida de animais infectados. A vacina \u00e9 administrada anualmente, a partir dos tr\u00eas meses de idade do animal, e tem como objetivo criar resist\u00eancia contra a doen\u00e7a, garantindo que os pets estejam protegidos e contribuindo para a erradica\u00e7\u00e3o da raiva na popula\u00e7\u00e3o animal e humana.<\/p>\n<h2>Import\u00e2ncia da vacina\u00e7\u00e3o para c\u00e3es e gatos<\/h2>\n<p>A vacina\u00e7\u00e3o \u00e9 vital n\u00e3o apenas para a prote\u00e7\u00e3o dos animais de estima\u00e7\u00e3o, mas tamb\u00e9m para a sa\u00fade p\u00fablica. A raiva \u00e9 uma doen\u00e7a zoon\u00f3tica, ou seja, pode ser transmitida aos seres humanos. Quando um animal vacinado contra a raiva \u00e9 mordido por um animal infectado, as chances de transmiss\u00e3o da doen\u00e7a diminuem consideravelmente. Portanto, a vacina\u00e7\u00e3o antirr\u00e1bica \u00e9 uma das medidas mais eficazes para conter surtos de raiva e proteger a comunidade.<\/p>\n<h2>Como funciona o Dia D de vacina\u00e7\u00e3o<\/h2>\n<p>No &#8220;Dia D&#8221; da vacina\u00e7\u00e3o antirr\u00e1bica, feitos anualmente, os respons\u00e1veis pela sa\u00fade p\u00fablica organizam um grande evento de vacina\u00e7\u00e3o em massa. Essa a\u00e7\u00e3o ocorre em todos os munic\u00edpios da Para\u00edba, proporcionando locais acess\u00edveis para a imuniza\u00e7\u00e3o dos animais. Em geral, a vacina\u00e7\u00e3o ocorre em postos fixos e m\u00f3veis, e a popula\u00e7\u00e3o \u00e9 incentivada a levar seus pets. Os tutores precisam fornecer documenta\u00e7\u00e3o e seguir algumas recomenda\u00e7\u00f5es para facilitar o processo.<\/p>\n<p><img decoding=\"async\" src=\"https:\/\/www.encontrajoaopessoa.com.br\/sobre\/wp-content\/uploads\/2026\/08\/dia-d-de-vacinacao-antirrabica-acontece-neste-sabado-29-na-paraiba-confira-locais.webp\" alt=\"vacina\u00e7\u00e3o antirr\u00e1bica na Para\u00edba\" loading=\"lazy\" \/><\/p>\n<h2>Locais de vacina\u00e7\u00e3o na Para\u00edba<\/h2>\n<p>Para facilitar a imuniza\u00e7\u00e3o dos animais, os pontos de vacina\u00e7\u00e3o s\u00e3o amplamente divulgados pela Secretaria de Sa\u00fade do Estado. Em cidades como Jo\u00e3o Pessoa e Campina Grande, a vacina\u00e7\u00e3o ocorre em escolas, centros de zoonoses e unidades de sa\u00fade. As datas e locais espec\u00edficos s\u00e3o comunicados \u00e0 popula\u00e7\u00e3o, garantindo que todos tenham acesso \u00e0 vacina\u00e7\u00e3o.<\/p>\n<h2>Quais animais devem ser vacinados?<\/h2>\n<p>A vacina\u00e7\u00e3o antirr\u00e1bica \u00e9 indicada para c\u00e3es e gatos a partir dos tr\u00eas meses de idade. \u00c9 importante que os animais que estejam com problemas de sa\u00fade, em tratamento de doen\u00e7as, ou que sejam f\u00eameas gestantes ou lactantes, n\u00e3o sejam vacinados. Isso \u00e9 fundamental para preservar a sa\u00fade do animal e garantir que a vacina tenha efeito.<\/p>\n<h2>Documenta\u00e7\u00e3o necess\u00e1ria para vacina\u00e7\u00e3o<\/h2>\n<p>Para vacinar os pets, os tutores devem apresentar um documento de identifica\u00e7\u00e3o com foto e, preferencialmente, levar a caderneta de vacina\u00e7\u00e3o do animal. Aqueles que n\u00e3o possu\u00edrem a caderneta poder\u00e3o receber uma nova no momento da vacina\u00e7\u00e3o. Al\u00e9m disso, c\u00e3es devem ser transportados com coleira e, se necess\u00e1rio, focinheira, enquanto gatos devem estar em caixas ou recipientes apropriados para transporte.<\/p>\n<h2>Cuidados p\u00f3s-vacina\u00e7\u00e3o para os pets<\/h2>\n<p>Ap\u00f3s a vacina\u00e7\u00e3o, \u00e9 importante que os tutores observem os animais para quaisquer rea\u00e7\u00f5es adversas, que s\u00e3o raras, mas podem ocorrer. Os pets podem apresentar leve incha\u00e7o no local da inje\u00e7\u00e3o ou sonol\u00eancia, mas isso costuma ser tempor\u00e1rio. \u00c9 fundamental garantir que eles estejam em um ambiente tranquilo e confort\u00e1vel e que n\u00e3o realizem atividades f\u00edsicas intensas nas horas que se seguem \u00e0 vacina\u00e7\u00e3o.<\/p>\n<h2>O papel dos tutores na vacina\u00e7\u00e3o<\/h2>\n<p>Os tutores t\u00eam um papel fundamental no processo de vacina\u00e7\u00e3o. \u00c9 importante que se mantenham informados sobre as datas e locais de vacina\u00e7\u00e3o, al\u00e9m de cuidarem bem da sa\u00fade do animal antes e depois da vacina\u00e7\u00e3o. Eles devem levar seus pets para a vacina\u00e7\u00e3o anualmente e garantir que n\u00e3o deixem de cumprir esse compromisso de sa\u00fade p\u00fablica.<\/p>\n<h2>Informa\u00e7\u00f5es sobre a vacina antirr\u00e1bica<\/h2>\n<p>A vacina contra a raiva \u00e9 extremamente eficaz e segura, apresentando um alto n\u00edvel de prote\u00e7\u00e3o. O imunizante induz a produ\u00e7\u00e3o de anticorpos que ajudam a combater o v\u00edrus da raiva. As vacinas usadas no Brasil passam por rigorosos testes de seguran\u00e7a e efic\u00e1cia antes de serem disponibilizadas \u00e0 popula\u00e7\u00e3o.<\/p>\n<h2>Impacto da vacina\u00e7\u00e3o na sa\u00fade p\u00fablica<\/h2>\n<p>O sucesso das campanhas de vacina\u00e7\u00e3o antirr\u00e1bica impacta diretamente a sa\u00fade p\u00fablica. Ao vacinar um grande n\u00famero de animais, conseguimos limitar a circula\u00e7\u00e3o do v\u00edrus da raiva, reduzindo drasticamente o risco de surtos na popula\u00e7\u00e3o, al\u00e9m de proteger vidas humanas. Com a conscientiza\u00e7\u00e3o e a participa\u00e7\u00e3o da sociedade, podemos manter a raiva sob controle e garantir que esse mal n\u00e3o volte a ser uma epidemia.<\/p>\n\n<div style=\"font-size: 0px; height: 0px; line-height: 0px; margin: 0; padding: 0; clear: both;\"><\/div>","protected":false},"excerpt":{"rendered":"<p>Vacina\u00e7\u00e3o antirr\u00e1bica na Para\u00edba \u00e9 refer\u00eancia na prote\u00e7\u00e3o dos animais.<\/p>\n","protected":false},"author":1,"featured_media":2276,"comment_status":"closed","ping_status":"closed","sticky":false,"template":"","format":"standard","meta":{"footnotes":""},"categories":[35],"tags":[],"class_list":["post-2277","post","type-post","status-publish","format-standard","has-post-thumbnail","hentry","category-saude-em-joao-pessoa","has_thumb"],"yoast_head":"<!-- This site is optimized with the Yoast SEO plugin v28.2 - https:\/\/yoast.com\/product\/yoast-seo-wordpress\/ -->\n<title>&#039;Dia D&#039; de vacina\u00e7\u00e3o antirr\u00e1bica acontece neste s\u00e1bado (29) na Para\u00edba; confira locais - Encontra Jo\u00e3o Pessoa<\/title>\n<meta name=\"robots\" content=\"index, follow, max-snippet:-1, max-image-preview:large, max-video-preview:-1\" \/>\n<link rel=\"canonical\" href=\"https:\/\/www.encontrajoaopessoa.com.br\/sobre\/dia-d-de-vacinacao-antirrabica-acontece-neste-sabado-29-na-paraiba-confira-locais\/\" \/>\n<meta property=\"og:locale\" content=\"pt_BR\" \/>\n<meta property=\"og:type\" content=\"article\" \/>\n<meta property=\"og:title\" content=\"&#039;Dia D&#039; de vacina\u00e7\u00e3o antirr\u00e1bica acontece neste s\u00e1bado (29) na Para\u00edba; confira locais - Encontra Jo\u00e3o Pessoa\" \/>\n<meta property=\"og:description\" content=\"Vacina\u00e7\u00e3o antirr\u00e1bica na Para\u00edba \u00e9 refer\u00eancia na prote\u00e7\u00e3o dos animais.\" \/>\n<meta property=\"og:url\" content=\"https:\/\/www.encontrajoaopessoa.com.br\/sobre\/dia-d-de-vacinacao-antirrabica-acontece-neste-sabado-29-na-paraiba-confira-locais\/\" \/>\n<meta property=\"og:site_name\" content=\"Encontra Jo\u00e3o Pessoa\" \/>\n<meta property=\"article:published_time\" content=\"2026-08-31T04:39:59+00:00\" \/>\n<meta property=\"og:image\" content=\"https:\/\/www.encontrajoaopessoa.com.br\/sobre\/wp-content\/uploads\/2026\/08\/dia-d-de-vacinacao-antirrabica-acontece-neste-sabado-29-na-paraiba-confira-locais.webp\" \/>\n<meta name=\"author\" content=\"Encontra Jo\u00e3o Pessoa\" \/>\n<meta name=\"twitter:card\" content=\"summary_large_image\" \/>\n<meta name=\"twitter:label1\" content=\"Escrito por\" \/>\n\t<meta name=\"twitter:data1\" content=\"Encontra Jo\u00e3o Pessoa\" \/>\n\t<meta name=\"twitter:label2\" content=\"Est. tempo de leitura\" \/>\n\t<meta name=\"twitter:data2\" content=\"4 minutos\" \/>\n<script type=\"application\/ld+json\" class=\"yoast-schema-graph\">{\"@context\":\"https:\\\/\\\/schema.org\",\"@graph\":[{\"@type\":\"Article\",\"@id\":\"https:\\\/\\\/www.encontrajoaopessoa.com.br\\\/sobre\\\/dia-d-de-vacinacao-antirrabica-acontece-neste-sabado-29-na-paraiba-confira-locais\\\/#article\",\"isPartOf\":{\"@id\":\"https:\\\/\\\/www.encontrajoaopessoa.com.br\\\/sobre\\\/dia-d-de-vacinacao-antirrabica-acontece-neste-sabado-29-na-paraiba-confira-locais\\\/\"},\"author\":{\"name\":\"Encontra Jo\u00e3o Pessoa\",\"@id\":\"https:\\\/\\\/www.encontrajoaopessoa.com.br\\\/sobre\\\/#\\\/schema\\\/person\\\/dcf4dbc803217a030dfb489f4a014aca\"},\"headline\":\"&#8216;Dia D&#8217; de vacina\u00e7\u00e3o antirr\u00e1bica acontece neste s\u00e1bado (29) na Para\u00edba; confira locais\",\"datePublished\":\"2026-08-31T04:39:59+00:00\",\"mainEntityOfPage\":{\"@id\":\"https:\\\/\\\/www.encontrajoaopessoa.com.br\\\/sobre\\\/dia-d-de-vacinacao-antirrabica-acontece-neste-sabado-29-na-paraiba-confira-locais\\\/\"},\"wordCount\":816,\"image\":{\"@id\":\"https:\\\/\\\/www.encontrajoaopessoa.com.br\\\/sobre\\\/dia-d-de-vacinacao-antirrabica-acontece-neste-sabado-29-na-paraiba-confira-locais\\\/#primaryimage\"},\"thumbnailUrl\":\"https:\\\/\\\/www.encontrajoaopessoa.com.br\\\/sobre\\\/wp-content\\\/uploads\\\/2026\\\/08\\\/dia-d-de-vacinacao-antirrabica-acontece-neste-sabado-29-na-paraiba-confira-locais.webp\",\"articleSection\":[\"Sa\u00fade Jo\u00e3o Pessoa\"],\"inLanguage\":\"pt-BR\"},{\"@type\":\"WebPage\",\"@id\":\"https:\\\/\\\/www.encontrajoaopessoa.com.br\\\/sobre\\\/dia-d-de-vacinacao-antirrabica-acontece-neste-sabado-29-na-paraiba-confira-locais\\\/\",\"url\":\"https:\\\/\\\/www.encontrajoaopessoa.com.br\\\/sobre\\\/dia-d-de-vacinacao-antirrabica-acontece-neste-sabado-29-na-paraiba-confira-locais\\\/\",\"name\":\"'Dia D' de vacina\u00e7\u00e3o antirr\u00e1bica acontece neste s\u00e1bado (29) na Para\u00edba; confira locais - Encontra Jo\u00e3o Pessoa\",\"isPartOf\":{\"@id\":\"https:\\\/\\\/www.encontrajoaopessoa.com.br\\\/sobre\\\/#website\"},\"primaryImageOfPage\":{\"@id\":\"https:\\\/\\\/www.encontrajoaopessoa.com.br\\\/sobre\\\/dia-d-de-vacinacao-antirrabica-acontece-neste-sabado-29-na-paraiba-confira-locais\\\/#primaryimage\"},\"image\":{\"@id\":\"https:\\\/\\\/www.encontrajoaopessoa.com.br\\\/sobre\\\/dia-d-de-vacinacao-antirrabica-acontece-neste-sabado-29-na-paraiba-confira-locais\\\/#primaryimage\"},\"thumbnailUrl\":\"https:\\\/\\\/www.encontrajoaopessoa.com.br\\\/sobre\\\/wp-content\\\/uploads\\\/2026\\\/08\\\/dia-d-de-vacinacao-antirrabica-acontece-neste-sabado-29-na-paraiba-confira-locais.webp\",\"datePublished\":\"2026-08-31T04:39:59+00:00\",\"author\":{\"@id\":\"https:\\\/\\\/www.encontrajoaopessoa.com.br\\\/sobre\\\/#\\\/schema\\\/person\\\/dcf4dbc803217a030dfb489f4a014aca\"},\"breadcrumb\":{\"@id\":\"https:\\\/\\\/www.encontrajoaopessoa.com.br\\\/sobre\\\/dia-d-de-vacinacao-antirrabica-acontece-neste-sabado-29-na-paraiba-confira-locais\\\/#breadcrumb\"},\"inLanguage\":\"pt-BR\",\"potentialAction\":[{\"@type\":\"ReadAction\",\"target\":[\"https:\\\/\\\/www.encontrajoaopessoa.com.br\\\/sobre\\\/dia-d-de-vacinacao-antirrabica-acontece-neste-sabado-29-na-paraiba-confira-locais\\\/\"]}]},{\"@type\":\"ImageObject\",\"inLanguage\":\"pt-BR\",\"@id\":\"https:\\\/\\\/www.encontrajoaopessoa.com.br\\\/sobre\\\/dia-d-de-vacinacao-antirrabica-acontece-neste-sabado-29-na-paraiba-confira-locais\\\/#primaryimage\",\"url\":\"https:\\\/\\\/www.encontrajoaopessoa.com.br\\\/sobre\\\/wp-content\\\/uploads\\\/2026\\\/08\\\/dia-d-de-vacinacao-antirrabica-acontece-neste-sabado-29-na-paraiba-confira-locais.webp\",\"contentUrl\":\"https:\\\/\\\/www.encontrajoaopessoa.com.br\\\/sobre\\\/wp-content\\\/uploads\\\/2026\\\/08\\\/dia-d-de-vacinacao-antirrabica-acontece-neste-sabado-29-na-paraiba-confira-locais.webp\",\"width\":280,\"height\":280,\"caption\":\"vacina\u00e7\u00e3o antirr\u00e1bica na Para\u00edba\"},{\"@type\":\"BreadcrumbList\",\"@id\":\"https:\\\/\\\/www.encontrajoaopessoa.com.br\\\/sobre\\\/dia-d-de-vacinacao-antirrabica-acontece-neste-sabado-29-na-paraiba-confira-locais\\\/#breadcrumb\",\"itemListElement\":[{\"@type\":\"ListItem\",\"position\":1,\"name\":\"In\u00edcio\",\"item\":\"https:\\\/\\\/www.encontrajoaopessoa.com.br\\\/sobre\\\/\"},{\"@type\":\"ListItem\",\"position\":2,\"name\":\"&#8216;Dia D&#8217; de vacina\u00e7\u00e3o antirr\u00e1bica acontece neste s\u00e1bado (29) na Para\u00edba; confira locais\"}]},{\"@type\":\"WebSite\",\"@id\":\"https:\\\/\\\/www.encontrajoaopessoa.com.br\\\/sobre\\\/#website\",\"url\":\"https:\\\/\\\/www.encontrajoaopessoa.com.br\\\/sobre\\\/\",\"name\":\"Encontra Jo\u00e3o Pessoa\",\"description\":\"Not\u00edcias, eventos, informa\u00e7\u00f5es e dicas na cidade Jo\u00e3o Pessoa e regi\u00e3o.\",\"potentialAction\":[{\"@type\":\"SearchAction\",\"target\":{\"@type\":\"EntryPoint\",\"urlTemplate\":\"https:\\\/\\\/www.encontrajoaopessoa.com.br\\\/sobre\\\/?s={search_term_string}\"},\"query-input\":{\"@type\":\"PropertyValueSpecification\",\"valueRequired\":true,\"valueName\":\"search_term_string\"}}],\"inLanguage\":\"pt-BR\"},{\"@type\":\"Person\",\"@id\":\"https:\\\/\\\/www.encontrajoaopessoa.com.br\\\/sobre\\\/#\\\/schema\\\/person\\\/dcf4dbc803217a030dfb489f4a014aca\",\"name\":\"Encontra Jo\u00e3o Pessoa\",\"image\":{\"@type\":\"ImageObject\",\"inLanguage\":\"pt-BR\",\"@id\":\"https:\\\/\\\/secure.gravatar.com\\\/avatar\\\/507340682b8270222e1f208e23198b6ae7e2c6a1033ae84e99bc6bce4f82a387?s=96&d=mm&r=g\",\"url\":\"https:\\\/\\\/secure.gravatar.com\\\/avatar\\\/507340682b8270222e1f208e23198b6ae7e2c6a1033ae84e99bc6bce4f82a387?s=96&d=mm&r=g\",\"contentUrl\":\"https:\\\/\\\/secure.gravatar.com\\\/avatar\\\/507340682b8270222e1f208e23198b6ae7e2c6a1033ae84e99bc6bce4f82a387?s=96&d=mm&r=g\",\"caption\":\"Encontra Jo\u00e3o Pessoa\"},\"url\":\"https:\\\/\\\/www.encontrajoaopessoa.com.br\\\/sobre\\\/author\\\/ejoaopessoa\\\/\"}]}<\/script>\n<!-- \/ Yoast SEO plugin. -->","yoast_head_json":{"title":"'Dia D' de vacina\u00e7\u00e3o antirr\u00e1bica acontece neste s\u00e1bado (29) na Para\u00edba; confira locais - Encontra Jo\u00e3o Pessoa","robots":{"index":"index","follow":"follow","max-snippet":"max-snippet:-1","max-image-preview":"max-image-preview:large","max-video-preview":"max-video-preview:-1"},"canonical":"https:\/\/www.encontrajoaopessoa.com.br\/sobre\/dia-d-de-vacinacao-antirrabica-acontece-neste-sabado-29-na-paraiba-confira-locais\/","og_locale":"pt_BR","og_type":"article","og_title":"'Dia D' de vacina\u00e7\u00e3o antirr\u00e1bica acontece neste s\u00e1bado (29) na Para\u00edba; confira locais - Encontra Jo\u00e3o Pessoa","og_description":"Vacina\u00e7\u00e3o antirr\u00e1bica na Para\u00edba \u00e9 refer\u00eancia na prote\u00e7\u00e3o dos animais.","og_url":"https:\/\/www.encontrajoaopessoa.com.br\/sobre\/dia-d-de-vacinacao-antirrabica-acontece-neste-sabado-29-na-paraiba-confira-locais\/","og_site_name":"Encontra Jo\u00e3o Pessoa","article_published_time":"2026-08-31T04:39:59+00:00","og_image":[{"url":"https:\/\/www.encontrajoaopessoa.com.br\/sobre\/wp-content\/uploads\/2026\/08\/dia-d-de-vacinacao-antirrabica-acontece-neste-sabado-29-na-paraiba-confira-locais.webp","type":"","width":"","height":""}],"author":"Encontra Jo\u00e3o Pessoa","twitter_card":"summary_large_image","twitter_misc":{"Escrito por":"Encontra Jo\u00e3o Pessoa","Est. tempo de leitura":"4 minutos"},"schema":{"@context":"https:\/\/schema.org","@graph":[{"@type":"Article","@id":"https:\/\/www.encontrajoaopessoa.com.br\/sobre\/dia-d-de-vacinacao-antirrabica-acontece-neste-sabado-29-na-paraiba-confira-locais\/#article","isPartOf":{"@id":"https:\/\/www.encontrajoaopessoa.com.br\/sobre\/dia-d-de-vacinacao-antirrabica-acontece-neste-sabado-29-na-paraiba-confira-locais\/"},"author":{"name":"Encontra Jo\u00e3o Pessoa","@id":"https:\/\/www.encontrajoaopessoa.com.br\/sobre\/#\/schema\/person\/dcf4dbc803217a030dfb489f4a014aca"},"headline":"&#8216;Dia D&#8217; de vacina\u00e7\u00e3o antirr\u00e1bica acontece neste s\u00e1bado (29) na Para\u00edba; confira locais","datePublished":"2026-08-31T04:39:59+00:00","mainEntityOfPage":{"@id":"https:\/\/www.encontrajoaopessoa.com.br\/sobre\/dia-d-de-vacinacao-antirrabica-acontece-neste-sabado-29-na-paraiba-confira-locais\/"},"wordCount":816,"image":{"@id":"https:\/\/www.encontrajoaopessoa.com.br\/sobre\/dia-d-de-vacinacao-antirrabica-acontece-neste-sabado-29-na-paraiba-confira-locais\/#primaryimage"},"thumbnailUrl":"https:\/\/www.encontrajoaopessoa.com.br\/sobre\/wp-content\/uploads\/2026\/08\/dia-d-de-vacinacao-antirrabica-acontece-neste-sabado-29-na-paraiba-confira-locais.webp","articleSection":["Sa\u00fade Jo\u00e3o Pessoa"],"inLanguage":"pt-BR"},{"@type":"WebPage","@id":"https:\/\/www.encontrajoaopessoa.com.br\/sobre\/dia-d-de-vacinacao-antirrabica-acontece-neste-sabado-29-na-paraiba-confira-locais\/","url":"https:\/\/www.encontrajoaopessoa.com.br\/sobre\/dia-d-de-vacinacao-antirrabica-acontece-neste-sabado-29-na-paraiba-confira-locais\/","name":"'Dia D' de vacina\u00e7\u00e3o antirr\u00e1bica acontece neste s\u00e1bado (29) na Para\u00edba; confira locais - Encontra Jo\u00e3o Pessoa","isPartOf":{"@id":"https:\/\/www.encontrajoaopessoa.com.br\/sobre\/#website"},"primaryImageOfPage":{"@id":"https:\/\/www.encontrajoaopessoa.com.br\/sobre\/dia-d-de-vacinacao-antirrabica-acontece-neste-sabado-29-na-paraiba-confira-locais\/#primaryimage"},"image":{"@id":"https:\/\/www.encontrajoaopessoa.com.br\/sobre\/dia-d-de-vacinacao-antirrabica-acontece-neste-sabado-29-na-paraiba-confira-locais\/#primaryimage"},"thumbnailUrl":"https:\/\/www.encontrajoaopessoa.com.br\/sobre\/wp-content\/uploads\/2026\/08\/dia-d-de-vacinacao-antirrabica-acontece-neste-sabado-29-na-paraiba-confira-locais.webp","datePublished":"2026-08-31T04:39:59+00:00","author":{"@id":"https:\/\/www.encontrajoaopessoa.com.br\/sobre\/#\/schema\/person\/dcf4dbc803217a030dfb489f4a014aca"},"breadcrumb":{"@id":"https:\/\/www.encontrajoaopessoa.com.br\/sobre\/dia-d-de-vacinacao-antirrabica-acontece-neste-sabado-29-na-paraiba-confira-locais\/#breadcrumb"},"inLanguage":"pt-BR","potentialAction":[{"@type":"ReadAction","target":["https:\/\/www.encontrajoaopessoa.com.br\/sobre\/dia-d-de-vacinacao-antirrabica-acontece-neste-sabado-29-na-paraiba-confira-locais\/"]}]},{"@type":"ImageObject","inLanguage":"pt-BR","@id":"https:\/\/www.encontrajoaopessoa.com.br\/sobre\/dia-d-de-vacinacao-antirrabica-acontece-neste-sabado-29-na-paraiba-confira-locais\/#primaryimage","url":"https:\/\/www.encontrajoaopessoa.com.br\/sobre\/wp-content\/uploads\/2026\/08\/dia-d-de-vacinacao-antirrabica-acontece-neste-sabado-29-na-paraiba-confira-locais.webp","contentUrl":"https:\/\/www.encontrajoaopessoa.com.br\/sobre\/wp-content\/uploads\/2026\/08\/dia-d-de-vacinacao-antirrabica-acontece-neste-sabado-29-na-paraiba-confira-locais.webp","width":280,"height":280,"caption":"vacina\u00e7\u00e3o antirr\u00e1bica na Para\u00edba"},{"@type":"BreadcrumbList","@id":"https:\/\/www.encontrajoaopessoa.com.br\/sobre\/dia-d-de-vacinacao-antirrabica-acontece-neste-sabado-29-na-paraiba-confira-locais\/#breadcrumb","itemListElement":[{"@type":"ListItem","position":1,"name":"In\u00edcio","item":"https:\/\/www.encontrajoaopessoa.com.br\/sobre\/"},{"@type":"ListItem","position":2,"name":"&#8216;Dia D&#8217; de vacina\u00e7\u00e3o antirr\u00e1bica acontece neste s\u00e1bado (29) na Para\u00edba; confira locais"}]},{"@type":"WebSite","@id":"https:\/\/www.encontrajoaopessoa.com.br\/sobre\/#website","url":"https:\/\/www.encontrajoaopessoa.com.br\/sobre\/","name":"Encontra Jo\u00e3o Pessoa","description":"Not\u00edcias, eventos, informa\u00e7\u00f5es e dicas na cidade Jo\u00e3o Pessoa e regi\u00e3o.","potentialAction":[{"@type":"SearchAction","target":{"@type":"EntryPoint","urlTemplate":"https:\/\/www.encontrajoaopessoa.com.br\/sobre\/?s={search_term_string}"},"query-input":{"@type":"PropertyValueSpecification","valueRequired":true,"valueName":"search_term_string"}}],"inLanguage":"pt-BR"},{"@type":"Person","@id":"https:\/\/www.encontrajoaopessoa.com.br\/sobre\/#\/schema\/person\/dcf4dbc803217a030dfb489f4a014aca","name":"Encontra Jo\u00e3o Pessoa","image":{"@type":"ImageObject","inLanguage":"pt-BR","@id":"https:\/\/secure.gravatar.com\/avatar\/507340682b8270222e1f208e23198b6ae7e2c6a1033ae84e99bc6bce4f82a387?s=96&d=mm&r=g","url":"https:\/\/secure.gravatar.com\/avatar\/507340682b8270222e1f208e23198b6ae7e2c6a1033ae84e99bc6bce4f82a387?s=96&d=mm&r=g","contentUrl":"https:\/\/secure.gravatar.com\/avatar\/507340682b8270222e1f208e23198b6ae7e2c6a1033ae84e99bc6bce4f82a387?s=96&d=mm&r=g","caption":"Encontra Jo\u00e3o Pessoa"},"url":"https:\/\/www.encontrajoaopessoa.com.br\/sobre\/author\/ejoaopessoa\/"}]}},"_links":{"self":[{"href":"https:\/\/www.encontrajoaopessoa.com.br\/sobre\/wp-json\/wp\/v2\/posts\/2277","targetHints":{"allow":["GET"]}}],"collection":[{"href":"https:\/\/www.encontrajoaopessoa.com.br\/sobre\/wp-json\/wp\/v2\/posts"}],"about":[{"href":"https:\/\/www.encontrajoaopessoa.com.br\/sobre\/wp-json\/wp\/v2\/types\/post"}],"author":[{"embeddable":true,"href":"https:\/\/www.encontrajoaopessoa.com.br\/sobre\/wp-json\/wp\/v2\/users\/1"}],"replies":[{"embeddable":true,"href":"https:\/\/www.encontrajoaopessoa.com.br\/sobre\/wp-json\/wp\/v2\/comments?post=2277"}],"version-history":[{"count":0,"href":"https:\/\/www.encontrajoaopessoa.com.br\/sobre\/wp-json\/wp\/v2\/posts\/2277\/revisions"}],"wp:featuredmedia":[{"embeddable":true,"href":"https:\/\/www.encontrajoaopessoa.com.br\/sobre\/wp-json\/wp\/v2\/media\/2276"}],"wp:attachment":[{"href":"https:\/\/www.encontrajoaopessoa.com.br\/sobre\/wp-json\/wp\/v2\/media?parent=2277"}],"wp:term":[{"taxonomy":"category","embeddable":true,"href":"https:\/\/www.encontrajoaopessoa.com.br\/sobre\/wp-json\/wp\/v2\/categories?post=2277"},{"taxonomy":"post_tag","embeddable":true,"href":"https:\/\/www.encontrajoaopessoa.com.br\/sobre\/wp-json\/wp\/v2\/tags?post=2277"}],"curies":[{"name":"wp","href":"https:\/\/api.w.org\/{rel}","templated":true}]}}