{"id":2271,"date":"2026-08-30T02:40:16","date_gmt":"2026-08-30T05:40:16","guid":{"rendered":"https:\/\/www.encontrajoaopessoa.com.br\/sobre\/pedro-coutinho-defende-parceria-com-prefeitura-para-a-revitalizacao-do-centro-historico-de-joao-pessoa\/"},"modified":"2026-08-30T02:40:16","modified_gmt":"2026-08-30T05:40:16","slug":"pedro-coutinho-defende-parceria-com-prefeitura-para-a-revitalizacao-do-centro-historico-de-joao-pessoa","status":"publish","type":"post","link":"https:\/\/www.encontrajoaopessoa.com.br\/sobre\/pedro-coutinho-defende-parceria-com-prefeitura-para-a-revitalizacao-do-centro-historico-de-joao-pessoa\/","title":{"rendered":"Pedro Coutinho defende parceria com prefeitura para a revitaliza\u00e7\u00e3o do Centro Hist\u00f3rico de Jo\u00e3o Pessoa"},"content":{"rendered":"<div class=\"866aa4a7c674253f40eaa20e0e3e928c\" data-index=\"1\" style=\"float: none; margin:0px;\">\n<!-- Anuncio display - global -->\r\n<ins class=\"adsbygoogle\"\r\n     style=\"display:block\"\r\n     data-ad-client=\"ca-pub-8585364105181520\"\r\n     data-ad-slot=\"8789329856\"\r\n     data-ad-format=\"auto\"\r\n     data-full-width-responsive=\"true\"><\/ins>\r\n<script>\r\n     (adsbygoogle = window.adsbygoogle || []).push({});\r\n<\/script>\n<\/div>\n<h2>A necessidade de revitaliza\u00e7\u00e3o<\/h2>\n<p>A revitaliza\u00e7\u00e3o do Centro Hist\u00f3rico de Jo\u00e3o Pessoa \u00e9 uma proposta que vem sendo discutida e considerada essencial para o desenvolvimento da capital paraibana. Este espa\u00e7o, que possui um valor hist\u00f3rico e arquitet\u00f4nico significativo, sofre com a degrada\u00e7\u00e3o e abandono ao longo dos anos. A falta de investimentos e aten\u00e7\u00e3o tem afastado tanto turistas quanto a pr\u00f3pria popula\u00e7\u00e3o local, que encontra na \u00e1rea apenas um lembrete do que j\u00e1 foi um vibrante centro cultural e econ\u00f4mico. Portanto, a parcerias entre o governo estadual e a prefeitura se tornam cruciais para revitalizar este espa\u00e7o t\u00e3o significativo.<\/p>\n<h2>Propostas para o Centro Hist\u00f3rico<\/h2>\n<p>O candidato Pedro Coutinho, durante sua entrevista \u00e0 TV Cabo Branco, apresentou uma s\u00e9rie de propostas voltadas para a revitaliza\u00e7\u00e3o do Centro Hist\u00f3rico. Citou, por exemplo, a necessidade de criar uma Secretaria Estadual de Urbanismo, que atuaria em sintonia com as cidades p\u00f3lo da Para\u00edba. A ideia \u00e9 estabelecer um plano estrat\u00e9gico para a revitaliza\u00e7\u00e3o, que envolva investimentos em infraestrutura, moradia e novos empreendimentos na regi\u00e3o.<\/p>\n<p>Al\u00e9m disso, Coutinho ressaltou a import\u00e2ncia de transformar o Centro em um espa\u00e7o mais acess\u00edvel e atrativo, com a cria\u00e7\u00e3o de \u00e1reas de conviv\u00eancia, a promo\u00e7\u00e3o de eventos culturais e a gera\u00e7\u00e3o de empregos. O objetivo \u00e9 n\u00e3o apenas restaurar o espa\u00e7o, mas tamb\u00e9m reintegr\u00e1-lo \u00e0 vida urbana de Jo\u00e3o Pessoa, trazendo qualidade de vida para os moradores e incentivando visitas de turistas.<\/p>\n<p><img decoding=\"async\" src=\"https:\/\/www.encontrajoaopessoa.com.br\/sobre\/wp-content\/uploads\/2026\/08\/pedro-coutinho-defende-parceria-com-prefeitura-para-a-revitalizacao-do-centro-historico-de-joao-pess.webp\" alt=\"\" loading=\"lazy\" \/><\/p>\n<h2>Impacto na economia local<\/h2>\n<p>A revitaliza\u00e7\u00e3o do Centro Hist\u00f3rico n\u00e3o \u00e9 apenas uma quest\u00e3o est\u00e9tica ou cultural. Ela tem potenciais impactos diretos na economia local. Ao atrair novos empreendimentos e turistas, aumenta-se a circula\u00e7\u00e3o de dinheiro e a gera\u00e7\u00e3o de empregos na \u00e1rea. O com\u00e9rcio local pode ser revitalizado, com a reabertura de lojas, caf\u00e9s e restaurantes, tornando-se um polo de atra\u00e7\u00e3o para visitantes e residentes.<\/p>\n<p>Essa din\u00e2mica econ\u00f4mica pode trazer um efeito positivo em diversas \u00e1reas, como turismo, gastronomia e entretenimento, criando uma sinergia que beneficia a cidade como um todo. Al\u00e9m disso, a revitaliza\u00e7\u00e3o pode incentivar iniciativas empreendedoras, estimulando a competitividade e a inova\u00e7\u00e3o na regi\u00e3o.<\/p>\n<h2>Cria\u00e7\u00e3o de moradias na \u00e1rea<\/h2>\n<p>Outro aspecto fundamental apresentado por Coutinho \u00e9 a cria\u00e7\u00e3o de moradias no Centro Hist\u00f3rico. A proposta de transformar o espa\u00e7o em uma \u00e1rea de moradia perpassa pela ideia de habitabilidade, onde as pessoas possam residir e ter acesso a servi\u00e7os e cultura de forma integrada. Essa abordagem sustent\u00e1vel auxilia na forma\u00e7\u00e3o de comunidades vibrantes, que se sentem parte da revitaliza\u00e7\u00e3o e conservam o patrim\u00f4nio hist\u00f3rico.<\/p>\n<p>Ao oferecer habita\u00e7\u00e3o acess\u00edvel e de qualidade, o governo pode contribuir para a fixa\u00e7\u00e3o da popula\u00e7\u00e3o local na regi\u00e3o, al\u00e9m de incentivar a presen\u00e7a de fam\u00edlias que dar\u00e3o vida e movimento ao Centro. Isso favorece n\u00e3o apenas a economia, mas tamb\u00e9m a coes\u00e3o social e a multiplicidade cultural do espa\u00e7o.<\/p>\n<h2>Fim da Zona Azul: O que significa?<\/h2>\n<p>Um dos pontos que gerou discuss\u00e3o na entrevista foi a proposta de Coutinho de retirar a Zona Azul em Jo\u00e3o Pessoa. Essa medida visa simplificar o acesso \u00e0 \u00e1rea e incentivar mais pessoas a visitarem o Centro Hist\u00f3rico. A Zona Azul, que atualmente limita a perman\u00eancia de ve\u00edculos e exige pagamento por estacionamento, pode ser vista como um entrave para o com\u00e9rcio local e para a fluidez do turismo na regi\u00e3o.<\/p>\n<p>Retirar essa restri\u00e7\u00e3o poderia facilitar a chegada de mais pessoas ao centro, promovendo um ambiente mais atrativo para aqueles que desejam explorar a cultura, a arquitetura e o com\u00e9rcio local. Contudo, essa medida exigir\u00e1 uma estrat\u00e9gia alternativa de mobilidade urbana, garantindo que o acesso ao Centro continue organizado e seguro.<\/p>\n<h2>Parcerias entre governo e prefeitura<\/h2>\n<p>A efetiva\u00e7\u00e3o de parcerias entre o governo do estado e a prefeitura de Jo\u00e3o Pessoa \u00e9 vital para o sucesso das propostas de revitaliza\u00e7\u00e3o do Centro Hist\u00f3rico. Essas colabora\u00e7\u00f5es podem facilitar o acesso a recursos financeiros, desenvolvendo projetos conjuntos que tornem as interven\u00e7\u00f5es mais eficientes e alinhadas com as necessidades da popula\u00e7\u00e3o.<\/p>\n<p>Al\u00e9m disso, a uni\u00e3o de esfor\u00e7os permitir\u00e1 a realiza\u00e7\u00e3o de campanhas de marketing e promo\u00e7\u00e3o que divulguem as atividades revitalizadas do Centro, atraindo tanto o turismo quanto os investidores. Um trabalho conjunto pode trazer benef\u00edcios significativos, onde a\u00e7\u00f5es coordenadas entre ambos os governos aumentam a efic\u00e1cia das iniciativas propostas, gerando um legado duradouro para o Centro Hist\u00f3rico de Jo\u00e3o Pessoa.<\/p>\n<h2>Atraindo novos investimentos<\/h2>\n<p>Para viabilizar a revitaliza\u00e7\u00e3o do Centro, a atra\u00e7\u00e3o de novos investimentos \u00e9 uma das principais metas a serem alcan\u00e7adas. Pedro Coutinho destacou a import\u00e2ncia de criar condi\u00e7\u00f5es favor\u00e1veis para que os investidores se sintam atra\u00eddos pela \u00e1rea. Isso inclui a simplifica\u00e7\u00e3o de processos burocr\u00e1ticos e a cria\u00e7\u00e3o de incentivos fiscais para facilitar a instala\u00e7\u00e3o de novos neg\u00f3cios.<\/p>\n<p>O investimento privado, seja na forma de novos empreendimentos ou na reabilita\u00e7\u00e3o de edif\u00edcios hist\u00f3ricos, \u00e9 fundamental para a revitaliza\u00e7\u00e3o. Isso n\u00e3o apenas trar\u00e1 recursos financeiros, mas tamb\u00e9m novas ideias e inova\u00e7\u00f5es que podem integrar o passado e o presente, revitalizando a identidade do Centro Hist\u00f3rico de Jo\u00e3o Pessoa.<\/p>\n<h2>Vis\u00e3o para os pr\u00f3ximos anos<\/h2>\n<p>Com o intuito de acompanhar e avaliar as propostas apresentadas, o candidato vislumbra um futuro onde o Centro Hist\u00f3rico se torne um ponto de refer\u00eancia n\u00e3o apenas para Jo\u00e3o Pessoa, mas para toda a Para\u00edba. Essa transforma\u00e7\u00e3o requer planejamento cuidadoso, metas claras e um compromisso duradouro com a revitaliza\u00e7\u00e3o. Comunidade, sociedade civil e parceiros estrat\u00e9gicos devem estar envolvidos no processo, garantindo que a implementa\u00e7\u00e3o das propostas seja efetiva e que a identidade cultural do local seja preservada.<\/p>\n<h2>O papel da comunidade na revitaliza\u00e7\u00e3o<\/h2>\n<p>A participa\u00e7\u00e3o da comunidade local ser\u00e1 fundamental no processo de revitaliza\u00e7\u00e3o do Centro Hist\u00f3rico. Os moradores e comerciantes t\u00eam conhecimento profundo sobre a \u00e1rea e suas necessidades, podendo contribuir ativamente com ideias e solu\u00e7\u00f5es criativas.<\/p>\n<p>Envolv\u00ea-los no planejamento e na execu\u00e7\u00e3o de projetos pode gerar um senso de pertencimento e compromisso, garantindo que a revitaliza\u00e7\u00e3o n\u00e3o seja vista como uma imposi\u00e7\u00e3o, mas como um esfor\u00e7o conjunto. Al\u00e9m disso, a participa\u00e7\u00e3o comunit\u00e1ria pode fortalecer a identidade local e enriquecer a diversidade cultural do Centro, promovendo eventos que celebrem as tradi\u00e7\u00f5es e a hist\u00f3ria do lugar.<\/p>\n<h2>Hist\u00f3rias do Centro Hist\u00f3rico<\/h2>\n<p>O Centro Hist\u00f3rico de Jo\u00e3o Pessoa carrega consigo uma rica tape\u00e7aria de hist\u00f3rias que moldaram a identidade da cidade ao longo dos anos. Cada rua, pr\u00e9dio e monumento tem um valor sob a perspectiva cultural e social. A revitaliza\u00e7\u00e3o oferece a oportunidade de recontar essas hist\u00f3rias e apresent\u00e1-las a novas gera\u00e7\u00f5es e visitantes.<\/p>\n<p>Exposi\u00e7\u00f5es, tours guiados e eventos podem ser organizados para resgatar a mem\u00f3ria e criar conex\u00f5es emocionais com o espa\u00e7o. Celebrar as hist\u00f3rias locais tamb\u00e9m pode ser uma estrat\u00e9gia poderosa para a atra\u00e7\u00e3o de turistas, que buscam experi\u00eancias aut\u00eanticas e significativas durante suas visitas.<\/p>\n\n<div style=\"font-size: 0px; height: 0px; line-height: 0px; margin: 0; padding: 0; clear: both;\"><\/div>","protected":false},"excerpt":{"rendered":"<p>Revitaliza\u00e7\u00e3o do Centro Hist\u00f3rico de Jo\u00e3o Pessoa traz novas propostas para atrair investimentos.<\/p>\n","protected":false},"author":1,"featured_media":2270,"comment_status":"closed","ping_status":"closed","sticky":false,"template":"","format":"standard","meta":{"footnotes":""},"categories":[26],"tags":[],"class_list":["post-2271","post","type-post","status-publish","format-standard","has-post-thumbnail","hentry","category-cultura-em-joao-pessoa","has_thumb"],"yoast_head":"<!-- This site is optimized with the Yoast SEO plugin v28.2 - https:\/\/yoast.com\/product\/yoast-seo-wordpress\/ -->\n<title>Pedro Coutinho defende parceria com prefeitura para a revitaliza\u00e7\u00e3o do Centro Hist\u00f3rico de Jo\u00e3o Pessoa - Encontra Jo\u00e3o Pessoa<\/title>\n<meta name=\"robots\" content=\"index, follow, max-snippet:-1, max-image-preview:large, max-video-preview:-1\" \/>\n<link rel=\"canonical\" href=\"https:\/\/www.encontrajoaopessoa.com.br\/sobre\/pedro-coutinho-defende-parceria-com-prefeitura-para-a-revitalizacao-do-centro-historico-de-joao-pessoa\/\" \/>\n<meta property=\"og:locale\" content=\"pt_BR\" \/>\n<meta property=\"og:type\" content=\"article\" \/>\n<meta property=\"og:title\" content=\"Pedro Coutinho defende parceria com prefeitura para a revitaliza\u00e7\u00e3o do Centro Hist\u00f3rico de Jo\u00e3o Pessoa - Encontra Jo\u00e3o Pessoa\" \/>\n<meta property=\"og:description\" content=\"Revitaliza\u00e7\u00e3o do Centro Hist\u00f3rico de Jo\u00e3o Pessoa traz novas propostas para atrair investimentos.\" \/>\n<meta property=\"og:url\" content=\"https:\/\/www.encontrajoaopessoa.com.br\/sobre\/pedro-coutinho-defende-parceria-com-prefeitura-para-a-revitalizacao-do-centro-historico-de-joao-pessoa\/\" \/>\n<meta property=\"og:site_name\" content=\"Encontra Jo\u00e3o Pessoa\" \/>\n<meta property=\"article:published_time\" content=\"2026-08-30T05:40:16+00:00\" \/>\n<meta property=\"og:image\" content=\"https:\/\/www.encontrajoaopessoa.com.br\/sobre\/wp-content\/uploads\/2026\/08\/pedro-coutinho-defende-parceria-com-prefeitura-para-a-revitalizacao-do-centro-historico-de-joao-pess.webp\" \/>\n<meta name=\"author\" content=\"Encontra Jo\u00e3o Pessoa\" \/>\n<meta name=\"twitter:card\" content=\"summary_large_image\" \/>\n<meta name=\"twitter:label1\" content=\"Escrito por\" \/>\n\t<meta name=\"twitter:data1\" content=\"Encontra Jo\u00e3o Pessoa\" \/>\n\t<meta name=\"twitter:label2\" content=\"Est. tempo de leitura\" \/>\n\t<meta name=\"twitter:data2\" content=\"6 minutos\" \/>\n<script type=\"application\/ld+json\" class=\"yoast-schema-graph\">{\"@context\":\"https:\\\/\\\/schema.org\",\"@graph\":[{\"@type\":\"Article\",\"@id\":\"https:\\\/\\\/www.encontrajoaopessoa.com.br\\\/sobre\\\/pedro-coutinho-defende-parceria-com-prefeitura-para-a-revitalizacao-do-centro-historico-de-joao-pessoa\\\/#article\",\"isPartOf\":{\"@id\":\"https:\\\/\\\/www.encontrajoaopessoa.com.br\\\/sobre\\\/pedro-coutinho-defende-parceria-com-prefeitura-para-a-revitalizacao-do-centro-historico-de-joao-pessoa\\\/\"},\"author\":{\"name\":\"Encontra Jo\u00e3o Pessoa\",\"@id\":\"https:\\\/\\\/www.encontrajoaopessoa.com.br\\\/sobre\\\/#\\\/schema\\\/person\\\/dcf4dbc803217a030dfb489f4a014aca\"},\"headline\":\"Pedro Coutinho defende parceria com prefeitura para a revitaliza\u00e7\u00e3o do Centro Hist\u00f3rico de Jo\u00e3o Pessoa\",\"datePublished\":\"2026-08-30T05:40:16+00:00\",\"mainEntityOfPage\":{\"@id\":\"https:\\\/\\\/www.encontrajoaopessoa.com.br\\\/sobre\\\/pedro-coutinho-defende-parceria-com-prefeitura-para-a-revitalizacao-do-centro-historico-de-joao-pessoa\\\/\"},\"wordCount\":1276,\"image\":{\"@id\":\"https:\\\/\\\/www.encontrajoaopessoa.com.br\\\/sobre\\\/pedro-coutinho-defende-parceria-com-prefeitura-para-a-revitalizacao-do-centro-historico-de-joao-pessoa\\\/#primaryimage\"},\"thumbnailUrl\":\"https:\\\/\\\/www.encontrajoaopessoa.com.br\\\/sobre\\\/wp-content\\\/uploads\\\/2026\\\/08\\\/pedro-coutinho-defende-parceria-com-prefeitura-para-a-revitalizacao-do-centro-historico-de-joao-pess.webp\",\"articleSection\":[\"Cultura Jo\u00e3o Pessoa\"],\"inLanguage\":\"pt-BR\"},{\"@type\":\"WebPage\",\"@id\":\"https:\\\/\\\/www.encontrajoaopessoa.com.br\\\/sobre\\\/pedro-coutinho-defende-parceria-com-prefeitura-para-a-revitalizacao-do-centro-historico-de-joao-pessoa\\\/\",\"url\":\"https:\\\/\\\/www.encontrajoaopessoa.com.br\\\/sobre\\\/pedro-coutinho-defende-parceria-com-prefeitura-para-a-revitalizacao-do-centro-historico-de-joao-pessoa\\\/\",\"name\":\"Pedro Coutinho defende parceria com prefeitura para a revitaliza\u00e7\u00e3o do Centro Hist\u00f3rico de Jo\u00e3o Pessoa - Encontra Jo\u00e3o Pessoa\",\"isPartOf\":{\"@id\":\"https:\\\/\\\/www.encontrajoaopessoa.com.br\\\/sobre\\\/#website\"},\"primaryImageOfPage\":{\"@id\":\"https:\\\/\\\/www.encontrajoaopessoa.com.br\\\/sobre\\\/pedro-coutinho-defende-parceria-com-prefeitura-para-a-revitalizacao-do-centro-historico-de-joao-pessoa\\\/#primaryimage\"},\"image\":{\"@id\":\"https:\\\/\\\/www.encontrajoaopessoa.com.br\\\/sobre\\\/pedro-coutinho-defende-parceria-com-prefeitura-para-a-revitalizacao-do-centro-historico-de-joao-pessoa\\\/#primaryimage\"},\"thumbnailUrl\":\"https:\\\/\\\/www.encontrajoaopessoa.com.br\\\/sobre\\\/wp-content\\\/uploads\\\/2026\\\/08\\\/pedro-coutinho-defende-parceria-com-prefeitura-para-a-revitalizacao-do-centro-historico-de-joao-pess.webp\",\"datePublished\":\"2026-08-30T05:40:16+00:00\",\"author\":{\"@id\":\"https:\\\/\\\/www.encontrajoaopessoa.com.br\\\/sobre\\\/#\\\/schema\\\/person\\\/dcf4dbc803217a030dfb489f4a014aca\"},\"breadcrumb\":{\"@id\":\"https:\\\/\\\/www.encontrajoaopessoa.com.br\\\/sobre\\\/pedro-coutinho-defende-parceria-com-prefeitura-para-a-revitalizacao-do-centro-historico-de-joao-pessoa\\\/#breadcrumb\"},\"inLanguage\":\"pt-BR\",\"potentialAction\":[{\"@type\":\"ReadAction\",\"target\":[\"https:\\\/\\\/www.encontrajoaopessoa.com.br\\\/sobre\\\/pedro-coutinho-defende-parceria-com-prefeitura-para-a-revitalizacao-do-centro-historico-de-joao-pessoa\\\/\"]}]},{\"@type\":\"ImageObject\",\"inLanguage\":\"pt-BR\",\"@id\":\"https:\\\/\\\/www.encontrajoaopessoa.com.br\\\/sobre\\\/pedro-coutinho-defende-parceria-com-prefeitura-para-a-revitalizacao-do-centro-historico-de-joao-pessoa\\\/#primaryimage\",\"url\":\"https:\\\/\\\/www.encontrajoaopessoa.com.br\\\/sobre\\\/wp-content\\\/uploads\\\/2026\\\/08\\\/pedro-coutinho-defende-parceria-com-prefeitura-para-a-revitalizacao-do-centro-historico-de-joao-pess.webp\",\"contentUrl\":\"https:\\\/\\\/www.encontrajoaopessoa.com.br\\\/sobre\\\/wp-content\\\/uploads\\\/2026\\\/08\\\/pedro-coutinho-defende-parceria-com-prefeitura-para-a-revitalizacao-do-centro-historico-de-joao-pess.webp\",\"width\":280,\"height\":280},{\"@type\":\"BreadcrumbList\",\"@id\":\"https:\\\/\\\/www.encontrajoaopessoa.com.br\\\/sobre\\\/pedro-coutinho-defende-parceria-com-prefeitura-para-a-revitalizacao-do-centro-historico-de-joao-pessoa\\\/#breadcrumb\",\"itemListElement\":[{\"@type\":\"ListItem\",\"position\":1,\"name\":\"In\u00edcio\",\"item\":\"https:\\\/\\\/www.encontrajoaopessoa.com.br\\\/sobre\\\/\"},{\"@type\":\"ListItem\",\"position\":2,\"name\":\"Pedro Coutinho defende parceria com prefeitura para a revitaliza\u00e7\u00e3o do Centro Hist\u00f3rico de Jo\u00e3o Pessoa\"}]},{\"@type\":\"WebSite\",\"@id\":\"https:\\\/\\\/www.encontrajoaopessoa.com.br\\\/sobre\\\/#website\",\"url\":\"https:\\\/\\\/www.encontrajoaopessoa.com.br\\\/sobre\\\/\",\"name\":\"Encontra Jo\u00e3o Pessoa\",\"description\":\"Not\u00edcias, eventos, informa\u00e7\u00f5es e dicas na cidade Jo\u00e3o Pessoa e regi\u00e3o.\",\"potentialAction\":[{\"@type\":\"SearchAction\",\"target\":{\"@type\":\"EntryPoint\",\"urlTemplate\":\"https:\\\/\\\/www.encontrajoaopessoa.com.br\\\/sobre\\\/?s={search_term_string}\"},\"query-input\":{\"@type\":\"PropertyValueSpecification\",\"valueRequired\":true,\"valueName\":\"search_term_string\"}}],\"inLanguage\":\"pt-BR\"},{\"@type\":\"Person\",\"@id\":\"https:\\\/\\\/www.encontrajoaopessoa.com.br\\\/sobre\\\/#\\\/schema\\\/person\\\/dcf4dbc803217a030dfb489f4a014aca\",\"name\":\"Encontra Jo\u00e3o Pessoa\",\"image\":{\"@type\":\"ImageObject\",\"inLanguage\":\"pt-BR\",\"@id\":\"https:\\\/\\\/secure.gravatar.com\\\/avatar\\\/507340682b8270222e1f208e23198b6ae7e2c6a1033ae84e99bc6bce4f82a387?s=96&d=mm&r=g\",\"url\":\"https:\\\/\\\/secure.gravatar.com\\\/avatar\\\/507340682b8270222e1f208e23198b6ae7e2c6a1033ae84e99bc6bce4f82a387?s=96&d=mm&r=g\",\"contentUrl\":\"https:\\\/\\\/secure.gravatar.com\\\/avatar\\\/507340682b8270222e1f208e23198b6ae7e2c6a1033ae84e99bc6bce4f82a387?s=96&d=mm&r=g\",\"caption\":\"Encontra Jo\u00e3o Pessoa\"},\"url\":\"https:\\\/\\\/www.encontrajoaopessoa.com.br\\\/sobre\\\/author\\\/ejoaopessoa\\\/\"}]}<\/script>\n<!-- \/ Yoast SEO plugin. -->","yoast_head_json":{"title":"Pedro Coutinho defende parceria com prefeitura para a revitaliza\u00e7\u00e3o do Centro Hist\u00f3rico de Jo\u00e3o Pessoa - Encontra Jo\u00e3o Pessoa","robots":{"index":"index","follow":"follow","max-snippet":"max-snippet:-1","max-image-preview":"max-image-preview:large","max-video-preview":"max-video-preview:-1"},"canonical":"https:\/\/www.encontrajoaopessoa.com.br\/sobre\/pedro-coutinho-defende-parceria-com-prefeitura-para-a-revitalizacao-do-centro-historico-de-joao-pessoa\/","og_locale":"pt_BR","og_type":"article","og_title":"Pedro Coutinho defende parceria com prefeitura para a revitaliza\u00e7\u00e3o do Centro Hist\u00f3rico de Jo\u00e3o Pessoa - Encontra Jo\u00e3o Pessoa","og_description":"Revitaliza\u00e7\u00e3o do Centro Hist\u00f3rico de Jo\u00e3o Pessoa traz novas propostas para atrair investimentos.","og_url":"https:\/\/www.encontrajoaopessoa.com.br\/sobre\/pedro-coutinho-defende-parceria-com-prefeitura-para-a-revitalizacao-do-centro-historico-de-joao-pessoa\/","og_site_name":"Encontra Jo\u00e3o Pessoa","article_published_time":"2026-08-30T05:40:16+00:00","og_image":[{"url":"https:\/\/www.encontrajoaopessoa.com.br\/sobre\/wp-content\/uploads\/2026\/08\/pedro-coutinho-defende-parceria-com-prefeitura-para-a-revitalizacao-do-centro-historico-de-joao-pess.webp","type":"","width":"","height":""}],"author":"Encontra Jo\u00e3o Pessoa","twitter_card":"summary_large_image","twitter_misc":{"Escrito por":"Encontra Jo\u00e3o Pessoa","Est. tempo de leitura":"6 minutos"},"schema":{"@context":"https:\/\/schema.org","@graph":[{"@type":"Article","@id":"https:\/\/www.encontrajoaopessoa.com.br\/sobre\/pedro-coutinho-defende-parceria-com-prefeitura-para-a-revitalizacao-do-centro-historico-de-joao-pessoa\/#article","isPartOf":{"@id":"https:\/\/www.encontrajoaopessoa.com.br\/sobre\/pedro-coutinho-defende-parceria-com-prefeitura-para-a-revitalizacao-do-centro-historico-de-joao-pessoa\/"},"author":{"name":"Encontra Jo\u00e3o Pessoa","@id":"https:\/\/www.encontrajoaopessoa.com.br\/sobre\/#\/schema\/person\/dcf4dbc803217a030dfb489f4a014aca"},"headline":"Pedro Coutinho defende parceria com prefeitura para a revitaliza\u00e7\u00e3o do Centro Hist\u00f3rico de Jo\u00e3o Pessoa","datePublished":"2026-08-30T05:40:16+00:00","mainEntityOfPage":{"@id":"https:\/\/www.encontrajoaopessoa.com.br\/sobre\/pedro-coutinho-defende-parceria-com-prefeitura-para-a-revitalizacao-do-centro-historico-de-joao-pessoa\/"},"wordCount":1276,"image":{"@id":"https:\/\/www.encontrajoaopessoa.com.br\/sobre\/pedro-coutinho-defende-parceria-com-prefeitura-para-a-revitalizacao-do-centro-historico-de-joao-pessoa\/#primaryimage"},"thumbnailUrl":"https:\/\/www.encontrajoaopessoa.com.br\/sobre\/wp-content\/uploads\/2026\/08\/pedro-coutinho-defende-parceria-com-prefeitura-para-a-revitalizacao-do-centro-historico-de-joao-pess.webp","articleSection":["Cultura Jo\u00e3o Pessoa"],"inLanguage":"pt-BR"},{"@type":"WebPage","@id":"https:\/\/www.encontrajoaopessoa.com.br\/sobre\/pedro-coutinho-defende-parceria-com-prefeitura-para-a-revitalizacao-do-centro-historico-de-joao-pessoa\/","url":"https:\/\/www.encontrajoaopessoa.com.br\/sobre\/pedro-coutinho-defende-parceria-com-prefeitura-para-a-revitalizacao-do-centro-historico-de-joao-pessoa\/","name":"Pedro Coutinho defende parceria com prefeitura para a revitaliza\u00e7\u00e3o do Centro Hist\u00f3rico de Jo\u00e3o Pessoa - Encontra Jo\u00e3o Pessoa","isPartOf":{"@id":"https:\/\/www.encontrajoaopessoa.com.br\/sobre\/#website"},"primaryImageOfPage":{"@id":"https:\/\/www.encontrajoaopessoa.com.br\/sobre\/pedro-coutinho-defende-parceria-com-prefeitura-para-a-revitalizacao-do-centro-historico-de-joao-pessoa\/#primaryimage"},"image":{"@id":"https:\/\/www.encontrajoaopessoa.com.br\/sobre\/pedro-coutinho-defende-parceria-com-prefeitura-para-a-revitalizacao-do-centro-historico-de-joao-pessoa\/#primaryimage"},"thumbnailUrl":"https:\/\/www.encontrajoaopessoa.com.br\/sobre\/wp-content\/uploads\/2026\/08\/pedro-coutinho-defende-parceria-com-prefeitura-para-a-revitalizacao-do-centro-historico-de-joao-pess.webp","datePublished":"2026-08-30T05:40:16+00:00","author":{"@id":"https:\/\/www.encontrajoaopessoa.com.br\/sobre\/#\/schema\/person\/dcf4dbc803217a030dfb489f4a014aca"},"breadcrumb":{"@id":"https:\/\/www.encontrajoaopessoa.com.br\/sobre\/pedro-coutinho-defende-parceria-com-prefeitura-para-a-revitalizacao-do-centro-historico-de-joao-pessoa\/#breadcrumb"},"inLanguage":"pt-BR","potentialAction":[{"@type":"ReadAction","target":["https:\/\/www.encontrajoaopessoa.com.br\/sobre\/pedro-coutinho-defende-parceria-com-prefeitura-para-a-revitalizacao-do-centro-historico-de-joao-pessoa\/"]}]},{"@type":"ImageObject","inLanguage":"pt-BR","@id":"https:\/\/www.encontrajoaopessoa.com.br\/sobre\/pedro-coutinho-defende-parceria-com-prefeitura-para-a-revitalizacao-do-centro-historico-de-joao-pessoa\/#primaryimage","url":"https:\/\/www.encontrajoaopessoa.com.br\/sobre\/wp-content\/uploads\/2026\/08\/pedro-coutinho-defende-parceria-com-prefeitura-para-a-revitalizacao-do-centro-historico-de-joao-pess.webp","contentUrl":"https:\/\/www.encontrajoaopessoa.com.br\/sobre\/wp-content\/uploads\/2026\/08\/pedro-coutinho-defende-parceria-com-prefeitura-para-a-revitalizacao-do-centro-historico-de-joao-pess.webp","width":280,"height":280},{"@type":"BreadcrumbList","@id":"https:\/\/www.encontrajoaopessoa.com.br\/sobre\/pedro-coutinho-defende-parceria-com-prefeitura-para-a-revitalizacao-do-centro-historico-de-joao-pessoa\/#breadcrumb","itemListElement":[{"@type":"ListItem","position":1,"name":"In\u00edcio","item":"https:\/\/www.encontrajoaopessoa.com.br\/sobre\/"},{"@type":"ListItem","position":2,"name":"Pedro Coutinho defende parceria com prefeitura para a revitaliza\u00e7\u00e3o do Centro Hist\u00f3rico de Jo\u00e3o Pessoa"}]},{"@type":"WebSite","@id":"https:\/\/www.encontrajoaopessoa.com.br\/sobre\/#website","url":"https:\/\/www.encontrajoaopessoa.com.br\/sobre\/","name":"Encontra Jo\u00e3o Pessoa","description":"Not\u00edcias, eventos, informa\u00e7\u00f5es e dicas na cidade Jo\u00e3o Pessoa e regi\u00e3o.","potentialAction":[{"@type":"SearchAction","target":{"@type":"EntryPoint","urlTemplate":"https:\/\/www.encontrajoaopessoa.com.br\/sobre\/?s={search_term_string}"},"query-input":{"@type":"PropertyValueSpecification","valueRequired":true,"valueName":"search_term_string"}}],"inLanguage":"pt-BR"},{"@type":"Person","@id":"https:\/\/www.encontrajoaopessoa.com.br\/sobre\/#\/schema\/person\/dcf4dbc803217a030dfb489f4a014aca","name":"Encontra Jo\u00e3o Pessoa","image":{"@type":"ImageObject","inLanguage":"pt-BR","@id":"https:\/\/secure.gravatar.com\/avatar\/507340682b8270222e1f208e23198b6ae7e2c6a1033ae84e99bc6bce4f82a387?s=96&d=mm&r=g","url":"https:\/\/secure.gravatar.com\/avatar\/507340682b8270222e1f208e23198b6ae7e2c6a1033ae84e99bc6bce4f82a387?s=96&d=mm&r=g","contentUrl":"https:\/\/secure.gravatar.com\/avatar\/507340682b8270222e1f208e23198b6ae7e2c6a1033ae84e99bc6bce4f82a387?s=96&d=mm&r=g","caption":"Encontra Jo\u00e3o Pessoa"},"url":"https:\/\/www.encontrajoaopessoa.com.br\/sobre\/author\/ejoaopessoa\/"}]}},"_links":{"self":[{"href":"https:\/\/www.encontrajoaopessoa.com.br\/sobre\/wp-json\/wp\/v2\/posts\/2271","targetHints":{"allow":["GET"]}}],"collection":[{"href":"https:\/\/www.encontrajoaopessoa.com.br\/sobre\/wp-json\/wp\/v2\/posts"}],"about":[{"href":"https:\/\/www.encontrajoaopessoa.com.br\/sobre\/wp-json\/wp\/v2\/types\/post"}],"author":[{"embeddable":true,"href":"https:\/\/www.encontrajoaopessoa.com.br\/sobre\/wp-json\/wp\/v2\/users\/1"}],"replies":[{"embeddable":true,"href":"https:\/\/www.encontrajoaopessoa.com.br\/sobre\/wp-json\/wp\/v2\/comments?post=2271"}],"version-history":[{"count":0,"href":"https:\/\/www.encontrajoaopessoa.com.br\/sobre\/wp-json\/wp\/v2\/posts\/2271\/revisions"}],"wp:featuredmedia":[{"embeddable":true,"href":"https:\/\/www.encontrajoaopessoa.com.br\/sobre\/wp-json\/wp\/v2\/media\/2270"}],"wp:attachment":[{"href":"https:\/\/www.encontrajoaopessoa.com.br\/sobre\/wp-json\/wp\/v2\/media?parent=2271"}],"wp:term":[{"taxonomy":"category","embeddable":true,"href":"https:\/\/www.encontrajoaopessoa.com.br\/sobre\/wp-json\/wp\/v2\/categories?post=2271"},{"taxonomy":"post_tag","embeddable":true,"href":"https:\/\/www.encontrajoaopessoa.com.br\/sobre\/wp-json\/wp\/v2\/tags?post=2271"}],"curies":[{"name":"wp","href":"https:\/\/api.w.org\/{rel}","templated":true}]}}