{"id":2243,"date":"2026-08-27T01:38:19","date_gmt":"2026-08-27T04:38:19","guid":{"rendered":"https:\/\/www.encontrajoaopessoa.com.br\/sobre\/prefeitura-de-joao-pessoa-apresenta-avancos-tecnologicos-da-gestao-a-especialista-nacional-em-ti\/"},"modified":"2026-08-27T01:38:19","modified_gmt":"2026-08-27T04:38:19","slug":"prefeitura-de-joao-pessoa-apresenta-avancos-tecnologicos-da-gestao-a-especialista-nacional-em-ti","status":"publish","type":"post","link":"https:\/\/www.encontrajoaopessoa.com.br\/sobre\/prefeitura-de-joao-pessoa-apresenta-avancos-tecnologicos-da-gestao-a-especialista-nacional-em-ti\/","title":{"rendered":"Prefeitura de Jo\u00e3o Pessoa apresenta avan\u00e7os tecnol\u00f3gicos da gest\u00e3o a especialista nacional em TI"},"content":{"rendered":"<div class=\"866aa4a7c674253f40eaa20e0e3e928c\" data-index=\"1\" style=\"float: none; margin:0px;\">\n<!-- Anuncio display - global -->\r\n<ins class=\"adsbygoogle\"\r\n     style=\"display:block\"\r\n     data-ad-client=\"ca-pub-8585364105181520\"\r\n     data-ad-slot=\"8789329856\"\r\n     data-ad-format=\"auto\"\r\n     data-full-width-responsive=\"true\"><\/ins>\r\n<script>\r\n     (adsbygoogle = window.adsbygoogle || []).push({});\r\n<\/script>\n<\/div>\n<h2>Inova\u00e7\u00f5es que Transformam a Gest\u00e3o P\u00fablica<\/h2>\n<p>Recentemente, a Prefeitura de Jo\u00e3o Pessoa destacou significativos avan\u00e7os tecnol\u00f3gicos na administra\u00e7\u00e3o p\u00fablica. Essa transforma\u00e7\u00e3o \u00e9 impulsionada por inova\u00e7\u00f5es que visam modernizar o gerenciamento, visando aumentar a efici\u00eancia, conectar servi\u00e7os e facilitar o acesso das comunidades a solu\u00e7\u00f5es oferecidas. O mercado atual exige que as administra\u00e7\u00f5es p\u00fablicas sejam \u00e1geis e tecnol\u00f3gicas, proposant novas formas de intera\u00e7\u00e3o entre o governo e os cidad\u00e3os.<\/p>\n<h2>A Visita de Tarc\u00edsio Machado \u00e0 UMTI<\/h2>\n<p>No dia 26 de agosto de 2026, a cidade de Jo\u00e3o Pessoa teve a honra de receber Tarc\u00edsio Machado, um reconhecido especialista em Tecnologia da Informa\u00e7\u00e3o. Durante sua visita, Tarc\u00edsio aprofundou-se nas solu\u00e7\u00f5es e sistemas implementados pela Prefeitura com o objetivo de modernizar a gest\u00e3o p\u00fablica. O evento ocorreu na Unidade Municipal de Tecnologia da Informa\u00e7\u00e3o (UMTI), que se dedica ao desenvolvimento e implementa\u00e7\u00e3o de iniciativas voltadas \u00e0 transforma\u00e7\u00e3o digital.<\/p>\n<h2>Infraestrutura Tecnol\u00f3gica: Base para a Moderniza\u00e7\u00e3o<\/h2>\n<p>A infraestrutura tecnol\u00f3gica desempenha um papel crucial na moderniza\u00e7\u00e3o das gest\u00f5es p\u00fablicas. Na UMTI, foram apresentadas v\u00e1rias inova\u00e7\u00f5es, como a integra\u00e7\u00e3o de centros de dados, redes de fibra \u00f3ptica e solu\u00e7\u00f5es para mobilidade urbana. Essa estrutura permite um monitoramento em tempo real das opera\u00e7\u00f5es do munic\u00edpio, oferecendo a base necess\u00e1ria para um governo mais eficiente e \u00e1gil.<\/p>\n<p><img decoding=\"async\" src=\"https:\/\/www.encontrajoaopessoa.com.br\/sobre\/wp-content\/uploads\/2026\/08\/prefeitura-de-joao-pessoa-apresenta-avancos-tecnologicos-da-gestao-a-especialista-nacional-em-ti.webp\" alt=\"avan\u00e7os tecnol\u00f3gicos da gest\u00e3o\" loading=\"lazy\" \/><\/p>\n<h2>Integra\u00e7\u00e3o de Data Centers e Rede de Fibra \u00d3ptica<\/h2>\n<p>A integra\u00e7\u00e3o de data centers \u00e9 um dos marcos tecnol\u00f3gicos da Prefeitura. Isso garante que todas as informa\u00e7\u00f5es e servi\u00e7os estejam conectados, facilitando o fluxo de dados. Al\u00e9m disso, a rede de fibra \u00f3ptica oferece uma conectividade r\u00e1pida e confi\u00e1vel, essencial para a efic\u00e1cia dos sistemas de informa\u00e7\u00e3o e comunica\u00e7\u00e3o interna e externa da Prefeitura.<\/p>\n<h2>Mobilidade Urbana e Monitoramento Eficiente<\/h2>\n<p>Outro ponto discutido na visita foi a mobilidade urbana, que se beneficiou das tecnologias implantadas. O monitoramento das vias da cidade, aliado a uma an\u00e1lise de dados inteligente, assegura uma resposta r\u00e1pida a qualquer incidente. Isso n\u00e3o s\u00f3 melhora o tr\u00e1fego urbano, mas tamb\u00e9m a seguran\u00e7a dos cidad\u00e3os ao permitir um atendimento emergencial mais eficaz.<\/p>\n<h2>Troca de Experi\u00eancias entre Setores<\/h2>\n<p>A visita de Tarc\u00edsio tamb\u00e9m foi uma oportunidade para a troca de experi\u00eancias entre os setores p\u00fablico e privado. Ele exp\u00f4s sua vis\u00e3o sobre como as inova\u00e7\u00f5es do setor privado podem ser traduzidas em a\u00e7\u00f5es no setor p\u00fablico. As discuss\u00f5es abriram espa\u00e7o para compartilhar conhecimentos e identificar pr\u00e1ticas que poder\u00e3o ser adaptadas para melhorar ainda mais a gest\u00e3o municipal.<\/p>\n<h2>Reconhecimento das Solu\u00e7\u00f5es Desenvolvidas<\/h2>\n<p>Bruno Crispim, coordenador da UMTI, enfatizou a import\u00e2ncia do reconhecimento formal das inova\u00e7\u00f5es implementadas. A visita de um profissional com a trajet\u00f3ria de Tarc\u00edsio Machado colheu frutos ao validar as solu\u00e7\u00f5es adotadas, destacando que a Prefeitura j\u00e1 \u00e9 refer\u00eancia na \u00e1rea de Tecnologia da Informa\u00e7\u00e3o e continua a conquistar pr\u00eamios pelo seu trabalho inovador.<\/p>\n<h2>Redu\u00e7\u00e3o de Custos e Aumento de Efici\u00eancia<\/h2>\n<p>Uma das vantagens apontadas por Tarc\u00edsio foi a economia gerada pela ado\u00e7\u00e3o de solu\u00e7\u00f5es pr\u00f3prias e locais. A implementa\u00e7\u00e3o de ferramentas desenvolvidas internamente pode proporcionar servi\u00e7os mais eficientes e com menor custo para a administra\u00e7\u00e3o p\u00fablica. Essa abordagem n\u00e3o s\u00f3 economiza recursos, mas tamb\u00e9m assegura que a tecnologia atenda \u00e0s necessidades espec\u00edficas do munic\u00edpio.<\/p>\n<h2>Facilita\u00e7\u00e3o no Acesso aos Servi\u00e7os P\u00fablicos<\/h2>\n<p>Tarc\u00edsio destacou que um dos principais objetivos das tecnologias adotadas \u00e9 facilitar o acesso da popula\u00e7\u00e3o aos servi\u00e7os p\u00fablicos. Por meio de plataformas digitais, os cidad\u00e3os podem realizar solicita\u00e7\u00f5es, registrar reclama\u00e7\u00f5es e acessar informa\u00e7\u00f5es de maneira mais pr\u00e1tica. Essa melhoria no atendimento ao p\u00fablico \u00e9 fundamental para a constru\u00e7\u00e3o de um governo mais pr\u00f3ximo e acess\u00edvel.<\/p>\n<h2>O Futuro da Tecnologia na Administra\u00e7\u00e3o Municipal<\/h2>\n<p>Com o avan\u00e7o cont\u00ednuo da tecnologia, a Prefeitura de Jo\u00e3o Pessoa est\u00e1 se preparando para o futuro. A integra\u00e7\u00e3o de mais ferramentas digitais e a melhoria constante dos j\u00e1 existentes s\u00e3o essenciais para garantir que a administra\u00e7\u00e3o p\u00fablica atenda \u00e0s demandas da popula\u00e7\u00e3o de forma eficaz. A busca por inova\u00e7\u00e3o deve ser um compromisso constante, alinhando-se \u00e0s melhores pr\u00e1ticas do setor p\u00fablico e privado.<\/p>\n\n<div style=\"font-size: 0px; height: 0px; line-height: 0px; margin: 0; padding: 0; clear: both;\"><\/div>","protected":false},"excerpt":{"rendered":"<p>Avan\u00e7os tecnol\u00f3gicos da gest\u00e3o em Jo\u00e3o Pessoa s\u00e3o destacados por especialista em TI.<\/p>\n","protected":false},"author":1,"featured_media":2242,"comment_status":"closed","ping_status":"closed","sticky":false,"template":"","format":"standard","meta":{"footnotes":""},"categories":[1],"tags":[],"class_list":["post-2243","post","type-post","status-publish","format-standard","has-post-thumbnail","hentry","category-noticias-em-joao-pessoa","has_thumb"],"yoast_head":"<!-- This site is optimized with the Yoast SEO plugin v28.2 - https:\/\/yoast.com\/product\/yoast-seo-wordpress\/ -->\n<title>Prefeitura de Jo\u00e3o Pessoa apresenta avan\u00e7os tecnol\u00f3gicos da gest\u00e3o a especialista nacional em TI - Encontra Jo\u00e3o Pessoa<\/title>\n<meta name=\"robots\" content=\"index, follow, max-snippet:-1, max-image-preview:large, max-video-preview:-1\" \/>\n<link rel=\"canonical\" href=\"https:\/\/www.encontrajoaopessoa.com.br\/sobre\/prefeitura-de-joao-pessoa-apresenta-avancos-tecnologicos-da-gestao-a-especialista-nacional-em-ti\/\" \/>\n<meta property=\"og:locale\" content=\"pt_BR\" \/>\n<meta property=\"og:type\" content=\"article\" \/>\n<meta property=\"og:title\" content=\"Prefeitura de Jo\u00e3o Pessoa apresenta avan\u00e7os tecnol\u00f3gicos da gest\u00e3o a especialista nacional em TI - Encontra Jo\u00e3o Pessoa\" \/>\n<meta property=\"og:description\" content=\"Avan\u00e7os tecnol\u00f3gicos da gest\u00e3o em Jo\u00e3o Pessoa s\u00e3o destacados por especialista em TI.\" \/>\n<meta property=\"og:url\" content=\"https:\/\/www.encontrajoaopessoa.com.br\/sobre\/prefeitura-de-joao-pessoa-apresenta-avancos-tecnologicos-da-gestao-a-especialista-nacional-em-ti\/\" \/>\n<meta property=\"og:site_name\" content=\"Encontra Jo\u00e3o Pessoa\" \/>\n<meta property=\"article:published_time\" content=\"2026-08-27T04:38:19+00:00\" \/>\n<meta property=\"og:image\" content=\"https:\/\/www.encontrajoaopessoa.com.br\/sobre\/wp-content\/uploads\/2026\/08\/prefeitura-de-joao-pessoa-apresenta-avancos-tecnologicos-da-gestao-a-especialista-nacional-em-ti.webp\" \/>\n<meta name=\"author\" content=\"Encontra Jo\u00e3o Pessoa\" \/>\n<meta name=\"twitter:card\" content=\"summary_large_image\" \/>\n<meta name=\"twitter:label1\" content=\"Escrito por\" \/>\n\t<meta name=\"twitter:data1\" content=\"Encontra Jo\u00e3o Pessoa\" \/>\n\t<meta name=\"twitter:label2\" content=\"Est. tempo de leitura\" \/>\n\t<meta name=\"twitter:data2\" content=\"4 minutos\" \/>\n<script type=\"application\/ld+json\" class=\"yoast-schema-graph\">{\"@context\":\"https:\\\/\\\/schema.org\",\"@graph\":[{\"@type\":\"Article\",\"@id\":\"https:\\\/\\\/www.encontrajoaopessoa.com.br\\\/sobre\\\/prefeitura-de-joao-pessoa-apresenta-avancos-tecnologicos-da-gestao-a-especialista-nacional-em-ti\\\/#article\",\"isPartOf\":{\"@id\":\"https:\\\/\\\/www.encontrajoaopessoa.com.br\\\/sobre\\\/prefeitura-de-joao-pessoa-apresenta-avancos-tecnologicos-da-gestao-a-especialista-nacional-em-ti\\\/\"},\"author\":{\"name\":\"Encontra Jo\u00e3o Pessoa\",\"@id\":\"https:\\\/\\\/www.encontrajoaopessoa.com.br\\\/sobre\\\/#\\\/schema\\\/person\\\/dcf4dbc803217a030dfb489f4a014aca\"},\"headline\":\"Prefeitura de Jo\u00e3o Pessoa apresenta avan\u00e7os tecnol\u00f3gicos da gest\u00e3o a especialista nacional em TI\",\"datePublished\":\"2026-08-27T04:38:19+00:00\",\"mainEntityOfPage\":{\"@id\":\"https:\\\/\\\/www.encontrajoaopessoa.com.br\\\/sobre\\\/prefeitura-de-joao-pessoa-apresenta-avancos-tecnologicos-da-gestao-a-especialista-nacional-em-ti\\\/\"},\"wordCount\":783,\"image\":{\"@id\":\"https:\\\/\\\/www.encontrajoaopessoa.com.br\\\/sobre\\\/prefeitura-de-joao-pessoa-apresenta-avancos-tecnologicos-da-gestao-a-especialista-nacional-em-ti\\\/#primaryimage\"},\"thumbnailUrl\":\"https:\\\/\\\/www.encontrajoaopessoa.com.br\\\/sobre\\\/wp-content\\\/uploads\\\/2026\\\/08\\\/prefeitura-de-joao-pessoa-apresenta-avancos-tecnologicos-da-gestao-a-especialista-nacional-em-ti.webp\",\"articleSection\":[\"Not\u00edcias Jo\u00e3o Pessoa\"],\"inLanguage\":\"pt-BR\"},{\"@type\":\"WebPage\",\"@id\":\"https:\\\/\\\/www.encontrajoaopessoa.com.br\\\/sobre\\\/prefeitura-de-joao-pessoa-apresenta-avancos-tecnologicos-da-gestao-a-especialista-nacional-em-ti\\\/\",\"url\":\"https:\\\/\\\/www.encontrajoaopessoa.com.br\\\/sobre\\\/prefeitura-de-joao-pessoa-apresenta-avancos-tecnologicos-da-gestao-a-especialista-nacional-em-ti\\\/\",\"name\":\"Prefeitura de Jo\u00e3o Pessoa apresenta avan\u00e7os tecnol\u00f3gicos da gest\u00e3o a especialista nacional em TI - Encontra Jo\u00e3o Pessoa\",\"isPartOf\":{\"@id\":\"https:\\\/\\\/www.encontrajoaopessoa.com.br\\\/sobre\\\/#website\"},\"primaryImageOfPage\":{\"@id\":\"https:\\\/\\\/www.encontrajoaopessoa.com.br\\\/sobre\\\/prefeitura-de-joao-pessoa-apresenta-avancos-tecnologicos-da-gestao-a-especialista-nacional-em-ti\\\/#primaryimage\"},\"image\":{\"@id\":\"https:\\\/\\\/www.encontrajoaopessoa.com.br\\\/sobre\\\/prefeitura-de-joao-pessoa-apresenta-avancos-tecnologicos-da-gestao-a-especialista-nacional-em-ti\\\/#primaryimage\"},\"thumbnailUrl\":\"https:\\\/\\\/www.encontrajoaopessoa.com.br\\\/sobre\\\/wp-content\\\/uploads\\\/2026\\\/08\\\/prefeitura-de-joao-pessoa-apresenta-avancos-tecnologicos-da-gestao-a-especialista-nacional-em-ti.webp\",\"datePublished\":\"2026-08-27T04:38:19+00:00\",\"author\":{\"@id\":\"https:\\\/\\\/www.encontrajoaopessoa.com.br\\\/sobre\\\/#\\\/schema\\\/person\\\/dcf4dbc803217a030dfb489f4a014aca\"},\"breadcrumb\":{\"@id\":\"https:\\\/\\\/www.encontrajoaopessoa.com.br\\\/sobre\\\/prefeitura-de-joao-pessoa-apresenta-avancos-tecnologicos-da-gestao-a-especialista-nacional-em-ti\\\/#breadcrumb\"},\"inLanguage\":\"pt-BR\",\"potentialAction\":[{\"@type\":\"ReadAction\",\"target\":[\"https:\\\/\\\/www.encontrajoaopessoa.com.br\\\/sobre\\\/prefeitura-de-joao-pessoa-apresenta-avancos-tecnologicos-da-gestao-a-especialista-nacional-em-ti\\\/\"]}]},{\"@type\":\"ImageObject\",\"inLanguage\":\"pt-BR\",\"@id\":\"https:\\\/\\\/www.encontrajoaopessoa.com.br\\\/sobre\\\/prefeitura-de-joao-pessoa-apresenta-avancos-tecnologicos-da-gestao-a-especialista-nacional-em-ti\\\/#primaryimage\",\"url\":\"https:\\\/\\\/www.encontrajoaopessoa.com.br\\\/sobre\\\/wp-content\\\/uploads\\\/2026\\\/08\\\/prefeitura-de-joao-pessoa-apresenta-avancos-tecnologicos-da-gestao-a-especialista-nacional-em-ti.webp\",\"contentUrl\":\"https:\\\/\\\/www.encontrajoaopessoa.com.br\\\/sobre\\\/wp-content\\\/uploads\\\/2026\\\/08\\\/prefeitura-de-joao-pessoa-apresenta-avancos-tecnologicos-da-gestao-a-especialista-nacional-em-ti.webp\",\"width\":280,\"height\":280,\"caption\":\"avan\u00e7os tecnol\u00f3gicos da gest\u00e3o\"},{\"@type\":\"BreadcrumbList\",\"@id\":\"https:\\\/\\\/www.encontrajoaopessoa.com.br\\\/sobre\\\/prefeitura-de-joao-pessoa-apresenta-avancos-tecnologicos-da-gestao-a-especialista-nacional-em-ti\\\/#breadcrumb\",\"itemListElement\":[{\"@type\":\"ListItem\",\"position\":1,\"name\":\"In\u00edcio\",\"item\":\"https:\\\/\\\/www.encontrajoaopessoa.com.br\\\/sobre\\\/\"},{\"@type\":\"ListItem\",\"position\":2,\"name\":\"Prefeitura de Jo\u00e3o Pessoa apresenta avan\u00e7os tecnol\u00f3gicos da gest\u00e3o a especialista nacional em TI\"}]},{\"@type\":\"WebSite\",\"@id\":\"https:\\\/\\\/www.encontrajoaopessoa.com.br\\\/sobre\\\/#website\",\"url\":\"https:\\\/\\\/www.encontrajoaopessoa.com.br\\\/sobre\\\/\",\"name\":\"Encontra Jo\u00e3o Pessoa\",\"description\":\"Not\u00edcias, eventos, informa\u00e7\u00f5es e dicas na cidade Jo\u00e3o Pessoa e regi\u00e3o.\",\"potentialAction\":[{\"@type\":\"SearchAction\",\"target\":{\"@type\":\"EntryPoint\",\"urlTemplate\":\"https:\\\/\\\/www.encontrajoaopessoa.com.br\\\/sobre\\\/?s={search_term_string}\"},\"query-input\":{\"@type\":\"PropertyValueSpecification\",\"valueRequired\":true,\"valueName\":\"search_term_string\"}}],\"inLanguage\":\"pt-BR\"},{\"@type\":\"Person\",\"@id\":\"https:\\\/\\\/www.encontrajoaopessoa.com.br\\\/sobre\\\/#\\\/schema\\\/person\\\/dcf4dbc803217a030dfb489f4a014aca\",\"name\":\"Encontra Jo\u00e3o Pessoa\",\"image\":{\"@type\":\"ImageObject\",\"inLanguage\":\"pt-BR\",\"@id\":\"https:\\\/\\\/secure.gravatar.com\\\/avatar\\\/507340682b8270222e1f208e23198b6ae7e2c6a1033ae84e99bc6bce4f82a387?s=96&d=mm&r=g\",\"url\":\"https:\\\/\\\/secure.gravatar.com\\\/avatar\\\/507340682b8270222e1f208e23198b6ae7e2c6a1033ae84e99bc6bce4f82a387?s=96&d=mm&r=g\",\"contentUrl\":\"https:\\\/\\\/secure.gravatar.com\\\/avatar\\\/507340682b8270222e1f208e23198b6ae7e2c6a1033ae84e99bc6bce4f82a387?s=96&d=mm&r=g\",\"caption\":\"Encontra Jo\u00e3o Pessoa\"},\"url\":\"https:\\\/\\\/www.encontrajoaopessoa.com.br\\\/sobre\\\/author\\\/ejoaopessoa\\\/\"}]}<\/script>\n<!-- \/ Yoast SEO plugin. -->","yoast_head_json":{"title":"Prefeitura de Jo\u00e3o Pessoa apresenta avan\u00e7os tecnol\u00f3gicos da gest\u00e3o a especialista nacional em TI - Encontra Jo\u00e3o Pessoa","robots":{"index":"index","follow":"follow","max-snippet":"max-snippet:-1","max-image-preview":"max-image-preview:large","max-video-preview":"max-video-preview:-1"},"canonical":"https:\/\/www.encontrajoaopessoa.com.br\/sobre\/prefeitura-de-joao-pessoa-apresenta-avancos-tecnologicos-da-gestao-a-especialista-nacional-em-ti\/","og_locale":"pt_BR","og_type":"article","og_title":"Prefeitura de Jo\u00e3o Pessoa apresenta avan\u00e7os tecnol\u00f3gicos da gest\u00e3o a especialista nacional em TI - Encontra Jo\u00e3o Pessoa","og_description":"Avan\u00e7os tecnol\u00f3gicos da gest\u00e3o em Jo\u00e3o Pessoa s\u00e3o destacados por especialista em TI.","og_url":"https:\/\/www.encontrajoaopessoa.com.br\/sobre\/prefeitura-de-joao-pessoa-apresenta-avancos-tecnologicos-da-gestao-a-especialista-nacional-em-ti\/","og_site_name":"Encontra Jo\u00e3o Pessoa","article_published_time":"2026-08-27T04:38:19+00:00","og_image":[{"url":"https:\/\/www.encontrajoaopessoa.com.br\/sobre\/wp-content\/uploads\/2026\/08\/prefeitura-de-joao-pessoa-apresenta-avancos-tecnologicos-da-gestao-a-especialista-nacional-em-ti.webp","type":"","width":"","height":""}],"author":"Encontra Jo\u00e3o Pessoa","twitter_card":"summary_large_image","twitter_misc":{"Escrito por":"Encontra Jo\u00e3o Pessoa","Est. tempo de leitura":"4 minutos"},"schema":{"@context":"https:\/\/schema.org","@graph":[{"@type":"Article","@id":"https:\/\/www.encontrajoaopessoa.com.br\/sobre\/prefeitura-de-joao-pessoa-apresenta-avancos-tecnologicos-da-gestao-a-especialista-nacional-em-ti\/#article","isPartOf":{"@id":"https:\/\/www.encontrajoaopessoa.com.br\/sobre\/prefeitura-de-joao-pessoa-apresenta-avancos-tecnologicos-da-gestao-a-especialista-nacional-em-ti\/"},"author":{"name":"Encontra Jo\u00e3o Pessoa","@id":"https:\/\/www.encontrajoaopessoa.com.br\/sobre\/#\/schema\/person\/dcf4dbc803217a030dfb489f4a014aca"},"headline":"Prefeitura de Jo\u00e3o Pessoa apresenta avan\u00e7os tecnol\u00f3gicos da gest\u00e3o a especialista nacional em TI","datePublished":"2026-08-27T04:38:19+00:00","mainEntityOfPage":{"@id":"https:\/\/www.encontrajoaopessoa.com.br\/sobre\/prefeitura-de-joao-pessoa-apresenta-avancos-tecnologicos-da-gestao-a-especialista-nacional-em-ti\/"},"wordCount":783,"image":{"@id":"https:\/\/www.encontrajoaopessoa.com.br\/sobre\/prefeitura-de-joao-pessoa-apresenta-avancos-tecnologicos-da-gestao-a-especialista-nacional-em-ti\/#primaryimage"},"thumbnailUrl":"https:\/\/www.encontrajoaopessoa.com.br\/sobre\/wp-content\/uploads\/2026\/08\/prefeitura-de-joao-pessoa-apresenta-avancos-tecnologicos-da-gestao-a-especialista-nacional-em-ti.webp","articleSection":["Not\u00edcias Jo\u00e3o Pessoa"],"inLanguage":"pt-BR"},{"@type":"WebPage","@id":"https:\/\/www.encontrajoaopessoa.com.br\/sobre\/prefeitura-de-joao-pessoa-apresenta-avancos-tecnologicos-da-gestao-a-especialista-nacional-em-ti\/","url":"https:\/\/www.encontrajoaopessoa.com.br\/sobre\/prefeitura-de-joao-pessoa-apresenta-avancos-tecnologicos-da-gestao-a-especialista-nacional-em-ti\/","name":"Prefeitura de Jo\u00e3o Pessoa apresenta avan\u00e7os tecnol\u00f3gicos da gest\u00e3o a especialista nacional em TI - Encontra Jo\u00e3o Pessoa","isPartOf":{"@id":"https:\/\/www.encontrajoaopessoa.com.br\/sobre\/#website"},"primaryImageOfPage":{"@id":"https:\/\/www.encontrajoaopessoa.com.br\/sobre\/prefeitura-de-joao-pessoa-apresenta-avancos-tecnologicos-da-gestao-a-especialista-nacional-em-ti\/#primaryimage"},"image":{"@id":"https:\/\/www.encontrajoaopessoa.com.br\/sobre\/prefeitura-de-joao-pessoa-apresenta-avancos-tecnologicos-da-gestao-a-especialista-nacional-em-ti\/#primaryimage"},"thumbnailUrl":"https:\/\/www.encontrajoaopessoa.com.br\/sobre\/wp-content\/uploads\/2026\/08\/prefeitura-de-joao-pessoa-apresenta-avancos-tecnologicos-da-gestao-a-especialista-nacional-em-ti.webp","datePublished":"2026-08-27T04:38:19+00:00","author":{"@id":"https:\/\/www.encontrajoaopessoa.com.br\/sobre\/#\/schema\/person\/dcf4dbc803217a030dfb489f4a014aca"},"breadcrumb":{"@id":"https:\/\/www.encontrajoaopessoa.com.br\/sobre\/prefeitura-de-joao-pessoa-apresenta-avancos-tecnologicos-da-gestao-a-especialista-nacional-em-ti\/#breadcrumb"},"inLanguage":"pt-BR","potentialAction":[{"@type":"ReadAction","target":["https:\/\/www.encontrajoaopessoa.com.br\/sobre\/prefeitura-de-joao-pessoa-apresenta-avancos-tecnologicos-da-gestao-a-especialista-nacional-em-ti\/"]}]},{"@type":"ImageObject","inLanguage":"pt-BR","@id":"https:\/\/www.encontrajoaopessoa.com.br\/sobre\/prefeitura-de-joao-pessoa-apresenta-avancos-tecnologicos-da-gestao-a-especialista-nacional-em-ti\/#primaryimage","url":"https:\/\/www.encontrajoaopessoa.com.br\/sobre\/wp-content\/uploads\/2026\/08\/prefeitura-de-joao-pessoa-apresenta-avancos-tecnologicos-da-gestao-a-especialista-nacional-em-ti.webp","contentUrl":"https:\/\/www.encontrajoaopessoa.com.br\/sobre\/wp-content\/uploads\/2026\/08\/prefeitura-de-joao-pessoa-apresenta-avancos-tecnologicos-da-gestao-a-especialista-nacional-em-ti.webp","width":280,"height":280,"caption":"avan\u00e7os tecnol\u00f3gicos da gest\u00e3o"},{"@type":"BreadcrumbList","@id":"https:\/\/www.encontrajoaopessoa.com.br\/sobre\/prefeitura-de-joao-pessoa-apresenta-avancos-tecnologicos-da-gestao-a-especialista-nacional-em-ti\/#breadcrumb","itemListElement":[{"@type":"ListItem","position":1,"name":"In\u00edcio","item":"https:\/\/www.encontrajoaopessoa.com.br\/sobre\/"},{"@type":"ListItem","position":2,"name":"Prefeitura de Jo\u00e3o Pessoa apresenta avan\u00e7os tecnol\u00f3gicos da gest\u00e3o a especialista nacional em TI"}]},{"@type":"WebSite","@id":"https:\/\/www.encontrajoaopessoa.com.br\/sobre\/#website","url":"https:\/\/www.encontrajoaopessoa.com.br\/sobre\/","name":"Encontra Jo\u00e3o Pessoa","description":"Not\u00edcias, eventos, informa\u00e7\u00f5es e dicas na cidade Jo\u00e3o Pessoa e regi\u00e3o.","potentialAction":[{"@type":"SearchAction","target":{"@type":"EntryPoint","urlTemplate":"https:\/\/www.encontrajoaopessoa.com.br\/sobre\/?s={search_term_string}"},"query-input":{"@type":"PropertyValueSpecification","valueRequired":true,"valueName":"search_term_string"}}],"inLanguage":"pt-BR"},{"@type":"Person","@id":"https:\/\/www.encontrajoaopessoa.com.br\/sobre\/#\/schema\/person\/dcf4dbc803217a030dfb489f4a014aca","name":"Encontra Jo\u00e3o Pessoa","image":{"@type":"ImageObject","inLanguage":"pt-BR","@id":"https:\/\/secure.gravatar.com\/avatar\/507340682b8270222e1f208e23198b6ae7e2c6a1033ae84e99bc6bce4f82a387?s=96&d=mm&r=g","url":"https:\/\/secure.gravatar.com\/avatar\/507340682b8270222e1f208e23198b6ae7e2c6a1033ae84e99bc6bce4f82a387?s=96&d=mm&r=g","contentUrl":"https:\/\/secure.gravatar.com\/avatar\/507340682b8270222e1f208e23198b6ae7e2c6a1033ae84e99bc6bce4f82a387?s=96&d=mm&r=g","caption":"Encontra Jo\u00e3o Pessoa"},"url":"https:\/\/www.encontrajoaopessoa.com.br\/sobre\/author\/ejoaopessoa\/"}]}},"_links":{"self":[{"href":"https:\/\/www.encontrajoaopessoa.com.br\/sobre\/wp-json\/wp\/v2\/posts\/2243","targetHints":{"allow":["GET"]}}],"collection":[{"href":"https:\/\/www.encontrajoaopessoa.com.br\/sobre\/wp-json\/wp\/v2\/posts"}],"about":[{"href":"https:\/\/www.encontrajoaopessoa.com.br\/sobre\/wp-json\/wp\/v2\/types\/post"}],"author":[{"embeddable":true,"href":"https:\/\/www.encontrajoaopessoa.com.br\/sobre\/wp-json\/wp\/v2\/users\/1"}],"replies":[{"embeddable":true,"href":"https:\/\/www.encontrajoaopessoa.com.br\/sobre\/wp-json\/wp\/v2\/comments?post=2243"}],"version-history":[{"count":0,"href":"https:\/\/www.encontrajoaopessoa.com.br\/sobre\/wp-json\/wp\/v2\/posts\/2243\/revisions"}],"wp:featuredmedia":[{"embeddable":true,"href":"https:\/\/www.encontrajoaopessoa.com.br\/sobre\/wp-json\/wp\/v2\/media\/2242"}],"wp:attachment":[{"href":"https:\/\/www.encontrajoaopessoa.com.br\/sobre\/wp-json\/wp\/v2\/media?parent=2243"}],"wp:term":[{"taxonomy":"category","embeddable":true,"href":"https:\/\/www.encontrajoaopessoa.com.br\/sobre\/wp-json\/wp\/v2\/categories?post=2243"},{"taxonomy":"post_tag","embeddable":true,"href":"https:\/\/www.encontrajoaopessoa.com.br\/sobre\/wp-json\/wp\/v2\/tags?post=2243"}],"curies":[{"name":"wp","href":"https:\/\/api.w.org\/{rel}","templated":true}]}}