{"id":2241,"date":"2026-08-26T01:40:51","date_gmt":"2026-08-26T04:40:51","guid":{"rendered":"https:\/\/www.encontrajoaopessoa.com.br\/sobre\/joao-pessoa-mobiliza-populacao-no-dia-d-para-atualizacao-da-caderneta-de-vacinacao\/"},"modified":"2026-08-26T01:40:51","modified_gmt":"2026-08-26T04:40:51","slug":"joao-pessoa-mobiliza-populacao-no-dia-d-para-atualizacao-da-caderneta-de-vacinacao","status":"publish","type":"post","link":"https:\/\/www.encontrajoaopessoa.com.br\/sobre\/joao-pessoa-mobiliza-populacao-no-dia-d-para-atualizacao-da-caderneta-de-vacinacao\/","title":{"rendered":"Jo\u00e3o Pessoa mobiliza popula\u00e7\u00e3o no Dia D para atualiza\u00e7\u00e3o da caderneta de vacina\u00e7\u00e3o"},"content":{"rendered":"<div class=\"866aa4a7c674253f40eaa20e0e3e928c\" data-index=\"1\" style=\"float: none; margin:0px;\">\n<!-- Anuncio display - global -->\r\n<ins class=\"adsbygoogle\"\r\n     style=\"display:block\"\r\n     data-ad-client=\"ca-pub-8585364105181520\"\r\n     data-ad-slot=\"8789329856\"\r\n     data-ad-format=\"auto\"\r\n     data-full-width-responsive=\"true\"><\/ins>\r\n<script>\r\n     (adsbygoogle = window.adsbygoogle || []).push({});\r\n<\/script>\n<\/div>\n<h2>O que \u00e9 o Dia D da Campanha Nacional de Multivacina\u00e7\u00e3o?<\/h2>\n<p>O Dia D da Campanha Nacional de Multivacina\u00e7\u00e3o representa uma mobiliza\u00e7\u00e3o em larga escala que visa facilitar o acesso da popula\u00e7\u00e3o \u00e0 vacina\u00e7\u00e3o. Este evento tem como foco fundamental a atualiza\u00e7\u00e3o da caderneta de vacina\u00e7\u00e3o de crian\u00e7as e adolescentes, especialmente aqueles com idade inferior a 15 anos. Organizado por autoridades locais de sa\u00fade, o Dia D se destaca por promover um esfor\u00e7o conjunto entre profissionais de sa\u00fade e a comunidade, incentivando a popula\u00e7\u00e3o a verificar se suas vacinas est\u00e3o em dia.<\/p>\n<h2>Import\u00e2ncia da Atualiza\u00e7\u00e3o da Caderneta de Vacina\u00e7\u00e3o<\/h2>\n<p>Manter a caderneta de vacina\u00e7\u00e3o atualizada \u00e9 essencial para garantir a prote\u00e7\u00e3o contra diversas doen\u00e7as que podem ser prevenidas por vacinas. A vacina\u00e7\u00e3o \u00e9 uma das estrat\u00e9gias mais eficazes de sa\u00fade p\u00fablica, contribuindo para a erradica\u00e7\u00e3o de enfermidades graves e o controle de surtos. A cada atualiza\u00e7\u00e3o, \u00e9 poss\u00edvel identificar poss\u00edveis doses em atraso, al\u00e9m de receber orienta\u00e7\u00f5es espec\u00edficas sobre os imunizantes adequados para cada faixa et\u00e1ria.<\/p>\n<h2>Locais de Vacina\u00e7\u00e3o em Jo\u00e3o Pessoa<\/h2>\n<p>Em Jo\u00e3o Pessoa, a vacina\u00e7\u00e3o durante a Campanha Nacional de Multivacina\u00e7\u00e3o ocorre em diversos pontos estrat\u00e9gicos, garantindo que todos os cidad\u00e3os tenham f\u00e1cil acesso aos imunizantes. Os locais incluem:<\/p>\n<p><img decoding=\"async\" src=\"https:\/\/www.encontrajoaopessoa.com.br\/sobre\/wp-content\/uploads\/2026\/08\/joao-pessoa-mobiliza-populacao-no-dia-d-para-atualizacao-da-caderneta-de-vacinacao.webp\" alt=\"atualiza\u00e7\u00e3o da caderneta de vacina\u00e7\u00e3o\" loading=\"lazy\" \/><\/p>\n<ul>\n<li><strong>Unidades de Sa\u00fade da Fam\u00edlia (USFs):<\/strong> dispon\u00edveis em v\u00e1rias regi\u00f5es da cidade.<\/li>\n<li><strong>Policl\u00ednicas Municipais:<\/strong> que oferecem atendimento abrangente \u00e0 sa\u00fade.<\/li>\n<li><strong>Centro Municipal de Imuniza\u00e7\u00e3o (CMI):<\/strong> um ponto central para receber vacinas.<\/li>\n<li><strong>Pontos m\u00f3veis:<\/strong> instalados em centros comerciais e de grande circula\u00e7\u00e3o, como shoppings e mercados.<\/li>\n<\/ul>\n<h2>Benef\u00edcios da Vacina\u00e7\u00e3o para Crian\u00e7as e Adolescentes<\/h2>\n<p>A vacina\u00e7\u00e3o \u00e9 vital para a sa\u00fade de crian\u00e7as e adolescentes. Ela proporciona prote\u00e7\u00e3o contra doen\u00e7as que podem causar s\u00e9rios problemas de sa\u00fade ou at\u00e9 mesmo a morte. Al\u00e9m disso, a vacina\u00e7\u00e3o em massa contribui para a chamada imunidade de rebanho, que protege aqueles que n\u00e3o podem ser vacinados por motivos de sa\u00fade. No caso da vacina\u00e7\u00e3o de rotina, a iniciativa se estende a vacinas essenciais, como a tr\u00edplice viral, que previne sarampo, caxumba e rub\u00e9ola, entre outras.<\/p>\n<h2>Participa\u00e7\u00e3o da Comunidade na Campanha<\/h2>\n<p>A participa\u00e7\u00e3o ativa da comunidade no Dia D \u00e9 fundamental para o sucesso da campanha. A mobiliza\u00e7\u00e3o social envolve familiares, educadores e cidad\u00e3os em geral, que s\u00e3o incentivados a levar crian\u00e7as e jovens para atualizar suas vacinas. Campanhas de conscientiza\u00e7\u00e3o nos meios de comunica\u00e7\u00e3o e na internet tamb\u00e9m s\u00e3o eficazes para disseminar informa\u00e7\u00f5es e refor\u00e7ar a import\u00e2ncia da vacina\u00e7\u00e3o.<\/p>\n<h2>Depoimentos de Moradores Sobre a Vacina\u00e7\u00e3o<\/h2>\n<p>V\u00e1rios moradores expressaram suas opini\u00f5es positivas sobre a Campanha Nacional de Multivacina\u00e7\u00e3o. Alexsandra Lombardi, que levou seu neto para vacinar, afirma: &#8220;\u00c9 muito importante vacinar para imunizar e proteger. Ter um dia espec\u00edfico para isso facilita a vida de todos&#8221;. Outro morador, S\u00e9rgio Rodrigues, destacou: &#8220;Acho primordial a vacina. O cuidado com a sa\u00fade \u00e9 essencial e essa campanha \u00e9 uma excelente iniciativa&#8221;.<\/p>\n<h2>Vacinas Dispon\u00edveis para a Popula\u00e7\u00e3o<\/h2>\n<p>A Campanha Nacional de Multivacina\u00e7\u00e3o oferece uma variedade de vacinas para atender diferentes faixas et\u00e1rias e condi\u00e7\u00f5es de sa\u00fade. Dentre elas est\u00e3o:<\/p>\n<ul>\n<li><strong>Vacinas de rotina:<\/strong> que incluem a imuniza\u00e7\u00e3o contra hepatites, poliomielite e diversas outras.<\/li>\n<li><strong>Vacinas de campanha:<\/strong> dos imunizantes afetos ao combate a doen\u00e7as como meningite, Covid-19, sarampo e dengue.<\/li>\n<li><strong>Vacinas espec\u00edficas para grupos priorit\u00e1rios:<\/strong> tais como adultos e gestantes, com doses para Covid-19 e influenza.<\/li>\n<\/ul>\n<h2>Orienta\u00e7\u00f5es para Pais e Respons\u00e1veis<\/h2>\n<p>Para os pais e respons\u00e1veis que desejam levar seus filhos para vacina\u00e7\u00e3o, \u00e9 recomend\u00e1vel estar atentos a algumas orienta\u00e7\u00f5es: leve a caderneta de vacina\u00e7\u00e3o de cada crian\u00e7a; apresente um documento de identifica\u00e7\u00e3o pessoal, como CPF ou Cart\u00e3o SUS; e, para menores, traga tamb\u00e9m um documento de identifica\u00e7\u00e3o que comprove a responsabilidade, como a Certid\u00e3o de Nascimento ou RG.<\/p>\n<h2>Continua\u00e7\u00e3o da Vacina\u00e7\u00e3o Ap\u00f3s o Dia D<\/h2>\n<p>Mesmo quem n\u00e3o conseguiu comparecer ao Dia D pode contar com a continuidade das vacinas ao longo da semana. As unidades de sa\u00fade mant\u00eam suas salas de vacina\u00e7\u00e3o abertas, permitindo que as pessoas verifiquem a situa\u00e7\u00e3o vacinal e atualizem as cadernetas. \u00c9 importante que pais e respons\u00e1veis regularmente confiram se h\u00e1 doses pendentes.<\/p>\n<h2>Como Acompanhar a Situa\u00e7\u00e3o Vacinal na Rede Municipal<\/h2>\n<p>A Prefeitura de Jo\u00e3o Pessoa disponibiliza canais de comunica\u00e7\u00e3o e informa\u00e7\u00f5es sobre a vacina\u00e7\u00e3o, permitindo que a popula\u00e7\u00e3o acompanhe e verifique sua situa\u00e7\u00e3o vacinal. As unidades de sa\u00fade realizam avalia\u00e7\u00f5es peri\u00f3dicas, orientando sobre a import\u00e2ncia da atualiza\u00e7\u00e3o das cadernetas e esclarecendo d\u00favidas. Em caso de d\u00favidas, tamb\u00e9m \u00e9 poss\u00edvel consultar o site da Secretaria Municipal de Sa\u00fade ou fazer contato telef\u00f4nico com as unidades para mais informa\u00e7\u00f5es.<\/p>\n\n<div style=\"font-size: 0px; height: 0px; line-height: 0px; margin: 0; padding: 0; clear: both;\"><\/div>","protected":false},"excerpt":{"rendered":"<p>Jo\u00e3o Pessoa se mobiliza no Dia D para atualizar a caderneta de vacina\u00e7\u00e3o da popula\u00e7\u00e3o.<\/p>\n","protected":false},"author":1,"featured_media":2240,"comment_status":"closed","ping_status":"closed","sticky":false,"template":"","format":"standard","meta":{"footnotes":""},"categories":[35],"tags":[],"class_list":["post-2241","post","type-post","status-publish","format-standard","has-post-thumbnail","hentry","category-saude-em-joao-pessoa","has_thumb"],"yoast_head":"<!-- This site is optimized with the Yoast SEO plugin v28.2 - https:\/\/yoast.com\/product\/yoast-seo-wordpress\/ -->\n<title>Jo\u00e3o Pessoa mobiliza popula\u00e7\u00e3o no Dia D para atualiza\u00e7\u00e3o da caderneta de vacina\u00e7\u00e3o - Encontra Jo\u00e3o Pessoa<\/title>\n<meta name=\"robots\" content=\"index, follow, max-snippet:-1, max-image-preview:large, max-video-preview:-1\" \/>\n<link rel=\"canonical\" href=\"https:\/\/www.encontrajoaopessoa.com.br\/sobre\/joao-pessoa-mobiliza-populacao-no-dia-d-para-atualizacao-da-caderneta-de-vacinacao\/\" \/>\n<meta property=\"og:locale\" content=\"pt_BR\" \/>\n<meta property=\"og:type\" content=\"article\" \/>\n<meta property=\"og:title\" content=\"Jo\u00e3o Pessoa mobiliza popula\u00e7\u00e3o no Dia D para atualiza\u00e7\u00e3o da caderneta de vacina\u00e7\u00e3o - Encontra Jo\u00e3o Pessoa\" \/>\n<meta property=\"og:description\" content=\"Jo\u00e3o Pessoa se mobiliza no Dia D para atualizar a caderneta de vacina\u00e7\u00e3o da popula\u00e7\u00e3o.\" \/>\n<meta property=\"og:url\" content=\"https:\/\/www.encontrajoaopessoa.com.br\/sobre\/joao-pessoa-mobiliza-populacao-no-dia-d-para-atualizacao-da-caderneta-de-vacinacao\/\" \/>\n<meta property=\"og:site_name\" content=\"Encontra Jo\u00e3o Pessoa\" \/>\n<meta property=\"article:published_time\" content=\"2026-08-26T04:40:51+00:00\" \/>\n<meta property=\"og:image\" content=\"https:\/\/www.encontrajoaopessoa.com.br\/sobre\/wp-content\/uploads\/2026\/08\/joao-pessoa-mobiliza-populacao-no-dia-d-para-atualizacao-da-caderneta-de-vacinacao.webp\" \/>\n<meta name=\"author\" content=\"Encontra Jo\u00e3o Pessoa\" \/>\n<meta name=\"twitter:card\" content=\"summary_large_image\" \/>\n<meta name=\"twitter:label1\" content=\"Escrito por\" \/>\n\t<meta name=\"twitter:data1\" content=\"Encontra Jo\u00e3o Pessoa\" \/>\n\t<meta name=\"twitter:label2\" content=\"Est. tempo de leitura\" \/>\n\t<meta name=\"twitter:data2\" content=\"4 minutos\" \/>\n<script type=\"application\/ld+json\" class=\"yoast-schema-graph\">{\"@context\":\"https:\\\/\\\/schema.org\",\"@graph\":[{\"@type\":\"Article\",\"@id\":\"https:\\\/\\\/www.encontrajoaopessoa.com.br\\\/sobre\\\/joao-pessoa-mobiliza-populacao-no-dia-d-para-atualizacao-da-caderneta-de-vacinacao\\\/#article\",\"isPartOf\":{\"@id\":\"https:\\\/\\\/www.encontrajoaopessoa.com.br\\\/sobre\\\/joao-pessoa-mobiliza-populacao-no-dia-d-para-atualizacao-da-caderneta-de-vacinacao\\\/\"},\"author\":{\"name\":\"Encontra Jo\u00e3o Pessoa\",\"@id\":\"https:\\\/\\\/www.encontrajoaopessoa.com.br\\\/sobre\\\/#\\\/schema\\\/person\\\/dcf4dbc803217a030dfb489f4a014aca\"},\"headline\":\"Jo\u00e3o Pessoa mobiliza popula\u00e7\u00e3o no Dia D para atualiza\u00e7\u00e3o da caderneta de vacina\u00e7\u00e3o\",\"datePublished\":\"2026-08-26T04:40:51+00:00\",\"mainEntityOfPage\":{\"@id\":\"https:\\\/\\\/www.encontrajoaopessoa.com.br\\\/sobre\\\/joao-pessoa-mobiliza-populacao-no-dia-d-para-atualizacao-da-caderneta-de-vacinacao\\\/\"},\"wordCount\":875,\"image\":{\"@id\":\"https:\\\/\\\/www.encontrajoaopessoa.com.br\\\/sobre\\\/joao-pessoa-mobiliza-populacao-no-dia-d-para-atualizacao-da-caderneta-de-vacinacao\\\/#primaryimage\"},\"thumbnailUrl\":\"https:\\\/\\\/www.encontrajoaopessoa.com.br\\\/sobre\\\/wp-content\\\/uploads\\\/2026\\\/08\\\/joao-pessoa-mobiliza-populacao-no-dia-d-para-atualizacao-da-caderneta-de-vacinacao.webp\",\"articleSection\":[\"Sa\u00fade Jo\u00e3o Pessoa\"],\"inLanguage\":\"pt-BR\"},{\"@type\":\"WebPage\",\"@id\":\"https:\\\/\\\/www.encontrajoaopessoa.com.br\\\/sobre\\\/joao-pessoa-mobiliza-populacao-no-dia-d-para-atualizacao-da-caderneta-de-vacinacao\\\/\",\"url\":\"https:\\\/\\\/www.encontrajoaopessoa.com.br\\\/sobre\\\/joao-pessoa-mobiliza-populacao-no-dia-d-para-atualizacao-da-caderneta-de-vacinacao\\\/\",\"name\":\"Jo\u00e3o Pessoa mobiliza popula\u00e7\u00e3o no Dia D para atualiza\u00e7\u00e3o da caderneta de vacina\u00e7\u00e3o - Encontra Jo\u00e3o Pessoa\",\"isPartOf\":{\"@id\":\"https:\\\/\\\/www.encontrajoaopessoa.com.br\\\/sobre\\\/#website\"},\"primaryImageOfPage\":{\"@id\":\"https:\\\/\\\/www.encontrajoaopessoa.com.br\\\/sobre\\\/joao-pessoa-mobiliza-populacao-no-dia-d-para-atualizacao-da-caderneta-de-vacinacao\\\/#primaryimage\"},\"image\":{\"@id\":\"https:\\\/\\\/www.encontrajoaopessoa.com.br\\\/sobre\\\/joao-pessoa-mobiliza-populacao-no-dia-d-para-atualizacao-da-caderneta-de-vacinacao\\\/#primaryimage\"},\"thumbnailUrl\":\"https:\\\/\\\/www.encontrajoaopessoa.com.br\\\/sobre\\\/wp-content\\\/uploads\\\/2026\\\/08\\\/joao-pessoa-mobiliza-populacao-no-dia-d-para-atualizacao-da-caderneta-de-vacinacao.webp\",\"datePublished\":\"2026-08-26T04:40:51+00:00\",\"author\":{\"@id\":\"https:\\\/\\\/www.encontrajoaopessoa.com.br\\\/sobre\\\/#\\\/schema\\\/person\\\/dcf4dbc803217a030dfb489f4a014aca\"},\"breadcrumb\":{\"@id\":\"https:\\\/\\\/www.encontrajoaopessoa.com.br\\\/sobre\\\/joao-pessoa-mobiliza-populacao-no-dia-d-para-atualizacao-da-caderneta-de-vacinacao\\\/#breadcrumb\"},\"inLanguage\":\"pt-BR\",\"potentialAction\":[{\"@type\":\"ReadAction\",\"target\":[\"https:\\\/\\\/www.encontrajoaopessoa.com.br\\\/sobre\\\/joao-pessoa-mobiliza-populacao-no-dia-d-para-atualizacao-da-caderneta-de-vacinacao\\\/\"]}]},{\"@type\":\"ImageObject\",\"inLanguage\":\"pt-BR\",\"@id\":\"https:\\\/\\\/www.encontrajoaopessoa.com.br\\\/sobre\\\/joao-pessoa-mobiliza-populacao-no-dia-d-para-atualizacao-da-caderneta-de-vacinacao\\\/#primaryimage\",\"url\":\"https:\\\/\\\/www.encontrajoaopessoa.com.br\\\/sobre\\\/wp-content\\\/uploads\\\/2026\\\/08\\\/joao-pessoa-mobiliza-populacao-no-dia-d-para-atualizacao-da-caderneta-de-vacinacao.webp\",\"contentUrl\":\"https:\\\/\\\/www.encontrajoaopessoa.com.br\\\/sobre\\\/wp-content\\\/uploads\\\/2026\\\/08\\\/joao-pessoa-mobiliza-populacao-no-dia-d-para-atualizacao-da-caderneta-de-vacinacao.webp\",\"width\":280,\"height\":280,\"caption\":\"atualiza\u00e7\u00e3o da caderneta de vacina\u00e7\u00e3o\"},{\"@type\":\"BreadcrumbList\",\"@id\":\"https:\\\/\\\/www.encontrajoaopessoa.com.br\\\/sobre\\\/joao-pessoa-mobiliza-populacao-no-dia-d-para-atualizacao-da-caderneta-de-vacinacao\\\/#breadcrumb\",\"itemListElement\":[{\"@type\":\"ListItem\",\"position\":1,\"name\":\"In\u00edcio\",\"item\":\"https:\\\/\\\/www.encontrajoaopessoa.com.br\\\/sobre\\\/\"},{\"@type\":\"ListItem\",\"position\":2,\"name\":\"Jo\u00e3o Pessoa mobiliza popula\u00e7\u00e3o no Dia D para atualiza\u00e7\u00e3o da caderneta de vacina\u00e7\u00e3o\"}]},{\"@type\":\"WebSite\",\"@id\":\"https:\\\/\\\/www.encontrajoaopessoa.com.br\\\/sobre\\\/#website\",\"url\":\"https:\\\/\\\/www.encontrajoaopessoa.com.br\\\/sobre\\\/\",\"name\":\"Encontra Jo\u00e3o Pessoa\",\"description\":\"Not\u00edcias, eventos, informa\u00e7\u00f5es e dicas na cidade Jo\u00e3o Pessoa e regi\u00e3o.\",\"potentialAction\":[{\"@type\":\"SearchAction\",\"target\":{\"@type\":\"EntryPoint\",\"urlTemplate\":\"https:\\\/\\\/www.encontrajoaopessoa.com.br\\\/sobre\\\/?s={search_term_string}\"},\"query-input\":{\"@type\":\"PropertyValueSpecification\",\"valueRequired\":true,\"valueName\":\"search_term_string\"}}],\"inLanguage\":\"pt-BR\"},{\"@type\":\"Person\",\"@id\":\"https:\\\/\\\/www.encontrajoaopessoa.com.br\\\/sobre\\\/#\\\/schema\\\/person\\\/dcf4dbc803217a030dfb489f4a014aca\",\"name\":\"Encontra Jo\u00e3o Pessoa\",\"image\":{\"@type\":\"ImageObject\",\"inLanguage\":\"pt-BR\",\"@id\":\"https:\\\/\\\/secure.gravatar.com\\\/avatar\\\/507340682b8270222e1f208e23198b6ae7e2c6a1033ae84e99bc6bce4f82a387?s=96&d=mm&r=g\",\"url\":\"https:\\\/\\\/secure.gravatar.com\\\/avatar\\\/507340682b8270222e1f208e23198b6ae7e2c6a1033ae84e99bc6bce4f82a387?s=96&d=mm&r=g\",\"contentUrl\":\"https:\\\/\\\/secure.gravatar.com\\\/avatar\\\/507340682b8270222e1f208e23198b6ae7e2c6a1033ae84e99bc6bce4f82a387?s=96&d=mm&r=g\",\"caption\":\"Encontra Jo\u00e3o Pessoa\"},\"url\":\"https:\\\/\\\/www.encontrajoaopessoa.com.br\\\/sobre\\\/author\\\/ejoaopessoa\\\/\"}]}<\/script>\n<!-- \/ Yoast SEO plugin. -->","yoast_head_json":{"title":"Jo\u00e3o Pessoa mobiliza popula\u00e7\u00e3o no Dia D para atualiza\u00e7\u00e3o da caderneta de vacina\u00e7\u00e3o - Encontra Jo\u00e3o Pessoa","robots":{"index":"index","follow":"follow","max-snippet":"max-snippet:-1","max-image-preview":"max-image-preview:large","max-video-preview":"max-video-preview:-1"},"canonical":"https:\/\/www.encontrajoaopessoa.com.br\/sobre\/joao-pessoa-mobiliza-populacao-no-dia-d-para-atualizacao-da-caderneta-de-vacinacao\/","og_locale":"pt_BR","og_type":"article","og_title":"Jo\u00e3o Pessoa mobiliza popula\u00e7\u00e3o no Dia D para atualiza\u00e7\u00e3o da caderneta de vacina\u00e7\u00e3o - Encontra Jo\u00e3o Pessoa","og_description":"Jo\u00e3o Pessoa se mobiliza no Dia D para atualizar a caderneta de vacina\u00e7\u00e3o da popula\u00e7\u00e3o.","og_url":"https:\/\/www.encontrajoaopessoa.com.br\/sobre\/joao-pessoa-mobiliza-populacao-no-dia-d-para-atualizacao-da-caderneta-de-vacinacao\/","og_site_name":"Encontra Jo\u00e3o Pessoa","article_published_time":"2026-08-26T04:40:51+00:00","og_image":[{"url":"https:\/\/www.encontrajoaopessoa.com.br\/sobre\/wp-content\/uploads\/2026\/08\/joao-pessoa-mobiliza-populacao-no-dia-d-para-atualizacao-da-caderneta-de-vacinacao.webp","type":"","width":"","height":""}],"author":"Encontra Jo\u00e3o Pessoa","twitter_card":"summary_large_image","twitter_misc":{"Escrito por":"Encontra Jo\u00e3o Pessoa","Est. tempo de leitura":"4 minutos"},"schema":{"@context":"https:\/\/schema.org","@graph":[{"@type":"Article","@id":"https:\/\/www.encontrajoaopessoa.com.br\/sobre\/joao-pessoa-mobiliza-populacao-no-dia-d-para-atualizacao-da-caderneta-de-vacinacao\/#article","isPartOf":{"@id":"https:\/\/www.encontrajoaopessoa.com.br\/sobre\/joao-pessoa-mobiliza-populacao-no-dia-d-para-atualizacao-da-caderneta-de-vacinacao\/"},"author":{"name":"Encontra Jo\u00e3o Pessoa","@id":"https:\/\/www.encontrajoaopessoa.com.br\/sobre\/#\/schema\/person\/dcf4dbc803217a030dfb489f4a014aca"},"headline":"Jo\u00e3o Pessoa mobiliza popula\u00e7\u00e3o no Dia D para atualiza\u00e7\u00e3o da caderneta de vacina\u00e7\u00e3o","datePublished":"2026-08-26T04:40:51+00:00","mainEntityOfPage":{"@id":"https:\/\/www.encontrajoaopessoa.com.br\/sobre\/joao-pessoa-mobiliza-populacao-no-dia-d-para-atualizacao-da-caderneta-de-vacinacao\/"},"wordCount":875,"image":{"@id":"https:\/\/www.encontrajoaopessoa.com.br\/sobre\/joao-pessoa-mobiliza-populacao-no-dia-d-para-atualizacao-da-caderneta-de-vacinacao\/#primaryimage"},"thumbnailUrl":"https:\/\/www.encontrajoaopessoa.com.br\/sobre\/wp-content\/uploads\/2026\/08\/joao-pessoa-mobiliza-populacao-no-dia-d-para-atualizacao-da-caderneta-de-vacinacao.webp","articleSection":["Sa\u00fade Jo\u00e3o Pessoa"],"inLanguage":"pt-BR"},{"@type":"WebPage","@id":"https:\/\/www.encontrajoaopessoa.com.br\/sobre\/joao-pessoa-mobiliza-populacao-no-dia-d-para-atualizacao-da-caderneta-de-vacinacao\/","url":"https:\/\/www.encontrajoaopessoa.com.br\/sobre\/joao-pessoa-mobiliza-populacao-no-dia-d-para-atualizacao-da-caderneta-de-vacinacao\/","name":"Jo\u00e3o Pessoa mobiliza popula\u00e7\u00e3o no Dia D para atualiza\u00e7\u00e3o da caderneta de vacina\u00e7\u00e3o - Encontra Jo\u00e3o Pessoa","isPartOf":{"@id":"https:\/\/www.encontrajoaopessoa.com.br\/sobre\/#website"},"primaryImageOfPage":{"@id":"https:\/\/www.encontrajoaopessoa.com.br\/sobre\/joao-pessoa-mobiliza-populacao-no-dia-d-para-atualizacao-da-caderneta-de-vacinacao\/#primaryimage"},"image":{"@id":"https:\/\/www.encontrajoaopessoa.com.br\/sobre\/joao-pessoa-mobiliza-populacao-no-dia-d-para-atualizacao-da-caderneta-de-vacinacao\/#primaryimage"},"thumbnailUrl":"https:\/\/www.encontrajoaopessoa.com.br\/sobre\/wp-content\/uploads\/2026\/08\/joao-pessoa-mobiliza-populacao-no-dia-d-para-atualizacao-da-caderneta-de-vacinacao.webp","datePublished":"2026-08-26T04:40:51+00:00","author":{"@id":"https:\/\/www.encontrajoaopessoa.com.br\/sobre\/#\/schema\/person\/dcf4dbc803217a030dfb489f4a014aca"},"breadcrumb":{"@id":"https:\/\/www.encontrajoaopessoa.com.br\/sobre\/joao-pessoa-mobiliza-populacao-no-dia-d-para-atualizacao-da-caderneta-de-vacinacao\/#breadcrumb"},"inLanguage":"pt-BR","potentialAction":[{"@type":"ReadAction","target":["https:\/\/www.encontrajoaopessoa.com.br\/sobre\/joao-pessoa-mobiliza-populacao-no-dia-d-para-atualizacao-da-caderneta-de-vacinacao\/"]}]},{"@type":"ImageObject","inLanguage":"pt-BR","@id":"https:\/\/www.encontrajoaopessoa.com.br\/sobre\/joao-pessoa-mobiliza-populacao-no-dia-d-para-atualizacao-da-caderneta-de-vacinacao\/#primaryimage","url":"https:\/\/www.encontrajoaopessoa.com.br\/sobre\/wp-content\/uploads\/2026\/08\/joao-pessoa-mobiliza-populacao-no-dia-d-para-atualizacao-da-caderneta-de-vacinacao.webp","contentUrl":"https:\/\/www.encontrajoaopessoa.com.br\/sobre\/wp-content\/uploads\/2026\/08\/joao-pessoa-mobiliza-populacao-no-dia-d-para-atualizacao-da-caderneta-de-vacinacao.webp","width":280,"height":280,"caption":"atualiza\u00e7\u00e3o da caderneta de vacina\u00e7\u00e3o"},{"@type":"BreadcrumbList","@id":"https:\/\/www.encontrajoaopessoa.com.br\/sobre\/joao-pessoa-mobiliza-populacao-no-dia-d-para-atualizacao-da-caderneta-de-vacinacao\/#breadcrumb","itemListElement":[{"@type":"ListItem","position":1,"name":"In\u00edcio","item":"https:\/\/www.encontrajoaopessoa.com.br\/sobre\/"},{"@type":"ListItem","position":2,"name":"Jo\u00e3o Pessoa mobiliza popula\u00e7\u00e3o no Dia D para atualiza\u00e7\u00e3o da caderneta de vacina\u00e7\u00e3o"}]},{"@type":"WebSite","@id":"https:\/\/www.encontrajoaopessoa.com.br\/sobre\/#website","url":"https:\/\/www.encontrajoaopessoa.com.br\/sobre\/","name":"Encontra Jo\u00e3o Pessoa","description":"Not\u00edcias, eventos, informa\u00e7\u00f5es e dicas na cidade Jo\u00e3o Pessoa e regi\u00e3o.","potentialAction":[{"@type":"SearchAction","target":{"@type":"EntryPoint","urlTemplate":"https:\/\/www.encontrajoaopessoa.com.br\/sobre\/?s={search_term_string}"},"query-input":{"@type":"PropertyValueSpecification","valueRequired":true,"valueName":"search_term_string"}}],"inLanguage":"pt-BR"},{"@type":"Person","@id":"https:\/\/www.encontrajoaopessoa.com.br\/sobre\/#\/schema\/person\/dcf4dbc803217a030dfb489f4a014aca","name":"Encontra Jo\u00e3o Pessoa","image":{"@type":"ImageObject","inLanguage":"pt-BR","@id":"https:\/\/secure.gravatar.com\/avatar\/507340682b8270222e1f208e23198b6ae7e2c6a1033ae84e99bc6bce4f82a387?s=96&d=mm&r=g","url":"https:\/\/secure.gravatar.com\/avatar\/507340682b8270222e1f208e23198b6ae7e2c6a1033ae84e99bc6bce4f82a387?s=96&d=mm&r=g","contentUrl":"https:\/\/secure.gravatar.com\/avatar\/507340682b8270222e1f208e23198b6ae7e2c6a1033ae84e99bc6bce4f82a387?s=96&d=mm&r=g","caption":"Encontra Jo\u00e3o Pessoa"},"url":"https:\/\/www.encontrajoaopessoa.com.br\/sobre\/author\/ejoaopessoa\/"}]}},"_links":{"self":[{"href":"https:\/\/www.encontrajoaopessoa.com.br\/sobre\/wp-json\/wp\/v2\/posts\/2241","targetHints":{"allow":["GET"]}}],"collection":[{"href":"https:\/\/www.encontrajoaopessoa.com.br\/sobre\/wp-json\/wp\/v2\/posts"}],"about":[{"href":"https:\/\/www.encontrajoaopessoa.com.br\/sobre\/wp-json\/wp\/v2\/types\/post"}],"author":[{"embeddable":true,"href":"https:\/\/www.encontrajoaopessoa.com.br\/sobre\/wp-json\/wp\/v2\/users\/1"}],"replies":[{"embeddable":true,"href":"https:\/\/www.encontrajoaopessoa.com.br\/sobre\/wp-json\/wp\/v2\/comments?post=2241"}],"version-history":[{"count":0,"href":"https:\/\/www.encontrajoaopessoa.com.br\/sobre\/wp-json\/wp\/v2\/posts\/2241\/revisions"}],"wp:featuredmedia":[{"embeddable":true,"href":"https:\/\/www.encontrajoaopessoa.com.br\/sobre\/wp-json\/wp\/v2\/media\/2240"}],"wp:attachment":[{"href":"https:\/\/www.encontrajoaopessoa.com.br\/sobre\/wp-json\/wp\/v2\/media?parent=2241"}],"wp:term":[{"taxonomy":"category","embeddable":true,"href":"https:\/\/www.encontrajoaopessoa.com.br\/sobre\/wp-json\/wp\/v2\/categories?post=2241"},{"taxonomy":"post_tag","embeddable":true,"href":"https:\/\/www.encontrajoaopessoa.com.br\/sobre\/wp-json\/wp\/v2\/tags?post=2241"}],"curies":[{"name":"wp","href":"https:\/\/api.w.org\/{rel}","templated":true}]}}