{"id":2219,"date":"2026-08-23T01:37:53","date_gmt":"2026-08-23T04:37:53","guid":{"rendered":"https:\/\/www.encontrajoaopessoa.com.br\/sobre\/prefeitura-celebra-dia-da-habitacao-com-programa-que-constroi-reforma-e-regulariza-moradias-na-capital\/"},"modified":"2026-08-23T01:37:53","modified_gmt":"2026-08-23T04:37:53","slug":"prefeitura-celebra-dia-da-habitacao-com-programa-que-constroi-reforma-e-regulariza-moradias-na-capital","status":"publish","type":"post","link":"https:\/\/www.encontrajoaopessoa.com.br\/sobre\/prefeitura-celebra-dia-da-habitacao-com-programa-que-constroi-reforma-e-regulariza-moradias-na-capital\/","title":{"rendered":"Prefeitura celebra Dia da Habita\u00e7\u00e3o com programa que constr\u00f3i, reforma e regulariza moradias na Capital"},"content":{"rendered":"<div class=\"866aa4a7c674253f40eaa20e0e3e928c\" data-index=\"1\" style=\"float: none; margin:0px;\">\n<!-- Anuncio display - global -->\r\n<ins class=\"adsbygoogle\"\r\n     style=\"display:block\"\r\n     data-ad-client=\"ca-pub-8585364105181520\"\r\n     data-ad-slot=\"8789329856\"\r\n     data-ad-format=\"auto\"\r\n     data-full-width-responsive=\"true\"><\/ins>\r\n<script>\r\n     (adsbygoogle = window.adsbygoogle || []).push({});\r\n<\/script>\n<\/div>\n<h2>Objetivos do Programa Habitacional<\/h2>\n<p>A Prefeitura de Jo\u00e3o Pessoa d\u00e1 \u00eanfase ao Dia Nacional da Habita\u00e7\u00e3o ao implementar um programa abrangente que busca enfrentar o d\u00e9ficit habitacional na cidade. Os principais objetivos incluem:<\/p>\n<ul>\n<li><strong>Constru\u00e7\u00e3o de Novas Moradias:<\/strong> Promover a constru\u00e7\u00e3o de resid\u00eancias para fam\u00edlias em situa\u00e7\u00e3o de vulnerabilidade.<\/li>\n<li><strong>Reforma de Im\u00f3veis Existentes:<\/strong> Recuperar moradias que se encontram em condi\u00e7\u00f5es inadequadas para habita\u00e7\u00e3o.<\/li>\n<li><strong>Regulariza\u00e7\u00e3o Fundi\u00e1ria:<\/strong> Fornecer a documenta\u00e7\u00e3o necess\u00e1ria para im\u00f3veis que n\u00e3o possuem registro formal.<\/li>\n<li><strong>Melhoria da Infraestrutura:<\/strong> Investir na infraestrutura dos bairros para promover maior qualidade de vida.<\/li>\n<\/ul>\n<h2>A\u00e7\u00f5es de Constru\u00e7\u00e3o e Reforma<\/h2>\n<p>O programa de habita\u00e7\u00e3o desenvolvido pela Prefeitura conta com diversas a\u00e7\u00f5es para garantir habita\u00e7\u00e3o digna. Entre as principais medidas est\u00e3o:<\/p>\n<ul>\n<li><strong>Einiciativas de Constru\u00e7\u00e3o:<\/strong> Cria\u00e7\u00e3o de novos conjuntos habitacionais que atendem \u00e0 demanda.<\/li>\n<li><strong>Programas de Recupera\u00e7\u00e3o:<\/strong> Interven\u00e7\u00f5es em casas que est\u00e3o deterioradas, assegurando condi\u00e7\u00f5es adequadas de moradia.<\/li>\n<li><strong>Projeto de Urbaniza\u00e7\u00e3o:<\/strong> A\u00e7\u00f5es voltadas para a urbaniza\u00e7\u00e3o de \u00e1reas vulner\u00e1veis, promovendo acessibilidade e servi\u00e7os b\u00e1sicos.<\/li>\n<\/ul>\n<h2>Import\u00e2ncia da Regulariza\u00e7\u00e3o Fundi\u00e1ria<\/h2>\n<p>A regulariza\u00e7\u00e3o fundi\u00e1ria \u00e9 um aspecto crucial para a seguran\u00e7a jur\u00eddica dos moradores. Essa pr\u00e1tica envolve:<\/p>\n<p><img decoding=\"async\" src=\"https:\/\/www.encontrajoaopessoa.com.br\/sobre\/wp-content\/uploads\/2026\/08\/prefeitura-celebra-dia-da-habitacao-com-programa-que-constroi-reforma-e-regulariza-moradias-na-capit.webp\" alt=\"Dia da Habita\u00e7\u00e3o\" loading=\"lazy\" \/><\/p>\n<ul>\n<li><strong>Seguran\u00e7a de Propriet\u00e1rios:<\/strong> Garantir que os residentes tenham documentos que comprovem a propriedade de seus im\u00f3veis.<\/li>\n<li><strong>Valoriza\u00e7\u00e3o Imobili\u00e1ria:<\/strong> Propriedades regularizadas tendem a ter mais valor no mercado.<\/li>\n<li><strong>Facilidade de Acesso a Cr\u00e9ditos:<\/strong> Moradores com propriedades regularizadas t\u00eam mais facilidade em conseguir financiamentos.<\/li>\n<\/ul>\n<h2>Perspectivas para o Futuro<\/h2>\n<p>O futuro da habita\u00e7\u00e3o em Jo\u00e3o Pessoa \u00e9 otimista, com investimentos constantes buscando melhorar as condi\u00e7\u00f5es de vida das fam\u00edlias. As expectativas incluem:<\/p>\n<ul>\n<li><strong>Aumento do N\u00famero de Resid\u00eancias:<\/strong> Com novos empreendimentos planejados para os pr\u00f3ximos anos.<\/li>\n<li><strong>Integra\u00e7\u00e3o de Servi\u00e7os:<\/strong> Cria\u00e7\u00e3o de espa\u00e7os comunit\u00e1rios que promovem a intera\u00e7\u00e3o entre os residentes.<\/li>\n<li><strong>Sustentabilidade:<\/strong> Pol\u00edticas habitacionais que considerem o impacto ambiental e promovam a sustentabilidade nas novas constru\u00e7\u00f5es.<\/li>\n<\/ul>\n<h2>Benef\u00edcios Econ\u00f4micos da Habita\u00e7\u00e3o<\/h2>\n<p>Os investimentos na \u00e1rea habitacional n\u00e3o s\u00f3 visam a melhoria social, mas tamb\u00e9m trazem benef\u00edcios econ\u00f4micos diretos, tais como:<\/p>\n<ul>\n<li><strong>Gera\u00e7\u00e3o de Empregos:<\/strong> O setor da constru\u00e7\u00e3o civil se torna um motor de gera\u00e7\u00e3o de empregos diretos e indiretos.<\/li>\n<li><strong>Est\u00edmulo \u00e0 Economia Local:<\/strong> Com mais habita\u00e7\u00e3o, h\u00e1 um aumento no consumo de produtos e servi\u00e7os locais.<\/li>\n<li><strong>Desenvolvimento Regional:<\/strong> A constru\u00e7\u00e3o de novos bairros promove o desenvolvimento de \u00e1reas que antes n\u00e3o eram urbanizadas.<\/li>\n<\/ul>\n<h2>Testemunhos de Benefici\u00e1rios<\/h2>\n<p>Os depoimentos de pessoas que se beneficiaram do programa habitacional revelam o impacto positivo em suas vidas. Algumas hist\u00f3rias inspiradoras incluem:<\/p>\n<ul>\n<li><strong>Adeilde da Silva:<\/strong> Ap\u00f3s 22 anos, conseguiu seu novo lar e expressou como isso transformou sua vida, permitindo-lhe viver sem preocupa\u00e7\u00f5es com os altos custos de aluguel.<\/li>\n<li><strong>Luciana Bernardo da Silva:<\/strong> M\u00e3e de uma crian\u00e7a autista, celebra a conquista de um apartamento que proporciona seguran\u00e7a e dignidade para sua fam\u00edlia.<\/li>\n<\/ul>\n<h2>Parcerias e Apoios Institucionais<\/h2>\n<p>A gest\u00e3o habitacional de Jo\u00e3o Pessoa se fortalece atrav\u00e9s de colabora\u00e7\u00f5es com entidades p\u00fablicas e privadas. Essas parcerias visam:<\/p>\n<ul>\n<li><strong>Capacita\u00e7\u00e3o de Profissionais:<\/strong> Promover cursos e treinamentos voltados \u00e0 efici\u00eancia no setor habitacional.<\/li>\n<li><strong>Financiamento de Projetos:<\/strong> Buscar recursos para realizar obras que atendam \u00e0s necessidades da popula\u00e7\u00e3o.<\/li>\n<li><strong>Apoio \u00e0 integra\u00e7\u00e3o de Servi\u00e7os:<\/strong> Estabelecer um sistema que favore\u00e7a o acesso a servi\u00e7os p\u00fablicos essenciais.<\/li>\n<\/ul>\n<h2>Infraestrutura e Qualidade de Vida<\/h2>\n<p>A infraestrutura \u00e9 fundamental para a qualidade de vida dos cidad\u00e3os. A Prefeitura est\u00e1 investindo em:<\/p>\n<ul>\n<li><strong>Melhoria das Vias P\u00fablicas:<\/strong> Asfaltar e manter ruas, aumentando a acessibilidade.<\/li>\n<li><strong>Espa\u00e7os de Lazer:<\/strong> Criar pra\u00e7as e \u00e1reas recreativas que promovam a conviv\u00eancia social.<\/li>\n<li><strong>Servi\u00e7os de Sa\u00fade e Educa\u00e7\u00e3o:<\/strong> Expandir as ofertas de servi\u00e7os que impactam diretamente a vida das fam\u00edlias.<\/li>\n<\/ul>\n<h2>Avalia\u00e7\u00e3o dos Impactos Sociais<\/h2>\n<p>Um dos focos das a\u00e7\u00f5es habitacionais \u00e9 a avalia\u00e7\u00e3o cont\u00ednua do impacto dessas pol\u00edticas na sociedade. Isso inclui:<\/p>\n<ul>\n<li><strong>Monitoramento de Projetos:<\/strong> Acompanhar o progresso das obras e sua efetividade.<\/li>\n<li><strong>Feedback da Popula\u00e7\u00e3o:<\/strong> Coletar opini\u00f5es e sugest\u00f5es de moradores para melhorar os servi\u00e7os.<\/li>\n<li><strong>Estat\u00edsticas de Melhora:<\/strong> Avaliar o aumento da qualidade de vida atrav\u00e9s de \u00edndices sociais.<\/li>\n<\/ul>\n<h2>Dia Nacional da Habita\u00e7\u00e3o e Seus Desdobramentos<\/h2>\n<p>O Dia Nacional da Habita\u00e7\u00e3o, comemorado anualmente, serve como um momento de reflex\u00e3o sobre direitos e pol\u00edticas habitacionais. Os desdobramentos dessa celebra\u00e7\u00e3o geram:<\/p>\n<ul>\n<li><strong>Aumentar a Conscientiza\u00e7\u00e3o:<\/strong> Promover debates sobre a import\u00e2ncia de moradia digna como um direito fundamental.<\/li>\n<li><strong>Engajamento Social:<\/strong> Mobilizar a popula\u00e7\u00e3o para participar ativamente das pol\u00edticas p\u00fablicas.<\/li>\n<li><strong>Propostas de Novas A\u00e7\u00f5es:<\/strong> Estimular novas ideias que possam ser implementadas nas pol\u00edticas habitacionais futuras.<\/li>\n<\/ul>\n\n<div style=\"font-size: 0px; height: 0px; line-height: 0px; margin: 0; padding: 0; clear: both;\"><\/div>","protected":false},"excerpt":{"rendered":"<p>Dia da Habita\u00e7\u00e3o em Jo\u00e3o Pessoa traz programa de moradias dignas.<\/p>\n","protected":false},"author":1,"featured_media":2218,"comment_status":"closed","ping_status":"closed","sticky":false,"template":"","format":"standard","meta":{"footnotes":""},"categories":[25],"tags":[],"class_list":["post-2219","post","type-post","status-publish","format-standard","has-post-thumbnail","hentry","category-construcao-em-joao-pesso","has_thumb"],"yoast_head":"<!-- This site is optimized with the Yoast SEO plugin v28.2 - https:\/\/yoast.com\/product\/yoast-seo-wordpress\/ -->\n<title>Prefeitura celebra Dia da Habita\u00e7\u00e3o com programa que constr\u00f3i, reforma e regulariza moradias na Capital - Encontra Jo\u00e3o Pessoa<\/title>\n<meta name=\"robots\" content=\"index, follow, max-snippet:-1, max-image-preview:large, max-video-preview:-1\" \/>\n<link rel=\"canonical\" href=\"https:\/\/www.encontrajoaopessoa.com.br\/sobre\/prefeitura-celebra-dia-da-habitacao-com-programa-que-constroi-reforma-e-regulariza-moradias-na-capital\/\" \/>\n<meta property=\"og:locale\" content=\"pt_BR\" \/>\n<meta property=\"og:type\" content=\"article\" \/>\n<meta property=\"og:title\" content=\"Prefeitura celebra Dia da Habita\u00e7\u00e3o com programa que constr\u00f3i, reforma e regulariza moradias na Capital - Encontra Jo\u00e3o Pessoa\" \/>\n<meta property=\"og:description\" content=\"Dia da Habita\u00e7\u00e3o em Jo\u00e3o Pessoa traz programa de moradias dignas.\" \/>\n<meta property=\"og:url\" content=\"https:\/\/www.encontrajoaopessoa.com.br\/sobre\/prefeitura-celebra-dia-da-habitacao-com-programa-que-constroi-reforma-e-regulariza-moradias-na-capital\/\" \/>\n<meta property=\"og:site_name\" content=\"Encontra Jo\u00e3o Pessoa\" \/>\n<meta property=\"article:published_time\" content=\"2026-08-23T04:37:53+00:00\" \/>\n<meta property=\"og:image\" content=\"https:\/\/www.encontrajoaopessoa.com.br\/sobre\/wp-content\/uploads\/2026\/08\/prefeitura-celebra-dia-da-habitacao-com-programa-que-constroi-reforma-e-regulariza-moradias-na-capit.webp\" \/>\n<meta name=\"author\" content=\"Encontra Jo\u00e3o Pessoa\" \/>\n<meta name=\"twitter:card\" content=\"summary_large_image\" \/>\n<meta name=\"twitter:label1\" content=\"Escrito por\" \/>\n\t<meta name=\"twitter:data1\" content=\"Encontra Jo\u00e3o Pessoa\" \/>\n\t<meta name=\"twitter:label2\" content=\"Est. tempo de leitura\" \/>\n\t<meta name=\"twitter:data2\" content=\"4 minutos\" \/>\n<script type=\"application\/ld+json\" class=\"yoast-schema-graph\">{\"@context\":\"https:\\\/\\\/schema.org\",\"@graph\":[{\"@type\":\"Article\",\"@id\":\"https:\\\/\\\/www.encontrajoaopessoa.com.br\\\/sobre\\\/prefeitura-celebra-dia-da-habitacao-com-programa-que-constroi-reforma-e-regulariza-moradias-na-capital\\\/#article\",\"isPartOf\":{\"@id\":\"https:\\\/\\\/www.encontrajoaopessoa.com.br\\\/sobre\\\/prefeitura-celebra-dia-da-habitacao-com-programa-que-constroi-reforma-e-regulariza-moradias-na-capital\\\/\"},\"author\":{\"name\":\"Encontra Jo\u00e3o Pessoa\",\"@id\":\"https:\\\/\\\/www.encontrajoaopessoa.com.br\\\/sobre\\\/#\\\/schema\\\/person\\\/dcf4dbc803217a030dfb489f4a014aca\"},\"headline\":\"Prefeitura celebra Dia da Habita\u00e7\u00e3o com programa que constr\u00f3i, reforma e regulariza moradias na Capital\",\"datePublished\":\"2026-08-23T04:37:53+00:00\",\"mainEntityOfPage\":{\"@id\":\"https:\\\/\\\/www.encontrajoaopessoa.com.br\\\/sobre\\\/prefeitura-celebra-dia-da-habitacao-com-programa-que-constroi-reforma-e-regulariza-moradias-na-capital\\\/\"},\"wordCount\":838,\"image\":{\"@id\":\"https:\\\/\\\/www.encontrajoaopessoa.com.br\\\/sobre\\\/prefeitura-celebra-dia-da-habitacao-com-programa-que-constroi-reforma-e-regulariza-moradias-na-capital\\\/#primaryimage\"},\"thumbnailUrl\":\"https:\\\/\\\/www.encontrajoaopessoa.com.br\\\/sobre\\\/wp-content\\\/uploads\\\/2026\\\/08\\\/prefeitura-celebra-dia-da-habitacao-com-programa-que-constroi-reforma-e-regulariza-moradias-na-capit.webp\",\"articleSection\":[\"Constru\u00e7\u00e3o Jo\u00e3o Pessoa\"],\"inLanguage\":\"pt-BR\"},{\"@type\":\"WebPage\",\"@id\":\"https:\\\/\\\/www.encontrajoaopessoa.com.br\\\/sobre\\\/prefeitura-celebra-dia-da-habitacao-com-programa-que-constroi-reforma-e-regulariza-moradias-na-capital\\\/\",\"url\":\"https:\\\/\\\/www.encontrajoaopessoa.com.br\\\/sobre\\\/prefeitura-celebra-dia-da-habitacao-com-programa-que-constroi-reforma-e-regulariza-moradias-na-capital\\\/\",\"name\":\"Prefeitura celebra Dia da Habita\u00e7\u00e3o com programa que constr\u00f3i, reforma e regulariza moradias na Capital - Encontra Jo\u00e3o Pessoa\",\"isPartOf\":{\"@id\":\"https:\\\/\\\/www.encontrajoaopessoa.com.br\\\/sobre\\\/#website\"},\"primaryImageOfPage\":{\"@id\":\"https:\\\/\\\/www.encontrajoaopessoa.com.br\\\/sobre\\\/prefeitura-celebra-dia-da-habitacao-com-programa-que-constroi-reforma-e-regulariza-moradias-na-capital\\\/#primaryimage\"},\"image\":{\"@id\":\"https:\\\/\\\/www.encontrajoaopessoa.com.br\\\/sobre\\\/prefeitura-celebra-dia-da-habitacao-com-programa-que-constroi-reforma-e-regulariza-moradias-na-capital\\\/#primaryimage\"},\"thumbnailUrl\":\"https:\\\/\\\/www.encontrajoaopessoa.com.br\\\/sobre\\\/wp-content\\\/uploads\\\/2026\\\/08\\\/prefeitura-celebra-dia-da-habitacao-com-programa-que-constroi-reforma-e-regulariza-moradias-na-capit.webp\",\"datePublished\":\"2026-08-23T04:37:53+00:00\",\"author\":{\"@id\":\"https:\\\/\\\/www.encontrajoaopessoa.com.br\\\/sobre\\\/#\\\/schema\\\/person\\\/dcf4dbc803217a030dfb489f4a014aca\"},\"breadcrumb\":{\"@id\":\"https:\\\/\\\/www.encontrajoaopessoa.com.br\\\/sobre\\\/prefeitura-celebra-dia-da-habitacao-com-programa-que-constroi-reforma-e-regulariza-moradias-na-capital\\\/#breadcrumb\"},\"inLanguage\":\"pt-BR\",\"potentialAction\":[{\"@type\":\"ReadAction\",\"target\":[\"https:\\\/\\\/www.encontrajoaopessoa.com.br\\\/sobre\\\/prefeitura-celebra-dia-da-habitacao-com-programa-que-constroi-reforma-e-regulariza-moradias-na-capital\\\/\"]}]},{\"@type\":\"ImageObject\",\"inLanguage\":\"pt-BR\",\"@id\":\"https:\\\/\\\/www.encontrajoaopessoa.com.br\\\/sobre\\\/prefeitura-celebra-dia-da-habitacao-com-programa-que-constroi-reforma-e-regulariza-moradias-na-capital\\\/#primaryimage\",\"url\":\"https:\\\/\\\/www.encontrajoaopessoa.com.br\\\/sobre\\\/wp-content\\\/uploads\\\/2026\\\/08\\\/prefeitura-celebra-dia-da-habitacao-com-programa-que-constroi-reforma-e-regulariza-moradias-na-capit.webp\",\"contentUrl\":\"https:\\\/\\\/www.encontrajoaopessoa.com.br\\\/sobre\\\/wp-content\\\/uploads\\\/2026\\\/08\\\/prefeitura-celebra-dia-da-habitacao-com-programa-que-constroi-reforma-e-regulariza-moradias-na-capit.webp\",\"width\":280,\"height\":280,\"caption\":\"Dia da Habita\u00e7\u00e3o\"},{\"@type\":\"BreadcrumbList\",\"@id\":\"https:\\\/\\\/www.encontrajoaopessoa.com.br\\\/sobre\\\/prefeitura-celebra-dia-da-habitacao-com-programa-que-constroi-reforma-e-regulariza-moradias-na-capital\\\/#breadcrumb\",\"itemListElement\":[{\"@type\":\"ListItem\",\"position\":1,\"name\":\"In\u00edcio\",\"item\":\"https:\\\/\\\/www.encontrajoaopessoa.com.br\\\/sobre\\\/\"},{\"@type\":\"ListItem\",\"position\":2,\"name\":\"Prefeitura celebra Dia da Habita\u00e7\u00e3o com programa que constr\u00f3i, reforma e regulariza moradias na Capital\"}]},{\"@type\":\"WebSite\",\"@id\":\"https:\\\/\\\/www.encontrajoaopessoa.com.br\\\/sobre\\\/#website\",\"url\":\"https:\\\/\\\/www.encontrajoaopessoa.com.br\\\/sobre\\\/\",\"name\":\"Encontra Jo\u00e3o Pessoa\",\"description\":\"Not\u00edcias, eventos, informa\u00e7\u00f5es e dicas na cidade Jo\u00e3o Pessoa e regi\u00e3o.\",\"potentialAction\":[{\"@type\":\"SearchAction\",\"target\":{\"@type\":\"EntryPoint\",\"urlTemplate\":\"https:\\\/\\\/www.encontrajoaopessoa.com.br\\\/sobre\\\/?s={search_term_string}\"},\"query-input\":{\"@type\":\"PropertyValueSpecification\",\"valueRequired\":true,\"valueName\":\"search_term_string\"}}],\"inLanguage\":\"pt-BR\"},{\"@type\":\"Person\",\"@id\":\"https:\\\/\\\/www.encontrajoaopessoa.com.br\\\/sobre\\\/#\\\/schema\\\/person\\\/dcf4dbc803217a030dfb489f4a014aca\",\"name\":\"Encontra Jo\u00e3o Pessoa\",\"image\":{\"@type\":\"ImageObject\",\"inLanguage\":\"pt-BR\",\"@id\":\"https:\\\/\\\/secure.gravatar.com\\\/avatar\\\/507340682b8270222e1f208e23198b6ae7e2c6a1033ae84e99bc6bce4f82a387?s=96&d=mm&r=g\",\"url\":\"https:\\\/\\\/secure.gravatar.com\\\/avatar\\\/507340682b8270222e1f208e23198b6ae7e2c6a1033ae84e99bc6bce4f82a387?s=96&d=mm&r=g\",\"contentUrl\":\"https:\\\/\\\/secure.gravatar.com\\\/avatar\\\/507340682b8270222e1f208e23198b6ae7e2c6a1033ae84e99bc6bce4f82a387?s=96&d=mm&r=g\",\"caption\":\"Encontra Jo\u00e3o Pessoa\"},\"url\":\"https:\\\/\\\/www.encontrajoaopessoa.com.br\\\/sobre\\\/author\\\/ejoaopessoa\\\/\"}]}<\/script>\n<!-- \/ Yoast SEO plugin. -->","yoast_head_json":{"title":"Prefeitura celebra Dia da Habita\u00e7\u00e3o com programa que constr\u00f3i, reforma e regulariza moradias na Capital - Encontra Jo\u00e3o Pessoa","robots":{"index":"index","follow":"follow","max-snippet":"max-snippet:-1","max-image-preview":"max-image-preview:large","max-video-preview":"max-video-preview:-1"},"canonical":"https:\/\/www.encontrajoaopessoa.com.br\/sobre\/prefeitura-celebra-dia-da-habitacao-com-programa-que-constroi-reforma-e-regulariza-moradias-na-capital\/","og_locale":"pt_BR","og_type":"article","og_title":"Prefeitura celebra Dia da Habita\u00e7\u00e3o com programa que constr\u00f3i, reforma e regulariza moradias na Capital - Encontra Jo\u00e3o Pessoa","og_description":"Dia da Habita\u00e7\u00e3o em Jo\u00e3o Pessoa traz programa de moradias dignas.","og_url":"https:\/\/www.encontrajoaopessoa.com.br\/sobre\/prefeitura-celebra-dia-da-habitacao-com-programa-que-constroi-reforma-e-regulariza-moradias-na-capital\/","og_site_name":"Encontra Jo\u00e3o Pessoa","article_published_time":"2026-08-23T04:37:53+00:00","og_image":[{"url":"https:\/\/www.encontrajoaopessoa.com.br\/sobre\/wp-content\/uploads\/2026\/08\/prefeitura-celebra-dia-da-habitacao-com-programa-que-constroi-reforma-e-regulariza-moradias-na-capit.webp","type":"","width":"","height":""}],"author":"Encontra Jo\u00e3o Pessoa","twitter_card":"summary_large_image","twitter_misc":{"Escrito por":"Encontra Jo\u00e3o Pessoa","Est. tempo de leitura":"4 minutos"},"schema":{"@context":"https:\/\/schema.org","@graph":[{"@type":"Article","@id":"https:\/\/www.encontrajoaopessoa.com.br\/sobre\/prefeitura-celebra-dia-da-habitacao-com-programa-que-constroi-reforma-e-regulariza-moradias-na-capital\/#article","isPartOf":{"@id":"https:\/\/www.encontrajoaopessoa.com.br\/sobre\/prefeitura-celebra-dia-da-habitacao-com-programa-que-constroi-reforma-e-regulariza-moradias-na-capital\/"},"author":{"name":"Encontra Jo\u00e3o Pessoa","@id":"https:\/\/www.encontrajoaopessoa.com.br\/sobre\/#\/schema\/person\/dcf4dbc803217a030dfb489f4a014aca"},"headline":"Prefeitura celebra Dia da Habita\u00e7\u00e3o com programa que constr\u00f3i, reforma e regulariza moradias na Capital","datePublished":"2026-08-23T04:37:53+00:00","mainEntityOfPage":{"@id":"https:\/\/www.encontrajoaopessoa.com.br\/sobre\/prefeitura-celebra-dia-da-habitacao-com-programa-que-constroi-reforma-e-regulariza-moradias-na-capital\/"},"wordCount":838,"image":{"@id":"https:\/\/www.encontrajoaopessoa.com.br\/sobre\/prefeitura-celebra-dia-da-habitacao-com-programa-que-constroi-reforma-e-regulariza-moradias-na-capital\/#primaryimage"},"thumbnailUrl":"https:\/\/www.encontrajoaopessoa.com.br\/sobre\/wp-content\/uploads\/2026\/08\/prefeitura-celebra-dia-da-habitacao-com-programa-que-constroi-reforma-e-regulariza-moradias-na-capit.webp","articleSection":["Constru\u00e7\u00e3o Jo\u00e3o Pessoa"],"inLanguage":"pt-BR"},{"@type":"WebPage","@id":"https:\/\/www.encontrajoaopessoa.com.br\/sobre\/prefeitura-celebra-dia-da-habitacao-com-programa-que-constroi-reforma-e-regulariza-moradias-na-capital\/","url":"https:\/\/www.encontrajoaopessoa.com.br\/sobre\/prefeitura-celebra-dia-da-habitacao-com-programa-que-constroi-reforma-e-regulariza-moradias-na-capital\/","name":"Prefeitura celebra Dia da Habita\u00e7\u00e3o com programa que constr\u00f3i, reforma e regulariza moradias na Capital - Encontra Jo\u00e3o Pessoa","isPartOf":{"@id":"https:\/\/www.encontrajoaopessoa.com.br\/sobre\/#website"},"primaryImageOfPage":{"@id":"https:\/\/www.encontrajoaopessoa.com.br\/sobre\/prefeitura-celebra-dia-da-habitacao-com-programa-que-constroi-reforma-e-regulariza-moradias-na-capital\/#primaryimage"},"image":{"@id":"https:\/\/www.encontrajoaopessoa.com.br\/sobre\/prefeitura-celebra-dia-da-habitacao-com-programa-que-constroi-reforma-e-regulariza-moradias-na-capital\/#primaryimage"},"thumbnailUrl":"https:\/\/www.encontrajoaopessoa.com.br\/sobre\/wp-content\/uploads\/2026\/08\/prefeitura-celebra-dia-da-habitacao-com-programa-que-constroi-reforma-e-regulariza-moradias-na-capit.webp","datePublished":"2026-08-23T04:37:53+00:00","author":{"@id":"https:\/\/www.encontrajoaopessoa.com.br\/sobre\/#\/schema\/person\/dcf4dbc803217a030dfb489f4a014aca"},"breadcrumb":{"@id":"https:\/\/www.encontrajoaopessoa.com.br\/sobre\/prefeitura-celebra-dia-da-habitacao-com-programa-que-constroi-reforma-e-regulariza-moradias-na-capital\/#breadcrumb"},"inLanguage":"pt-BR","potentialAction":[{"@type":"ReadAction","target":["https:\/\/www.encontrajoaopessoa.com.br\/sobre\/prefeitura-celebra-dia-da-habitacao-com-programa-que-constroi-reforma-e-regulariza-moradias-na-capital\/"]}]},{"@type":"ImageObject","inLanguage":"pt-BR","@id":"https:\/\/www.encontrajoaopessoa.com.br\/sobre\/prefeitura-celebra-dia-da-habitacao-com-programa-que-constroi-reforma-e-regulariza-moradias-na-capital\/#primaryimage","url":"https:\/\/www.encontrajoaopessoa.com.br\/sobre\/wp-content\/uploads\/2026\/08\/prefeitura-celebra-dia-da-habitacao-com-programa-que-constroi-reforma-e-regulariza-moradias-na-capit.webp","contentUrl":"https:\/\/www.encontrajoaopessoa.com.br\/sobre\/wp-content\/uploads\/2026\/08\/prefeitura-celebra-dia-da-habitacao-com-programa-que-constroi-reforma-e-regulariza-moradias-na-capit.webp","width":280,"height":280,"caption":"Dia da Habita\u00e7\u00e3o"},{"@type":"BreadcrumbList","@id":"https:\/\/www.encontrajoaopessoa.com.br\/sobre\/prefeitura-celebra-dia-da-habitacao-com-programa-que-constroi-reforma-e-regulariza-moradias-na-capital\/#breadcrumb","itemListElement":[{"@type":"ListItem","position":1,"name":"In\u00edcio","item":"https:\/\/www.encontrajoaopessoa.com.br\/sobre\/"},{"@type":"ListItem","position":2,"name":"Prefeitura celebra Dia da Habita\u00e7\u00e3o com programa que constr\u00f3i, reforma e regulariza moradias na Capital"}]},{"@type":"WebSite","@id":"https:\/\/www.encontrajoaopessoa.com.br\/sobre\/#website","url":"https:\/\/www.encontrajoaopessoa.com.br\/sobre\/","name":"Encontra Jo\u00e3o Pessoa","description":"Not\u00edcias, eventos, informa\u00e7\u00f5es e dicas na cidade Jo\u00e3o Pessoa e regi\u00e3o.","potentialAction":[{"@type":"SearchAction","target":{"@type":"EntryPoint","urlTemplate":"https:\/\/www.encontrajoaopessoa.com.br\/sobre\/?s={search_term_string}"},"query-input":{"@type":"PropertyValueSpecification","valueRequired":true,"valueName":"search_term_string"}}],"inLanguage":"pt-BR"},{"@type":"Person","@id":"https:\/\/www.encontrajoaopessoa.com.br\/sobre\/#\/schema\/person\/dcf4dbc803217a030dfb489f4a014aca","name":"Encontra Jo\u00e3o Pessoa","image":{"@type":"ImageObject","inLanguage":"pt-BR","@id":"https:\/\/secure.gravatar.com\/avatar\/507340682b8270222e1f208e23198b6ae7e2c6a1033ae84e99bc6bce4f82a387?s=96&d=mm&r=g","url":"https:\/\/secure.gravatar.com\/avatar\/507340682b8270222e1f208e23198b6ae7e2c6a1033ae84e99bc6bce4f82a387?s=96&d=mm&r=g","contentUrl":"https:\/\/secure.gravatar.com\/avatar\/507340682b8270222e1f208e23198b6ae7e2c6a1033ae84e99bc6bce4f82a387?s=96&d=mm&r=g","caption":"Encontra Jo\u00e3o Pessoa"},"url":"https:\/\/www.encontrajoaopessoa.com.br\/sobre\/author\/ejoaopessoa\/"}]}},"_links":{"self":[{"href":"https:\/\/www.encontrajoaopessoa.com.br\/sobre\/wp-json\/wp\/v2\/posts\/2219","targetHints":{"allow":["GET"]}}],"collection":[{"href":"https:\/\/www.encontrajoaopessoa.com.br\/sobre\/wp-json\/wp\/v2\/posts"}],"about":[{"href":"https:\/\/www.encontrajoaopessoa.com.br\/sobre\/wp-json\/wp\/v2\/types\/post"}],"author":[{"embeddable":true,"href":"https:\/\/www.encontrajoaopessoa.com.br\/sobre\/wp-json\/wp\/v2\/users\/1"}],"replies":[{"embeddable":true,"href":"https:\/\/www.encontrajoaopessoa.com.br\/sobre\/wp-json\/wp\/v2\/comments?post=2219"}],"version-history":[{"count":0,"href":"https:\/\/www.encontrajoaopessoa.com.br\/sobre\/wp-json\/wp\/v2\/posts\/2219\/revisions"}],"wp:featuredmedia":[{"embeddable":true,"href":"https:\/\/www.encontrajoaopessoa.com.br\/sobre\/wp-json\/wp\/v2\/media\/2218"}],"wp:attachment":[{"href":"https:\/\/www.encontrajoaopessoa.com.br\/sobre\/wp-json\/wp\/v2\/media?parent=2219"}],"wp:term":[{"taxonomy":"category","embeddable":true,"href":"https:\/\/www.encontrajoaopessoa.com.br\/sobre\/wp-json\/wp\/v2\/categories?post=2219"},{"taxonomy":"post_tag","embeddable":true,"href":"https:\/\/www.encontrajoaopessoa.com.br\/sobre\/wp-json\/wp\/v2\/tags?post=2219"}],"curies":[{"name":"wp","href":"https:\/\/api.w.org\/{rel}","templated":true}]}}