{"id":2209,"date":"2026-08-21T20:13:53","date_gmt":"2026-08-21T23:13:53","guid":{"rendered":"https:\/\/www.encontrajoaopessoa.com.br\/sobre\/aulas-sao-suspensas-apos-casos-de-catapora-em-escola-de-joao-pessoa\/"},"modified":"2026-08-21T20:13:53","modified_gmt":"2026-08-21T23:13:53","slug":"aulas-sao-suspensas-apos-casos-de-catapora-em-escola-de-joao-pessoa","status":"publish","type":"post","link":"https:\/\/www.encontrajoaopessoa.com.br\/sobre\/aulas-sao-suspensas-apos-casos-de-catapora-em-escola-de-joao-pessoa\/","title":{"rendered":"Aulas s\u00e3o suspensas ap\u00f3s casos de catapora em escola de Jo\u00e3o Pessoa"},"content":{"rendered":"<div class=\"866aa4a7c674253f40eaa20e0e3e928c\" data-index=\"1\" style=\"float: none; margin:0px;\">\n<!-- Anuncio display - global -->\r\n<ins class=\"adsbygoogle\"\r\n     style=\"display:block\"\r\n     data-ad-client=\"ca-pub-8585364105181520\"\r\n     data-ad-slot=\"8789329856\"\r\n     data-ad-format=\"auto\"\r\n     data-full-width-responsive=\"true\"><\/ins>\r\n<script>\r\n     (adsbygoogle = window.adsbygoogle || []).push({});\r\n<\/script>\n<\/div>\n<h2>O que \u00e9 a catapora?<\/h2>\n<p>A catapora, oficialmente conhecida como varicela, \u00e9 uma infec\u00e7\u00e3o viral comum, especialmente em crian\u00e7as. \u00c9 causada pelo v\u00edrus varicela-z\u00f3ster, que pertence \u00e0 fam\u00edlia dos herpesv\u00edrus. A catapora \u00e9 caracterizada pelo surgimento de erup\u00e7\u00f5es cut\u00e2neas que se transformam em bolhas, e \u00e9 uma doen\u00e7a altamente contagiosa, que pode ser transmitida de uma pessoa para outra atrav\u00e9s do contato direto com a pele ou atrav\u00e9s de got\u00edculas de saliva de algu\u00e9m infectado.<\/p>\n<h2>Sintomas e sinais de alerta<\/h2>\n<p>Os sintomas iniciais da catapora geralmente incluem:<\/p>\n<ul>\n<li><strong>Febre:<\/strong> A febre pode ser leve a moderada e geralmente ocorre um a dois dias antes do surgimento da erup\u00e7\u00e3o cut\u00e2nea.<\/li>\n<li><strong>Cansa\u00e7o:<\/strong> As crian\u00e7as e adultos afetados podem sentir-se cansados e sem energia.<\/li>\n<li><strong>Perda de apetite:<\/strong> A falta de apetite \u00e9 comum, especialmente em crian\u00e7as.<\/li>\n<li><strong>Erup\u00e7\u00e3o cut\u00e2nea:<\/strong> A erup\u00e7\u00e3o come\u00e7a em pequenas manchas vermelhas, que se transformam em p\u00e1pulas, depois em ves\u00edculas com l\u00edquido, e finalmente em crostas.<\/li>\n<\/ul>\n<p>O aparecimento das les\u00f5es geralmente come\u00e7a no rosto e no tronco, podendo se espalhar para outras partes do corpo. \u00c9 importante estar atento \u00e0 gravidade dos sintomas, especialmente a presen\u00e7a de febre alta ou infec\u00e7\u00f5es secund\u00e1rias nas les\u00f5es.<\/p>\n<p><img decoding=\"async\" src=\"https:\/\/www.encontrajoaopessoa.com.br\/sobre\/wp-content\/uploads\/2026\/08\/aulas-sao-suspensas-apos-casos-de-catapora-em-escola-de-joao-pessoa.webp\" alt=\"catapora\" loading=\"lazy\" \/><\/p>\n<h2>Transmiss\u00e3o e cuidados essenciais<\/h2>\n<p>A transmiss\u00e3o da catapora ocorre facilmente. As principais formas de cont\u00e1gio incluem:<\/p>\n<ul>\n<li><strong>Contato direto:<\/strong> O v\u00edrus pode ser transmitido pelo contato com as les\u00f5es da pele de uma pessoa infectada.<\/li>\n<li><strong>Gotas respirat\u00f3rias:<\/strong> Quando uma pessoa infectada tosse ou espirra, o v\u00edrus se espalha pelo ar.<\/li>\n<\/ul>\n<p>Os cuidados essenciais para prevenir a infec\u00e7\u00e3o incluem:<\/p>\n<ul>\n<li><strong>Evitar contato com pessoas infectadas:<\/strong> Manter dist\u00e2ncia de quem j\u00e1 est\u00e1 com catapora, especialmente se n\u00e3o estiver vacinado.<\/li>\n<li><strong>Boa higiene:<\/strong> Lavar frequentemente as m\u00e3os com \u00e1gua e sab\u00e3o.<\/li>\n<li><strong>Vacina\u00e7\u00e3o:<\/strong> A vacina contra a varicela \u00e9 a forma mais eficaz de preven\u00e7\u00e3o e \u00e9 recomendada na inf\u00e2ncia.<\/li>\n<\/ul>\n<h2>Vacina\u00e7\u00e3o contra a catapora<\/h2>\n<p>A vacina contra a varicela \u00e9 uma medida preventiva extremamente eficaz. Os principais pontos sobre a vacina\u00e7\u00e3o incluem:<\/p>\n<ul>\n<li><strong>Calend\u00e1rio vacinal:<\/strong> A vacina \u00e9 oferecida em duas doses, sendo a primeira entre 12 e 15 meses de idade e a segunda entre 4 e 6 anos.<\/li>\n<li><strong>Efic\u00e1cia:<\/strong> A vacina \u00e9 capaz de prevenir a infec\u00e7\u00e3o em at\u00e9 90% dos casos e reduzir a gravidade da doen\u00e7a em pessoas que desenvolvem catapora mesmo ap\u00f3s a vacina\u00e7\u00e3o.<\/li>\n<li><strong>Seguran\u00e7a:<\/strong> A vacina \u00e9 considerada segura e eficaz, com efeitos colaterais raros e geralmente leves.<\/li>\n<\/ul>\n<h2>Rea\u00e7\u00f5es comuns \u00e0 vacina<\/h2>\n<p>Ap\u00f3s a administra\u00e7\u00e3o da vacina contra a catapora, algumas rea\u00e7\u00f5es podem ocorrer, sendo as mais comuns:<\/p>\n<ul>\n<li><strong>Rea\u00e7\u00e3o no local da aplica\u00e7\u00e3o:<\/strong> Pode ocorrer dor, vermelhid\u00e3o ou incha\u00e7o.<\/li>\n<li><strong>Febre leve:<\/strong> Algumas crian\u00e7as podem apresentar febre leve ap\u00f3s a vacina.<\/li>\n<li><strong>Erup\u00e7\u00e3o cut\u00e2nea:<\/strong> Em alguns casos, pequenas manchas podem aparecer; isso geralmente n\u00e3o \u00e9 motivo para preocupa\u00e7\u00e3o.<\/li>\n<\/ul>\n<h2>Como proceder em caso de sintomas<\/h2>\n<p>Se surgirem sintomas de catapora, \u00e9 crucial:<\/p>\n<ul>\n<li><strong>Consultar um m\u00e9dico:<\/strong> Criar um plano de tratamento e determinar se \u00e9 necess\u00e1rio algum tratamento adicional.<\/li>\n<li><strong>Descanso e hidrata\u00e7\u00e3o:<\/strong> Assegurar que a pessoa afetada descanse e beba l\u00edquidos para evitar a desidrata\u00e7\u00e3o.<\/li>\n<li><strong>Controle da febre:<\/strong> Utilizar medicamentos prescritos para aliviar a febre e o desconforto.<\/li>\n<\/ul>\n<h2>Import\u00e2ncia da preven\u00e7\u00e3o em escolas<\/h2>\n<p>A catapora pode se espalhar rapidamente em ambientes escolares, fazendo da preven\u00e7\u00e3o uma prioridade:<\/p>\n<ul>\n<li><strong>Promo\u00e7\u00e3o da vacina\u00e7\u00e3o:<\/strong> Incentivar os pais a vacinarem seus filhos e manter um registro atualizado das vacinas.<\/li>\n<li><strong>Educa\u00e7\u00e3o sobre sintomas:<\/strong> Garantir que os educadores estejam cientes dos sintomas da catapora e da import\u00e2ncia de relatar qualquer surto.<\/li>\n<li><strong>Pessoas infectadas devem ficar em casa:<\/strong> Manter crian\u00e7as infectadas fora da escola at\u00e9 que estejam totalmente recuperadas e as les\u00f5es estejam crostas.<\/li>\n<\/ul>\n<h2>Aspectos emocionais para fam\u00edlias afetadas<\/h2>\n<p>A experi\u00eancia de ter um filho doente pode ser dif\u00edcil para as fam\u00edlias. \u00c9 importante:<\/p>\n<ul>\n<li><strong>Oferecer apoio emocional:<\/strong> Ouvir as preocupa\u00e7\u00f5es dos pais e oferecer apoio para lidar com a situa\u00e7\u00e3o.<\/li>\n<li><strong>Informa\u00e7\u00f5es claras:<\/strong> Proporcionar informa\u00e7\u00f5es precisas sobre a doen\u00e7a e sua recupera\u00e7\u00e3o para reduzir a ansiedade.<\/li>\n<li><strong>Manter a rotina:<\/strong> Ajudar as crian\u00e7as a manter uma rotina de atividades e descanso, mesmo durante a doen\u00e7a.<\/li>\n<\/ul>\n<h2>A responsabilidade das escolas em surtos<\/h2>\n<p>As escolas desempenham um papel crucial na gest\u00e3o de surtos de catapora:<\/p>\n<ul>\n<li><strong>Implementar pol\u00edticas:<\/strong> Desenvolver e fazer cumprir pol\u00edticas sobre vacina\u00e7\u00e3o e gest\u00e3o de doen\u00e7as infecciosas.<\/li>\n<li><strong>Comunica\u00e7\u00e3o eficaz:<\/strong> Manter os pais informados sobre casos confirmados e medidas de preven\u00e7\u00e3o.<\/li>\n<li><strong>Colabora\u00e7\u00e3o com a Sa\u00fade P\u00fablica:<\/strong> Trabalhar em conjunto com as autoridades de sa\u00fade para monitorar e gerenciar surtos.<\/li>\n<\/ul>\n<h2>Informa\u00e7\u00f5es da Secretaria de Educa\u00e7\u00e3o ap\u00f3s o surto<\/h2>\n<p>Ap\u00f3s a confirma\u00e7\u00e3o de casos de catapora em uma escola, a Secretaria de Educa\u00e7\u00e3o deve:<\/p>\n<ul>\n<li><strong>Divulgar comunicados:<\/strong> Informar a comunidade escolar sobre a situa\u00e7\u00e3o e orienta\u00e7\u00f5es para preven\u00e7\u00e3o.<\/li>\n<li><strong>Garantir a seguran\u00e7a:<\/strong> Implementar medidas para garantir que todas as crian\u00e7as estejam protegidas e monitoradas durante a recupera\u00e7\u00e3o.<\/li>\n<li><strong>Apoio psicol\u00f3gico:<\/strong> Oferecer apoio emocional e psicol\u00f3gico para alunos e fam\u00edlias afetadas.<\/li>\n<\/ul>\n<p>A catapora \u00e9 uma doen\u00e7a comum, mas pode ser prevenida. A prote\u00e7\u00e3o atrav\u00e9s da vacina\u00e7\u00e3o \u00e9 vital para a sa\u00fade das crian\u00e7as, principalmente em ambientes escolares, onde a propaga\u00e7\u00e3o \u00e9 mais f\u00e1cil. A educa\u00e7\u00e3o e a conscientiza\u00e7\u00e3o s\u00e3o fundamentais para controlar surtos e garantir o bem-estar das crian\u00e7as e suas fam\u00edlias.<\/p>\n\n<div style=\"font-size: 0px; height: 0px; line-height: 0px; margin: 0; padding: 0; clear: both;\"><\/div>","protected":false},"excerpt":{"rendered":"<p>Catapora em Jo\u00e3o Pessoa leva \u00e0 suspens\u00e3o das aulas em escola estadual.<\/p>\n","protected":false},"author":1,"featured_media":2208,"comment_status":"closed","ping_status":"closed","sticky":false,"template":"","format":"standard","meta":{"footnotes":""},"categories":[27],"tags":[],"class_list":["post-2209","post","type-post","status-publish","format-standard","has-post-thumbnail","hentry","category-educacao-em-joao-pessoa","has_thumb"],"yoast_head":"<!-- This site is optimized with the Yoast SEO plugin v28.2 - https:\/\/yoast.com\/product\/yoast-seo-wordpress\/ -->\n<title>Aulas s\u00e3o suspensas ap\u00f3s casos de catapora em escola de Jo\u00e3o Pessoa - Encontra Jo\u00e3o Pessoa<\/title>\n<meta name=\"robots\" content=\"index, follow, max-snippet:-1, max-image-preview:large, max-video-preview:-1\" \/>\n<link rel=\"canonical\" href=\"https:\/\/www.encontrajoaopessoa.com.br\/sobre\/aulas-sao-suspensas-apos-casos-de-catapora-em-escola-de-joao-pessoa\/\" \/>\n<meta property=\"og:locale\" content=\"pt_BR\" \/>\n<meta property=\"og:type\" content=\"article\" \/>\n<meta property=\"og:title\" content=\"Aulas s\u00e3o suspensas ap\u00f3s casos de catapora em escola de Jo\u00e3o Pessoa - Encontra Jo\u00e3o Pessoa\" \/>\n<meta property=\"og:description\" content=\"Catapora em Jo\u00e3o Pessoa leva \u00e0 suspens\u00e3o das aulas em escola estadual.\" \/>\n<meta property=\"og:url\" content=\"https:\/\/www.encontrajoaopessoa.com.br\/sobre\/aulas-sao-suspensas-apos-casos-de-catapora-em-escola-de-joao-pessoa\/\" \/>\n<meta property=\"og:site_name\" content=\"Encontra Jo\u00e3o Pessoa\" \/>\n<meta property=\"article:published_time\" content=\"2026-08-21T23:13:53+00:00\" \/>\n<meta property=\"og:image\" content=\"https:\/\/www.encontrajoaopessoa.com.br\/sobre\/wp-content\/uploads\/2026\/08\/aulas-sao-suspensas-apos-casos-de-catapora-em-escola-de-joao-pessoa.webp\" \/>\n<meta name=\"author\" content=\"Encontra Jo\u00e3o Pessoa\" \/>\n<meta name=\"twitter:card\" content=\"summary_large_image\" \/>\n<meta name=\"twitter:label1\" content=\"Escrito por\" \/>\n\t<meta name=\"twitter:data1\" content=\"Encontra Jo\u00e3o Pessoa\" \/>\n\t<meta name=\"twitter:label2\" content=\"Est. tempo de leitura\" \/>\n\t<meta name=\"twitter:data2\" content=\"5 minutos\" \/>\n<script type=\"application\/ld+json\" class=\"yoast-schema-graph\">{\"@context\":\"https:\\\/\\\/schema.org\",\"@graph\":[{\"@type\":\"Article\",\"@id\":\"https:\\\/\\\/www.encontrajoaopessoa.com.br\\\/sobre\\\/aulas-sao-suspensas-apos-casos-de-catapora-em-escola-de-joao-pessoa\\\/#article\",\"isPartOf\":{\"@id\":\"https:\\\/\\\/www.encontrajoaopessoa.com.br\\\/sobre\\\/aulas-sao-suspensas-apos-casos-de-catapora-em-escola-de-joao-pessoa\\\/\"},\"author\":{\"name\":\"Encontra Jo\u00e3o Pessoa\",\"@id\":\"https:\\\/\\\/www.encontrajoaopessoa.com.br\\\/sobre\\\/#\\\/schema\\\/person\\\/dcf4dbc803217a030dfb489f4a014aca\"},\"headline\":\"Aulas s\u00e3o suspensas ap\u00f3s casos de catapora em escola de Jo\u00e3o Pessoa\",\"datePublished\":\"2026-08-21T23:13:53+00:00\",\"mainEntityOfPage\":{\"@id\":\"https:\\\/\\\/www.encontrajoaopessoa.com.br\\\/sobre\\\/aulas-sao-suspensas-apos-casos-de-catapora-em-escola-de-joao-pessoa\\\/\"},\"wordCount\":954,\"image\":{\"@id\":\"https:\\\/\\\/www.encontrajoaopessoa.com.br\\\/sobre\\\/aulas-sao-suspensas-apos-casos-de-catapora-em-escola-de-joao-pessoa\\\/#primaryimage\"},\"thumbnailUrl\":\"https:\\\/\\\/www.encontrajoaopessoa.com.br\\\/sobre\\\/wp-content\\\/uploads\\\/2026\\\/08\\\/aulas-sao-suspensas-apos-casos-de-catapora-em-escola-de-joao-pessoa.webp\",\"articleSection\":[\"Educa\u00e7\u00e3o Jo\u00e3o Pessoa\"],\"inLanguage\":\"pt-BR\"},{\"@type\":\"WebPage\",\"@id\":\"https:\\\/\\\/www.encontrajoaopessoa.com.br\\\/sobre\\\/aulas-sao-suspensas-apos-casos-de-catapora-em-escola-de-joao-pessoa\\\/\",\"url\":\"https:\\\/\\\/www.encontrajoaopessoa.com.br\\\/sobre\\\/aulas-sao-suspensas-apos-casos-de-catapora-em-escola-de-joao-pessoa\\\/\",\"name\":\"Aulas s\u00e3o suspensas ap\u00f3s casos de catapora em escola de Jo\u00e3o Pessoa - Encontra Jo\u00e3o Pessoa\",\"isPartOf\":{\"@id\":\"https:\\\/\\\/www.encontrajoaopessoa.com.br\\\/sobre\\\/#website\"},\"primaryImageOfPage\":{\"@id\":\"https:\\\/\\\/www.encontrajoaopessoa.com.br\\\/sobre\\\/aulas-sao-suspensas-apos-casos-de-catapora-em-escola-de-joao-pessoa\\\/#primaryimage\"},\"image\":{\"@id\":\"https:\\\/\\\/www.encontrajoaopessoa.com.br\\\/sobre\\\/aulas-sao-suspensas-apos-casos-de-catapora-em-escola-de-joao-pessoa\\\/#primaryimage\"},\"thumbnailUrl\":\"https:\\\/\\\/www.encontrajoaopessoa.com.br\\\/sobre\\\/wp-content\\\/uploads\\\/2026\\\/08\\\/aulas-sao-suspensas-apos-casos-de-catapora-em-escola-de-joao-pessoa.webp\",\"datePublished\":\"2026-08-21T23:13:53+00:00\",\"author\":{\"@id\":\"https:\\\/\\\/www.encontrajoaopessoa.com.br\\\/sobre\\\/#\\\/schema\\\/person\\\/dcf4dbc803217a030dfb489f4a014aca\"},\"breadcrumb\":{\"@id\":\"https:\\\/\\\/www.encontrajoaopessoa.com.br\\\/sobre\\\/aulas-sao-suspensas-apos-casos-de-catapora-em-escola-de-joao-pessoa\\\/#breadcrumb\"},\"inLanguage\":\"pt-BR\",\"potentialAction\":[{\"@type\":\"ReadAction\",\"target\":[\"https:\\\/\\\/www.encontrajoaopessoa.com.br\\\/sobre\\\/aulas-sao-suspensas-apos-casos-de-catapora-em-escola-de-joao-pessoa\\\/\"]}]},{\"@type\":\"ImageObject\",\"inLanguage\":\"pt-BR\",\"@id\":\"https:\\\/\\\/www.encontrajoaopessoa.com.br\\\/sobre\\\/aulas-sao-suspensas-apos-casos-de-catapora-em-escola-de-joao-pessoa\\\/#primaryimage\",\"url\":\"https:\\\/\\\/www.encontrajoaopessoa.com.br\\\/sobre\\\/wp-content\\\/uploads\\\/2026\\\/08\\\/aulas-sao-suspensas-apos-casos-de-catapora-em-escola-de-joao-pessoa.webp\",\"contentUrl\":\"https:\\\/\\\/www.encontrajoaopessoa.com.br\\\/sobre\\\/wp-content\\\/uploads\\\/2026\\\/08\\\/aulas-sao-suspensas-apos-casos-de-catapora-em-escola-de-joao-pessoa.webp\",\"width\":280,\"height\":280,\"caption\":\"catapora\"},{\"@type\":\"BreadcrumbList\",\"@id\":\"https:\\\/\\\/www.encontrajoaopessoa.com.br\\\/sobre\\\/aulas-sao-suspensas-apos-casos-de-catapora-em-escola-de-joao-pessoa\\\/#breadcrumb\",\"itemListElement\":[{\"@type\":\"ListItem\",\"position\":1,\"name\":\"In\u00edcio\",\"item\":\"https:\\\/\\\/www.encontrajoaopessoa.com.br\\\/sobre\\\/\"},{\"@type\":\"ListItem\",\"position\":2,\"name\":\"Aulas s\u00e3o suspensas ap\u00f3s casos de catapora em escola de Jo\u00e3o Pessoa\"}]},{\"@type\":\"WebSite\",\"@id\":\"https:\\\/\\\/www.encontrajoaopessoa.com.br\\\/sobre\\\/#website\",\"url\":\"https:\\\/\\\/www.encontrajoaopessoa.com.br\\\/sobre\\\/\",\"name\":\"Encontra Jo\u00e3o Pessoa\",\"description\":\"Not\u00edcias, eventos, informa\u00e7\u00f5es e dicas na cidade Jo\u00e3o Pessoa e regi\u00e3o.\",\"potentialAction\":[{\"@type\":\"SearchAction\",\"target\":{\"@type\":\"EntryPoint\",\"urlTemplate\":\"https:\\\/\\\/www.encontrajoaopessoa.com.br\\\/sobre\\\/?s={search_term_string}\"},\"query-input\":{\"@type\":\"PropertyValueSpecification\",\"valueRequired\":true,\"valueName\":\"search_term_string\"}}],\"inLanguage\":\"pt-BR\"},{\"@type\":\"Person\",\"@id\":\"https:\\\/\\\/www.encontrajoaopessoa.com.br\\\/sobre\\\/#\\\/schema\\\/person\\\/dcf4dbc803217a030dfb489f4a014aca\",\"name\":\"Encontra Jo\u00e3o Pessoa\",\"image\":{\"@type\":\"ImageObject\",\"inLanguage\":\"pt-BR\",\"@id\":\"https:\\\/\\\/secure.gravatar.com\\\/avatar\\\/507340682b8270222e1f208e23198b6ae7e2c6a1033ae84e99bc6bce4f82a387?s=96&d=mm&r=g\",\"url\":\"https:\\\/\\\/secure.gravatar.com\\\/avatar\\\/507340682b8270222e1f208e23198b6ae7e2c6a1033ae84e99bc6bce4f82a387?s=96&d=mm&r=g\",\"contentUrl\":\"https:\\\/\\\/secure.gravatar.com\\\/avatar\\\/507340682b8270222e1f208e23198b6ae7e2c6a1033ae84e99bc6bce4f82a387?s=96&d=mm&r=g\",\"caption\":\"Encontra Jo\u00e3o Pessoa\"},\"url\":\"https:\\\/\\\/www.encontrajoaopessoa.com.br\\\/sobre\\\/author\\\/ejoaopessoa\\\/\"}]}<\/script>\n<!-- \/ Yoast SEO plugin. -->","yoast_head_json":{"title":"Aulas s\u00e3o suspensas ap\u00f3s casos de catapora em escola de Jo\u00e3o Pessoa - Encontra Jo\u00e3o Pessoa","robots":{"index":"index","follow":"follow","max-snippet":"max-snippet:-1","max-image-preview":"max-image-preview:large","max-video-preview":"max-video-preview:-1"},"canonical":"https:\/\/www.encontrajoaopessoa.com.br\/sobre\/aulas-sao-suspensas-apos-casos-de-catapora-em-escola-de-joao-pessoa\/","og_locale":"pt_BR","og_type":"article","og_title":"Aulas s\u00e3o suspensas ap\u00f3s casos de catapora em escola de Jo\u00e3o Pessoa - Encontra Jo\u00e3o Pessoa","og_description":"Catapora em Jo\u00e3o Pessoa leva \u00e0 suspens\u00e3o das aulas em escola estadual.","og_url":"https:\/\/www.encontrajoaopessoa.com.br\/sobre\/aulas-sao-suspensas-apos-casos-de-catapora-em-escola-de-joao-pessoa\/","og_site_name":"Encontra Jo\u00e3o Pessoa","article_published_time":"2026-08-21T23:13:53+00:00","og_image":[{"url":"https:\/\/www.encontrajoaopessoa.com.br\/sobre\/wp-content\/uploads\/2026\/08\/aulas-sao-suspensas-apos-casos-de-catapora-em-escola-de-joao-pessoa.webp","type":"","width":"","height":""}],"author":"Encontra Jo\u00e3o Pessoa","twitter_card":"summary_large_image","twitter_misc":{"Escrito por":"Encontra Jo\u00e3o Pessoa","Est. tempo de leitura":"5 minutos"},"schema":{"@context":"https:\/\/schema.org","@graph":[{"@type":"Article","@id":"https:\/\/www.encontrajoaopessoa.com.br\/sobre\/aulas-sao-suspensas-apos-casos-de-catapora-em-escola-de-joao-pessoa\/#article","isPartOf":{"@id":"https:\/\/www.encontrajoaopessoa.com.br\/sobre\/aulas-sao-suspensas-apos-casos-de-catapora-em-escola-de-joao-pessoa\/"},"author":{"name":"Encontra Jo\u00e3o Pessoa","@id":"https:\/\/www.encontrajoaopessoa.com.br\/sobre\/#\/schema\/person\/dcf4dbc803217a030dfb489f4a014aca"},"headline":"Aulas s\u00e3o suspensas ap\u00f3s casos de catapora em escola de Jo\u00e3o Pessoa","datePublished":"2026-08-21T23:13:53+00:00","mainEntityOfPage":{"@id":"https:\/\/www.encontrajoaopessoa.com.br\/sobre\/aulas-sao-suspensas-apos-casos-de-catapora-em-escola-de-joao-pessoa\/"},"wordCount":954,"image":{"@id":"https:\/\/www.encontrajoaopessoa.com.br\/sobre\/aulas-sao-suspensas-apos-casos-de-catapora-em-escola-de-joao-pessoa\/#primaryimage"},"thumbnailUrl":"https:\/\/www.encontrajoaopessoa.com.br\/sobre\/wp-content\/uploads\/2026\/08\/aulas-sao-suspensas-apos-casos-de-catapora-em-escola-de-joao-pessoa.webp","articleSection":["Educa\u00e7\u00e3o Jo\u00e3o Pessoa"],"inLanguage":"pt-BR"},{"@type":"WebPage","@id":"https:\/\/www.encontrajoaopessoa.com.br\/sobre\/aulas-sao-suspensas-apos-casos-de-catapora-em-escola-de-joao-pessoa\/","url":"https:\/\/www.encontrajoaopessoa.com.br\/sobre\/aulas-sao-suspensas-apos-casos-de-catapora-em-escola-de-joao-pessoa\/","name":"Aulas s\u00e3o suspensas ap\u00f3s casos de catapora em escola de Jo\u00e3o Pessoa - Encontra Jo\u00e3o Pessoa","isPartOf":{"@id":"https:\/\/www.encontrajoaopessoa.com.br\/sobre\/#website"},"primaryImageOfPage":{"@id":"https:\/\/www.encontrajoaopessoa.com.br\/sobre\/aulas-sao-suspensas-apos-casos-de-catapora-em-escola-de-joao-pessoa\/#primaryimage"},"image":{"@id":"https:\/\/www.encontrajoaopessoa.com.br\/sobre\/aulas-sao-suspensas-apos-casos-de-catapora-em-escola-de-joao-pessoa\/#primaryimage"},"thumbnailUrl":"https:\/\/www.encontrajoaopessoa.com.br\/sobre\/wp-content\/uploads\/2026\/08\/aulas-sao-suspensas-apos-casos-de-catapora-em-escola-de-joao-pessoa.webp","datePublished":"2026-08-21T23:13:53+00:00","author":{"@id":"https:\/\/www.encontrajoaopessoa.com.br\/sobre\/#\/schema\/person\/dcf4dbc803217a030dfb489f4a014aca"},"breadcrumb":{"@id":"https:\/\/www.encontrajoaopessoa.com.br\/sobre\/aulas-sao-suspensas-apos-casos-de-catapora-em-escola-de-joao-pessoa\/#breadcrumb"},"inLanguage":"pt-BR","potentialAction":[{"@type":"ReadAction","target":["https:\/\/www.encontrajoaopessoa.com.br\/sobre\/aulas-sao-suspensas-apos-casos-de-catapora-em-escola-de-joao-pessoa\/"]}]},{"@type":"ImageObject","inLanguage":"pt-BR","@id":"https:\/\/www.encontrajoaopessoa.com.br\/sobre\/aulas-sao-suspensas-apos-casos-de-catapora-em-escola-de-joao-pessoa\/#primaryimage","url":"https:\/\/www.encontrajoaopessoa.com.br\/sobre\/wp-content\/uploads\/2026\/08\/aulas-sao-suspensas-apos-casos-de-catapora-em-escola-de-joao-pessoa.webp","contentUrl":"https:\/\/www.encontrajoaopessoa.com.br\/sobre\/wp-content\/uploads\/2026\/08\/aulas-sao-suspensas-apos-casos-de-catapora-em-escola-de-joao-pessoa.webp","width":280,"height":280,"caption":"catapora"},{"@type":"BreadcrumbList","@id":"https:\/\/www.encontrajoaopessoa.com.br\/sobre\/aulas-sao-suspensas-apos-casos-de-catapora-em-escola-de-joao-pessoa\/#breadcrumb","itemListElement":[{"@type":"ListItem","position":1,"name":"In\u00edcio","item":"https:\/\/www.encontrajoaopessoa.com.br\/sobre\/"},{"@type":"ListItem","position":2,"name":"Aulas s\u00e3o suspensas ap\u00f3s casos de catapora em escola de Jo\u00e3o Pessoa"}]},{"@type":"WebSite","@id":"https:\/\/www.encontrajoaopessoa.com.br\/sobre\/#website","url":"https:\/\/www.encontrajoaopessoa.com.br\/sobre\/","name":"Encontra Jo\u00e3o Pessoa","description":"Not\u00edcias, eventos, informa\u00e7\u00f5es e dicas na cidade Jo\u00e3o Pessoa e regi\u00e3o.","potentialAction":[{"@type":"SearchAction","target":{"@type":"EntryPoint","urlTemplate":"https:\/\/www.encontrajoaopessoa.com.br\/sobre\/?s={search_term_string}"},"query-input":{"@type":"PropertyValueSpecification","valueRequired":true,"valueName":"search_term_string"}}],"inLanguage":"pt-BR"},{"@type":"Person","@id":"https:\/\/www.encontrajoaopessoa.com.br\/sobre\/#\/schema\/person\/dcf4dbc803217a030dfb489f4a014aca","name":"Encontra Jo\u00e3o Pessoa","image":{"@type":"ImageObject","inLanguage":"pt-BR","@id":"https:\/\/secure.gravatar.com\/avatar\/507340682b8270222e1f208e23198b6ae7e2c6a1033ae84e99bc6bce4f82a387?s=96&d=mm&r=g","url":"https:\/\/secure.gravatar.com\/avatar\/507340682b8270222e1f208e23198b6ae7e2c6a1033ae84e99bc6bce4f82a387?s=96&d=mm&r=g","contentUrl":"https:\/\/secure.gravatar.com\/avatar\/507340682b8270222e1f208e23198b6ae7e2c6a1033ae84e99bc6bce4f82a387?s=96&d=mm&r=g","caption":"Encontra Jo\u00e3o Pessoa"},"url":"https:\/\/www.encontrajoaopessoa.com.br\/sobre\/author\/ejoaopessoa\/"}]}},"_links":{"self":[{"href":"https:\/\/www.encontrajoaopessoa.com.br\/sobre\/wp-json\/wp\/v2\/posts\/2209","targetHints":{"allow":["GET"]}}],"collection":[{"href":"https:\/\/www.encontrajoaopessoa.com.br\/sobre\/wp-json\/wp\/v2\/posts"}],"about":[{"href":"https:\/\/www.encontrajoaopessoa.com.br\/sobre\/wp-json\/wp\/v2\/types\/post"}],"author":[{"embeddable":true,"href":"https:\/\/www.encontrajoaopessoa.com.br\/sobre\/wp-json\/wp\/v2\/users\/1"}],"replies":[{"embeddable":true,"href":"https:\/\/www.encontrajoaopessoa.com.br\/sobre\/wp-json\/wp\/v2\/comments?post=2209"}],"version-history":[{"count":0,"href":"https:\/\/www.encontrajoaopessoa.com.br\/sobre\/wp-json\/wp\/v2\/posts\/2209\/revisions"}],"wp:featuredmedia":[{"embeddable":true,"href":"https:\/\/www.encontrajoaopessoa.com.br\/sobre\/wp-json\/wp\/v2\/media\/2208"}],"wp:attachment":[{"href":"https:\/\/www.encontrajoaopessoa.com.br\/sobre\/wp-json\/wp\/v2\/media?parent=2209"}],"wp:term":[{"taxonomy":"category","embeddable":true,"href":"https:\/\/www.encontrajoaopessoa.com.br\/sobre\/wp-json\/wp\/v2\/categories?post=2209"},{"taxonomy":"post_tag","embeddable":true,"href":"https:\/\/www.encontrajoaopessoa.com.br\/sobre\/wp-json\/wp\/v2\/tags?post=2209"}],"curies":[{"name":"wp","href":"https:\/\/api.w.org\/{rel}","templated":true}]}}