{"id":2134,"date":"2026-08-10T01:47:30","date_gmt":"2026-08-10T04:47:30","guid":{"rendered":"https:\/\/www.encontrajoaopessoa.com.br\/sobre\/caravana-do-cuidar-da-prefeitura-de-joao-pessoa-realiza-mais-de-300-atendimentos-em-oitizeiro\/"},"modified":"2026-08-10T01:47:30","modified_gmt":"2026-08-10T04:47:30","slug":"caravana-do-cuidar-da-prefeitura-de-joao-pessoa-realiza-mais-de-300-atendimentos-em-oitizeiro","status":"publish","type":"post","link":"https:\/\/www.encontrajoaopessoa.com.br\/sobre\/caravana-do-cuidar-da-prefeitura-de-joao-pessoa-realiza-mais-de-300-atendimentos-em-oitizeiro\/","title":{"rendered":"Caravana do Cuidar da Prefeitura de Jo\u00e3o Pessoa realiza mais de 300 atendimentos em Oitizeiro"},"content":{"rendered":"<div class=\"866aa4a7c674253f40eaa20e0e3e928c\" data-index=\"1\" style=\"float: none; margin:0px;\">\n<!-- Anuncio display - global -->\r\n<ins class=\"adsbygoogle\"\r\n     style=\"display:block\"\r\n     data-ad-client=\"ca-pub-8585364105181520\"\r\n     data-ad-slot=\"8789329856\"\r\n     data-ad-format=\"auto\"\r\n     data-full-width-responsive=\"true\"><\/ins>\r\n<script>\r\n     (adsbygoogle = window.adsbygoogle || []).push({});\r\n<\/script>\n<\/div>\n<h2>Servi\u00e7os Oferecidos na Caravana do Cuidar<\/h2>\n<p>A Caravana do Cuidar, promovida pela Prefeitura de Jo\u00e3o Pessoa, disponibilizou uma diversidade de servi\u00e7os gratuitos para a comunidade de Oitizeiro. A a\u00e7\u00e3o abrangeu diversas \u00e1reas, permitindo que os moradores tivessem acesso a atendimentos que incluem:<\/p>\n<ul>\n<li><strong>Assist\u00eancia Social:<\/strong> Informa\u00e7\u00f5es e apoio \u00e0s fam\u00edlias e indiv\u00edduos que necessitam de orienta\u00e7\u00e3o social.<\/li>\n<li><strong> Sa\u00fade:<\/strong> Servi\u00e7os m\u00e9dicos gerais, aferi\u00e7\u00e3o de press\u00e3o e testes r\u00e1pidos.<\/li>\n<li><strong>Cidadania:<\/strong> Emiss\u00e3o de documentos como Cart\u00e3o SUS.<\/li>\n<li><strong>Empregabilidade:<\/strong> Orienta\u00e7\u00f5es e informa\u00e7\u00f5es sobre oportunidades de trabalho.<\/li>\n<li><strong>Orienta\u00e7\u00e3o Jur\u00eddica:<\/strong> Consultas e esclarecimentos sobre quest\u00f5es legais.<\/li>\n<li><strong>Bem-Estar:<\/strong> Atendimentos que englobam cuidados pessoais, como cortes de cabelo e servi\u00e7os de manicure.<\/li>\n<\/ul>\n<h2>Impacto na Comunidade de Oitizeiro<\/h2>\n<p>A realiza\u00e7\u00e3o da Caravana do Cuidar trouxe um impacto positivo significativo para a comunidade local. Os moradores da regi\u00e3o expressaram satisfa\u00e7\u00e3o pela presen\u00e7a do munic\u00edpio em sua \u00e1rea, facilitando o acesso a servi\u00e7os que geralmente exigem deslocamento. Esta a\u00e7\u00e3o n\u00e3o apenas atende necessidades imediatas, mas tamb\u00e9m fomenta um sentimento de cuidado e pertencimento junto \u00e0 popula\u00e7\u00e3o. Al\u00e9m disso, ao reunir v\u00e1rias frentes de atendimento em um s\u00f3 evento, a Caravana promove a integra\u00e7\u00e3o e o fortalecimento dos la\u00e7os comunit\u00e1rios.<\/p>\n<h2>Depoimentos de Moradores Atendidos<\/h2>\n<p>V\u00e1rios moradores compartilharam sua experi\u00eancia positiva durante a a\u00e7\u00e3o. Daisy Magalh\u00e3es, uma das atendidas, comentou sobre a facilidade que teve ao emitir o Cart\u00e3o SUS de sua filha e atualizar seu Cadastro \u00danico. Em suas palavras: &#8220;Foi tudo muito r\u00e1pido e fui muito bem atendida. Isso facilita a vida de quem n\u00e3o tem tempo para ir at\u00e9 o centro da cidade&#8221;. Esse tipo de feedback costuma ser recorrente, refletindo a import\u00e2ncia da Caravana para a popula\u00e7\u00e3o.<\/p>\n<p><img decoding=\"async\" src=\"https:\/\/www.encontrajoaopessoa.com.br\/sobre\/wp-content\/uploads\/2026\/08\/caravana-do-cuidar-da-prefeitura-de-joao-pessoa-realiza-mais-de-300-atendimentos-em-oitizeiro.webp\" alt=\"Caravana do Cuidar\" loading=\"lazy\" \/><\/p>\n<h2>Import\u00e2ncia de A\u00e7\u00f5es Itinerantes<\/h2>\n<p>A realiza\u00e7\u00e3o de a\u00e7\u00f5es itinerantes como a Caravana do Cuidar \u00e9 fundamental para a promo\u00e7\u00e3o da cidadania. Essas iniciativas proporcionam uma maior visibilidade dos servi\u00e7os p\u00fablicos, tornando-os acess\u00edveis a quem realmente precisa. Al\u00e9m disso, a presen\u00e7a da administra\u00e7\u00e3o p\u00fablica no territ\u00f3rio da comunidade refor\u00e7a a ideia de que a gest\u00e3o est\u00e1 pr\u00f3xima dos cidad\u00e3os e disposta a ouvir suas demandas e anseios.<\/p>\n<h2>Atendimentos M\u00e9dicos Realizados<\/h2>\n<p>Durante o evento em Oitizeiro, a Caravana do Cuidar registrou um total de 315 atendimentos, com uma significativa participa\u00e7\u00e3o nas \u00e1reas de sa\u00fade. Abaixo, est\u00e3o destacados os principais atendimentos realizados:<\/p>\n<table>\n<thead>\n<tr>\n<th>Servi\u00e7o<\/th>\n<th>Quantidade de Atendimentos<\/th>\n<\/tr>\n<\/thead>\n<tbody>\n<tr>\n<td>Emiss\u00e3o e atualiza\u00e7\u00e3o do Cart\u00e3o SUS<\/td>\n<td>64<\/td>\n<\/tr>\n<tr>\n<td>Servi\u00e7os do CRAS<\/td>\n<td>29<\/td>\n<\/tr>\n<tr>\n<td>Defensoria P\u00fablica<\/td>\n<td>26<\/td>\n<\/tr>\n<tr>\n<td>Atendimentos m\u00e9dicos<\/td>\n<td>20<\/td>\n<\/tr>\n<tr>\n<td>Aferi\u00e7\u00f5es de press\u00e3o arterial<\/td>\n<td>20<\/td>\n<\/tr>\n<tr>\n<td>Testes r\u00e1pidos<\/td>\n<td>16<\/td>\n<\/tr>\n<tr>\n<td>Avalia\u00e7\u00f5es odontol\u00f3gicas<\/td>\n<td>15<\/td>\n<\/tr>\n<tr>\n<td>Atendimentos com nutricionista<\/td>\n<td>15<\/td>\n<\/tr>\n<\/tbody>\n<\/table>\n<h2>Feedback da Secretaria de Direitos Humanos<\/h2>\n<p>K\u00e9ssia Liliana, secret\u00e1ria de Direitos Humanos e Cidadania, enfatizou a relev\u00e2ncia da Caravana do Cuidar, afirmando que a a\u00e7\u00e3o representa um retorno a servi\u00e7os vitais, especialmente ap\u00f3s per\u00edodos de interrup\u00e7\u00f5es. Ela tamb\u00e9m ressaltou o compromisso da administra\u00e7\u00e3o em levar servi\u00e7os de qualidade \u00e0s comunidades: &#8220;Essa a\u00e7\u00e3o \u00e9 um reflexo do nosso compromisso com a popula\u00e7\u00e3o, garantindo acesso aos direitos de todos, de forma humanizada e pr\u00f3xima&#8221;.<\/p>\n<h2>O Papel da Prefeitura na A\u00e7\u00e3o<\/h2>\n<p>A participa\u00e7\u00e3o da Prefeitura de Jo\u00e3o Pessoa na Caravana do Cuidar \u00e9 essencial para garantir a efetividade e a abrang\u00eancia da a\u00e7\u00e3o. O trabalho conjunto entre diferentes secretarias e \u00f3rg\u00e3os municipais permite a concretiza\u00e7\u00e3o de um evento multi-servi\u00e7os, que \u00e9 crucial para atender as diversas necessidades da popula\u00e7\u00e3o. Este tipo de articula\u00e7\u00e3o tamb\u00e9m \u00e9 um exemplo de boa pr\u00e1tica em gest\u00e3o p\u00fablica, promovendo uma resposta \u00e1gil e eficaz \u00e0s demandas da comunidade.<\/p>\n<h2>Atendimentos em Sa\u00fade e Bem-Estar<\/h2>\n<p>A Caravana n\u00e3o s\u00f3 incluiu atendimentos m\u00e9dicos tradicionais, mas tamb\u00e9m se preocupou com o bem-estar geral da popula\u00e7\u00e3o, oferecendo servi\u00e7os como:<\/p>\n<ul>\n<li><strong>Cortes de cabelo:<\/strong> 19 atendimentos realizados.<\/li>\n<li><strong>Servi\u00e7os de manicure:<\/strong> 18 atendimentos.<\/li>\n<li><strong>Atendimentos veterin\u00e1rios:<\/strong> 15 atendimentos para animais de estima\u00e7\u00e3o.<\/li>\n<li><strong>Pintura art\u00edstica:<\/strong> 30 atendimentos, visando promover um ambiente alegre e acolhedor durante a a\u00e7\u00e3o.<\/li>\n<\/ul>\n<h2>Hist\u00f3rico da Caravana do Cuidar<\/h2>\n<p>A Caravana do Cuidar \u00e9 uma das principais iniciativas da Prefeitura de Jo\u00e3o Pessoa, voltada para a descentraliza\u00e7\u00e3o e democratiza\u00e7\u00e3o do acesso aos servi\u00e7os p\u00fablicos. Desde sua implementa\u00e7\u00e3o, a Caravana tem se esfor\u00e7ado para levar servi\u00e7os de qualidade \u00e0s comunidades pr\u00f3ximas, utilizando locais estrat\u00e9gicos para maximizar o alcance e a efici\u00eancia dos atendimentos.<\/p>\n<h2>Pr\u00f3ximas Etapas e Planos Futuros<\/h2>\n<p>O sucesso da Caravana do Cuidar evidencia a demanda por a\u00e7\u00f5es como essa em Oitizeiro e nas demais comunidades. Futuramente, a Prefeitura de Jo\u00e3o Pessoa planeja continuar realizando esses eventos itinerantes, com o intuito de expandir ainda mais os servi\u00e7os oferecidos e atender, de forma cada vez mais eficaz, as necessidades da popula\u00e7\u00e3o. O planejamento inclui a avalia\u00e7\u00e3o das a\u00e7\u00f5es realizadas at\u00e9 agora e a cria\u00e7\u00e3o de novos servi\u00e7os baseados no feedback dos moradores.<\/p>\n\n<div style=\"font-size: 0px; height: 0px; line-height: 0px; margin: 0; padding: 0; clear: both;\"><\/div>","protected":false},"excerpt":{"rendered":"<p>Caravana do Cuidar oferece servi\u00e7os gratuitos \u00e0 popula\u00e7\u00e3o de Oitizeiro.<\/p>\n","protected":false},"author":1,"featured_media":2133,"comment_status":"closed","ping_status":"closed","sticky":false,"template":"","format":"standard","meta":{"footnotes":""},"categories":[35],"tags":[],"class_list":["post-2134","post","type-post","status-publish","format-standard","has-post-thumbnail","hentry","category-saude-em-joao-pessoa","has_thumb"],"yoast_head":"<!-- This site is optimized with the Yoast SEO plugin v28.2 - https:\/\/yoast.com\/product\/yoast-seo-wordpress\/ -->\n<title>Caravana do Cuidar da Prefeitura de Jo\u00e3o Pessoa realiza mais de 300 atendimentos em Oitizeiro - Encontra Jo\u00e3o Pessoa<\/title>\n<meta name=\"robots\" content=\"index, follow, max-snippet:-1, max-image-preview:large, max-video-preview:-1\" \/>\n<link rel=\"canonical\" href=\"https:\/\/www.encontrajoaopessoa.com.br\/sobre\/caravana-do-cuidar-da-prefeitura-de-joao-pessoa-realiza-mais-de-300-atendimentos-em-oitizeiro\/\" \/>\n<meta property=\"og:locale\" content=\"pt_BR\" \/>\n<meta property=\"og:type\" content=\"article\" \/>\n<meta property=\"og:title\" content=\"Caravana do Cuidar da Prefeitura de Jo\u00e3o Pessoa realiza mais de 300 atendimentos em Oitizeiro - Encontra Jo\u00e3o Pessoa\" \/>\n<meta property=\"og:description\" content=\"Caravana do Cuidar oferece servi\u00e7os gratuitos \u00e0 popula\u00e7\u00e3o de Oitizeiro.\" \/>\n<meta property=\"og:url\" content=\"https:\/\/www.encontrajoaopessoa.com.br\/sobre\/caravana-do-cuidar-da-prefeitura-de-joao-pessoa-realiza-mais-de-300-atendimentos-em-oitizeiro\/\" \/>\n<meta property=\"og:site_name\" content=\"Encontra Jo\u00e3o Pessoa\" \/>\n<meta property=\"article:published_time\" content=\"2026-08-10T04:47:30+00:00\" \/>\n<meta property=\"og:image\" content=\"https:\/\/www.encontrajoaopessoa.com.br\/sobre\/wp-content\/uploads\/2026\/08\/caravana-do-cuidar-da-prefeitura-de-joao-pessoa-realiza-mais-de-300-atendimentos-em-oitizeiro.webp\" \/>\n<meta name=\"author\" content=\"Encontra Jo\u00e3o Pessoa\" \/>\n<meta name=\"twitter:card\" content=\"summary_large_image\" \/>\n<meta name=\"twitter:label1\" content=\"Escrito por\" \/>\n\t<meta name=\"twitter:data1\" content=\"Encontra Jo\u00e3o Pessoa\" \/>\n\t<meta name=\"twitter:label2\" content=\"Est. tempo de leitura\" \/>\n\t<meta name=\"twitter:data2\" content=\"4 minutos\" \/>\n<script type=\"application\/ld+json\" class=\"yoast-schema-graph\">{\"@context\":\"https:\\\/\\\/schema.org\",\"@graph\":[{\"@type\":\"Article\",\"@id\":\"https:\\\/\\\/www.encontrajoaopessoa.com.br\\\/sobre\\\/caravana-do-cuidar-da-prefeitura-de-joao-pessoa-realiza-mais-de-300-atendimentos-em-oitizeiro\\\/#article\",\"isPartOf\":{\"@id\":\"https:\\\/\\\/www.encontrajoaopessoa.com.br\\\/sobre\\\/caravana-do-cuidar-da-prefeitura-de-joao-pessoa-realiza-mais-de-300-atendimentos-em-oitizeiro\\\/\"},\"author\":{\"name\":\"Encontra Jo\u00e3o Pessoa\",\"@id\":\"https:\\\/\\\/www.encontrajoaopessoa.com.br\\\/sobre\\\/#\\\/schema\\\/person\\\/dcf4dbc803217a030dfb489f4a014aca\"},\"headline\":\"Caravana do Cuidar da Prefeitura de Jo\u00e3o Pessoa realiza mais de 300 atendimentos em Oitizeiro\",\"datePublished\":\"2026-08-10T04:47:30+00:00\",\"mainEntityOfPage\":{\"@id\":\"https:\\\/\\\/www.encontrajoaopessoa.com.br\\\/sobre\\\/caravana-do-cuidar-da-prefeitura-de-joao-pessoa-realiza-mais-de-300-atendimentos-em-oitizeiro\\\/\"},\"wordCount\":883,\"image\":{\"@id\":\"https:\\\/\\\/www.encontrajoaopessoa.com.br\\\/sobre\\\/caravana-do-cuidar-da-prefeitura-de-joao-pessoa-realiza-mais-de-300-atendimentos-em-oitizeiro\\\/#primaryimage\"},\"thumbnailUrl\":\"https:\\\/\\\/www.encontrajoaopessoa.com.br\\\/sobre\\\/wp-content\\\/uploads\\\/2026\\\/08\\\/caravana-do-cuidar-da-prefeitura-de-joao-pessoa-realiza-mais-de-300-atendimentos-em-oitizeiro.webp\",\"articleSection\":[\"Sa\u00fade Jo\u00e3o Pessoa\"],\"inLanguage\":\"pt-BR\"},{\"@type\":\"WebPage\",\"@id\":\"https:\\\/\\\/www.encontrajoaopessoa.com.br\\\/sobre\\\/caravana-do-cuidar-da-prefeitura-de-joao-pessoa-realiza-mais-de-300-atendimentos-em-oitizeiro\\\/\",\"url\":\"https:\\\/\\\/www.encontrajoaopessoa.com.br\\\/sobre\\\/caravana-do-cuidar-da-prefeitura-de-joao-pessoa-realiza-mais-de-300-atendimentos-em-oitizeiro\\\/\",\"name\":\"Caravana do Cuidar da Prefeitura de Jo\u00e3o Pessoa realiza mais de 300 atendimentos em Oitizeiro - Encontra Jo\u00e3o Pessoa\",\"isPartOf\":{\"@id\":\"https:\\\/\\\/www.encontrajoaopessoa.com.br\\\/sobre\\\/#website\"},\"primaryImageOfPage\":{\"@id\":\"https:\\\/\\\/www.encontrajoaopessoa.com.br\\\/sobre\\\/caravana-do-cuidar-da-prefeitura-de-joao-pessoa-realiza-mais-de-300-atendimentos-em-oitizeiro\\\/#primaryimage\"},\"image\":{\"@id\":\"https:\\\/\\\/www.encontrajoaopessoa.com.br\\\/sobre\\\/caravana-do-cuidar-da-prefeitura-de-joao-pessoa-realiza-mais-de-300-atendimentos-em-oitizeiro\\\/#primaryimage\"},\"thumbnailUrl\":\"https:\\\/\\\/www.encontrajoaopessoa.com.br\\\/sobre\\\/wp-content\\\/uploads\\\/2026\\\/08\\\/caravana-do-cuidar-da-prefeitura-de-joao-pessoa-realiza-mais-de-300-atendimentos-em-oitizeiro.webp\",\"datePublished\":\"2026-08-10T04:47:30+00:00\",\"author\":{\"@id\":\"https:\\\/\\\/www.encontrajoaopessoa.com.br\\\/sobre\\\/#\\\/schema\\\/person\\\/dcf4dbc803217a030dfb489f4a014aca\"},\"breadcrumb\":{\"@id\":\"https:\\\/\\\/www.encontrajoaopessoa.com.br\\\/sobre\\\/caravana-do-cuidar-da-prefeitura-de-joao-pessoa-realiza-mais-de-300-atendimentos-em-oitizeiro\\\/#breadcrumb\"},\"inLanguage\":\"pt-BR\",\"potentialAction\":[{\"@type\":\"ReadAction\",\"target\":[\"https:\\\/\\\/www.encontrajoaopessoa.com.br\\\/sobre\\\/caravana-do-cuidar-da-prefeitura-de-joao-pessoa-realiza-mais-de-300-atendimentos-em-oitizeiro\\\/\"]}]},{\"@type\":\"ImageObject\",\"inLanguage\":\"pt-BR\",\"@id\":\"https:\\\/\\\/www.encontrajoaopessoa.com.br\\\/sobre\\\/caravana-do-cuidar-da-prefeitura-de-joao-pessoa-realiza-mais-de-300-atendimentos-em-oitizeiro\\\/#primaryimage\",\"url\":\"https:\\\/\\\/www.encontrajoaopessoa.com.br\\\/sobre\\\/wp-content\\\/uploads\\\/2026\\\/08\\\/caravana-do-cuidar-da-prefeitura-de-joao-pessoa-realiza-mais-de-300-atendimentos-em-oitizeiro.webp\",\"contentUrl\":\"https:\\\/\\\/www.encontrajoaopessoa.com.br\\\/sobre\\\/wp-content\\\/uploads\\\/2026\\\/08\\\/caravana-do-cuidar-da-prefeitura-de-joao-pessoa-realiza-mais-de-300-atendimentos-em-oitizeiro.webp\",\"width\":280,\"height\":280,\"caption\":\"Caravana do Cuidar\"},{\"@type\":\"BreadcrumbList\",\"@id\":\"https:\\\/\\\/www.encontrajoaopessoa.com.br\\\/sobre\\\/caravana-do-cuidar-da-prefeitura-de-joao-pessoa-realiza-mais-de-300-atendimentos-em-oitizeiro\\\/#breadcrumb\",\"itemListElement\":[{\"@type\":\"ListItem\",\"position\":1,\"name\":\"In\u00edcio\",\"item\":\"https:\\\/\\\/www.encontrajoaopessoa.com.br\\\/sobre\\\/\"},{\"@type\":\"ListItem\",\"position\":2,\"name\":\"Caravana do Cuidar da Prefeitura de Jo\u00e3o Pessoa realiza mais de 300 atendimentos em Oitizeiro\"}]},{\"@type\":\"WebSite\",\"@id\":\"https:\\\/\\\/www.encontrajoaopessoa.com.br\\\/sobre\\\/#website\",\"url\":\"https:\\\/\\\/www.encontrajoaopessoa.com.br\\\/sobre\\\/\",\"name\":\"Encontra Jo\u00e3o Pessoa\",\"description\":\"Not\u00edcias, eventos, informa\u00e7\u00f5es e dicas na cidade Jo\u00e3o Pessoa e regi\u00e3o.\",\"potentialAction\":[{\"@type\":\"SearchAction\",\"target\":{\"@type\":\"EntryPoint\",\"urlTemplate\":\"https:\\\/\\\/www.encontrajoaopessoa.com.br\\\/sobre\\\/?s={search_term_string}\"},\"query-input\":{\"@type\":\"PropertyValueSpecification\",\"valueRequired\":true,\"valueName\":\"search_term_string\"}}],\"inLanguage\":\"pt-BR\"},{\"@type\":\"Person\",\"@id\":\"https:\\\/\\\/www.encontrajoaopessoa.com.br\\\/sobre\\\/#\\\/schema\\\/person\\\/dcf4dbc803217a030dfb489f4a014aca\",\"name\":\"Encontra Jo\u00e3o Pessoa\",\"image\":{\"@type\":\"ImageObject\",\"inLanguage\":\"pt-BR\",\"@id\":\"https:\\\/\\\/secure.gravatar.com\\\/avatar\\\/507340682b8270222e1f208e23198b6ae7e2c6a1033ae84e99bc6bce4f82a387?s=96&d=mm&r=g\",\"url\":\"https:\\\/\\\/secure.gravatar.com\\\/avatar\\\/507340682b8270222e1f208e23198b6ae7e2c6a1033ae84e99bc6bce4f82a387?s=96&d=mm&r=g\",\"contentUrl\":\"https:\\\/\\\/secure.gravatar.com\\\/avatar\\\/507340682b8270222e1f208e23198b6ae7e2c6a1033ae84e99bc6bce4f82a387?s=96&d=mm&r=g\",\"caption\":\"Encontra Jo\u00e3o Pessoa\"},\"url\":\"https:\\\/\\\/www.encontrajoaopessoa.com.br\\\/sobre\\\/author\\\/ejoaopessoa\\\/\"}]}<\/script>\n<!-- \/ Yoast SEO plugin. -->","yoast_head_json":{"title":"Caravana do Cuidar da Prefeitura de Jo\u00e3o Pessoa realiza mais de 300 atendimentos em Oitizeiro - Encontra Jo\u00e3o Pessoa","robots":{"index":"index","follow":"follow","max-snippet":"max-snippet:-1","max-image-preview":"max-image-preview:large","max-video-preview":"max-video-preview:-1"},"canonical":"https:\/\/www.encontrajoaopessoa.com.br\/sobre\/caravana-do-cuidar-da-prefeitura-de-joao-pessoa-realiza-mais-de-300-atendimentos-em-oitizeiro\/","og_locale":"pt_BR","og_type":"article","og_title":"Caravana do Cuidar da Prefeitura de Jo\u00e3o Pessoa realiza mais de 300 atendimentos em Oitizeiro - Encontra Jo\u00e3o Pessoa","og_description":"Caravana do Cuidar oferece servi\u00e7os gratuitos \u00e0 popula\u00e7\u00e3o de Oitizeiro.","og_url":"https:\/\/www.encontrajoaopessoa.com.br\/sobre\/caravana-do-cuidar-da-prefeitura-de-joao-pessoa-realiza-mais-de-300-atendimentos-em-oitizeiro\/","og_site_name":"Encontra Jo\u00e3o Pessoa","article_published_time":"2026-08-10T04:47:30+00:00","og_image":[{"url":"https:\/\/www.encontrajoaopessoa.com.br\/sobre\/wp-content\/uploads\/2026\/08\/caravana-do-cuidar-da-prefeitura-de-joao-pessoa-realiza-mais-de-300-atendimentos-em-oitizeiro.webp","type":"","width":"","height":""}],"author":"Encontra Jo\u00e3o Pessoa","twitter_card":"summary_large_image","twitter_misc":{"Escrito por":"Encontra Jo\u00e3o Pessoa","Est. tempo de leitura":"4 minutos"},"schema":{"@context":"https:\/\/schema.org","@graph":[{"@type":"Article","@id":"https:\/\/www.encontrajoaopessoa.com.br\/sobre\/caravana-do-cuidar-da-prefeitura-de-joao-pessoa-realiza-mais-de-300-atendimentos-em-oitizeiro\/#article","isPartOf":{"@id":"https:\/\/www.encontrajoaopessoa.com.br\/sobre\/caravana-do-cuidar-da-prefeitura-de-joao-pessoa-realiza-mais-de-300-atendimentos-em-oitizeiro\/"},"author":{"name":"Encontra Jo\u00e3o Pessoa","@id":"https:\/\/www.encontrajoaopessoa.com.br\/sobre\/#\/schema\/person\/dcf4dbc803217a030dfb489f4a014aca"},"headline":"Caravana do Cuidar da Prefeitura de Jo\u00e3o Pessoa realiza mais de 300 atendimentos em Oitizeiro","datePublished":"2026-08-10T04:47:30+00:00","mainEntityOfPage":{"@id":"https:\/\/www.encontrajoaopessoa.com.br\/sobre\/caravana-do-cuidar-da-prefeitura-de-joao-pessoa-realiza-mais-de-300-atendimentos-em-oitizeiro\/"},"wordCount":883,"image":{"@id":"https:\/\/www.encontrajoaopessoa.com.br\/sobre\/caravana-do-cuidar-da-prefeitura-de-joao-pessoa-realiza-mais-de-300-atendimentos-em-oitizeiro\/#primaryimage"},"thumbnailUrl":"https:\/\/www.encontrajoaopessoa.com.br\/sobre\/wp-content\/uploads\/2026\/08\/caravana-do-cuidar-da-prefeitura-de-joao-pessoa-realiza-mais-de-300-atendimentos-em-oitizeiro.webp","articleSection":["Sa\u00fade Jo\u00e3o Pessoa"],"inLanguage":"pt-BR"},{"@type":"WebPage","@id":"https:\/\/www.encontrajoaopessoa.com.br\/sobre\/caravana-do-cuidar-da-prefeitura-de-joao-pessoa-realiza-mais-de-300-atendimentos-em-oitizeiro\/","url":"https:\/\/www.encontrajoaopessoa.com.br\/sobre\/caravana-do-cuidar-da-prefeitura-de-joao-pessoa-realiza-mais-de-300-atendimentos-em-oitizeiro\/","name":"Caravana do Cuidar da Prefeitura de Jo\u00e3o Pessoa realiza mais de 300 atendimentos em Oitizeiro - Encontra Jo\u00e3o Pessoa","isPartOf":{"@id":"https:\/\/www.encontrajoaopessoa.com.br\/sobre\/#website"},"primaryImageOfPage":{"@id":"https:\/\/www.encontrajoaopessoa.com.br\/sobre\/caravana-do-cuidar-da-prefeitura-de-joao-pessoa-realiza-mais-de-300-atendimentos-em-oitizeiro\/#primaryimage"},"image":{"@id":"https:\/\/www.encontrajoaopessoa.com.br\/sobre\/caravana-do-cuidar-da-prefeitura-de-joao-pessoa-realiza-mais-de-300-atendimentos-em-oitizeiro\/#primaryimage"},"thumbnailUrl":"https:\/\/www.encontrajoaopessoa.com.br\/sobre\/wp-content\/uploads\/2026\/08\/caravana-do-cuidar-da-prefeitura-de-joao-pessoa-realiza-mais-de-300-atendimentos-em-oitizeiro.webp","datePublished":"2026-08-10T04:47:30+00:00","author":{"@id":"https:\/\/www.encontrajoaopessoa.com.br\/sobre\/#\/schema\/person\/dcf4dbc803217a030dfb489f4a014aca"},"breadcrumb":{"@id":"https:\/\/www.encontrajoaopessoa.com.br\/sobre\/caravana-do-cuidar-da-prefeitura-de-joao-pessoa-realiza-mais-de-300-atendimentos-em-oitizeiro\/#breadcrumb"},"inLanguage":"pt-BR","potentialAction":[{"@type":"ReadAction","target":["https:\/\/www.encontrajoaopessoa.com.br\/sobre\/caravana-do-cuidar-da-prefeitura-de-joao-pessoa-realiza-mais-de-300-atendimentos-em-oitizeiro\/"]}]},{"@type":"ImageObject","inLanguage":"pt-BR","@id":"https:\/\/www.encontrajoaopessoa.com.br\/sobre\/caravana-do-cuidar-da-prefeitura-de-joao-pessoa-realiza-mais-de-300-atendimentos-em-oitizeiro\/#primaryimage","url":"https:\/\/www.encontrajoaopessoa.com.br\/sobre\/wp-content\/uploads\/2026\/08\/caravana-do-cuidar-da-prefeitura-de-joao-pessoa-realiza-mais-de-300-atendimentos-em-oitizeiro.webp","contentUrl":"https:\/\/www.encontrajoaopessoa.com.br\/sobre\/wp-content\/uploads\/2026\/08\/caravana-do-cuidar-da-prefeitura-de-joao-pessoa-realiza-mais-de-300-atendimentos-em-oitizeiro.webp","width":280,"height":280,"caption":"Caravana do Cuidar"},{"@type":"BreadcrumbList","@id":"https:\/\/www.encontrajoaopessoa.com.br\/sobre\/caravana-do-cuidar-da-prefeitura-de-joao-pessoa-realiza-mais-de-300-atendimentos-em-oitizeiro\/#breadcrumb","itemListElement":[{"@type":"ListItem","position":1,"name":"In\u00edcio","item":"https:\/\/www.encontrajoaopessoa.com.br\/sobre\/"},{"@type":"ListItem","position":2,"name":"Caravana do Cuidar da Prefeitura de Jo\u00e3o Pessoa realiza mais de 300 atendimentos em Oitizeiro"}]},{"@type":"WebSite","@id":"https:\/\/www.encontrajoaopessoa.com.br\/sobre\/#website","url":"https:\/\/www.encontrajoaopessoa.com.br\/sobre\/","name":"Encontra Jo\u00e3o Pessoa","description":"Not\u00edcias, eventos, informa\u00e7\u00f5es e dicas na cidade Jo\u00e3o Pessoa e regi\u00e3o.","potentialAction":[{"@type":"SearchAction","target":{"@type":"EntryPoint","urlTemplate":"https:\/\/www.encontrajoaopessoa.com.br\/sobre\/?s={search_term_string}"},"query-input":{"@type":"PropertyValueSpecification","valueRequired":true,"valueName":"search_term_string"}}],"inLanguage":"pt-BR"},{"@type":"Person","@id":"https:\/\/www.encontrajoaopessoa.com.br\/sobre\/#\/schema\/person\/dcf4dbc803217a030dfb489f4a014aca","name":"Encontra Jo\u00e3o Pessoa","image":{"@type":"ImageObject","inLanguage":"pt-BR","@id":"https:\/\/secure.gravatar.com\/avatar\/507340682b8270222e1f208e23198b6ae7e2c6a1033ae84e99bc6bce4f82a387?s=96&d=mm&r=g","url":"https:\/\/secure.gravatar.com\/avatar\/507340682b8270222e1f208e23198b6ae7e2c6a1033ae84e99bc6bce4f82a387?s=96&d=mm&r=g","contentUrl":"https:\/\/secure.gravatar.com\/avatar\/507340682b8270222e1f208e23198b6ae7e2c6a1033ae84e99bc6bce4f82a387?s=96&d=mm&r=g","caption":"Encontra Jo\u00e3o Pessoa"},"url":"https:\/\/www.encontrajoaopessoa.com.br\/sobre\/author\/ejoaopessoa\/"}]}},"_links":{"self":[{"href":"https:\/\/www.encontrajoaopessoa.com.br\/sobre\/wp-json\/wp\/v2\/posts\/2134","targetHints":{"allow":["GET"]}}],"collection":[{"href":"https:\/\/www.encontrajoaopessoa.com.br\/sobre\/wp-json\/wp\/v2\/posts"}],"about":[{"href":"https:\/\/www.encontrajoaopessoa.com.br\/sobre\/wp-json\/wp\/v2\/types\/post"}],"author":[{"embeddable":true,"href":"https:\/\/www.encontrajoaopessoa.com.br\/sobre\/wp-json\/wp\/v2\/users\/1"}],"replies":[{"embeddable":true,"href":"https:\/\/www.encontrajoaopessoa.com.br\/sobre\/wp-json\/wp\/v2\/comments?post=2134"}],"version-history":[{"count":0,"href":"https:\/\/www.encontrajoaopessoa.com.br\/sobre\/wp-json\/wp\/v2\/posts\/2134\/revisions"}],"wp:featuredmedia":[{"embeddable":true,"href":"https:\/\/www.encontrajoaopessoa.com.br\/sobre\/wp-json\/wp\/v2\/media\/2133"}],"wp:attachment":[{"href":"https:\/\/www.encontrajoaopessoa.com.br\/sobre\/wp-json\/wp\/v2\/media?parent=2134"}],"wp:term":[{"taxonomy":"category","embeddable":true,"href":"https:\/\/www.encontrajoaopessoa.com.br\/sobre\/wp-json\/wp\/v2\/categories?post=2134"},{"taxonomy":"post_tag","embeddable":true,"href":"https:\/\/www.encontrajoaopessoa.com.br\/sobre\/wp-json\/wp\/v2\/tags?post=2134"}],"curies":[{"name":"wp","href":"https:\/\/api.w.org\/{rel}","templated":true}]}}