{"id":1418,"date":"2026-04-22T13:15:10","date_gmt":"2026-04-22T16:15:10","guid":{"rendered":"https:\/\/www.encontrajoaopessoa.com.br\/sobre\/sedurb-lanca-edital-para-o-comercio-ambulante-na-faixa-de-areia-e-no-calcadao-de-cabo-branco-e-tambau\/"},"modified":"2026-04-22T13:15:10","modified_gmt":"2026-04-22T16:15:10","slug":"sedurb-lanca-edital-para-o-comercio-ambulante-na-faixa-de-areia-e-no-calcadao-de-cabo-branco-e-tambau","status":"publish","type":"post","link":"https:\/\/www.encontrajoaopessoa.com.br\/sobre\/sedurb-lanca-edital-para-o-comercio-ambulante-na-faixa-de-areia-e-no-calcadao-de-cabo-branco-e-tambau\/","title":{"rendered":"Sedurb lan\u00e7a edital para o com\u00e9rcio ambulante na faixa de areia e no cal\u00e7ad\u00e3o de Cabo Branco e Tamba\u00fa"},"content":{"rendered":"<div class=\"866aa4a7c674253f40eaa20e0e3e928c\" data-index=\"1\" style=\"float: none; margin:0px;\">\n<!-- Anuncio display - global -->\r\n<ins class=\"adsbygoogle\"\r\n     style=\"display:block\"\r\n     data-ad-client=\"ca-pub-8585364105181520\"\r\n     data-ad-slot=\"8789329856\"\r\n     data-ad-format=\"auto\"\r\n     data-full-width-responsive=\"true\"><\/ins>\r\n<script>\r\n     (adsbygoogle = window.adsbygoogle || []).push({});\r\n<\/script>\n<\/div>\n<h2>O que \u00e9 o Edital da Sedurb?<\/h2>\n<p>A Secretaria de Desenvolvimento Urbano (Sedurb) da Prefeitura de Jo\u00e3o Pessoa lan\u00e7ou um edital que visa regulamentar as atividades de com\u00e9rcio ambulante nas praias de Cabo Branco e Tamba\u00fa, especificamente na faixa de areia e no cal\u00e7ad\u00e3o. Este documento, publicado no Di\u00e1rio Oficial do Munic\u00edpio, tem como objetivo fornecer um quadro claro sobre as opera\u00e7\u00f5es permitidas para ambulantes, assegurando que estejam em conformidade com o C\u00f3digo de Posturas e demais normas vigentes.<\/p>\n<h2>Vagas Dispon\u00edveis para Ambulantes<\/h2>\n<p>No contexto do edital, foram abertas 200 vagas, divididas igualmente entre 100 vagas para ambulantes que atuam na faixa de areia e 100 para aqueles que operam no cal\u00e7ad\u00e3o. A distribui\u00e7\u00e3o espec\u00edfica para os ambulantes do cal\u00e7ad\u00e3o \u00e9 a seguinte:<\/p>\n<ul>\n<li><strong>Per\u00edodo Diurno:<\/strong> 40 vagas dispon\u00edveis das 5h \u00e0s 16h.<\/li>\n<li><strong>Per\u00edodo Noturno:<\/strong> 60 vagas dispon\u00edveis das 16h at\u00e9 a meia-noite.<\/li>\n<\/ul>\n<h2>Como Realizar a Inscri\u00e7\u00e3o?<\/h2>\n<p>Os interessados em se tornar ambulantes devem realizar suas inscri\u00e7\u00f5es de maneira online atrav\u00e9s de um portal espec\u00edfico. O processo j\u00e1 est\u00e1 dispon\u00edvel e pode ser acessado [aqui](https:\/\/x.gd\/DhBv5). \u00c9 necess\u00e1rio efetuar o login e selecionar a op\u00e7\u00e3o correta correspondente ao tipo de com\u00e9rcio desejado. Alternativamente, as inscri\u00e7\u00f5es podem ser feitas presencialmente na Divis\u00e3o de Controle e Postura (DCP) da Central de Comercializa\u00e7\u00e3o da Agricultura Familiar (Cecaf), localizada na Avenida Hilton Souto Maior.<\/p>\n<p><img decoding=\"async\" src=\"https:\/\/www.encontrajoaopessoa.com.br\/sobre\/wp-content\/uploads\/2026\/04\/sedurb-lanca-edital-para-o-comercio-ambulante-na-faixa-de-areia-e-no-calcadao-de-cabo-branco-e-tamba.webp\" alt=\"com\u00e9rcio ambulante\" loading=\"lazy\" \/><\/p>\n<p>As inscri\u00e7\u00f5es estar\u00e3o abertas at\u00e9 o dia 8 de maio de 2026, e atualiza\u00e7\u00f5es podem ser verificadas pelo portal mencionado.<\/p>\n<h2>Documenta\u00e7\u00e3o Necess\u00e1ria para Participa\u00e7\u00e3o<\/h2>\n<p>Para a inscri\u00e7\u00e3o, o comerciante deve apresentar a documenta\u00e7\u00e3o necess\u00e1ria, que inclui:<\/p>\n<ul>\n<li>C\u00f3pia do RG e CPF;<\/li>\n<li>Comprovante de resid\u00eancia atualizado;<\/li>\n<li>Certid\u00e3o Negativa de D\u00e9bitos Municipais;<\/li>\n<li>Foto do equipamento ou estrutura que ser\u00e1 utilizada.<\/li>\n<\/ul>\n<p>\u00c9 importante ressaltar que qualquer pessoa f\u00edsica, tanto nacional quanto estrangeira e em situa\u00e7\u00e3o regular no pa\u00eds, pode se habilitar, desde que atenda as exig\u00eancias documentais e demais regras estabelecidas no edital.<\/p>\n<h2>Crit\u00e9rios de Sele\u00e7\u00e3o dos Ambulantes<\/h2>\n<p>A sele\u00e7\u00e3o ser\u00e1 rigorosa, e comerciantes que:<\/p>\n<ul>\n<li>Foram notificados por infra\u00e7\u00f5es ao TCAC da Orla;<\/li>\n<li>S\u00e3o menores de 18 anos;<\/li>\n<li>Apresentam documenta\u00e7\u00e3o ileg\u00edvel ou incompleta;<\/li>\n<li>Buscam operar de maneira n\u00e3o conforme \u00e0s regras estabelecidas;<\/li>\n<\/ul>\n<p>ser\u00e3o desclassificados do processo. \u00c9 essencial que todos os interessados leiam atentamente o edital para evitar contratempos.<\/p>\n<h2>Regras para Atua\u00e7\u00e3o na Faixa de Areia<\/h2>\n<p>Os ambulantes na faixa de areia devem seguir regras espec\u00edficas, que visam manter a ordem e a tranquilidade no local. Entre as principais proibi\u00e7\u00f5es est\u00e3o:<\/p>\n<ul>\n<li>Uso de instrumentos que possam causar polui\u00e7\u00e3o sonora, como megafones ou similares para atrair clientes;<\/li>\n<li>Estabelecimento de pontos fixos, mesas ou cadeiras;<\/li>\n<li>Delimita\u00e7\u00e3o de \u00e1reas na faixa de areia;<\/li>\n<li>Uso de instrumentos cortantes, devendo a abertura de cocos ser feita com furador;<\/li>\n<li>Circular al\u00e9m do per\u00edmetro e hor\u00e1rios autorizados.<\/li>\n<\/ul>\n<h2>Normas para Ambulantes no Cal\u00e7ad\u00e3o<\/h2>\n<p>Os ambulantes no cal\u00e7ad\u00e3o t\u00eam sua pr\u00f3pria lista de restri\u00e7\u00f5es, de modo a garantir a fluidez e seguran\u00e7a da \u00e1rea. As normas incluem:<\/p>\n<ul>\n<li>Proibi\u00e7\u00e3o de circular na ciclovia, largos e pra\u00e7as da orla;<\/li>\n<li>Venda deve ser realizada apenas com equipamentos port\u00e1teis;<\/li>\n<li>Uso de carrinhos que envolvam fontes de calor, como fritadeiras ou churrasqueiras, \u00e9 proibido;<\/li>\n<li>Vendas de roupas, produtos para jardinagem e artigos de pet shop s\u00e3o vedadas;<\/li>\n<li>Assim como na faixa de areia, polui\u00e7\u00e3o sonora e delimita\u00e7\u00f5es de \u00e1rea s\u00e3o proibidas;<\/li>\n<li>Instrumentos cortantes tamb\u00e9m n\u00e3o s\u00e3o permitidos;<\/li>\n<li>Circular al\u00e9m do anunciado em autoriza\u00e7\u00e3o \u00e9 restrito.<\/li>\n<\/ul>\n<h2>Como Funciona o Cadastro de Reserva?<\/h2>\n<p>A Sedurb, atrav\u00e9s da DCP, elaborar\u00e1 um cadastro de reserva para comerciantes que n\u00e3o forem contemplados nas 200 vagas dispon\u00edveis. Isso garante que, caso surjam novas oportunidades, o chamado ser\u00e1 feito com base nessa lista, permitindo maior agilidade e organiza\u00e7\u00e3o no atendimento aos ambulantes.<\/p>\n<h2>Prazos para Inscri\u00e7\u00f5es e Formaliza\u00e7\u00e3o<\/h2>\n<p>As inscri\u00e7\u00f5es para os ambulantes devem ser realizadas at\u00e9 8 de maio de 2026. A formaliza\u00e7\u00e3o da autoriza\u00e7\u00e3o para operar nas praias e cal\u00e7ad\u00f5es estar\u00e1 condicionada ao pagamento de taxa que ser\u00e1 definida no momento da aprova\u00e7\u00e3o do solicitante.<\/p>\n<h2>Import\u00e2ncia do Com\u00e9rcio Ambulante na Orla<\/h2>\n<p>O com\u00e9rcio ambulante desempenha um papel crucial na din\u00e2mica econ\u00f4mica das praias de Jo\u00e3o Pessoa, promovendo a oferta de produtos e servi\u00e7os a visitantes e moradores. Al\u00e9m de garantir uma fonte de renda para muitos, a presen\u00e7a de ambulantes contribui para a vivacidade e a experi\u00eancia tur\u00edstica do local. O edital busca, portanto, equilibrar a presen\u00e7a comercial com a ordem p\u00fablica, garantindo que todos possam aproveitar a beleza natural da orla de forma organizada e respeitosa.<\/p>\n\n<div style=\"font-size: 0px; height: 0px; line-height: 0px; margin: 0; padding: 0; clear: both;\"><\/div>","protected":false},"excerpt":{"rendered":"<p>Sedurb lan\u00e7a edital importante para ambulantes das praias de Cabo Branco e Tamba\u00fa, inscri\u00e7\u00f5es abertas!<\/p>\n","protected":false},"author":1,"featured_media":1417,"comment_status":"closed","ping_status":"closed","sticky":false,"template":"","format":"standard","meta":{"footnotes":""},"categories":[1],"tags":[],"class_list":["post-1418","post","type-post","status-publish","format-standard","has-post-thumbnail","hentry","category-noticias-em-joao-pessoa","has_thumb"],"yoast_head":"<!-- This site is optimized with the Yoast SEO plugin v26.4 - https:\/\/yoast.com\/wordpress\/plugins\/seo\/ -->\n<title>Sedurb lan\u00e7a edital para o com\u00e9rcio ambulante na faixa de areia e no cal\u00e7ad\u00e3o de Cabo Branco e Tamba\u00fa - Encontra Jo\u00e3o Pessoa<\/title>\n<meta name=\"robots\" content=\"index, follow, max-snippet:-1, max-image-preview:large, max-video-preview:-1\" \/>\n<link rel=\"canonical\" href=\"https:\/\/www.encontrajoaopessoa.com.br\/sobre\/sedurb-lanca-edital-para-o-comercio-ambulante-na-faixa-de-areia-e-no-calcadao-de-cabo-branco-e-tambau\/\" \/>\n<meta property=\"og:locale\" content=\"pt_BR\" \/>\n<meta property=\"og:type\" content=\"article\" \/>\n<meta property=\"og:title\" content=\"Sedurb lan\u00e7a edital para o com\u00e9rcio ambulante na faixa de areia e no cal\u00e7ad\u00e3o de Cabo Branco e Tamba\u00fa - Encontra Jo\u00e3o Pessoa\" \/>\n<meta property=\"og:description\" content=\"Sedurb lan\u00e7a edital importante para ambulantes das praias de Cabo Branco e Tamba\u00fa, inscri\u00e7\u00f5es abertas!\" \/>\n<meta property=\"og:url\" content=\"https:\/\/www.encontrajoaopessoa.com.br\/sobre\/sedurb-lanca-edital-para-o-comercio-ambulante-na-faixa-de-areia-e-no-calcadao-de-cabo-branco-e-tambau\/\" \/>\n<meta property=\"og:site_name\" content=\"Encontra Jo\u00e3o Pessoa\" \/>\n<meta property=\"article:published_time\" content=\"2026-04-22T16:15:10+00:00\" \/>\n<meta property=\"og:image\" content=\"https:\/\/www.encontrajoaopessoa.com.br\/sobre\/wp-content\/uploads\/2026\/04\/sedurb-lanca-edital-para-o-comercio-ambulante-na-faixa-de-areia-e-no-calcadao-de-cabo-branco-e-tamba.webp\" \/>\n<meta name=\"author\" content=\"Encontra Jo\u00e3o Pessoa\" \/>\n<meta name=\"twitter:card\" content=\"summary_large_image\" \/>\n<meta name=\"twitter:label1\" content=\"Escrito por\" \/>\n\t<meta name=\"twitter:data1\" content=\"Encontra Jo\u00e3o Pessoa\" \/>\n\t<meta name=\"twitter:label2\" content=\"Est. tempo de leitura\" \/>\n\t<meta name=\"twitter:data2\" content=\"4 minutos\" \/>\n<script type=\"application\/ld+json\" class=\"yoast-schema-graph\">{\"@context\":\"https:\/\/schema.org\",\"@graph\":[{\"@type\":\"WebPage\",\"@id\":\"https:\/\/www.encontrajoaopessoa.com.br\/sobre\/sedurb-lanca-edital-para-o-comercio-ambulante-na-faixa-de-areia-e-no-calcadao-de-cabo-branco-e-tambau\/\",\"url\":\"https:\/\/www.encontrajoaopessoa.com.br\/sobre\/sedurb-lanca-edital-para-o-comercio-ambulante-na-faixa-de-areia-e-no-calcadao-de-cabo-branco-e-tambau\/\",\"name\":\"Sedurb lan\u00e7a edital para o com\u00e9rcio ambulante na faixa de areia e no cal\u00e7ad\u00e3o de Cabo Branco e Tamba\u00fa - Encontra Jo\u00e3o Pessoa\",\"isPartOf\":{\"@id\":\"https:\/\/www.encontrajoaopessoa.com.br\/sobre\/#website\"},\"primaryImageOfPage\":{\"@id\":\"https:\/\/www.encontrajoaopessoa.com.br\/sobre\/sedurb-lanca-edital-para-o-comercio-ambulante-na-faixa-de-areia-e-no-calcadao-de-cabo-branco-e-tambau\/#primaryimage\"},\"image\":{\"@id\":\"https:\/\/www.encontrajoaopessoa.com.br\/sobre\/sedurb-lanca-edital-para-o-comercio-ambulante-na-faixa-de-areia-e-no-calcadao-de-cabo-branco-e-tambau\/#primaryimage\"},\"thumbnailUrl\":\"https:\/\/www.encontrajoaopessoa.com.br\/sobre\/wp-content\/uploads\/2026\/04\/sedurb-lanca-edital-para-o-comercio-ambulante-na-faixa-de-areia-e-no-calcadao-de-cabo-branco-e-tamba.webp\",\"datePublished\":\"2026-04-22T16:15:10+00:00\",\"author\":{\"@id\":\"https:\/\/www.encontrajoaopessoa.com.br\/sobre\/#\/schema\/person\/dcf4dbc803217a030dfb489f4a014aca\"},\"breadcrumb\":{\"@id\":\"https:\/\/www.encontrajoaopessoa.com.br\/sobre\/sedurb-lanca-edital-para-o-comercio-ambulante-na-faixa-de-areia-e-no-calcadao-de-cabo-branco-e-tambau\/#breadcrumb\"},\"inLanguage\":\"pt-BR\",\"potentialAction\":[{\"@type\":\"ReadAction\",\"target\":[\"https:\/\/www.encontrajoaopessoa.com.br\/sobre\/sedurb-lanca-edital-para-o-comercio-ambulante-na-faixa-de-areia-e-no-calcadao-de-cabo-branco-e-tambau\/\"]}]},{\"@type\":\"ImageObject\",\"inLanguage\":\"pt-BR\",\"@id\":\"https:\/\/www.encontrajoaopessoa.com.br\/sobre\/sedurb-lanca-edital-para-o-comercio-ambulante-na-faixa-de-areia-e-no-calcadao-de-cabo-branco-e-tambau\/#primaryimage\",\"url\":\"https:\/\/www.encontrajoaopessoa.com.br\/sobre\/wp-content\/uploads\/2026\/04\/sedurb-lanca-edital-para-o-comercio-ambulante-na-faixa-de-areia-e-no-calcadao-de-cabo-branco-e-tamba.webp\",\"contentUrl\":\"https:\/\/www.encontrajoaopessoa.com.br\/sobre\/wp-content\/uploads\/2026\/04\/sedurb-lanca-edital-para-o-comercio-ambulante-na-faixa-de-areia-e-no-calcadao-de-cabo-branco-e-tamba.webp\",\"width\":280,\"height\":280,\"caption\":\"com\u00e9rcio ambulante\"},{\"@type\":\"BreadcrumbList\",\"@id\":\"https:\/\/www.encontrajoaopessoa.com.br\/sobre\/sedurb-lanca-edital-para-o-comercio-ambulante-na-faixa-de-areia-e-no-calcadao-de-cabo-branco-e-tambau\/#breadcrumb\",\"itemListElement\":[{\"@type\":\"ListItem\",\"position\":1,\"name\":\"In\u00edcio\",\"item\":\"https:\/\/www.encontrajoaopessoa.com.br\/sobre\/\"},{\"@type\":\"ListItem\",\"position\":2,\"name\":\"Sedurb lan\u00e7a edital para o com\u00e9rcio ambulante na faixa de areia e no cal\u00e7ad\u00e3o de Cabo Branco e Tamba\u00fa\"}]},{\"@type\":\"WebSite\",\"@id\":\"https:\/\/www.encontrajoaopessoa.com.br\/sobre\/#website\",\"url\":\"https:\/\/www.encontrajoaopessoa.com.br\/sobre\/\",\"name\":\"Encontra Jo\u00e3o Pessoa\",\"description\":\"Not\u00edcias, eventos, informa\u00e7\u00f5es e dicas na cidade Jo\u00e3o Pessoa e regi\u00e3o.\",\"potentialAction\":[{\"@type\":\"SearchAction\",\"target\":{\"@type\":\"EntryPoint\",\"urlTemplate\":\"https:\/\/www.encontrajoaopessoa.com.br\/sobre\/?s={search_term_string}\"},\"query-input\":{\"@type\":\"PropertyValueSpecification\",\"valueRequired\":true,\"valueName\":\"search_term_string\"}}],\"inLanguage\":\"pt-BR\"},{\"@type\":\"Person\",\"@id\":\"https:\/\/www.encontrajoaopessoa.com.br\/sobre\/#\/schema\/person\/dcf4dbc803217a030dfb489f4a014aca\",\"name\":\"Encontra Jo\u00e3o Pessoa\",\"image\":{\"@type\":\"ImageObject\",\"inLanguage\":\"pt-BR\",\"@id\":\"https:\/\/www.encontrajoaopessoa.com.br\/sobre\/#\/schema\/person\/image\/\",\"url\":\"https:\/\/secure.gravatar.com\/avatar\/507340682b8270222e1f208e23198b6ae7e2c6a1033ae84e99bc6bce4f82a387?s=96&d=mm&r=g\",\"contentUrl\":\"https:\/\/secure.gravatar.com\/avatar\/507340682b8270222e1f208e23198b6ae7e2c6a1033ae84e99bc6bce4f82a387?s=96&d=mm&r=g\",\"caption\":\"Encontra Jo\u00e3o Pessoa\"},\"url\":\"https:\/\/www.encontrajoaopessoa.com.br\/sobre\/author\/ejoaopessoa\/\"}]}<\/script>\n<!-- \/ Yoast SEO plugin. -->","yoast_head_json":{"title":"Sedurb lan\u00e7a edital para o com\u00e9rcio ambulante na faixa de areia e no cal\u00e7ad\u00e3o de Cabo Branco e Tamba\u00fa - Encontra Jo\u00e3o Pessoa","robots":{"index":"index","follow":"follow","max-snippet":"max-snippet:-1","max-image-preview":"max-image-preview:large","max-video-preview":"max-video-preview:-1"},"canonical":"https:\/\/www.encontrajoaopessoa.com.br\/sobre\/sedurb-lanca-edital-para-o-comercio-ambulante-na-faixa-de-areia-e-no-calcadao-de-cabo-branco-e-tambau\/","og_locale":"pt_BR","og_type":"article","og_title":"Sedurb lan\u00e7a edital para o com\u00e9rcio ambulante na faixa de areia e no cal\u00e7ad\u00e3o de Cabo Branco e Tamba\u00fa - Encontra Jo\u00e3o Pessoa","og_description":"Sedurb lan\u00e7a edital importante para ambulantes das praias de Cabo Branco e Tamba\u00fa, inscri\u00e7\u00f5es abertas!","og_url":"https:\/\/www.encontrajoaopessoa.com.br\/sobre\/sedurb-lanca-edital-para-o-comercio-ambulante-na-faixa-de-areia-e-no-calcadao-de-cabo-branco-e-tambau\/","og_site_name":"Encontra Jo\u00e3o Pessoa","article_published_time":"2026-04-22T16:15:10+00:00","og_image":[{"url":"https:\/\/www.encontrajoaopessoa.com.br\/sobre\/wp-content\/uploads\/2026\/04\/sedurb-lanca-edital-para-o-comercio-ambulante-na-faixa-de-areia-e-no-calcadao-de-cabo-branco-e-tamba.webp","type":"","width":"","height":""}],"author":"Encontra Jo\u00e3o Pessoa","twitter_card":"summary_large_image","twitter_misc":{"Escrito por":"Encontra Jo\u00e3o Pessoa","Est. tempo de leitura":"4 minutos"},"schema":{"@context":"https:\/\/schema.org","@graph":[{"@type":"WebPage","@id":"https:\/\/www.encontrajoaopessoa.com.br\/sobre\/sedurb-lanca-edital-para-o-comercio-ambulante-na-faixa-de-areia-e-no-calcadao-de-cabo-branco-e-tambau\/","url":"https:\/\/www.encontrajoaopessoa.com.br\/sobre\/sedurb-lanca-edital-para-o-comercio-ambulante-na-faixa-de-areia-e-no-calcadao-de-cabo-branco-e-tambau\/","name":"Sedurb lan\u00e7a edital para o com\u00e9rcio ambulante na faixa de areia e no cal\u00e7ad\u00e3o de Cabo Branco e Tamba\u00fa - Encontra Jo\u00e3o Pessoa","isPartOf":{"@id":"https:\/\/www.encontrajoaopessoa.com.br\/sobre\/#website"},"primaryImageOfPage":{"@id":"https:\/\/www.encontrajoaopessoa.com.br\/sobre\/sedurb-lanca-edital-para-o-comercio-ambulante-na-faixa-de-areia-e-no-calcadao-de-cabo-branco-e-tambau\/#primaryimage"},"image":{"@id":"https:\/\/www.encontrajoaopessoa.com.br\/sobre\/sedurb-lanca-edital-para-o-comercio-ambulante-na-faixa-de-areia-e-no-calcadao-de-cabo-branco-e-tambau\/#primaryimage"},"thumbnailUrl":"https:\/\/www.encontrajoaopessoa.com.br\/sobre\/wp-content\/uploads\/2026\/04\/sedurb-lanca-edital-para-o-comercio-ambulante-na-faixa-de-areia-e-no-calcadao-de-cabo-branco-e-tamba.webp","datePublished":"2026-04-22T16:15:10+00:00","author":{"@id":"https:\/\/www.encontrajoaopessoa.com.br\/sobre\/#\/schema\/person\/dcf4dbc803217a030dfb489f4a014aca"},"breadcrumb":{"@id":"https:\/\/www.encontrajoaopessoa.com.br\/sobre\/sedurb-lanca-edital-para-o-comercio-ambulante-na-faixa-de-areia-e-no-calcadao-de-cabo-branco-e-tambau\/#breadcrumb"},"inLanguage":"pt-BR","potentialAction":[{"@type":"ReadAction","target":["https:\/\/www.encontrajoaopessoa.com.br\/sobre\/sedurb-lanca-edital-para-o-comercio-ambulante-na-faixa-de-areia-e-no-calcadao-de-cabo-branco-e-tambau\/"]}]},{"@type":"ImageObject","inLanguage":"pt-BR","@id":"https:\/\/www.encontrajoaopessoa.com.br\/sobre\/sedurb-lanca-edital-para-o-comercio-ambulante-na-faixa-de-areia-e-no-calcadao-de-cabo-branco-e-tambau\/#primaryimage","url":"https:\/\/www.encontrajoaopessoa.com.br\/sobre\/wp-content\/uploads\/2026\/04\/sedurb-lanca-edital-para-o-comercio-ambulante-na-faixa-de-areia-e-no-calcadao-de-cabo-branco-e-tamba.webp","contentUrl":"https:\/\/www.encontrajoaopessoa.com.br\/sobre\/wp-content\/uploads\/2026\/04\/sedurb-lanca-edital-para-o-comercio-ambulante-na-faixa-de-areia-e-no-calcadao-de-cabo-branco-e-tamba.webp","width":280,"height":280,"caption":"com\u00e9rcio ambulante"},{"@type":"BreadcrumbList","@id":"https:\/\/www.encontrajoaopessoa.com.br\/sobre\/sedurb-lanca-edital-para-o-comercio-ambulante-na-faixa-de-areia-e-no-calcadao-de-cabo-branco-e-tambau\/#breadcrumb","itemListElement":[{"@type":"ListItem","position":1,"name":"In\u00edcio","item":"https:\/\/www.encontrajoaopessoa.com.br\/sobre\/"},{"@type":"ListItem","position":2,"name":"Sedurb lan\u00e7a edital para o com\u00e9rcio ambulante na faixa de areia e no cal\u00e7ad\u00e3o de Cabo Branco e Tamba\u00fa"}]},{"@type":"WebSite","@id":"https:\/\/www.encontrajoaopessoa.com.br\/sobre\/#website","url":"https:\/\/www.encontrajoaopessoa.com.br\/sobre\/","name":"Encontra Jo\u00e3o Pessoa","description":"Not\u00edcias, eventos, informa\u00e7\u00f5es e dicas na cidade Jo\u00e3o Pessoa e regi\u00e3o.","potentialAction":[{"@type":"SearchAction","target":{"@type":"EntryPoint","urlTemplate":"https:\/\/www.encontrajoaopessoa.com.br\/sobre\/?s={search_term_string}"},"query-input":{"@type":"PropertyValueSpecification","valueRequired":true,"valueName":"search_term_string"}}],"inLanguage":"pt-BR"},{"@type":"Person","@id":"https:\/\/www.encontrajoaopessoa.com.br\/sobre\/#\/schema\/person\/dcf4dbc803217a030dfb489f4a014aca","name":"Encontra Jo\u00e3o Pessoa","image":{"@type":"ImageObject","inLanguage":"pt-BR","@id":"https:\/\/www.encontrajoaopessoa.com.br\/sobre\/#\/schema\/person\/image\/","url":"https:\/\/secure.gravatar.com\/avatar\/507340682b8270222e1f208e23198b6ae7e2c6a1033ae84e99bc6bce4f82a387?s=96&d=mm&r=g","contentUrl":"https:\/\/secure.gravatar.com\/avatar\/507340682b8270222e1f208e23198b6ae7e2c6a1033ae84e99bc6bce4f82a387?s=96&d=mm&r=g","caption":"Encontra Jo\u00e3o Pessoa"},"url":"https:\/\/www.encontrajoaopessoa.com.br\/sobre\/author\/ejoaopessoa\/"}]}},"_links":{"self":[{"href":"https:\/\/www.encontrajoaopessoa.com.br\/sobre\/wp-json\/wp\/v2\/posts\/1418","targetHints":{"allow":["GET"]}}],"collection":[{"href":"https:\/\/www.encontrajoaopessoa.com.br\/sobre\/wp-json\/wp\/v2\/posts"}],"about":[{"href":"https:\/\/www.encontrajoaopessoa.com.br\/sobre\/wp-json\/wp\/v2\/types\/post"}],"author":[{"embeddable":true,"href":"https:\/\/www.encontrajoaopessoa.com.br\/sobre\/wp-json\/wp\/v2\/users\/1"}],"replies":[{"embeddable":true,"href":"https:\/\/www.encontrajoaopessoa.com.br\/sobre\/wp-json\/wp\/v2\/comments?post=1418"}],"version-history":[{"count":0,"href":"https:\/\/www.encontrajoaopessoa.com.br\/sobre\/wp-json\/wp\/v2\/posts\/1418\/revisions"}],"wp:featuredmedia":[{"embeddable":true,"href":"https:\/\/www.encontrajoaopessoa.com.br\/sobre\/wp-json\/wp\/v2\/media\/1417"}],"wp:attachment":[{"href":"https:\/\/www.encontrajoaopessoa.com.br\/sobre\/wp-json\/wp\/v2\/media?parent=1418"}],"wp:term":[{"taxonomy":"category","embeddable":true,"href":"https:\/\/www.encontrajoaopessoa.com.br\/sobre\/wp-json\/wp\/v2\/categories?post=1418"},{"taxonomy":"post_tag","embeddable":true,"href":"https:\/\/www.encontrajoaopessoa.com.br\/sobre\/wp-json\/wp\/v2\/tags?post=1418"}],"curies":[{"name":"wp","href":"https:\/\/api.w.org\/{rel}","templated":true}]}}