{"id":1414,"date":"2026-04-21T13:55:16","date_gmt":"2026-04-21T16:55:16","guid":{"rendered":"https:\/\/www.encontrajoaopessoa.com.br\/sobre\/joao-pessoa-sediara-a-3a-corrida-paraibana-pelo-autismo-uma-das-maiores-do-brasil-em-inclusao-social\/"},"modified":"2026-04-21T13:55:16","modified_gmt":"2026-04-21T16:55:16","slug":"joao-pessoa-sediara-a-3a-corrida-paraibana-pelo-autismo-uma-das-maiores-do-brasil-em-inclusao-social","status":"publish","type":"post","link":"https:\/\/www.encontrajoaopessoa.com.br\/sobre\/joao-pessoa-sediara-a-3a-corrida-paraibana-pelo-autismo-uma-das-maiores-do-brasil-em-inclusao-social\/","title":{"rendered":"Jo\u00e3o Pessoa sediar\u00e1 a 3\u00aa Corrida Paraibana pelo Autismo, uma das maiores do Brasil em inclus\u00e3o social"},"content":{"rendered":"<div class=\"866aa4a7c674253f40eaa20e0e3e928c\" data-index=\"1\" style=\"float: none; margin:0px;\">\n<!-- Anuncio display - global -->\r\n<ins class=\"adsbygoogle\"\r\n     style=\"display:block\"\r\n     data-ad-client=\"ca-pub-8585364105181520\"\r\n     data-ad-slot=\"8789329856\"\r\n     data-ad-format=\"auto\"\r\n     data-full-width-responsive=\"true\"><\/ins>\r\n<script>\r\n     (adsbygoogle = window.adsbygoogle || []).push({});\r\n<\/script>\n<\/div>\n<h2>O Evento de Inclus\u00e3o<\/h2>\n<p>Na cidade de Jo\u00e3o Pessoa, no pr\u00f3ximo domingo, ocorrer\u00e1 a 3\u00aa Corrida Paraibana pelo Autismo, um dos eventos mais significativos do Brasil voltados para a inclus\u00e3o de pessoas com Transtorno do Espectro Autista (TEA). Ao longo das edi\u00e7\u00f5es, a corrida tem se consolidado como um marco de sensibiliza\u00e7\u00e3o, promovendo a aceita\u00e7\u00e3o e o respeito \u00e0s diferen\u00e7as. Organizada em conjunto pela Prefeitura de Jo\u00e3o Pessoa e pela Associa\u00e7\u00e3o Paraibana de Autismo (APA), a corrida n\u00e3o \u00e9 apenas uma competi\u00e7\u00e3o esportiva, mas sim uma importante a\u00e7\u00e3o social.<\/p>\n<h2>Autismo: Compreendendo o Transtorno<\/h2>\n<p>O Transtorno do Espectro Autista \u00e9 uma condi\u00e7\u00e3o neuropsiqui\u00e1trica que afeta a comunica\u00e7\u00e3o e o comportamento de um indiv\u00edduo. A conscientiza\u00e7\u00e3o sobre o autismo \u00e9 essencial, uma vez que muitos ainda t\u00eam uma compreens\u00e3o limitada sobre suas nuances. O objetivo desta corrida \u00e9 promover uma maior familiariza\u00e7\u00e3o com o TEA, destacando as habilidades e os talentos das pessoas autistas, al\u00e9m de fomentar um ambiente acolhedor e inclusivo na sociedade.<\/p>\n<h2>A Import\u00e2ncia da Conscientiza\u00e7\u00e3o<\/h2>\n<p>A corrida se torna uma plataforma vital para a divulga\u00e7\u00e3o de informa\u00e7\u00f5es sobre o autismo. Atrav\u00e9s deste evento, a comunidade pode aprender mais sobre a condi\u00e7\u00e3o, desfazer mitos e preconceitos, e entender como ajudar efetivamente aqueles que fazem parte do espectro autista. \u00c9 uma oportunidade para fortalecer la\u00e7os de empatia e criarem um espa\u00e7o onde todos se sintam seguros e respeitados.<\/p>\n<p><img decoding=\"async\" src=\"https:\/\/www.encontrajoaopessoa.com.br\/sobre\/wp-content\/uploads\/2026\/04\/joao-pessoa-sediara-a-3-corrida-paraibana-pelo-autismo-uma-das-maiores-do-brasil-em-inclusao-social.webp\" alt=\"Corrida Paraibana pelo Autismo\" loading=\"lazy\" \/><\/p>\n<h2>Perfil dos Participantes da Corrida<\/h2>\n<p>Com uma expectativa de participa\u00e7\u00e3o de mais de 1.500 atletas, a corrida abrange diversas faixas et\u00e1rias e n\u00edveis de condicionamento f\u00edsico. Al\u00e9m dos atletas convencionais, um expressivo n\u00famero de corredores autistas se inscreveu para o evento, mostrando que a inclus\u00e3o vai al\u00e9m da participa\u00e7\u00e3o, envolvendo comprometimento e celebra\u00e7\u00e3o das diferen\u00e7as. O foco \u00e9 acolher a todos, garantindo que cada um possa sentir-se parte desse importante movimento.<\/p>\n<h2>Atividades Culturais e Includentes<\/h2>\n<p>Al\u00e9m da corrida, o evento contar\u00e1 com uma s\u00e9rie de atividades culturais que visam entreter e informar os participantes e a comunidade. Haver\u00e1 apresenta\u00e7\u00f5es musicais, exposi\u00e7\u00f5es art\u00edsticas e espa\u00e7os reservados para que pessoas autistas possam expressar seus talentos. Essas atividades s\u00e3o fundamentais para refor\u00e7ar a mensagem da inclus\u00e3o e mostrar que todos t\u00eam algo valioso a oferecer.<\/p>\n<h2>A Arte e o Autismo na Corrida<\/h2>\n<p>Um dos aspectos mais emocionantes deste evento \u00e9 a arte, que desempenha um papel vital na express\u00e3o do autismo. A camiseta oficial da corrida, que apresenta uma cria\u00e7\u00e3o de uma jovem artista autista, traz \u00e0 tona a import\u00e2ncia de dar voz e visibilidade aos talentos de pessoas com TEA. Esta integra\u00e7\u00e3o entre arte e evento encoraja uma vis\u00e3o mais ampla e positiva sobre o autismo, mostrando que \u00e9 poss\u00edvel celebrar as diferen\u00e7as atrav\u00e9s da criatividade.<\/p>\n<h2>Depoimentos de Pais e Atletas<\/h2>\n<p>Os depoimentos de pais e atletas durante a corrida t\u00eam grande import\u00e2ncia. Muitos deles compartilham suas experi\u00eancias, desmistificando as dificuldades e celebrando as conquistas. O evento se torna ent\u00e3o um espa\u00e7o de troca, onde sentimentos, desafios e vit\u00f3rias s\u00e3o expressos, promovendo um forte sentimento de comunidade e apoio m\u00fatuo.<\/p>\n<h2>Estrutura do Evento e Log\u00edstica<\/h2>\n<p>A 3\u00aa Corrida Paraibana pelo Autismo ser\u00e1 estruturada para garantir uma experi\u00eancia segura e agrad\u00e1vel a todos os participantes. A concentra\u00e7\u00e3o ter\u00e1 in\u00edcio \u00e0s 5h30, no Busto de Tamandar\u00e9, e incluir\u00e1 um percurso adaptado para pessoas com mobilidade reduzida. Todo o evento ser\u00e1 cuidadosamente planejado para que cada detalhe reflita o esp\u00edrito de inclus\u00e3o e acolhimento, envolvendo a comunidade em um movimento coletivo pela aceita\u00e7\u00e3o e respeito.<\/p>\n<h2>Como a Corrida Impacta a Comunidade<\/h2>\n<p>O impacto da corrida vai al\u00e9m do dia do evento. Iniciativas como essa incentivam as pessoas a refletirem sobre suas atitudes em rela\u00e7\u00e3o ao autismo e, consequentemente, ajudam a promover um entendimento maior sobre a inclus\u00e3o em diversas esferas da sociedade. A mobiliza\u00e7\u00e3o social criada ao redor da corrida gera um efeito positivo, que estimula a\u00e7\u00f5es e di\u00e1logos importantes sobre a valoriza\u00e7\u00e3o da diversidade nas comunidades.<\/p>\n<h2>O Futuro do Evento e da Inclus\u00e3o<\/h2>\n<p>O futuro da Corrida Paraibana pelo Autismo parece promissor, com a expectativa de que a cada edi\u00e7\u00e3o, mais pessoas se unam a essa causa. Ao se tornar um evento anual no calend\u00e1rio de Jo\u00e3o Pessoa, a corrida n\u00e3o apenas promove a pr\u00e1tica esportiva, mas fortalece o compromisso da sociedade em aceitar e respeitar as diferen\u00e7as. Cada corrida \u00e9 um passo em dire\u00e7\u00e3o a um futuro mais inclusivo e igualit\u00e1rio, transformando a percep\u00e7\u00e3o e o tratamento d\u00f3i de autistas na sociedade.<\/p>\n\n<div style=\"font-size: 0px; height: 0px; line-height: 0px; margin: 0; padding: 0; clear: both;\"><\/div>","protected":false},"excerpt":{"rendered":"<p>Participe da Corrida Paraibana pelo Autismo e fa\u00e7a a diferen\u00e7a!<\/p>\n","protected":false},"author":1,"featured_media":1413,"comment_status":"closed","ping_status":"closed","sticky":false,"template":"","format":"standard","meta":{"footnotes":""},"categories":[1],"tags":[],"class_list":["post-1414","post","type-post","status-publish","format-standard","has-post-thumbnail","hentry","category-noticias-em-joao-pessoa","has_thumb"],"yoast_head":"<!-- This site is optimized with the Yoast SEO plugin v26.4 - https:\/\/yoast.com\/wordpress\/plugins\/seo\/ -->\n<title>Jo\u00e3o Pessoa sediar\u00e1 a 3\u00aa Corrida Paraibana pelo Autismo, uma das maiores do Brasil em inclus\u00e3o social - Encontra Jo\u00e3o Pessoa<\/title>\n<meta name=\"robots\" content=\"index, follow, max-snippet:-1, max-image-preview:large, max-video-preview:-1\" \/>\n<link rel=\"canonical\" href=\"https:\/\/www.encontrajoaopessoa.com.br\/sobre\/joao-pessoa-sediara-a-3a-corrida-paraibana-pelo-autismo-uma-das-maiores-do-brasil-em-inclusao-social\/\" \/>\n<meta property=\"og:locale\" content=\"pt_BR\" \/>\n<meta property=\"og:type\" content=\"article\" \/>\n<meta property=\"og:title\" content=\"Jo\u00e3o Pessoa sediar\u00e1 a 3\u00aa Corrida Paraibana pelo Autismo, uma das maiores do Brasil em inclus\u00e3o social - Encontra Jo\u00e3o Pessoa\" \/>\n<meta property=\"og:description\" content=\"Participe da Corrida Paraibana pelo Autismo e fa\u00e7a a diferen\u00e7a!\" \/>\n<meta property=\"og:url\" content=\"https:\/\/www.encontrajoaopessoa.com.br\/sobre\/joao-pessoa-sediara-a-3a-corrida-paraibana-pelo-autismo-uma-das-maiores-do-brasil-em-inclusao-social\/\" \/>\n<meta property=\"og:site_name\" content=\"Encontra Jo\u00e3o Pessoa\" \/>\n<meta property=\"article:published_time\" content=\"2026-04-21T16:55:16+00:00\" \/>\n<meta property=\"og:image\" content=\"https:\/\/www.encontrajoaopessoa.com.br\/sobre\/wp-content\/uploads\/2026\/04\/joao-pessoa-sediara-a-3-corrida-paraibana-pelo-autismo-uma-das-maiores-do-brasil-em-inclusao-social.webp\" \/>\n<meta name=\"author\" content=\"Encontra Jo\u00e3o Pessoa\" \/>\n<meta name=\"twitter:card\" content=\"summary_large_image\" \/>\n<meta name=\"twitter:label1\" content=\"Escrito por\" \/>\n\t<meta name=\"twitter:data1\" content=\"Encontra Jo\u00e3o Pessoa\" \/>\n\t<meta name=\"twitter:label2\" content=\"Est. tempo de leitura\" \/>\n\t<meta name=\"twitter:data2\" content=\"4 minutos\" \/>\n<script type=\"application\/ld+json\" class=\"yoast-schema-graph\">{\"@context\":\"https:\/\/schema.org\",\"@graph\":[{\"@type\":\"WebPage\",\"@id\":\"https:\/\/www.encontrajoaopessoa.com.br\/sobre\/joao-pessoa-sediara-a-3a-corrida-paraibana-pelo-autismo-uma-das-maiores-do-brasil-em-inclusao-social\/\",\"url\":\"https:\/\/www.encontrajoaopessoa.com.br\/sobre\/joao-pessoa-sediara-a-3a-corrida-paraibana-pelo-autismo-uma-das-maiores-do-brasil-em-inclusao-social\/\",\"name\":\"Jo\u00e3o Pessoa sediar\u00e1 a 3\u00aa Corrida Paraibana pelo Autismo, uma das maiores do Brasil em inclus\u00e3o social - Encontra Jo\u00e3o Pessoa\",\"isPartOf\":{\"@id\":\"https:\/\/www.encontrajoaopessoa.com.br\/sobre\/#website\"},\"primaryImageOfPage\":{\"@id\":\"https:\/\/www.encontrajoaopessoa.com.br\/sobre\/joao-pessoa-sediara-a-3a-corrida-paraibana-pelo-autismo-uma-das-maiores-do-brasil-em-inclusao-social\/#primaryimage\"},\"image\":{\"@id\":\"https:\/\/www.encontrajoaopessoa.com.br\/sobre\/joao-pessoa-sediara-a-3a-corrida-paraibana-pelo-autismo-uma-das-maiores-do-brasil-em-inclusao-social\/#primaryimage\"},\"thumbnailUrl\":\"https:\/\/www.encontrajoaopessoa.com.br\/sobre\/wp-content\/uploads\/2026\/04\/joao-pessoa-sediara-a-3-corrida-paraibana-pelo-autismo-uma-das-maiores-do-brasil-em-inclusao-social.webp\",\"datePublished\":\"2026-04-21T16:55:16+00:00\",\"author\":{\"@id\":\"https:\/\/www.encontrajoaopessoa.com.br\/sobre\/#\/schema\/person\/dcf4dbc803217a030dfb489f4a014aca\"},\"breadcrumb\":{\"@id\":\"https:\/\/www.encontrajoaopessoa.com.br\/sobre\/joao-pessoa-sediara-a-3a-corrida-paraibana-pelo-autismo-uma-das-maiores-do-brasil-em-inclusao-social\/#breadcrumb\"},\"inLanguage\":\"pt-BR\",\"potentialAction\":[{\"@type\":\"ReadAction\",\"target\":[\"https:\/\/www.encontrajoaopessoa.com.br\/sobre\/joao-pessoa-sediara-a-3a-corrida-paraibana-pelo-autismo-uma-das-maiores-do-brasil-em-inclusao-social\/\"]}]},{\"@type\":\"ImageObject\",\"inLanguage\":\"pt-BR\",\"@id\":\"https:\/\/www.encontrajoaopessoa.com.br\/sobre\/joao-pessoa-sediara-a-3a-corrida-paraibana-pelo-autismo-uma-das-maiores-do-brasil-em-inclusao-social\/#primaryimage\",\"url\":\"https:\/\/www.encontrajoaopessoa.com.br\/sobre\/wp-content\/uploads\/2026\/04\/joao-pessoa-sediara-a-3-corrida-paraibana-pelo-autismo-uma-das-maiores-do-brasil-em-inclusao-social.webp\",\"contentUrl\":\"https:\/\/www.encontrajoaopessoa.com.br\/sobre\/wp-content\/uploads\/2026\/04\/joao-pessoa-sediara-a-3-corrida-paraibana-pelo-autismo-uma-das-maiores-do-brasil-em-inclusao-social.webp\",\"width\":280,\"height\":280,\"caption\":\"Corrida Paraibana pelo Autismo\"},{\"@type\":\"BreadcrumbList\",\"@id\":\"https:\/\/www.encontrajoaopessoa.com.br\/sobre\/joao-pessoa-sediara-a-3a-corrida-paraibana-pelo-autismo-uma-das-maiores-do-brasil-em-inclusao-social\/#breadcrumb\",\"itemListElement\":[{\"@type\":\"ListItem\",\"position\":1,\"name\":\"In\u00edcio\",\"item\":\"https:\/\/www.encontrajoaopessoa.com.br\/sobre\/\"},{\"@type\":\"ListItem\",\"position\":2,\"name\":\"Jo\u00e3o Pessoa sediar\u00e1 a 3\u00aa Corrida Paraibana pelo Autismo, uma das maiores do Brasil em inclus\u00e3o social\"}]},{\"@type\":\"WebSite\",\"@id\":\"https:\/\/www.encontrajoaopessoa.com.br\/sobre\/#website\",\"url\":\"https:\/\/www.encontrajoaopessoa.com.br\/sobre\/\",\"name\":\"Encontra Jo\u00e3o Pessoa\",\"description\":\"Not\u00edcias, eventos, informa\u00e7\u00f5es e dicas na cidade Jo\u00e3o Pessoa e regi\u00e3o.\",\"potentialAction\":[{\"@type\":\"SearchAction\",\"target\":{\"@type\":\"EntryPoint\",\"urlTemplate\":\"https:\/\/www.encontrajoaopessoa.com.br\/sobre\/?s={search_term_string}\"},\"query-input\":{\"@type\":\"PropertyValueSpecification\",\"valueRequired\":true,\"valueName\":\"search_term_string\"}}],\"inLanguage\":\"pt-BR\"},{\"@type\":\"Person\",\"@id\":\"https:\/\/www.encontrajoaopessoa.com.br\/sobre\/#\/schema\/person\/dcf4dbc803217a030dfb489f4a014aca\",\"name\":\"Encontra Jo\u00e3o Pessoa\",\"image\":{\"@type\":\"ImageObject\",\"inLanguage\":\"pt-BR\",\"@id\":\"https:\/\/www.encontrajoaopessoa.com.br\/sobre\/#\/schema\/person\/image\/\",\"url\":\"https:\/\/secure.gravatar.com\/avatar\/507340682b8270222e1f208e23198b6ae7e2c6a1033ae84e99bc6bce4f82a387?s=96&d=mm&r=g\",\"contentUrl\":\"https:\/\/secure.gravatar.com\/avatar\/507340682b8270222e1f208e23198b6ae7e2c6a1033ae84e99bc6bce4f82a387?s=96&d=mm&r=g\",\"caption\":\"Encontra Jo\u00e3o Pessoa\"},\"url\":\"https:\/\/www.encontrajoaopessoa.com.br\/sobre\/author\/ejoaopessoa\/\"}]}<\/script>\n<!-- \/ Yoast SEO plugin. -->","yoast_head_json":{"title":"Jo\u00e3o Pessoa sediar\u00e1 a 3\u00aa Corrida Paraibana pelo Autismo, uma das maiores do Brasil em inclus\u00e3o social - Encontra Jo\u00e3o Pessoa","robots":{"index":"index","follow":"follow","max-snippet":"max-snippet:-1","max-image-preview":"max-image-preview:large","max-video-preview":"max-video-preview:-1"},"canonical":"https:\/\/www.encontrajoaopessoa.com.br\/sobre\/joao-pessoa-sediara-a-3a-corrida-paraibana-pelo-autismo-uma-das-maiores-do-brasil-em-inclusao-social\/","og_locale":"pt_BR","og_type":"article","og_title":"Jo\u00e3o Pessoa sediar\u00e1 a 3\u00aa Corrida Paraibana pelo Autismo, uma das maiores do Brasil em inclus\u00e3o social - Encontra Jo\u00e3o Pessoa","og_description":"Participe da Corrida Paraibana pelo Autismo e fa\u00e7a a diferen\u00e7a!","og_url":"https:\/\/www.encontrajoaopessoa.com.br\/sobre\/joao-pessoa-sediara-a-3a-corrida-paraibana-pelo-autismo-uma-das-maiores-do-brasil-em-inclusao-social\/","og_site_name":"Encontra Jo\u00e3o Pessoa","article_published_time":"2026-04-21T16:55:16+00:00","og_image":[{"url":"https:\/\/www.encontrajoaopessoa.com.br\/sobre\/wp-content\/uploads\/2026\/04\/joao-pessoa-sediara-a-3-corrida-paraibana-pelo-autismo-uma-das-maiores-do-brasil-em-inclusao-social.webp","type":"","width":"","height":""}],"author":"Encontra Jo\u00e3o Pessoa","twitter_card":"summary_large_image","twitter_misc":{"Escrito por":"Encontra Jo\u00e3o Pessoa","Est. tempo de leitura":"4 minutos"},"schema":{"@context":"https:\/\/schema.org","@graph":[{"@type":"WebPage","@id":"https:\/\/www.encontrajoaopessoa.com.br\/sobre\/joao-pessoa-sediara-a-3a-corrida-paraibana-pelo-autismo-uma-das-maiores-do-brasil-em-inclusao-social\/","url":"https:\/\/www.encontrajoaopessoa.com.br\/sobre\/joao-pessoa-sediara-a-3a-corrida-paraibana-pelo-autismo-uma-das-maiores-do-brasil-em-inclusao-social\/","name":"Jo\u00e3o Pessoa sediar\u00e1 a 3\u00aa Corrida Paraibana pelo Autismo, uma das maiores do Brasil em inclus\u00e3o social - Encontra Jo\u00e3o Pessoa","isPartOf":{"@id":"https:\/\/www.encontrajoaopessoa.com.br\/sobre\/#website"},"primaryImageOfPage":{"@id":"https:\/\/www.encontrajoaopessoa.com.br\/sobre\/joao-pessoa-sediara-a-3a-corrida-paraibana-pelo-autismo-uma-das-maiores-do-brasil-em-inclusao-social\/#primaryimage"},"image":{"@id":"https:\/\/www.encontrajoaopessoa.com.br\/sobre\/joao-pessoa-sediara-a-3a-corrida-paraibana-pelo-autismo-uma-das-maiores-do-brasil-em-inclusao-social\/#primaryimage"},"thumbnailUrl":"https:\/\/www.encontrajoaopessoa.com.br\/sobre\/wp-content\/uploads\/2026\/04\/joao-pessoa-sediara-a-3-corrida-paraibana-pelo-autismo-uma-das-maiores-do-brasil-em-inclusao-social.webp","datePublished":"2026-04-21T16:55:16+00:00","author":{"@id":"https:\/\/www.encontrajoaopessoa.com.br\/sobre\/#\/schema\/person\/dcf4dbc803217a030dfb489f4a014aca"},"breadcrumb":{"@id":"https:\/\/www.encontrajoaopessoa.com.br\/sobre\/joao-pessoa-sediara-a-3a-corrida-paraibana-pelo-autismo-uma-das-maiores-do-brasil-em-inclusao-social\/#breadcrumb"},"inLanguage":"pt-BR","potentialAction":[{"@type":"ReadAction","target":["https:\/\/www.encontrajoaopessoa.com.br\/sobre\/joao-pessoa-sediara-a-3a-corrida-paraibana-pelo-autismo-uma-das-maiores-do-brasil-em-inclusao-social\/"]}]},{"@type":"ImageObject","inLanguage":"pt-BR","@id":"https:\/\/www.encontrajoaopessoa.com.br\/sobre\/joao-pessoa-sediara-a-3a-corrida-paraibana-pelo-autismo-uma-das-maiores-do-brasil-em-inclusao-social\/#primaryimage","url":"https:\/\/www.encontrajoaopessoa.com.br\/sobre\/wp-content\/uploads\/2026\/04\/joao-pessoa-sediara-a-3-corrida-paraibana-pelo-autismo-uma-das-maiores-do-brasil-em-inclusao-social.webp","contentUrl":"https:\/\/www.encontrajoaopessoa.com.br\/sobre\/wp-content\/uploads\/2026\/04\/joao-pessoa-sediara-a-3-corrida-paraibana-pelo-autismo-uma-das-maiores-do-brasil-em-inclusao-social.webp","width":280,"height":280,"caption":"Corrida Paraibana pelo Autismo"},{"@type":"BreadcrumbList","@id":"https:\/\/www.encontrajoaopessoa.com.br\/sobre\/joao-pessoa-sediara-a-3a-corrida-paraibana-pelo-autismo-uma-das-maiores-do-brasil-em-inclusao-social\/#breadcrumb","itemListElement":[{"@type":"ListItem","position":1,"name":"In\u00edcio","item":"https:\/\/www.encontrajoaopessoa.com.br\/sobre\/"},{"@type":"ListItem","position":2,"name":"Jo\u00e3o Pessoa sediar\u00e1 a 3\u00aa Corrida Paraibana pelo Autismo, uma das maiores do Brasil em inclus\u00e3o social"}]},{"@type":"WebSite","@id":"https:\/\/www.encontrajoaopessoa.com.br\/sobre\/#website","url":"https:\/\/www.encontrajoaopessoa.com.br\/sobre\/","name":"Encontra Jo\u00e3o Pessoa","description":"Not\u00edcias, eventos, informa\u00e7\u00f5es e dicas na cidade Jo\u00e3o Pessoa e regi\u00e3o.","potentialAction":[{"@type":"SearchAction","target":{"@type":"EntryPoint","urlTemplate":"https:\/\/www.encontrajoaopessoa.com.br\/sobre\/?s={search_term_string}"},"query-input":{"@type":"PropertyValueSpecification","valueRequired":true,"valueName":"search_term_string"}}],"inLanguage":"pt-BR"},{"@type":"Person","@id":"https:\/\/www.encontrajoaopessoa.com.br\/sobre\/#\/schema\/person\/dcf4dbc803217a030dfb489f4a014aca","name":"Encontra Jo\u00e3o Pessoa","image":{"@type":"ImageObject","inLanguage":"pt-BR","@id":"https:\/\/www.encontrajoaopessoa.com.br\/sobre\/#\/schema\/person\/image\/","url":"https:\/\/secure.gravatar.com\/avatar\/507340682b8270222e1f208e23198b6ae7e2c6a1033ae84e99bc6bce4f82a387?s=96&d=mm&r=g","contentUrl":"https:\/\/secure.gravatar.com\/avatar\/507340682b8270222e1f208e23198b6ae7e2c6a1033ae84e99bc6bce4f82a387?s=96&d=mm&r=g","caption":"Encontra Jo\u00e3o Pessoa"},"url":"https:\/\/www.encontrajoaopessoa.com.br\/sobre\/author\/ejoaopessoa\/"}]}},"_links":{"self":[{"href":"https:\/\/www.encontrajoaopessoa.com.br\/sobre\/wp-json\/wp\/v2\/posts\/1414","targetHints":{"allow":["GET"]}}],"collection":[{"href":"https:\/\/www.encontrajoaopessoa.com.br\/sobre\/wp-json\/wp\/v2\/posts"}],"about":[{"href":"https:\/\/www.encontrajoaopessoa.com.br\/sobre\/wp-json\/wp\/v2\/types\/post"}],"author":[{"embeddable":true,"href":"https:\/\/www.encontrajoaopessoa.com.br\/sobre\/wp-json\/wp\/v2\/users\/1"}],"replies":[{"embeddable":true,"href":"https:\/\/www.encontrajoaopessoa.com.br\/sobre\/wp-json\/wp\/v2\/comments?post=1414"}],"version-history":[{"count":0,"href":"https:\/\/www.encontrajoaopessoa.com.br\/sobre\/wp-json\/wp\/v2\/posts\/1414\/revisions"}],"wp:featuredmedia":[{"embeddable":true,"href":"https:\/\/www.encontrajoaopessoa.com.br\/sobre\/wp-json\/wp\/v2\/media\/1413"}],"wp:attachment":[{"href":"https:\/\/www.encontrajoaopessoa.com.br\/sobre\/wp-json\/wp\/v2\/media?parent=1414"}],"wp:term":[{"taxonomy":"category","embeddable":true,"href":"https:\/\/www.encontrajoaopessoa.com.br\/sobre\/wp-json\/wp\/v2\/categories?post=1414"},{"taxonomy":"post_tag","embeddable":true,"href":"https:\/\/www.encontrajoaopessoa.com.br\/sobre\/wp-json\/wp\/v2\/tags?post=1414"}],"curies":[{"name":"wp","href":"https:\/\/api.w.org\/{rel}","templated":true}]}}