{"id":1368,"date":"2026-04-10T13:58:42","date_gmt":"2026-04-10T16:58:42","guid":{"rendered":"https:\/\/www.encontrajoaopessoa.com.br\/sobre\/prefeitura-de-joao-pessoa-participa-do-forum-brasil-criativo\/"},"modified":"2026-04-10T13:58:42","modified_gmt":"2026-04-10T16:58:42","slug":"prefeitura-de-joao-pessoa-participa-do-forum-brasil-criativo","status":"publish","type":"post","link":"https:\/\/www.encontrajoaopessoa.com.br\/sobre\/prefeitura-de-joao-pessoa-participa-do-forum-brasil-criativo\/","title":{"rendered":"Prefeitura de Jo\u00e3o Pessoa participa do F\u00f3rum Brasil Criativo"},"content":{"rendered":"<div class=\"866aa4a7c674253f40eaa20e0e3e928c\" data-index=\"1\" style=\"float: none; margin:0px;\">\n<!-- Anuncio display - global -->\r\n<ins class=\"adsbygoogle\"\r\n     style=\"display:block\"\r\n     data-ad-client=\"ca-pub-8585364105181520\"\r\n     data-ad-slot=\"8789329856\"\r\n     data-ad-format=\"auto\"\r\n     data-full-width-responsive=\"true\"><\/ins>\r\n<script>\r\n     (adsbygoogle = window.adsbygoogle || []).push({});\r\n<\/script>\n<\/div>\n<h2>O que \u00e9 o F\u00f3rum Brasil Criativo?<\/h2>\n<p>O F\u00f3rum Brasil Criativo \u00e9 uma iniciativa do Minist\u00e9rio da Cultura, que visa fortalecer a economia criativa em todo o pa\u00eds. Ele \u00e9 realizado em diferentes regi\u00f5es, promovendo a troca de experi\u00eancias e a constru\u00e7\u00e3o de pol\u00edticas p\u00fablicas que incentivem a criatividade e o desenvolvimento cultural. No evento, gestores, empreendedores e especialistas se re\u00fanem para discutir temas relevantes sobre cultura, economia e inova\u00e7\u00e3o.<\/p>\n<h2>Objetivos do F\u00f3rum em Aracaju<\/h2>\n<p>O evento realizado em Aracaju tem como principais objetivos:<\/p>\n<ul>\n<li><strong>Fomentar o Di\u00e1logo:<\/strong> Reunir cidades do Nordeste para discutir a economia criativa e suas implica\u00e7\u00f5es.<\/li>\n<li><strong>Contribuir para o Desenvolvimento:<\/strong> Auxiliar na formata\u00e7\u00e3o de um Plano Nacional de Economia Criativa.<\/li>\n<li><strong>Capacitar Gestores:<\/strong> Promover a qualifica\u00e7\u00e3o de secret\u00e1rios e gestores culturais para enfrentar os desafios da \u00e1rea.<\/li>\n<\/ul>\n<h2>Import\u00e2ncia da Economia Criativa<\/h2>\n<p>A economia criativa desempenha um papel fundamental no desenvolvimento socioecon\u00f4mico do Brasil. Ela utiliza a criatividade, conhecimentos e recursos culturais para gerar emprego, renda e inovar em diversos setores, como:<\/p>\n<p><img decoding=\"async\" src=\"https:\/\/www.encontrajoaopessoa.com.br\/sobre\/wp-content\/uploads\/2026\/04\/prefeitura-de-joao-pessoa-participa-do-forum-brasil-criativo.webp\" alt=\"F\u00f3rum Brasil Criativo\" loading=\"lazy\" \/><\/p>\n<ul>\n<li><strong>Arts e Entretenimento:<\/strong> O setor cultural, em especial o audiovisual, atrai investimentos e gera trabalho.<\/li>\n<li><strong>Turismo:<\/strong> A cultura atrai visitantes e estimula a economia local.<\/li>\n<li><strong>Novas Tecnologias:<\/strong> A intera\u00e7\u00e3o entre cultura e tecnologia abre novas oportunidades de neg\u00f3cio.<\/li>\n<\/ul>\n<h2>Participa\u00e7\u00e3o da Funda\u00e7\u00e3o Cultural de Jo\u00e3o Pessoa<\/h2>\n<p>A Funda\u00e7\u00e3o Cultural de Jo\u00e3o Pessoa (Funjope) destaca-se por sua presen\u00e7a ativa no F\u00f3rum Brasil Criativo. O diretor executivo, <strong>Marcus Alves<\/strong>, representa a institui\u00e7\u00e3o, enfatizando a import\u00e2ncia de uma agenda nacional que priorize pol\u00edticas p\u00fablicas culturais focadas no fortalecimento da economia criativa e na inclus\u00e3o social. Alves salientou a relev\u00e2ncia de promover processos de capacita\u00e7\u00e3o para melhorar a gest\u00e3o cultural em n\u00edveis municipais.<\/p>\n<h2>Discuss\u00f5es sobre Pol\u00edticas de Cultura<\/h2>\n<p>Durante o F\u00f3rum, diversas mesas redondas s\u00e3o realizadas para abordar temas como a sustentabilidade dos neg\u00f3cios culturais e a governan\u00e7a no setor. O foco est\u00e1 na colabora\u00e7\u00e3o entre os diferentes ecossistemas culturais da regi\u00e3o, buscando solu\u00e7\u00f5es para os desafios enfrentados e promovendo a integra\u00e7\u00e3o entre as cidades nordestinas.<\/p>\n<h2>Desenvolvimento Sustent\u00e1vel e Economia Criativa<\/h2>\n<p>A economia criativa est\u00e1 intrinsicamente ligada ao desenvolvimento sustent\u00e1vel. O F\u00f3rum aborda a necessidade de criar solu\u00e7\u00f5es que respeitem os recursos naturais e promovam a justi\u00e7a social, engajando o p\u00fablico na constru\u00e7\u00e3o de um futuro melhor. A combina\u00e7\u00e3o entre cultura, meio ambiente e desenvolvimento social \u00e9 vista como um pilar essencial para o avan\u00e7o das pol\u00edticas p\u00fablicas.<\/p>\n<h2>Impacto nas Cidades Nordestinas<\/h2>\n<p>O impacto do F\u00f3rum \u00e9 sentido diretamente nas cidades do Nordeste, pois proporciona um ambiente para que gestores e artistas compartilhem suas experi\u00eancias e pr\u00e1ticas de sucesso. Isso ajuda a criar um senso de comunidade entre os profissionais do setor, facilitando a troca de conhecimento e a forma\u00e7\u00e3o de redes colaborativas que potencializam o desenvolvimento cultural regional.<\/p>\n<h2>Oficina Brasil Criativo: Um Destaque do Evento<\/h2>\n<p>Um dos momentos mais esperados do F\u00f3rum \u00e9 a <strong>Oficina Brasil Criativo<\/strong>, que acontece no segundo dia do evento. Essa atividade \u00e9 crucial para a constru\u00e7\u00e3o do Plano Nacional de Economia Criativa. Os participantes formam grupos de trabalho que discutem e delineiam a\u00e7\u00f5es estrat\u00e9gicas em \u00e1reas como:<\/p>\n<ul>\n<li><strong>Forma\u00e7\u00e3o e Capacita\u00e7\u00e3o:<\/strong> Preparar profissionais para os desafios atuais e futuros da economia criativa.<\/li>\n<li><strong>Inclus\u00e3o Socioprodutiva:<\/strong> Promover a inclus\u00e3o de grupos sociais marginalizados na economia cultural.<\/li>\n<li><strong>Inova\u00e7\u00e3o:<\/strong> Fomentar novas ideias que revitalizem o setor.<\/li>\n<\/ul>\n<h2>A Integra\u00e7\u00e3o de Setores: Cultura e Turismo<\/h2>\n<p>A rela\u00e7\u00e3o entre cultura e turismo \u00e9 um t\u00f3pico central nas discuss\u00f5es do F\u00f3rum. A troca de experi\u00eancias entre os setores \u00e9 essencial para criar novas oportunidades de desenvolvimento. Incentivar o turismo cultural pode n\u00e3o s\u00f3 aumentar a visibilidade de locais e tradi\u00e7\u00f5es, mas tamb\u00e9m impulsionar a economia local, gerando empregos e novas oportunidades de neg\u00f3cios.<\/p>\n<h2>Pr\u00f3ximos Passos para Jo\u00e3o Pessoa<\/h2>\n<p>Ap\u00f3s o f\u00f3rum, a Funda\u00e7\u00e3o Cultural de Jo\u00e3o Pessoa e a Prefeitura planejam implementar as diretrizes discutidas. Isso envolve:<\/p>\n<ul>\n<li><strong>Defini\u00e7\u00e3o de A\u00e7\u00f5es Estrat\u00e9gicas:<\/strong> Estabelecer metas claras para a implementa\u00e7\u00e3o das propostas debatidas.<\/li>\n<li><strong>Fortalecimento de Parcerias:<\/strong> Continuar a colabora\u00e7\u00e3o com o Minist\u00e9rio da Cultura e outras institui\u00e7\u00f5es.<\/li>\n<li><strong>Monitoramento e Avalia\u00e7\u00e3o:<\/strong> Acompanhar a efetividade das pol\u00edticas e ajustar estrat\u00e9gias conforme necess\u00e1rio.<\/li>\n<\/ul>\n<p>Com essas etapas, espera-se que Jo\u00e3o Pessoa se torne um modelo em gest\u00e3o cultural e desenvolvimento da economia criativa na regi\u00e3o, contribuindo para um futuro mais promissor para a cultura nordestina.<\/p>\n\n<div style=\"font-size: 0px; height: 0px; line-height: 0px; margin: 0; padding: 0; clear: both;\"><\/div>","protected":false},"excerpt":{"rendered":"<p>F\u00f3rum Brasil Criativo \u00e9 uma oportunidade para fortalecer a economia criativa em Jo\u00e3o Pessoa.<\/p>\n","protected":false},"author":1,"featured_media":1367,"comment_status":"closed","ping_status":"closed","sticky":false,"template":"","format":"standard","meta":{"footnotes":""},"categories":[1],"tags":[],"class_list":["post-1368","post","type-post","status-publish","format-standard","has-post-thumbnail","hentry","category-noticias-em-joao-pessoa","has_thumb"],"yoast_head":"<!-- This site is optimized with the Yoast SEO plugin v26.4 - https:\/\/yoast.com\/wordpress\/plugins\/seo\/ -->\n<title>Prefeitura de Jo\u00e3o Pessoa participa do F\u00f3rum Brasil Criativo - Encontra Jo\u00e3o Pessoa<\/title>\n<meta name=\"robots\" content=\"index, follow, max-snippet:-1, max-image-preview:large, max-video-preview:-1\" \/>\n<link rel=\"canonical\" href=\"https:\/\/www.encontrajoaopessoa.com.br\/sobre\/prefeitura-de-joao-pessoa-participa-do-forum-brasil-criativo\/\" \/>\n<meta property=\"og:locale\" content=\"pt_BR\" \/>\n<meta property=\"og:type\" content=\"article\" \/>\n<meta property=\"og:title\" content=\"Prefeitura de Jo\u00e3o Pessoa participa do F\u00f3rum Brasil Criativo - Encontra Jo\u00e3o Pessoa\" \/>\n<meta property=\"og:description\" content=\"F\u00f3rum Brasil Criativo \u00e9 uma oportunidade para fortalecer a economia criativa em Jo\u00e3o Pessoa.\" \/>\n<meta property=\"og:url\" content=\"https:\/\/www.encontrajoaopessoa.com.br\/sobre\/prefeitura-de-joao-pessoa-participa-do-forum-brasil-criativo\/\" \/>\n<meta property=\"og:site_name\" content=\"Encontra Jo\u00e3o Pessoa\" \/>\n<meta property=\"article:published_time\" content=\"2026-04-10T16:58:42+00:00\" \/>\n<meta property=\"og:image\" content=\"https:\/\/www.encontrajoaopessoa.com.br\/sobre\/wp-content\/uploads\/2026\/04\/prefeitura-de-joao-pessoa-participa-do-forum-brasil-criativo.webp\" \/>\n<meta name=\"author\" content=\"Encontra Jo\u00e3o Pessoa\" \/>\n<meta name=\"twitter:card\" content=\"summary_large_image\" \/>\n<meta name=\"twitter:label1\" content=\"Escrito por\" \/>\n\t<meta name=\"twitter:data1\" content=\"Encontra Jo\u00e3o Pessoa\" \/>\n\t<meta name=\"twitter:label2\" content=\"Est. tempo de leitura\" \/>\n\t<meta name=\"twitter:data2\" content=\"4 minutos\" \/>\n<script type=\"application\/ld+json\" class=\"yoast-schema-graph\">{\"@context\":\"https:\/\/schema.org\",\"@graph\":[{\"@type\":\"WebPage\",\"@id\":\"https:\/\/www.encontrajoaopessoa.com.br\/sobre\/prefeitura-de-joao-pessoa-participa-do-forum-brasil-criativo\/\",\"url\":\"https:\/\/www.encontrajoaopessoa.com.br\/sobre\/prefeitura-de-joao-pessoa-participa-do-forum-brasil-criativo\/\",\"name\":\"Prefeitura de Jo\u00e3o Pessoa participa do F\u00f3rum Brasil Criativo - Encontra Jo\u00e3o Pessoa\",\"isPartOf\":{\"@id\":\"https:\/\/www.encontrajoaopessoa.com.br\/sobre\/#website\"},\"primaryImageOfPage\":{\"@id\":\"https:\/\/www.encontrajoaopessoa.com.br\/sobre\/prefeitura-de-joao-pessoa-participa-do-forum-brasil-criativo\/#primaryimage\"},\"image\":{\"@id\":\"https:\/\/www.encontrajoaopessoa.com.br\/sobre\/prefeitura-de-joao-pessoa-participa-do-forum-brasil-criativo\/#primaryimage\"},\"thumbnailUrl\":\"https:\/\/www.encontrajoaopessoa.com.br\/sobre\/wp-content\/uploads\/2026\/04\/prefeitura-de-joao-pessoa-participa-do-forum-brasil-criativo.webp\",\"datePublished\":\"2026-04-10T16:58:42+00:00\",\"author\":{\"@id\":\"https:\/\/www.encontrajoaopessoa.com.br\/sobre\/#\/schema\/person\/dcf4dbc803217a030dfb489f4a014aca\"},\"breadcrumb\":{\"@id\":\"https:\/\/www.encontrajoaopessoa.com.br\/sobre\/prefeitura-de-joao-pessoa-participa-do-forum-brasil-criativo\/#breadcrumb\"},\"inLanguage\":\"pt-BR\",\"potentialAction\":[{\"@type\":\"ReadAction\",\"target\":[\"https:\/\/www.encontrajoaopessoa.com.br\/sobre\/prefeitura-de-joao-pessoa-participa-do-forum-brasil-criativo\/\"]}]},{\"@type\":\"ImageObject\",\"inLanguage\":\"pt-BR\",\"@id\":\"https:\/\/www.encontrajoaopessoa.com.br\/sobre\/prefeitura-de-joao-pessoa-participa-do-forum-brasil-criativo\/#primaryimage\",\"url\":\"https:\/\/www.encontrajoaopessoa.com.br\/sobre\/wp-content\/uploads\/2026\/04\/prefeitura-de-joao-pessoa-participa-do-forum-brasil-criativo.webp\",\"contentUrl\":\"https:\/\/www.encontrajoaopessoa.com.br\/sobre\/wp-content\/uploads\/2026\/04\/prefeitura-de-joao-pessoa-participa-do-forum-brasil-criativo.webp\",\"width\":280,\"height\":280,\"caption\":\"F\u00f3rum Brasil Criativo\"},{\"@type\":\"BreadcrumbList\",\"@id\":\"https:\/\/www.encontrajoaopessoa.com.br\/sobre\/prefeitura-de-joao-pessoa-participa-do-forum-brasil-criativo\/#breadcrumb\",\"itemListElement\":[{\"@type\":\"ListItem\",\"position\":1,\"name\":\"In\u00edcio\",\"item\":\"https:\/\/www.encontrajoaopessoa.com.br\/sobre\/\"},{\"@type\":\"ListItem\",\"position\":2,\"name\":\"Prefeitura de Jo\u00e3o Pessoa participa do F\u00f3rum Brasil Criativo\"}]},{\"@type\":\"WebSite\",\"@id\":\"https:\/\/www.encontrajoaopessoa.com.br\/sobre\/#website\",\"url\":\"https:\/\/www.encontrajoaopessoa.com.br\/sobre\/\",\"name\":\"Encontra Jo\u00e3o Pessoa\",\"description\":\"Not\u00edcias, eventos, informa\u00e7\u00f5es e dicas na cidade Jo\u00e3o Pessoa e regi\u00e3o.\",\"potentialAction\":[{\"@type\":\"SearchAction\",\"target\":{\"@type\":\"EntryPoint\",\"urlTemplate\":\"https:\/\/www.encontrajoaopessoa.com.br\/sobre\/?s={search_term_string}\"},\"query-input\":{\"@type\":\"PropertyValueSpecification\",\"valueRequired\":true,\"valueName\":\"search_term_string\"}}],\"inLanguage\":\"pt-BR\"},{\"@type\":\"Person\",\"@id\":\"https:\/\/www.encontrajoaopessoa.com.br\/sobre\/#\/schema\/person\/dcf4dbc803217a030dfb489f4a014aca\",\"name\":\"Encontra Jo\u00e3o Pessoa\",\"image\":{\"@type\":\"ImageObject\",\"inLanguage\":\"pt-BR\",\"@id\":\"https:\/\/www.encontrajoaopessoa.com.br\/sobre\/#\/schema\/person\/image\/\",\"url\":\"https:\/\/secure.gravatar.com\/avatar\/507340682b8270222e1f208e23198b6ae7e2c6a1033ae84e99bc6bce4f82a387?s=96&d=mm&r=g\",\"contentUrl\":\"https:\/\/secure.gravatar.com\/avatar\/507340682b8270222e1f208e23198b6ae7e2c6a1033ae84e99bc6bce4f82a387?s=96&d=mm&r=g\",\"caption\":\"Encontra Jo\u00e3o Pessoa\"},\"url\":\"https:\/\/www.encontrajoaopessoa.com.br\/sobre\/author\/ejoaopessoa\/\"}]}<\/script>\n<!-- \/ Yoast SEO plugin. -->","yoast_head_json":{"title":"Prefeitura de Jo\u00e3o Pessoa participa do F\u00f3rum Brasil Criativo - Encontra Jo\u00e3o Pessoa","robots":{"index":"index","follow":"follow","max-snippet":"max-snippet:-1","max-image-preview":"max-image-preview:large","max-video-preview":"max-video-preview:-1"},"canonical":"https:\/\/www.encontrajoaopessoa.com.br\/sobre\/prefeitura-de-joao-pessoa-participa-do-forum-brasil-criativo\/","og_locale":"pt_BR","og_type":"article","og_title":"Prefeitura de Jo\u00e3o Pessoa participa do F\u00f3rum Brasil Criativo - Encontra Jo\u00e3o Pessoa","og_description":"F\u00f3rum Brasil Criativo \u00e9 uma oportunidade para fortalecer a economia criativa em Jo\u00e3o Pessoa.","og_url":"https:\/\/www.encontrajoaopessoa.com.br\/sobre\/prefeitura-de-joao-pessoa-participa-do-forum-brasil-criativo\/","og_site_name":"Encontra Jo\u00e3o Pessoa","article_published_time":"2026-04-10T16:58:42+00:00","og_image":[{"url":"https:\/\/www.encontrajoaopessoa.com.br\/sobre\/wp-content\/uploads\/2026\/04\/prefeitura-de-joao-pessoa-participa-do-forum-brasil-criativo.webp","type":"","width":"","height":""}],"author":"Encontra Jo\u00e3o Pessoa","twitter_card":"summary_large_image","twitter_misc":{"Escrito por":"Encontra Jo\u00e3o Pessoa","Est. tempo de leitura":"4 minutos"},"schema":{"@context":"https:\/\/schema.org","@graph":[{"@type":"WebPage","@id":"https:\/\/www.encontrajoaopessoa.com.br\/sobre\/prefeitura-de-joao-pessoa-participa-do-forum-brasil-criativo\/","url":"https:\/\/www.encontrajoaopessoa.com.br\/sobre\/prefeitura-de-joao-pessoa-participa-do-forum-brasil-criativo\/","name":"Prefeitura de Jo\u00e3o Pessoa participa do F\u00f3rum Brasil Criativo - Encontra Jo\u00e3o Pessoa","isPartOf":{"@id":"https:\/\/www.encontrajoaopessoa.com.br\/sobre\/#website"},"primaryImageOfPage":{"@id":"https:\/\/www.encontrajoaopessoa.com.br\/sobre\/prefeitura-de-joao-pessoa-participa-do-forum-brasil-criativo\/#primaryimage"},"image":{"@id":"https:\/\/www.encontrajoaopessoa.com.br\/sobre\/prefeitura-de-joao-pessoa-participa-do-forum-brasil-criativo\/#primaryimage"},"thumbnailUrl":"https:\/\/www.encontrajoaopessoa.com.br\/sobre\/wp-content\/uploads\/2026\/04\/prefeitura-de-joao-pessoa-participa-do-forum-brasil-criativo.webp","datePublished":"2026-04-10T16:58:42+00:00","author":{"@id":"https:\/\/www.encontrajoaopessoa.com.br\/sobre\/#\/schema\/person\/dcf4dbc803217a030dfb489f4a014aca"},"breadcrumb":{"@id":"https:\/\/www.encontrajoaopessoa.com.br\/sobre\/prefeitura-de-joao-pessoa-participa-do-forum-brasil-criativo\/#breadcrumb"},"inLanguage":"pt-BR","potentialAction":[{"@type":"ReadAction","target":["https:\/\/www.encontrajoaopessoa.com.br\/sobre\/prefeitura-de-joao-pessoa-participa-do-forum-brasil-criativo\/"]}]},{"@type":"ImageObject","inLanguage":"pt-BR","@id":"https:\/\/www.encontrajoaopessoa.com.br\/sobre\/prefeitura-de-joao-pessoa-participa-do-forum-brasil-criativo\/#primaryimage","url":"https:\/\/www.encontrajoaopessoa.com.br\/sobre\/wp-content\/uploads\/2026\/04\/prefeitura-de-joao-pessoa-participa-do-forum-brasil-criativo.webp","contentUrl":"https:\/\/www.encontrajoaopessoa.com.br\/sobre\/wp-content\/uploads\/2026\/04\/prefeitura-de-joao-pessoa-participa-do-forum-brasil-criativo.webp","width":280,"height":280,"caption":"F\u00f3rum Brasil Criativo"},{"@type":"BreadcrumbList","@id":"https:\/\/www.encontrajoaopessoa.com.br\/sobre\/prefeitura-de-joao-pessoa-participa-do-forum-brasil-criativo\/#breadcrumb","itemListElement":[{"@type":"ListItem","position":1,"name":"In\u00edcio","item":"https:\/\/www.encontrajoaopessoa.com.br\/sobre\/"},{"@type":"ListItem","position":2,"name":"Prefeitura de Jo\u00e3o Pessoa participa do F\u00f3rum Brasil Criativo"}]},{"@type":"WebSite","@id":"https:\/\/www.encontrajoaopessoa.com.br\/sobre\/#website","url":"https:\/\/www.encontrajoaopessoa.com.br\/sobre\/","name":"Encontra Jo\u00e3o Pessoa","description":"Not\u00edcias, eventos, informa\u00e7\u00f5es e dicas na cidade Jo\u00e3o Pessoa e regi\u00e3o.","potentialAction":[{"@type":"SearchAction","target":{"@type":"EntryPoint","urlTemplate":"https:\/\/www.encontrajoaopessoa.com.br\/sobre\/?s={search_term_string}"},"query-input":{"@type":"PropertyValueSpecification","valueRequired":true,"valueName":"search_term_string"}}],"inLanguage":"pt-BR"},{"@type":"Person","@id":"https:\/\/www.encontrajoaopessoa.com.br\/sobre\/#\/schema\/person\/dcf4dbc803217a030dfb489f4a014aca","name":"Encontra Jo\u00e3o Pessoa","image":{"@type":"ImageObject","inLanguage":"pt-BR","@id":"https:\/\/www.encontrajoaopessoa.com.br\/sobre\/#\/schema\/person\/image\/","url":"https:\/\/secure.gravatar.com\/avatar\/507340682b8270222e1f208e23198b6ae7e2c6a1033ae84e99bc6bce4f82a387?s=96&d=mm&r=g","contentUrl":"https:\/\/secure.gravatar.com\/avatar\/507340682b8270222e1f208e23198b6ae7e2c6a1033ae84e99bc6bce4f82a387?s=96&d=mm&r=g","caption":"Encontra Jo\u00e3o Pessoa"},"url":"https:\/\/www.encontrajoaopessoa.com.br\/sobre\/author\/ejoaopessoa\/"}]}},"_links":{"self":[{"href":"https:\/\/www.encontrajoaopessoa.com.br\/sobre\/wp-json\/wp\/v2\/posts\/1368","targetHints":{"allow":["GET"]}}],"collection":[{"href":"https:\/\/www.encontrajoaopessoa.com.br\/sobre\/wp-json\/wp\/v2\/posts"}],"about":[{"href":"https:\/\/www.encontrajoaopessoa.com.br\/sobre\/wp-json\/wp\/v2\/types\/post"}],"author":[{"embeddable":true,"href":"https:\/\/www.encontrajoaopessoa.com.br\/sobre\/wp-json\/wp\/v2\/users\/1"}],"replies":[{"embeddable":true,"href":"https:\/\/www.encontrajoaopessoa.com.br\/sobre\/wp-json\/wp\/v2\/comments?post=1368"}],"version-history":[{"count":0,"href":"https:\/\/www.encontrajoaopessoa.com.br\/sobre\/wp-json\/wp\/v2\/posts\/1368\/revisions"}],"wp:featuredmedia":[{"embeddable":true,"href":"https:\/\/www.encontrajoaopessoa.com.br\/sobre\/wp-json\/wp\/v2\/media\/1367"}],"wp:attachment":[{"href":"https:\/\/www.encontrajoaopessoa.com.br\/sobre\/wp-json\/wp\/v2\/media?parent=1368"}],"wp:term":[{"taxonomy":"category","embeddable":true,"href":"https:\/\/www.encontrajoaopessoa.com.br\/sobre\/wp-json\/wp\/v2\/categories?post=1368"},{"taxonomy":"post_tag","embeddable":true,"href":"https:\/\/www.encontrajoaopessoa.com.br\/sobre\/wp-json\/wp\/v2\/tags?post=1368"}],"curies":[{"name":"wp","href":"https:\/\/api.w.org\/{rel}","templated":true}]}}