{"id":1366,"date":"2026-04-10T13:56:07","date_gmt":"2026-04-10T16:56:07","guid":{"rendered":"https:\/\/www.encontrajoaopessoa.com.br\/sobre\/fortalecimento-da-igualdade-racial-em-joao-pessoa-e-discutido-com-representantes-do-governo-federal-e-das-comunidades-tradicionais\/"},"modified":"2026-04-10T13:56:07","modified_gmt":"2026-04-10T16:56:07","slug":"fortalecimento-da-igualdade-racial-em-joao-pessoa-e-discutido-com-representantes-do-governo-federal-e-das-comunidades-tradicionais","status":"publish","type":"post","link":"https:\/\/www.encontrajoaopessoa.com.br\/sobre\/fortalecimento-da-igualdade-racial-em-joao-pessoa-e-discutido-com-representantes-do-governo-federal-e-das-comunidades-tradicionais\/","title":{"rendered":"Fortalecimento da igualdade racial em Jo\u00e3o Pessoa \u00e9 discutido com representantes do Governo Federal e das comunidades tradicionais"},"content":{"rendered":"<div class=\"866aa4a7c674253f40eaa20e0e3e928c\" data-index=\"1\" style=\"float: none; margin:0px;\">\n<!-- Anuncio display - global -->\r\n<ins class=\"adsbygoogle\"\r\n     style=\"display:block\"\r\n     data-ad-client=\"ca-pub-8585364105181520\"\r\n     data-ad-slot=\"8789329856\"\r\n     data-ad-format=\"auto\"\r\n     data-full-width-responsive=\"true\"><\/ins>\r\n<script>\r\n     (adsbygoogle = window.adsbygoogle || []).push({});\r\n<\/script>\n<\/div>\n<h2>O Papel do Governo na Igualdade Racial<\/h2>\n<p>A promo\u00e7\u00e3o da igualdade racial \u00e9 uma das principais responsabilidades do governo em todas as suas esferas. Em Jo\u00e3o Pessoa, essa quest\u00e3o tem ganhado destaque nas discuss\u00f5es sobre direitos humanos e respeito \u00e0 diversidade. A Prefeitura tem realizado atividades que visam integrar os diversos grupos sociais, fortalecendo a intera\u00e7\u00e3o entre o governo municipal e as comunidades tradicionais.<\/p>\n<p>No contexto local, essa colabora\u00e7\u00e3o ocorreu em um evento que abrangeu representantes do Governo Municipal e Federal, al\u00e9m das comunidades de terreiros. A conex\u00e3o entre esses grupos \u00e9 essencial pois fortalece a luta contra a intoler\u00e2ncia religiosa e os preconceitos que ainda persistem na sociedade.<\/p>\n<h2>Comunidades Tradicionais e sua Import\u00e2ncia<\/h2>\n<p>As comunidades tradicionais, especialmente aquelas ligadas a grupos religiosos de matriz africana, desempenham um papel vital na manuten\u00e7\u00e3o da cultura e das tradi\u00e7\u00f5es. O Centro Il\u00ea Ax\u00e9 Oya Gigan, local do encontro mencionado, \u00e9 um exemplo de espa\u00e7o onde as tradi\u00e7\u00f5es s\u00e3o preservadas e respeitadas. Durante o evento, l\u00edderes dessas comunidades compartilharam suas experi\u00eancias e desafios, trazendos \u00e0 tona a import\u00e2ncia de garantir seus direitos e ampliar seu espa\u00e7o na sociedade.<\/p>\n<p><img decoding=\"async\" src=\"https:\/\/www.encontrajoaopessoa.com.br\/sobre\/wp-content\/uploads\/2026\/04\/fortalecimento-da-igualdade-racial-em-joao-pessoa-e-discutido-com-representantes-do-governo-federal-.webp\" alt=\"igualdade racial\" loading=\"lazy\" \/><\/p>\n<h2>Di\u00e1logos sobre Intoler\u00e2ncia Religiosa<\/h2>\n<p>A intoler\u00e2ncia religiosa \u00e9 um desafio significativo em muitos lugares, e o combate a essa realidade esteve no centro das discuss\u00f5es. Os participantes enfatizaram a necessidade de um di\u00e1logo cont\u00ednuo entre as v\u00e1rias religi\u00f5es, com o intuito de promover a paz e o respeito m\u00fatuo. Os l\u00edderes religiosos, como M\u00e3e Zetinha de Oy\u00e1 e M\u00e3e EriKa de Oxum, ressaltaram a import\u00e2ncia do reconhecimento e da valoriza\u00e7\u00e3o de suas cren\u00e7as como parte fundamental da diversidade religiosa do Brasil.<\/p>\n<h2>O Centro Il\u00ea Ax\u00e9 Oya Gigan como Espa\u00e7o de Conviv\u00eancia<\/h2>\n<p>Como um importante espa\u00e7o de conviv\u00eancia, o Centro Il\u00ea Ax\u00e9 Oya Gigan se destaca n\u00e3o apenas pela sua fun\u00e7\u00e3o religiosa, mas tamb\u00e9m como um centro cultural que promove a inclus\u00e3o e a diversidade. Os encontros realizados ali s\u00e3o oportunidades para a forma\u00e7\u00e3o de uma rede de apoio entre os l\u00edderes comunit\u00e1rios e o governo, permitindo a discuss\u00e3o sobre pol\u00edticas p\u00fablicas que atendam aos anseios da comunidade.<\/p>\n<h2>A Luta contra o Racismo Estrutural<\/h2>\n<p>Durante o evento, o racismo estrutural foi abordado como um dos maiores obst\u00e1culos \u00e0 igualdade racial. Os participantes concordaram que \u00e9 necess\u00e1rio um esfor\u00e7o conjunto para combater essa quest\u00e3o, por meio de a\u00e7\u00f5es que garantam acesso a direitos b\u00e1sicos, como sa\u00fade, educa\u00e7\u00e3o e emprego para a popula\u00e7\u00e3o negra. As iniciativas do governo devem se alinhar com as demandas das comunidades para serem realmente eficazes.<\/p>\n<h2>Sa\u00fade da Popula\u00e7\u00e3o Negra em Discuss\u00e3o<\/h2>\n<p>A sa\u00fade da popula\u00e7\u00e3o negra tamb\u00e9m foi um tema central nas discuss\u00f5es. Foram levantadas quest\u00f5es sobre o acesso aos servi\u00e7os de sa\u00fade e como as barreiras raciais afetam negativamente a qualidade do atendimento. \u00c9 crucial que o governo desenvolva pol\u00edticas que garantam a equidade na sa\u00fade, respeitando as especificidades culturais e sociais das comunidades negras.<\/p>\n<h2>Educa\u00e7\u00e3o Inclusiva como Agente de Mudan\u00e7a<\/h2>\n<p>A educa\u00e7\u00e3o inclusiva \u00e9 considerada uma ferramenta poderosa para promover a igualdade racial. As propostas para garantir uma educa\u00e7\u00e3o que respeite a diversidade cultural foram discutidas, com o objetivo de transformar a realidade das futuras gera\u00e7\u00f5es. \u00c9 fundamental que as escolas sejam espa\u00e7os que valorizem a cultura negra e outras culturas marginalizadas dentro do sistema educativo.<\/p>\n<h2>Pol\u00edticas P\u00fablicas para a Juventude Negra<\/h2>\n<p>A juventude negra enfrentou desafios \u00fanicos que precisam ser abordados por pol\u00edticas p\u00fablicas espec\u00edficas. Durante o evento, a necessidade de programas voltados para a promo\u00e7\u00e3o do bem-estar e oportunidades de trabalho para os jovens foi enfatizada. \u00c9 vital que essas pol\u00edticas ajudem a construir um futuro onde a juventude negra possa prosperar sem enfrentamento de discrimina\u00e7\u00e3o e preconceito.<\/p>\n<h2>A Valoriza\u00e7\u00e3o das Tradi\u00e7\u00f5es Religiosas<\/h2>\n<p>Valoriza\u00e7\u00e3o das tradi\u00e7\u00f5es religiosas \u00e9 um componente essencial para promover a igualdade racial. As intera\u00e7\u00f5es entre diferentes cren\u00e7as religiosas e a participa\u00e7\u00e3o ativa das comunidades \u00e9 algo a ser incentivado. A preserva\u00e7\u00e3o das pr\u00e1ticas culturais \u00e9 n\u00e3o apenas uma quest\u00e3o de identidade, mas tamb\u00e9m de resist\u00eancia frente a tentativas de apagamento cultural.<\/p>\n<h2>Pr\u00f3ximos Passos para a Igualdade Racial em Jo\u00e3o Pessoa<\/h2>\n<p>Os pr\u00f3ximos passos na luta pela igualdade racial em Jo\u00e3o Pessoa envolvem um compromisso cont\u00ednuo entre governo e comunidades. A cria\u00e7\u00e3o de mais espa\u00e7os para di\u00e1logo e a implementa\u00e7\u00e3o de pol\u00edticas que atendam \u00e0s demandas discutidas no evento s\u00e3o cruciais. Somente com um trabalho conjunto e integrado ser\u00e1 poss\u00edvel avan\u00e7ar em dire\u00e7\u00e3o a uma sociedade mais justa e igualit\u00e1ria.<\/p>\n\n<div style=\"font-size: 0px; height: 0px; line-height: 0px; margin: 0; padding: 0; clear: both;\"><\/div>","protected":false},"excerpt":{"rendered":"<p>Fortalecimento da igualdade racial \u00e9 o foco de evento entre governo e comunidades.<\/p>\n","protected":false},"author":1,"featured_media":1365,"comment_status":"closed","ping_status":"closed","sticky":false,"template":"","format":"standard","meta":{"footnotes":""},"categories":[1],"tags":[],"class_list":["post-1366","post","type-post","status-publish","format-standard","has-post-thumbnail","hentry","category-noticias-em-joao-pessoa","has_thumb"],"yoast_head":"<!-- This site is optimized with the Yoast SEO plugin v26.4 - https:\/\/yoast.com\/wordpress\/plugins\/seo\/ -->\n<title>Fortalecimento da igualdade racial em Jo\u00e3o Pessoa \u00e9 discutido com representantes do Governo Federal e das comunidades tradicionais - Encontra Jo\u00e3o Pessoa<\/title>\n<meta name=\"robots\" content=\"index, follow, max-snippet:-1, max-image-preview:large, max-video-preview:-1\" \/>\n<link rel=\"canonical\" href=\"https:\/\/www.encontrajoaopessoa.com.br\/sobre\/fortalecimento-da-igualdade-racial-em-joao-pessoa-e-discutido-com-representantes-do-governo-federal-e-das-comunidades-tradicionais\/\" \/>\n<meta property=\"og:locale\" content=\"pt_BR\" \/>\n<meta property=\"og:type\" content=\"article\" \/>\n<meta property=\"og:title\" content=\"Fortalecimento da igualdade racial em Jo\u00e3o Pessoa \u00e9 discutido com representantes do Governo Federal e das comunidades tradicionais - Encontra Jo\u00e3o Pessoa\" \/>\n<meta property=\"og:description\" content=\"Fortalecimento da igualdade racial \u00e9 o foco de evento entre governo e comunidades.\" \/>\n<meta property=\"og:url\" content=\"https:\/\/www.encontrajoaopessoa.com.br\/sobre\/fortalecimento-da-igualdade-racial-em-joao-pessoa-e-discutido-com-representantes-do-governo-federal-e-das-comunidades-tradicionais\/\" \/>\n<meta property=\"og:site_name\" content=\"Encontra Jo\u00e3o Pessoa\" \/>\n<meta property=\"article:published_time\" content=\"2026-04-10T16:56:07+00:00\" \/>\n<meta property=\"og:image\" content=\"https:\/\/www.encontrajoaopessoa.com.br\/sobre\/wp-content\/uploads\/2026\/04\/fortalecimento-da-igualdade-racial-em-joao-pessoa-e-discutido-com-representantes-do-governo-federal-.webp\" \/>\n<meta name=\"author\" content=\"Encontra Jo\u00e3o Pessoa\" \/>\n<meta name=\"twitter:card\" content=\"summary_large_image\" \/>\n<meta name=\"twitter:label1\" content=\"Escrito por\" \/>\n\t<meta name=\"twitter:data1\" content=\"Encontra Jo\u00e3o Pessoa\" \/>\n\t<meta name=\"twitter:label2\" content=\"Est. tempo de leitura\" \/>\n\t<meta name=\"twitter:data2\" content=\"4 minutos\" \/>\n<script type=\"application\/ld+json\" class=\"yoast-schema-graph\">{\"@context\":\"https:\/\/schema.org\",\"@graph\":[{\"@type\":\"WebPage\",\"@id\":\"https:\/\/www.encontrajoaopessoa.com.br\/sobre\/fortalecimento-da-igualdade-racial-em-joao-pessoa-e-discutido-com-representantes-do-governo-federal-e-das-comunidades-tradicionais\/\",\"url\":\"https:\/\/www.encontrajoaopessoa.com.br\/sobre\/fortalecimento-da-igualdade-racial-em-joao-pessoa-e-discutido-com-representantes-do-governo-federal-e-das-comunidades-tradicionais\/\",\"name\":\"Fortalecimento da igualdade racial em Jo\u00e3o Pessoa \u00e9 discutido com representantes do Governo Federal e das comunidades tradicionais - Encontra Jo\u00e3o Pessoa\",\"isPartOf\":{\"@id\":\"https:\/\/www.encontrajoaopessoa.com.br\/sobre\/#website\"},\"primaryImageOfPage\":{\"@id\":\"https:\/\/www.encontrajoaopessoa.com.br\/sobre\/fortalecimento-da-igualdade-racial-em-joao-pessoa-e-discutido-com-representantes-do-governo-federal-e-das-comunidades-tradicionais\/#primaryimage\"},\"image\":{\"@id\":\"https:\/\/www.encontrajoaopessoa.com.br\/sobre\/fortalecimento-da-igualdade-racial-em-joao-pessoa-e-discutido-com-representantes-do-governo-federal-e-das-comunidades-tradicionais\/#primaryimage\"},\"thumbnailUrl\":\"https:\/\/www.encontrajoaopessoa.com.br\/sobre\/wp-content\/uploads\/2026\/04\/fortalecimento-da-igualdade-racial-em-joao-pessoa-e-discutido-com-representantes-do-governo-federal-.webp\",\"datePublished\":\"2026-04-10T16:56:07+00:00\",\"author\":{\"@id\":\"https:\/\/www.encontrajoaopessoa.com.br\/sobre\/#\/schema\/person\/dcf4dbc803217a030dfb489f4a014aca\"},\"breadcrumb\":{\"@id\":\"https:\/\/www.encontrajoaopessoa.com.br\/sobre\/fortalecimento-da-igualdade-racial-em-joao-pessoa-e-discutido-com-representantes-do-governo-federal-e-das-comunidades-tradicionais\/#breadcrumb\"},\"inLanguage\":\"pt-BR\",\"potentialAction\":[{\"@type\":\"ReadAction\",\"target\":[\"https:\/\/www.encontrajoaopessoa.com.br\/sobre\/fortalecimento-da-igualdade-racial-em-joao-pessoa-e-discutido-com-representantes-do-governo-federal-e-das-comunidades-tradicionais\/\"]}]},{\"@type\":\"ImageObject\",\"inLanguage\":\"pt-BR\",\"@id\":\"https:\/\/www.encontrajoaopessoa.com.br\/sobre\/fortalecimento-da-igualdade-racial-em-joao-pessoa-e-discutido-com-representantes-do-governo-federal-e-das-comunidades-tradicionais\/#primaryimage\",\"url\":\"https:\/\/www.encontrajoaopessoa.com.br\/sobre\/wp-content\/uploads\/2026\/04\/fortalecimento-da-igualdade-racial-em-joao-pessoa-e-discutido-com-representantes-do-governo-federal-.webp\",\"contentUrl\":\"https:\/\/www.encontrajoaopessoa.com.br\/sobre\/wp-content\/uploads\/2026\/04\/fortalecimento-da-igualdade-racial-em-joao-pessoa-e-discutido-com-representantes-do-governo-federal-.webp\",\"width\":280,\"height\":280,\"caption\":\"igualdade racial\"},{\"@type\":\"BreadcrumbList\",\"@id\":\"https:\/\/www.encontrajoaopessoa.com.br\/sobre\/fortalecimento-da-igualdade-racial-em-joao-pessoa-e-discutido-com-representantes-do-governo-federal-e-das-comunidades-tradicionais\/#breadcrumb\",\"itemListElement\":[{\"@type\":\"ListItem\",\"position\":1,\"name\":\"In\u00edcio\",\"item\":\"https:\/\/www.encontrajoaopessoa.com.br\/sobre\/\"},{\"@type\":\"ListItem\",\"position\":2,\"name\":\"Fortalecimento da igualdade racial em Jo\u00e3o Pessoa \u00e9 discutido com representantes do Governo Federal e das comunidades tradicionais\"}]},{\"@type\":\"WebSite\",\"@id\":\"https:\/\/www.encontrajoaopessoa.com.br\/sobre\/#website\",\"url\":\"https:\/\/www.encontrajoaopessoa.com.br\/sobre\/\",\"name\":\"Encontra Jo\u00e3o Pessoa\",\"description\":\"Not\u00edcias, eventos, informa\u00e7\u00f5es e dicas na cidade Jo\u00e3o Pessoa e regi\u00e3o.\",\"potentialAction\":[{\"@type\":\"SearchAction\",\"target\":{\"@type\":\"EntryPoint\",\"urlTemplate\":\"https:\/\/www.encontrajoaopessoa.com.br\/sobre\/?s={search_term_string}\"},\"query-input\":{\"@type\":\"PropertyValueSpecification\",\"valueRequired\":true,\"valueName\":\"search_term_string\"}}],\"inLanguage\":\"pt-BR\"},{\"@type\":\"Person\",\"@id\":\"https:\/\/www.encontrajoaopessoa.com.br\/sobre\/#\/schema\/person\/dcf4dbc803217a030dfb489f4a014aca\",\"name\":\"Encontra Jo\u00e3o Pessoa\",\"image\":{\"@type\":\"ImageObject\",\"inLanguage\":\"pt-BR\",\"@id\":\"https:\/\/www.encontrajoaopessoa.com.br\/sobre\/#\/schema\/person\/image\/\",\"url\":\"https:\/\/secure.gravatar.com\/avatar\/507340682b8270222e1f208e23198b6ae7e2c6a1033ae84e99bc6bce4f82a387?s=96&d=mm&r=g\",\"contentUrl\":\"https:\/\/secure.gravatar.com\/avatar\/507340682b8270222e1f208e23198b6ae7e2c6a1033ae84e99bc6bce4f82a387?s=96&d=mm&r=g\",\"caption\":\"Encontra Jo\u00e3o Pessoa\"},\"url\":\"https:\/\/www.encontrajoaopessoa.com.br\/sobre\/author\/ejoaopessoa\/\"}]}<\/script>\n<!-- \/ Yoast SEO plugin. -->","yoast_head_json":{"title":"Fortalecimento da igualdade racial em Jo\u00e3o Pessoa \u00e9 discutido com representantes do Governo Federal e das comunidades tradicionais - Encontra Jo\u00e3o Pessoa","robots":{"index":"index","follow":"follow","max-snippet":"max-snippet:-1","max-image-preview":"max-image-preview:large","max-video-preview":"max-video-preview:-1"},"canonical":"https:\/\/www.encontrajoaopessoa.com.br\/sobre\/fortalecimento-da-igualdade-racial-em-joao-pessoa-e-discutido-com-representantes-do-governo-federal-e-das-comunidades-tradicionais\/","og_locale":"pt_BR","og_type":"article","og_title":"Fortalecimento da igualdade racial em Jo\u00e3o Pessoa \u00e9 discutido com representantes do Governo Federal e das comunidades tradicionais - Encontra Jo\u00e3o Pessoa","og_description":"Fortalecimento da igualdade racial \u00e9 o foco de evento entre governo e comunidades.","og_url":"https:\/\/www.encontrajoaopessoa.com.br\/sobre\/fortalecimento-da-igualdade-racial-em-joao-pessoa-e-discutido-com-representantes-do-governo-federal-e-das-comunidades-tradicionais\/","og_site_name":"Encontra Jo\u00e3o Pessoa","article_published_time":"2026-04-10T16:56:07+00:00","og_image":[{"url":"https:\/\/www.encontrajoaopessoa.com.br\/sobre\/wp-content\/uploads\/2026\/04\/fortalecimento-da-igualdade-racial-em-joao-pessoa-e-discutido-com-representantes-do-governo-federal-.webp","type":"","width":"","height":""}],"author":"Encontra Jo\u00e3o Pessoa","twitter_card":"summary_large_image","twitter_misc":{"Escrito por":"Encontra Jo\u00e3o Pessoa","Est. tempo de leitura":"4 minutos"},"schema":{"@context":"https:\/\/schema.org","@graph":[{"@type":"WebPage","@id":"https:\/\/www.encontrajoaopessoa.com.br\/sobre\/fortalecimento-da-igualdade-racial-em-joao-pessoa-e-discutido-com-representantes-do-governo-federal-e-das-comunidades-tradicionais\/","url":"https:\/\/www.encontrajoaopessoa.com.br\/sobre\/fortalecimento-da-igualdade-racial-em-joao-pessoa-e-discutido-com-representantes-do-governo-federal-e-das-comunidades-tradicionais\/","name":"Fortalecimento da igualdade racial em Jo\u00e3o Pessoa \u00e9 discutido com representantes do Governo Federal e das comunidades tradicionais - Encontra Jo\u00e3o Pessoa","isPartOf":{"@id":"https:\/\/www.encontrajoaopessoa.com.br\/sobre\/#website"},"primaryImageOfPage":{"@id":"https:\/\/www.encontrajoaopessoa.com.br\/sobre\/fortalecimento-da-igualdade-racial-em-joao-pessoa-e-discutido-com-representantes-do-governo-federal-e-das-comunidades-tradicionais\/#primaryimage"},"image":{"@id":"https:\/\/www.encontrajoaopessoa.com.br\/sobre\/fortalecimento-da-igualdade-racial-em-joao-pessoa-e-discutido-com-representantes-do-governo-federal-e-das-comunidades-tradicionais\/#primaryimage"},"thumbnailUrl":"https:\/\/www.encontrajoaopessoa.com.br\/sobre\/wp-content\/uploads\/2026\/04\/fortalecimento-da-igualdade-racial-em-joao-pessoa-e-discutido-com-representantes-do-governo-federal-.webp","datePublished":"2026-04-10T16:56:07+00:00","author":{"@id":"https:\/\/www.encontrajoaopessoa.com.br\/sobre\/#\/schema\/person\/dcf4dbc803217a030dfb489f4a014aca"},"breadcrumb":{"@id":"https:\/\/www.encontrajoaopessoa.com.br\/sobre\/fortalecimento-da-igualdade-racial-em-joao-pessoa-e-discutido-com-representantes-do-governo-federal-e-das-comunidades-tradicionais\/#breadcrumb"},"inLanguage":"pt-BR","potentialAction":[{"@type":"ReadAction","target":["https:\/\/www.encontrajoaopessoa.com.br\/sobre\/fortalecimento-da-igualdade-racial-em-joao-pessoa-e-discutido-com-representantes-do-governo-federal-e-das-comunidades-tradicionais\/"]}]},{"@type":"ImageObject","inLanguage":"pt-BR","@id":"https:\/\/www.encontrajoaopessoa.com.br\/sobre\/fortalecimento-da-igualdade-racial-em-joao-pessoa-e-discutido-com-representantes-do-governo-federal-e-das-comunidades-tradicionais\/#primaryimage","url":"https:\/\/www.encontrajoaopessoa.com.br\/sobre\/wp-content\/uploads\/2026\/04\/fortalecimento-da-igualdade-racial-em-joao-pessoa-e-discutido-com-representantes-do-governo-federal-.webp","contentUrl":"https:\/\/www.encontrajoaopessoa.com.br\/sobre\/wp-content\/uploads\/2026\/04\/fortalecimento-da-igualdade-racial-em-joao-pessoa-e-discutido-com-representantes-do-governo-federal-.webp","width":280,"height":280,"caption":"igualdade racial"},{"@type":"BreadcrumbList","@id":"https:\/\/www.encontrajoaopessoa.com.br\/sobre\/fortalecimento-da-igualdade-racial-em-joao-pessoa-e-discutido-com-representantes-do-governo-federal-e-das-comunidades-tradicionais\/#breadcrumb","itemListElement":[{"@type":"ListItem","position":1,"name":"In\u00edcio","item":"https:\/\/www.encontrajoaopessoa.com.br\/sobre\/"},{"@type":"ListItem","position":2,"name":"Fortalecimento da igualdade racial em Jo\u00e3o Pessoa \u00e9 discutido com representantes do Governo Federal e das comunidades tradicionais"}]},{"@type":"WebSite","@id":"https:\/\/www.encontrajoaopessoa.com.br\/sobre\/#website","url":"https:\/\/www.encontrajoaopessoa.com.br\/sobre\/","name":"Encontra Jo\u00e3o Pessoa","description":"Not\u00edcias, eventos, informa\u00e7\u00f5es e dicas na cidade Jo\u00e3o Pessoa e regi\u00e3o.","potentialAction":[{"@type":"SearchAction","target":{"@type":"EntryPoint","urlTemplate":"https:\/\/www.encontrajoaopessoa.com.br\/sobre\/?s={search_term_string}"},"query-input":{"@type":"PropertyValueSpecification","valueRequired":true,"valueName":"search_term_string"}}],"inLanguage":"pt-BR"},{"@type":"Person","@id":"https:\/\/www.encontrajoaopessoa.com.br\/sobre\/#\/schema\/person\/dcf4dbc803217a030dfb489f4a014aca","name":"Encontra Jo\u00e3o Pessoa","image":{"@type":"ImageObject","inLanguage":"pt-BR","@id":"https:\/\/www.encontrajoaopessoa.com.br\/sobre\/#\/schema\/person\/image\/","url":"https:\/\/secure.gravatar.com\/avatar\/507340682b8270222e1f208e23198b6ae7e2c6a1033ae84e99bc6bce4f82a387?s=96&d=mm&r=g","contentUrl":"https:\/\/secure.gravatar.com\/avatar\/507340682b8270222e1f208e23198b6ae7e2c6a1033ae84e99bc6bce4f82a387?s=96&d=mm&r=g","caption":"Encontra Jo\u00e3o Pessoa"},"url":"https:\/\/www.encontrajoaopessoa.com.br\/sobre\/author\/ejoaopessoa\/"}]}},"_links":{"self":[{"href":"https:\/\/www.encontrajoaopessoa.com.br\/sobre\/wp-json\/wp\/v2\/posts\/1366","targetHints":{"allow":["GET"]}}],"collection":[{"href":"https:\/\/www.encontrajoaopessoa.com.br\/sobre\/wp-json\/wp\/v2\/posts"}],"about":[{"href":"https:\/\/www.encontrajoaopessoa.com.br\/sobre\/wp-json\/wp\/v2\/types\/post"}],"author":[{"embeddable":true,"href":"https:\/\/www.encontrajoaopessoa.com.br\/sobre\/wp-json\/wp\/v2\/users\/1"}],"replies":[{"embeddable":true,"href":"https:\/\/www.encontrajoaopessoa.com.br\/sobre\/wp-json\/wp\/v2\/comments?post=1366"}],"version-history":[{"count":0,"href":"https:\/\/www.encontrajoaopessoa.com.br\/sobre\/wp-json\/wp\/v2\/posts\/1366\/revisions"}],"wp:featuredmedia":[{"embeddable":true,"href":"https:\/\/www.encontrajoaopessoa.com.br\/sobre\/wp-json\/wp\/v2\/media\/1365"}],"wp:attachment":[{"href":"https:\/\/www.encontrajoaopessoa.com.br\/sobre\/wp-json\/wp\/v2\/media?parent=1366"}],"wp:term":[{"taxonomy":"category","embeddable":true,"href":"https:\/\/www.encontrajoaopessoa.com.br\/sobre\/wp-json\/wp\/v2\/categories?post=1366"},{"taxonomy":"post_tag","embeddable":true,"href":"https:\/\/www.encontrajoaopessoa.com.br\/sobre\/wp-json\/wp\/v2\/tags?post=1366"}],"curies":[{"name":"wp","href":"https:\/\/api.w.org\/{rel}","templated":true}]}}