{"id":1364,"date":"2026-04-10T13:54:28","date_gmt":"2026-04-10T16:54:28","guid":{"rendered":"https:\/\/www.encontrajoaopessoa.com.br\/sobre\/joao-pessoa-intensifica-acoes-conjuntas-para-proteger-falesias-da-penha-e-o-rio-do-cabelo\/"},"modified":"2026-04-10T13:54:28","modified_gmt":"2026-04-10T16:54:28","slug":"joao-pessoa-intensifica-acoes-conjuntas-para-proteger-falesias-da-penha-e-o-rio-do-cabelo","status":"publish","type":"post","link":"https:\/\/www.encontrajoaopessoa.com.br\/sobre\/joao-pessoa-intensifica-acoes-conjuntas-para-proteger-falesias-da-penha-e-o-rio-do-cabelo\/","title":{"rendered":"Jo\u00e3o Pessoa intensifica a\u00e7\u00f5es conjuntas para proteger fal\u00e9sias da Penha e o Rio do Cabelo"},"content":{"rendered":"<div class=\"866aa4a7c674253f40eaa20e0e3e928c\" data-index=\"1\" style=\"float: none; margin:0px;\">\n<!-- Anuncio display - global -->\r\n<ins class=\"adsbygoogle\"\r\n     style=\"display:block\"\r\n     data-ad-client=\"ca-pub-8585364105181520\"\r\n     data-ad-slot=\"8789329856\"\r\n     data-ad-format=\"auto\"\r\n     data-full-width-responsive=\"true\"><\/ins>\r\n<script>\r\n     (adsbygoogle = window.adsbygoogle || []).push({});\r\n<\/script>\n<\/div>\n<h2>A\u00e7\u00f5es de Preserva\u00e7\u00e3o em Jo\u00e3o Pessoa<\/h2>\n<p>A Prefeitura de Jo\u00e3o Pessoa est\u00e1 dedicada \u00e0 implementa\u00e7\u00e3o de diversas a\u00e7\u00f5es que visam a preserva\u00e7\u00e3o ambiental. Recentemente, um esfor\u00e7o conjunto foi realizado para discutir planos voltados para a prote\u00e7\u00e3o das fal\u00e9sias da Penha e do Rio do Cabelo. Este encontro intersetorial envolveu a colabora\u00e7\u00e3o entre v\u00e1rias secretarias e entidades, evidenciando a import\u00e2ncia de uma abordagem integrada para a preserva\u00e7\u00e3o dos recursos naturais.<\/p>\n<h2>Import\u00e2ncia das Fal\u00e9sias para o Ecossistema<\/h2>\n<p>As fal\u00e9sias da Penha desempenham um papel crucial dentro do ecossistema local. Elas n\u00e3o apenas s\u00e3o ber\u00e7\u00e1rios de biodiversidade, mas tamb\u00e9m atuam como barreiras naturais, prevenindo eros\u00f5es e servindo de abrigo para diversas esp\u00e9cies. Esses ambientes s\u00e3o fundamentais para o equil\u00edbrio ecol\u00f3gico da regi\u00e3o, o que torna sua prote\u00e7\u00e3o ainda mais essencial.<\/p>\n<h2>Colabora\u00e7\u00e3o Intersetorial na Preserva\u00e7\u00e3o<\/h2>\n<p>O di\u00e1logo e a coopera\u00e7\u00e3o entre diferentes \u00f3rg\u00e3os p\u00fablicos s\u00e3o fundamentais para garantir a efic\u00e1cia das iniciativas de preserva\u00e7\u00e3o. A recente reuni\u00e3o no Aqu\u00e1rio Para\u00edba reuniu representantes da Secretaria Executiva de Participa\u00e7\u00e3o Popular e outras entidades, como a C\u00e2mara Municipal de Jo\u00e3o Pessoa e a Arquidiocese da Para\u00edba. Essa import\u00e2ncia da colabora\u00e7\u00e3o foi enfatizada pelo secret\u00e1rio de Participa\u00e7\u00e3o Popular, Gilvanildo Pereira, que destacou a relev\u00e2ncia de unir esfor\u00e7os para enfrentar desafios ambientais.<\/p>\n<p><img decoding=\"async\" src=\"https:\/\/www.encontrajoaopessoa.com.br\/sobre\/wp-content\/uploads\/2026\/04\/joao-pessoa-intensifica-acoes-conjuntas-para-proteger-falesias-da-penha-e-o-rio-do-cabelo.webp\" alt=\"preserva\u00e7\u00e3o ambiental\" loading=\"lazy\" \/><\/p>\n<h2>Resultados Esperados das Novas Iniciativas<\/h2>\n<p>Entre as a\u00e7\u00f5es discutidas, destacam-se medidas de monitoramento e fiscaliza\u00e7\u00e3o das \u00e1reas sens\u00edveis, al\u00e9m de programas de educa\u00e7\u00e3o ambiental para a comunidade. Espera-se que essas iniciativas promovam a conscientiza\u00e7\u00e3o e o engajamento da popula\u00e7\u00e3o, resultando em uma gest\u00e3o ambiental mais efetiva e respons\u00e1vel.<\/p>\n<h2>Desafios na Prote\u00e7\u00e3o Ambiental<\/h2>\n<p>Embora haja um forte compromisso de todos os envolvidos, a prote\u00e7\u00e3o ambiental enfrenta diversos desafios. As press\u00f5es urbanas, a expans\u00e3o imobili\u00e1ria e pr\u00e1ticas inadequadas de uso do solo s\u00e3o quest\u00f5es que exigem uma aten\u00e7\u00e3o constante. A necessidade de implementar pol\u00edticas p\u00fablicas eficazes que gerenciem esses conflitos \u00e9 premente.<\/p>\n<h2>O Papel da Comunidade na Preserva\u00e7\u00e3o<\/h2>\n<p>A participa\u00e7\u00e3o da comunidade \u00e9 um ingrediente vital para o sucesso de qualquer iniciativa de preserva\u00e7\u00e3o. Atrav\u00e9s de programas de conscientiza\u00e7\u00e3o e envolvimento direto nas a\u00e7\u00f5es de monitoramento e limpeza, a popula\u00e7\u00e3o pode ajudar a proteger as fal\u00e9sias e o Rio do Cabelo. Isso n\u00e3o s\u00f3 contribui para a preserva\u00e7\u00e3o dos ecossistemas locais, mas tamb\u00e9m fortalece o senso de pertencimento e responsabilidade ambiental.<\/p>\n<h2>Reuni\u00f5es e Planos de A\u00e7\u00e3o<\/h2>\n<p>O encontro realizado no Aqu\u00e1rio Para\u00edba \u00e9 apenas o in\u00edcio de um plano de a\u00e7\u00e3o cont\u00ednuo. Novas reuni\u00f5es est\u00e3o programadas para dar seguimento \u00e0s propostas discutidas, permitindo uma adapta\u00e7\u00e3o cont\u00ednua e um acompanhamento das iniciativas. A associa\u00e7\u00e3o entre diferentes setores da administra\u00e7\u00e3o p\u00fablica \u00e9 essencial para garantir a implementa\u00e7\u00e3o pr\u00e1tica das a\u00e7\u00f5es decididas.<\/p>\n<h2>Parcerias Estruturais para a Prote\u00e7\u00e3o<\/h2>\n<p>As parcerias formadas entre as diversas secretarias e organiza\u00e7\u00f5es parceiras s\u00e3o estruturais para a efic\u00e1cia das iniciativas. Entidades como a Secretaria de Desenvolvimento Social, a Secretaria de Meio Ambiente e a Pol\u00edcia Militar da Para\u00edba s\u00e3o fundamentais para assegurar que as a\u00e7\u00f5es sejam completas e abrangentes, garantindo um desenvolvimento sustent\u00e1vel para a cidade.<\/p>\n<h2>Monitoramento e Fiscaliza\u00e7\u00e3o Eficaz<\/h2>\n<p>Outra preocupa\u00e7\u00e3o relevante discutida durante a reuni\u00e3o \u00e9 a efic\u00e1cia no monitoramento das \u00e1reas e a fiscaliza\u00e7\u00e3o de atividades que possam comprometer a integridade ambiental. A cria\u00e7\u00e3o de um sistema de monitoramento cont\u00ednuo \u00e9 necess\u00e1ria para identificar e mitigar riscos em tempo h\u00e1bil. Isso inclui a elabora\u00e7\u00e3o de relat\u00f3rios e a implementa\u00e7\u00e3o de um cronograma de avalia\u00e7\u00f5es peri\u00f3dicas.<\/p>\n<h2>Compromisso da Prefeitura com a Sustentabilidade<\/h2>\n<p>A administra\u00e7\u00e3o de Jo\u00e3o Pessoa reafirma seu compromisso com a sustentabilidade e prote\u00e7\u00e3o ambiental, promovendo uma gest\u00e3o que prioriza a sa\u00fade do ecossistema. Esse esfor\u00e7o cont\u00ednuo envolve n\u00e3o apenas interven\u00e7\u00f5es pr\u00e1ticas, mas tamb\u00e9m um empenho em mudar a mentalidade da popula\u00e7\u00e3o em rela\u00e7\u00e3o ao meio ambiente. Ao promover a educa\u00e7\u00e3o e conscientiza\u00e7\u00e3o, a cidade busca garantir um futuro mais verde e saud\u00e1vel para todos os seus habitantes.<\/p>\n\n<div style=\"font-size: 0px; height: 0px; line-height: 0px; margin: 0; padding: 0; clear: both;\"><\/div>","protected":false},"excerpt":{"rendered":"<p>Jo\u00e3o Pessoa intensifica a\u00e7\u00f5es para proteger as fal\u00e9sias da Penha e o Rio do Cabelo.<\/p>\n","protected":false},"author":1,"featured_media":1363,"comment_status":"closed","ping_status":"closed","sticky":false,"template":"","format":"standard","meta":{"footnotes":""},"categories":[1],"tags":[],"class_list":["post-1364","post","type-post","status-publish","format-standard","has-post-thumbnail","hentry","category-noticias-em-joao-pessoa","has_thumb"],"yoast_head":"<!-- This site is optimized with the Yoast SEO plugin v26.4 - https:\/\/yoast.com\/wordpress\/plugins\/seo\/ -->\n<title>Jo\u00e3o Pessoa intensifica a\u00e7\u00f5es conjuntas para proteger fal\u00e9sias da Penha e o Rio do Cabelo - Encontra Jo\u00e3o Pessoa<\/title>\n<meta name=\"robots\" content=\"index, follow, max-snippet:-1, max-image-preview:large, max-video-preview:-1\" \/>\n<link rel=\"canonical\" href=\"https:\/\/www.encontrajoaopessoa.com.br\/sobre\/joao-pessoa-intensifica-acoes-conjuntas-para-proteger-falesias-da-penha-e-o-rio-do-cabelo\/\" \/>\n<meta property=\"og:locale\" content=\"pt_BR\" \/>\n<meta property=\"og:type\" content=\"article\" \/>\n<meta property=\"og:title\" content=\"Jo\u00e3o Pessoa intensifica a\u00e7\u00f5es conjuntas para proteger fal\u00e9sias da Penha e o Rio do Cabelo - Encontra Jo\u00e3o Pessoa\" \/>\n<meta property=\"og:description\" content=\"Jo\u00e3o Pessoa intensifica a\u00e7\u00f5es para proteger as fal\u00e9sias da Penha e o Rio do Cabelo.\" \/>\n<meta property=\"og:url\" content=\"https:\/\/www.encontrajoaopessoa.com.br\/sobre\/joao-pessoa-intensifica-acoes-conjuntas-para-proteger-falesias-da-penha-e-o-rio-do-cabelo\/\" \/>\n<meta property=\"og:site_name\" content=\"Encontra Jo\u00e3o Pessoa\" \/>\n<meta property=\"article:published_time\" content=\"2026-04-10T16:54:28+00:00\" \/>\n<meta property=\"og:image\" content=\"https:\/\/www.encontrajoaopessoa.com.br\/sobre\/wp-content\/uploads\/2026\/04\/joao-pessoa-intensifica-acoes-conjuntas-para-proteger-falesias-da-penha-e-o-rio-do-cabelo.webp\" \/>\n<meta name=\"author\" content=\"Encontra Jo\u00e3o Pessoa\" \/>\n<meta name=\"twitter:card\" content=\"summary_large_image\" \/>\n<meta name=\"twitter:label1\" content=\"Escrito por\" \/>\n\t<meta name=\"twitter:data1\" content=\"Encontra Jo\u00e3o Pessoa\" \/>\n\t<meta name=\"twitter:label2\" content=\"Est. tempo de leitura\" \/>\n\t<meta name=\"twitter:data2\" content=\"4 minutos\" \/>\n<script type=\"application\/ld+json\" class=\"yoast-schema-graph\">{\"@context\":\"https:\/\/schema.org\",\"@graph\":[{\"@type\":\"WebPage\",\"@id\":\"https:\/\/www.encontrajoaopessoa.com.br\/sobre\/joao-pessoa-intensifica-acoes-conjuntas-para-proteger-falesias-da-penha-e-o-rio-do-cabelo\/\",\"url\":\"https:\/\/www.encontrajoaopessoa.com.br\/sobre\/joao-pessoa-intensifica-acoes-conjuntas-para-proteger-falesias-da-penha-e-o-rio-do-cabelo\/\",\"name\":\"Jo\u00e3o Pessoa intensifica a\u00e7\u00f5es conjuntas para proteger fal\u00e9sias da Penha e o Rio do Cabelo - Encontra Jo\u00e3o Pessoa\",\"isPartOf\":{\"@id\":\"https:\/\/www.encontrajoaopessoa.com.br\/sobre\/#website\"},\"primaryImageOfPage\":{\"@id\":\"https:\/\/www.encontrajoaopessoa.com.br\/sobre\/joao-pessoa-intensifica-acoes-conjuntas-para-proteger-falesias-da-penha-e-o-rio-do-cabelo\/#primaryimage\"},\"image\":{\"@id\":\"https:\/\/www.encontrajoaopessoa.com.br\/sobre\/joao-pessoa-intensifica-acoes-conjuntas-para-proteger-falesias-da-penha-e-o-rio-do-cabelo\/#primaryimage\"},\"thumbnailUrl\":\"https:\/\/www.encontrajoaopessoa.com.br\/sobre\/wp-content\/uploads\/2026\/04\/joao-pessoa-intensifica-acoes-conjuntas-para-proteger-falesias-da-penha-e-o-rio-do-cabelo.webp\",\"datePublished\":\"2026-04-10T16:54:28+00:00\",\"author\":{\"@id\":\"https:\/\/www.encontrajoaopessoa.com.br\/sobre\/#\/schema\/person\/dcf4dbc803217a030dfb489f4a014aca\"},\"breadcrumb\":{\"@id\":\"https:\/\/www.encontrajoaopessoa.com.br\/sobre\/joao-pessoa-intensifica-acoes-conjuntas-para-proteger-falesias-da-penha-e-o-rio-do-cabelo\/#breadcrumb\"},\"inLanguage\":\"pt-BR\",\"potentialAction\":[{\"@type\":\"ReadAction\",\"target\":[\"https:\/\/www.encontrajoaopessoa.com.br\/sobre\/joao-pessoa-intensifica-acoes-conjuntas-para-proteger-falesias-da-penha-e-o-rio-do-cabelo\/\"]}]},{\"@type\":\"ImageObject\",\"inLanguage\":\"pt-BR\",\"@id\":\"https:\/\/www.encontrajoaopessoa.com.br\/sobre\/joao-pessoa-intensifica-acoes-conjuntas-para-proteger-falesias-da-penha-e-o-rio-do-cabelo\/#primaryimage\",\"url\":\"https:\/\/www.encontrajoaopessoa.com.br\/sobre\/wp-content\/uploads\/2026\/04\/joao-pessoa-intensifica-acoes-conjuntas-para-proteger-falesias-da-penha-e-o-rio-do-cabelo.webp\",\"contentUrl\":\"https:\/\/www.encontrajoaopessoa.com.br\/sobre\/wp-content\/uploads\/2026\/04\/joao-pessoa-intensifica-acoes-conjuntas-para-proteger-falesias-da-penha-e-o-rio-do-cabelo.webp\",\"width\":280,\"height\":280,\"caption\":\"preserva\u00e7\u00e3o ambiental\"},{\"@type\":\"BreadcrumbList\",\"@id\":\"https:\/\/www.encontrajoaopessoa.com.br\/sobre\/joao-pessoa-intensifica-acoes-conjuntas-para-proteger-falesias-da-penha-e-o-rio-do-cabelo\/#breadcrumb\",\"itemListElement\":[{\"@type\":\"ListItem\",\"position\":1,\"name\":\"In\u00edcio\",\"item\":\"https:\/\/www.encontrajoaopessoa.com.br\/sobre\/\"},{\"@type\":\"ListItem\",\"position\":2,\"name\":\"Jo\u00e3o Pessoa intensifica a\u00e7\u00f5es conjuntas para proteger fal\u00e9sias da Penha e o Rio do Cabelo\"}]},{\"@type\":\"WebSite\",\"@id\":\"https:\/\/www.encontrajoaopessoa.com.br\/sobre\/#website\",\"url\":\"https:\/\/www.encontrajoaopessoa.com.br\/sobre\/\",\"name\":\"Encontra Jo\u00e3o Pessoa\",\"description\":\"Not\u00edcias, eventos, informa\u00e7\u00f5es e dicas na cidade Jo\u00e3o Pessoa e regi\u00e3o.\",\"potentialAction\":[{\"@type\":\"SearchAction\",\"target\":{\"@type\":\"EntryPoint\",\"urlTemplate\":\"https:\/\/www.encontrajoaopessoa.com.br\/sobre\/?s={search_term_string}\"},\"query-input\":{\"@type\":\"PropertyValueSpecification\",\"valueRequired\":true,\"valueName\":\"search_term_string\"}}],\"inLanguage\":\"pt-BR\"},{\"@type\":\"Person\",\"@id\":\"https:\/\/www.encontrajoaopessoa.com.br\/sobre\/#\/schema\/person\/dcf4dbc803217a030dfb489f4a014aca\",\"name\":\"Encontra Jo\u00e3o Pessoa\",\"image\":{\"@type\":\"ImageObject\",\"inLanguage\":\"pt-BR\",\"@id\":\"https:\/\/www.encontrajoaopessoa.com.br\/sobre\/#\/schema\/person\/image\/\",\"url\":\"https:\/\/secure.gravatar.com\/avatar\/507340682b8270222e1f208e23198b6ae7e2c6a1033ae84e99bc6bce4f82a387?s=96&d=mm&r=g\",\"contentUrl\":\"https:\/\/secure.gravatar.com\/avatar\/507340682b8270222e1f208e23198b6ae7e2c6a1033ae84e99bc6bce4f82a387?s=96&d=mm&r=g\",\"caption\":\"Encontra Jo\u00e3o Pessoa\"},\"url\":\"https:\/\/www.encontrajoaopessoa.com.br\/sobre\/author\/ejoaopessoa\/\"}]}<\/script>\n<!-- \/ Yoast SEO plugin. -->","yoast_head_json":{"title":"Jo\u00e3o Pessoa intensifica a\u00e7\u00f5es conjuntas para proteger fal\u00e9sias da Penha e o Rio do Cabelo - Encontra Jo\u00e3o Pessoa","robots":{"index":"index","follow":"follow","max-snippet":"max-snippet:-1","max-image-preview":"max-image-preview:large","max-video-preview":"max-video-preview:-1"},"canonical":"https:\/\/www.encontrajoaopessoa.com.br\/sobre\/joao-pessoa-intensifica-acoes-conjuntas-para-proteger-falesias-da-penha-e-o-rio-do-cabelo\/","og_locale":"pt_BR","og_type":"article","og_title":"Jo\u00e3o Pessoa intensifica a\u00e7\u00f5es conjuntas para proteger fal\u00e9sias da Penha e o Rio do Cabelo - Encontra Jo\u00e3o Pessoa","og_description":"Jo\u00e3o Pessoa intensifica a\u00e7\u00f5es para proteger as fal\u00e9sias da Penha e o Rio do Cabelo.","og_url":"https:\/\/www.encontrajoaopessoa.com.br\/sobre\/joao-pessoa-intensifica-acoes-conjuntas-para-proteger-falesias-da-penha-e-o-rio-do-cabelo\/","og_site_name":"Encontra Jo\u00e3o Pessoa","article_published_time":"2026-04-10T16:54:28+00:00","og_image":[{"url":"https:\/\/www.encontrajoaopessoa.com.br\/sobre\/wp-content\/uploads\/2026\/04\/joao-pessoa-intensifica-acoes-conjuntas-para-proteger-falesias-da-penha-e-o-rio-do-cabelo.webp","type":"","width":"","height":""}],"author":"Encontra Jo\u00e3o Pessoa","twitter_card":"summary_large_image","twitter_misc":{"Escrito por":"Encontra Jo\u00e3o Pessoa","Est. tempo de leitura":"4 minutos"},"schema":{"@context":"https:\/\/schema.org","@graph":[{"@type":"WebPage","@id":"https:\/\/www.encontrajoaopessoa.com.br\/sobre\/joao-pessoa-intensifica-acoes-conjuntas-para-proteger-falesias-da-penha-e-o-rio-do-cabelo\/","url":"https:\/\/www.encontrajoaopessoa.com.br\/sobre\/joao-pessoa-intensifica-acoes-conjuntas-para-proteger-falesias-da-penha-e-o-rio-do-cabelo\/","name":"Jo\u00e3o Pessoa intensifica a\u00e7\u00f5es conjuntas para proteger fal\u00e9sias da Penha e o Rio do Cabelo - Encontra Jo\u00e3o Pessoa","isPartOf":{"@id":"https:\/\/www.encontrajoaopessoa.com.br\/sobre\/#website"},"primaryImageOfPage":{"@id":"https:\/\/www.encontrajoaopessoa.com.br\/sobre\/joao-pessoa-intensifica-acoes-conjuntas-para-proteger-falesias-da-penha-e-o-rio-do-cabelo\/#primaryimage"},"image":{"@id":"https:\/\/www.encontrajoaopessoa.com.br\/sobre\/joao-pessoa-intensifica-acoes-conjuntas-para-proteger-falesias-da-penha-e-o-rio-do-cabelo\/#primaryimage"},"thumbnailUrl":"https:\/\/www.encontrajoaopessoa.com.br\/sobre\/wp-content\/uploads\/2026\/04\/joao-pessoa-intensifica-acoes-conjuntas-para-proteger-falesias-da-penha-e-o-rio-do-cabelo.webp","datePublished":"2026-04-10T16:54:28+00:00","author":{"@id":"https:\/\/www.encontrajoaopessoa.com.br\/sobre\/#\/schema\/person\/dcf4dbc803217a030dfb489f4a014aca"},"breadcrumb":{"@id":"https:\/\/www.encontrajoaopessoa.com.br\/sobre\/joao-pessoa-intensifica-acoes-conjuntas-para-proteger-falesias-da-penha-e-o-rio-do-cabelo\/#breadcrumb"},"inLanguage":"pt-BR","potentialAction":[{"@type":"ReadAction","target":["https:\/\/www.encontrajoaopessoa.com.br\/sobre\/joao-pessoa-intensifica-acoes-conjuntas-para-proteger-falesias-da-penha-e-o-rio-do-cabelo\/"]}]},{"@type":"ImageObject","inLanguage":"pt-BR","@id":"https:\/\/www.encontrajoaopessoa.com.br\/sobre\/joao-pessoa-intensifica-acoes-conjuntas-para-proteger-falesias-da-penha-e-o-rio-do-cabelo\/#primaryimage","url":"https:\/\/www.encontrajoaopessoa.com.br\/sobre\/wp-content\/uploads\/2026\/04\/joao-pessoa-intensifica-acoes-conjuntas-para-proteger-falesias-da-penha-e-o-rio-do-cabelo.webp","contentUrl":"https:\/\/www.encontrajoaopessoa.com.br\/sobre\/wp-content\/uploads\/2026\/04\/joao-pessoa-intensifica-acoes-conjuntas-para-proteger-falesias-da-penha-e-o-rio-do-cabelo.webp","width":280,"height":280,"caption":"preserva\u00e7\u00e3o ambiental"},{"@type":"BreadcrumbList","@id":"https:\/\/www.encontrajoaopessoa.com.br\/sobre\/joao-pessoa-intensifica-acoes-conjuntas-para-proteger-falesias-da-penha-e-o-rio-do-cabelo\/#breadcrumb","itemListElement":[{"@type":"ListItem","position":1,"name":"In\u00edcio","item":"https:\/\/www.encontrajoaopessoa.com.br\/sobre\/"},{"@type":"ListItem","position":2,"name":"Jo\u00e3o Pessoa intensifica a\u00e7\u00f5es conjuntas para proteger fal\u00e9sias da Penha e o Rio do Cabelo"}]},{"@type":"WebSite","@id":"https:\/\/www.encontrajoaopessoa.com.br\/sobre\/#website","url":"https:\/\/www.encontrajoaopessoa.com.br\/sobre\/","name":"Encontra Jo\u00e3o Pessoa","description":"Not\u00edcias, eventos, informa\u00e7\u00f5es e dicas na cidade Jo\u00e3o Pessoa e regi\u00e3o.","potentialAction":[{"@type":"SearchAction","target":{"@type":"EntryPoint","urlTemplate":"https:\/\/www.encontrajoaopessoa.com.br\/sobre\/?s={search_term_string}"},"query-input":{"@type":"PropertyValueSpecification","valueRequired":true,"valueName":"search_term_string"}}],"inLanguage":"pt-BR"},{"@type":"Person","@id":"https:\/\/www.encontrajoaopessoa.com.br\/sobre\/#\/schema\/person\/dcf4dbc803217a030dfb489f4a014aca","name":"Encontra Jo\u00e3o Pessoa","image":{"@type":"ImageObject","inLanguage":"pt-BR","@id":"https:\/\/www.encontrajoaopessoa.com.br\/sobre\/#\/schema\/person\/image\/","url":"https:\/\/secure.gravatar.com\/avatar\/507340682b8270222e1f208e23198b6ae7e2c6a1033ae84e99bc6bce4f82a387?s=96&d=mm&r=g","contentUrl":"https:\/\/secure.gravatar.com\/avatar\/507340682b8270222e1f208e23198b6ae7e2c6a1033ae84e99bc6bce4f82a387?s=96&d=mm&r=g","caption":"Encontra Jo\u00e3o Pessoa"},"url":"https:\/\/www.encontrajoaopessoa.com.br\/sobre\/author\/ejoaopessoa\/"}]}},"_links":{"self":[{"href":"https:\/\/www.encontrajoaopessoa.com.br\/sobre\/wp-json\/wp\/v2\/posts\/1364","targetHints":{"allow":["GET"]}}],"collection":[{"href":"https:\/\/www.encontrajoaopessoa.com.br\/sobre\/wp-json\/wp\/v2\/posts"}],"about":[{"href":"https:\/\/www.encontrajoaopessoa.com.br\/sobre\/wp-json\/wp\/v2\/types\/post"}],"author":[{"embeddable":true,"href":"https:\/\/www.encontrajoaopessoa.com.br\/sobre\/wp-json\/wp\/v2\/users\/1"}],"replies":[{"embeddable":true,"href":"https:\/\/www.encontrajoaopessoa.com.br\/sobre\/wp-json\/wp\/v2\/comments?post=1364"}],"version-history":[{"count":0,"href":"https:\/\/www.encontrajoaopessoa.com.br\/sobre\/wp-json\/wp\/v2\/posts\/1364\/revisions"}],"wp:featuredmedia":[{"embeddable":true,"href":"https:\/\/www.encontrajoaopessoa.com.br\/sobre\/wp-json\/wp\/v2\/media\/1363"}],"wp:attachment":[{"href":"https:\/\/www.encontrajoaopessoa.com.br\/sobre\/wp-json\/wp\/v2\/media?parent=1364"}],"wp:term":[{"taxonomy":"category","embeddable":true,"href":"https:\/\/www.encontrajoaopessoa.com.br\/sobre\/wp-json\/wp\/v2\/categories?post=1364"},{"taxonomy":"post_tag","embeddable":true,"href":"https:\/\/www.encontrajoaopessoa.com.br\/sobre\/wp-json\/wp\/v2\/tags?post=1364"}],"curies":[{"name":"wp","href":"https:\/\/api.w.org\/{rel}","templated":true}]}}