{"id":1250,"date":"2026-03-21T13:54:24","date_gmt":"2026-03-21T16:54:24","guid":{"rendered":"https:\/\/www.encontrajoaopessoa.com.br\/sobre\/prefeitura-de-joao-pessoa-promove-1a-edicao-do-projeto-estacao-por-do-sol-neste-sabado\/"},"modified":"2026-03-21T13:54:24","modified_gmt":"2026-03-21T16:54:24","slug":"prefeitura-de-joao-pessoa-promove-1a-edicao-do-projeto-estacao-por-do-sol-neste-sabado","status":"publish","type":"post","link":"https:\/\/www.encontrajoaopessoa.com.br\/sobre\/prefeitura-de-joao-pessoa-promove-1a-edicao-do-projeto-estacao-por-do-sol-neste-sabado\/","title":{"rendered":"Prefeitura de Jo\u00e3o Pessoa promove 1\u00aa edi\u00e7\u00e3o do projeto \u2018Esta\u00e7\u00e3o P\u00f4r do Sol\u2019 neste s\u00e1bado"},"content":{"rendered":"<div class=\"866aa4a7c674253f40eaa20e0e3e928c\" data-index=\"1\" style=\"float: none; margin:0px;\">\n<!-- Anuncio display - global -->\r\n<ins class=\"adsbygoogle\"\r\n     style=\"display:block\"\r\n     data-ad-client=\"ca-pub-8585364105181520\"\r\n     data-ad-slot=\"8789329856\"\r\n     data-ad-format=\"auto\"\r\n     data-full-width-responsive=\"true\"><\/ins>\r\n<script>\r\n     (adsbygoogle = window.adsbygoogle || []).push({});\r\n<\/script>\n<\/div>\n<h2>O que \u00e9 a Esta\u00e7\u00e3o P\u00f4r do Sol?<\/h2>\n<p>A Esta\u00e7\u00e3o P\u00f4r do Sol \u00e9 um projeto cultural promovido pela Prefeitura de Jo\u00e3o Pessoa, que visa oferecer aos moradores e visitantes uma experi\u00eancia \u00fanica que une m\u00fasica, aprecia\u00e7\u00e3o da natureza e intera\u00e7\u00e3o social. A atividade ocorre em um dos pontos mais ic\u00f4nicos da cidade, proporcionando um ambiente acolhedor e inspirador para todos.<\/p>\n<h2>Localiza\u00e7\u00f5es Imbat\u00edveis: A Esta\u00e7\u00e3o Cabo Branco<\/h2>\n<p>A Esta\u00e7\u00e3o Cabo Branco \u2013 Ci\u00eancia, Cultura e Artes, situada no bairro do Altiplano, \u00e9 o local escolhido para o evento. Este espa\u00e7o \u00e9 conhecido por seu design moderno e pela vista deslumbrante que oferece do mirante da torre, sendo um verdadeiro cart\u00e3o postal da cidade. A escolha deste local estrat\u00e9gico visa real\u00e7ar a beleza do p\u00f4r do sol, tornando a experi\u00eancia ainda mais especial.<\/p>\n<h2>M\u00fasica ao Entardecer: Atra\u00e7\u00f5es do Evento<\/h2>\n<p>Uma das principais atra\u00e7\u00f5es da Esta\u00e7\u00e3o P\u00f4r do Sol \u00e9 a apresenta\u00e7\u00e3o musical ao vivo. Neste primeiro encontro, o artista Karlito Campos se apresenta, criando uma trilha sonora perfeita para a contempla\u00e7\u00e3o do entardecer. A programa\u00e7\u0101o n\u00e3o se limita a um \u00fanico estilo musical; a proposta \u00e9 diversificar as atra\u00e7\u00f5es em futuras edi\u00e7\u00f5es, envolvendo diferentes estilos que agradem a todos os gostos.<\/p>\n<h2>A Import\u00e2ncia da Cultura na Cidade<\/h2>\n<p>Projetos como a Esta\u00e7\u00e3o P\u00f4r do Sol t\u00eam um papel fundamental na vida urbana. Eles promovem a cultura e fortalecem a identidade local, permitindo que a popula\u00e7\u00e3o se conecte atrav\u00e9s da arte e da m\u00fasica. Al\u00e9m disso, iniciativas culturais contribuem para o turismo, atraindo visitantes que buscam novas experi\u00eancias em ambientes estimulantes.<\/p>\n<h2>Como Participar: Programa\u00e7\u00e3o do Evento<\/h2>\n<p>O evento \u00e9 gratuito e aberto ao p\u00fablico, tornando acess\u00edveis atividades culturais de qualidade. A programa\u00e7\u00e3o come\u00e7a \u00e0s 16h30 e ocorre no mirante da Esta\u00e7\u00e3o Cabo Branco. Al\u00e9m da m\u00fasica, os visitantes poder\u00e3o desfrutar de uma atmosfera de lazer e contempla\u00e7\u00e3o, com a natureza como pano de fundo. O objetivo \u00e9 criar um espa\u00e7o de conviv\u00eancia onde todos possam se sentir bem-vindos.<\/p>\n<h2>Expectativas de Turistas e Moradores<\/h2>\n<p>As expectativas para a Esta\u00e7\u00e3o P\u00f4r do Sol s\u00e3o alt\u00edssimas. A iniciativa \u00e9 vista n\u00e3o s\u00f3 como uma alternativa de entretenimento, mas tamb\u00e9m como uma forma de revitalizar a intera\u00e7\u00e3o entre pessoas e o espa\u00e7o p\u00fablico. Moradores esperam que a programa\u00e7\u00e3o se torne um evento regular, consolidando-se como parte da identidade cultural da cidade e atraindo turistas interesados em vivenciar a cultura local.<\/p>\n<h2>A Experi\u00eancia de Conviv\u00eancia em Espa\u00e7os P\u00fablicos<\/h2>\n<p>Eventos como a Esta\u00e7\u00e3o P\u00f4r do Sol s\u00e3o essenciais para refor\u00e7ar a conviv\u00eancia social em espa\u00e7os p\u00fablicos. Eles incentivam as pessoas a se reunirem, criarem la\u00e7os e trocarem experi\u00eancias. A intera\u00e7\u00e3o social, aliada \u00e0 cultura, transforma esses locais em verdadeiros centros de viv\u00eancia comunit\u00e1ria, enriquecendo a vida urbana com diversidade e criatividade.<\/p>\n<h2>Impactos na Economia Criativa de Jo\u00e3o Pessoa<\/h2>\n<p>Ao fomentar eventos culturais, a Esta\u00e7\u00e3o P\u00f4r do Sol tem um impacto significativo na economia criativa da cidade. Atrav\u00e9s do incentivo \u00e0 m\u00fasica, arte e turismo, impulsiona o com\u00e9rcio local e gera novas oportunidades de trabalho em diversas \u00e1reas, como gastronomia, hospedagem e atividades culturais. A promo\u00e7\u00e3o de um ambiente colaborativo favorece o surgimento de novos talentos e iniciativas empreendedoras.<\/p>\n<h2>Propostas Futuras da Esta\u00e7\u00e3o P\u00f4r do Sol<\/h2>\n<p>O idealizador do projeto, Oli\u00e9 Martins, mencionou que a inten\u00e7\u00e3o \u00e9 tornar a Esta\u00e7\u00e3o P\u00f4r do Sol uma parte permanente do calend\u00e1rio cultural da cidade. Existe a expectativa de que a iniciativa se amplie, incorporando novos artistas e diferentes categorias culturais, como teatro, dan\u00e7a e exposi\u00e7\u00f5es art\u00edsticas, abrangendo um p\u00fablico cada vez maior.<\/p>\n<h2>Depoimentos de Participantes<\/h2>\n<p>Os participantes do evento t\u00eam a oportunidade de expressar suas opini\u00f5es e experi\u00eancias, enriquecendo o feedback do projeto. Coment\u00e1rios positivos sobre a uni\u00e3o entre m\u00fasica e natureza s\u00e3o frequentes, ressaltando como a atividade proporciona um momento de relaxamento e fuga da rotina agitada. A intera\u00e7\u00e3o entre artistas e o p\u00fablico tamb\u00e9m \u00e9 uma caracter\u00edstica valorizada por todos, tornando a experi\u00eancia memor\u00e1vel.<\/p>\n\n<div style=\"font-size: 0px; height: 0px; line-height: 0px; margin: 0; padding: 0; clear: both;\"><\/div>","protected":false},"excerpt":{"rendered":"<p>A Esta\u00e7\u00e3o P\u00f4r do Sol em Jo\u00e3o Pessoa promete unir cultura e m\u00fasica em uma experi\u00eancia \u00fanica.<\/p>\n","protected":false},"author":1,"featured_media":0,"comment_status":"closed","ping_status":"closed","sticky":false,"template":"","format":"standard","meta":{"footnotes":""},"categories":[26],"tags":[],"class_list":["post-1250","post","type-post","status-publish","format-standard","hentry","category-cultura-em-joao-pessoa"],"yoast_head":"<!-- This site is optimized with the Yoast SEO plugin v28.2 - https:\/\/yoast.com\/product\/yoast-seo-wordpress\/ -->\n<title>Prefeitura de Jo\u00e3o Pessoa promove 1\u00aa edi\u00e7\u00e3o do projeto \u2018Esta\u00e7\u00e3o P\u00f4r do Sol\u2019 neste s\u00e1bado - Encontra Jo\u00e3o Pessoa<\/title>\n<meta name=\"robots\" content=\"index, follow, max-snippet:-1, max-image-preview:large, max-video-preview:-1\" \/>\n<link rel=\"canonical\" href=\"https:\/\/www.encontrajoaopessoa.com.br\/sobre\/prefeitura-de-joao-pessoa-promove-1a-edicao-do-projeto-estacao-por-do-sol-neste-sabado\/\" \/>\n<meta property=\"og:locale\" content=\"pt_BR\" \/>\n<meta property=\"og:type\" content=\"article\" \/>\n<meta property=\"og:title\" content=\"Prefeitura de Jo\u00e3o Pessoa promove 1\u00aa edi\u00e7\u00e3o do projeto \u2018Esta\u00e7\u00e3o P\u00f4r do Sol\u2019 neste s\u00e1bado - Encontra Jo\u00e3o Pessoa\" \/>\n<meta property=\"og:description\" content=\"A Esta\u00e7\u00e3o P\u00f4r do Sol em Jo\u00e3o Pessoa promete unir cultura e m\u00fasica em uma experi\u00eancia \u00fanica.\" \/>\n<meta property=\"og:url\" content=\"https:\/\/www.encontrajoaopessoa.com.br\/sobre\/prefeitura-de-joao-pessoa-promove-1a-edicao-do-projeto-estacao-por-do-sol-neste-sabado\/\" \/>\n<meta property=\"og:site_name\" content=\"Encontra Jo\u00e3o Pessoa\" \/>\n<meta property=\"article:published_time\" content=\"2026-03-21T16:54:24+00:00\" \/>\n<meta name=\"author\" content=\"Encontra Jo\u00e3o Pessoa\" \/>\n<meta name=\"twitter:card\" content=\"summary_large_image\" \/>\n<meta name=\"twitter:label1\" content=\"Escrito por\" \/>\n\t<meta name=\"twitter:data1\" content=\"Encontra Jo\u00e3o Pessoa\" \/>\n\t<meta name=\"twitter:label2\" content=\"Est. tempo de leitura\" \/>\n\t<meta name=\"twitter:data2\" content=\"4 minutos\" \/>\n<script type=\"application\/ld+json\" class=\"yoast-schema-graph\">{\"@context\":\"https:\\\/\\\/schema.org\",\"@graph\":[{\"@type\":\"Article\",\"@id\":\"https:\\\/\\\/www.encontrajoaopessoa.com.br\\\/sobre\\\/prefeitura-de-joao-pessoa-promove-1a-edicao-do-projeto-estacao-por-do-sol-neste-sabado\\\/#article\",\"isPartOf\":{\"@id\":\"https:\\\/\\\/www.encontrajoaopessoa.com.br\\\/sobre\\\/prefeitura-de-joao-pessoa-promove-1a-edicao-do-projeto-estacao-por-do-sol-neste-sabado\\\/\"},\"author\":{\"name\":\"Encontra Jo\u00e3o Pessoa\",\"@id\":\"https:\\\/\\\/www.encontrajoaopessoa.com.br\\\/sobre\\\/#\\\/schema\\\/person\\\/dcf4dbc803217a030dfb489f4a014aca\"},\"headline\":\"Prefeitura de Jo\u00e3o Pessoa promove 1\u00aa edi\u00e7\u00e3o do projeto \u2018Esta\u00e7\u00e3o P\u00f4r do Sol\u2019 neste s\u00e1bado\",\"datePublished\":\"2026-03-21T16:54:24+00:00\",\"mainEntityOfPage\":{\"@id\":\"https:\\\/\\\/www.encontrajoaopessoa.com.br\\\/sobre\\\/prefeitura-de-joao-pessoa-promove-1a-edicao-do-projeto-estacao-por-do-sol-neste-sabado\\\/\"},\"wordCount\":757,\"articleSection\":[\"Cultura Jo\u00e3o Pessoa\"],\"inLanguage\":\"pt-BR\"},{\"@type\":\"WebPage\",\"@id\":\"https:\\\/\\\/www.encontrajoaopessoa.com.br\\\/sobre\\\/prefeitura-de-joao-pessoa-promove-1a-edicao-do-projeto-estacao-por-do-sol-neste-sabado\\\/\",\"url\":\"https:\\\/\\\/www.encontrajoaopessoa.com.br\\\/sobre\\\/prefeitura-de-joao-pessoa-promove-1a-edicao-do-projeto-estacao-por-do-sol-neste-sabado\\\/\",\"name\":\"Prefeitura de Jo\u00e3o Pessoa promove 1\u00aa edi\u00e7\u00e3o do projeto \u2018Esta\u00e7\u00e3o P\u00f4r do Sol\u2019 neste s\u00e1bado - Encontra Jo\u00e3o Pessoa\",\"isPartOf\":{\"@id\":\"https:\\\/\\\/www.encontrajoaopessoa.com.br\\\/sobre\\\/#website\"},\"datePublished\":\"2026-03-21T16:54:24+00:00\",\"author\":{\"@id\":\"https:\\\/\\\/www.encontrajoaopessoa.com.br\\\/sobre\\\/#\\\/schema\\\/person\\\/dcf4dbc803217a030dfb489f4a014aca\"},\"breadcrumb\":{\"@id\":\"https:\\\/\\\/www.encontrajoaopessoa.com.br\\\/sobre\\\/prefeitura-de-joao-pessoa-promove-1a-edicao-do-projeto-estacao-por-do-sol-neste-sabado\\\/#breadcrumb\"},\"inLanguage\":\"pt-BR\",\"potentialAction\":[{\"@type\":\"ReadAction\",\"target\":[\"https:\\\/\\\/www.encontrajoaopessoa.com.br\\\/sobre\\\/prefeitura-de-joao-pessoa-promove-1a-edicao-do-projeto-estacao-por-do-sol-neste-sabado\\\/\"]}]},{\"@type\":\"BreadcrumbList\",\"@id\":\"https:\\\/\\\/www.encontrajoaopessoa.com.br\\\/sobre\\\/prefeitura-de-joao-pessoa-promove-1a-edicao-do-projeto-estacao-por-do-sol-neste-sabado\\\/#breadcrumb\",\"itemListElement\":[{\"@type\":\"ListItem\",\"position\":1,\"name\":\"In\u00edcio\",\"item\":\"https:\\\/\\\/www.encontrajoaopessoa.com.br\\\/sobre\\\/\"},{\"@type\":\"ListItem\",\"position\":2,\"name\":\"Prefeitura de Jo\u00e3o Pessoa promove 1\u00aa edi\u00e7\u00e3o do projeto \u2018Esta\u00e7\u00e3o P\u00f4r do Sol\u2019 neste s\u00e1bado\"}]},{\"@type\":\"WebSite\",\"@id\":\"https:\\\/\\\/www.encontrajoaopessoa.com.br\\\/sobre\\\/#website\",\"url\":\"https:\\\/\\\/www.encontrajoaopessoa.com.br\\\/sobre\\\/\",\"name\":\"Encontra Jo\u00e3o Pessoa\",\"description\":\"Not\u00edcias, eventos, informa\u00e7\u00f5es e dicas na cidade Jo\u00e3o Pessoa e regi\u00e3o.\",\"potentialAction\":[{\"@type\":\"SearchAction\",\"target\":{\"@type\":\"EntryPoint\",\"urlTemplate\":\"https:\\\/\\\/www.encontrajoaopessoa.com.br\\\/sobre\\\/?s={search_term_string}\"},\"query-input\":{\"@type\":\"PropertyValueSpecification\",\"valueRequired\":true,\"valueName\":\"search_term_string\"}}],\"inLanguage\":\"pt-BR\"},{\"@type\":\"Person\",\"@id\":\"https:\\\/\\\/www.encontrajoaopessoa.com.br\\\/sobre\\\/#\\\/schema\\\/person\\\/dcf4dbc803217a030dfb489f4a014aca\",\"name\":\"Encontra Jo\u00e3o Pessoa\",\"image\":{\"@type\":\"ImageObject\",\"inLanguage\":\"pt-BR\",\"@id\":\"https:\\\/\\\/secure.gravatar.com\\\/avatar\\\/507340682b8270222e1f208e23198b6ae7e2c6a1033ae84e99bc6bce4f82a387?s=96&d=mm&r=g\",\"url\":\"https:\\\/\\\/secure.gravatar.com\\\/avatar\\\/507340682b8270222e1f208e23198b6ae7e2c6a1033ae84e99bc6bce4f82a387?s=96&d=mm&r=g\",\"contentUrl\":\"https:\\\/\\\/secure.gravatar.com\\\/avatar\\\/507340682b8270222e1f208e23198b6ae7e2c6a1033ae84e99bc6bce4f82a387?s=96&d=mm&r=g\",\"caption\":\"Encontra Jo\u00e3o Pessoa\"},\"url\":\"https:\\\/\\\/www.encontrajoaopessoa.com.br\\\/sobre\\\/author\\\/ejoaopessoa\\\/\"}]}<\/script>\n<!-- \/ Yoast SEO plugin. -->","yoast_head_json":{"title":"Prefeitura de Jo\u00e3o Pessoa promove 1\u00aa edi\u00e7\u00e3o do projeto \u2018Esta\u00e7\u00e3o P\u00f4r do Sol\u2019 neste s\u00e1bado - Encontra Jo\u00e3o Pessoa","robots":{"index":"index","follow":"follow","max-snippet":"max-snippet:-1","max-image-preview":"max-image-preview:large","max-video-preview":"max-video-preview:-1"},"canonical":"https:\/\/www.encontrajoaopessoa.com.br\/sobre\/prefeitura-de-joao-pessoa-promove-1a-edicao-do-projeto-estacao-por-do-sol-neste-sabado\/","og_locale":"pt_BR","og_type":"article","og_title":"Prefeitura de Jo\u00e3o Pessoa promove 1\u00aa edi\u00e7\u00e3o do projeto \u2018Esta\u00e7\u00e3o P\u00f4r do Sol\u2019 neste s\u00e1bado - Encontra Jo\u00e3o Pessoa","og_description":"A Esta\u00e7\u00e3o P\u00f4r do Sol em Jo\u00e3o Pessoa promete unir cultura e m\u00fasica em uma experi\u00eancia \u00fanica.","og_url":"https:\/\/www.encontrajoaopessoa.com.br\/sobre\/prefeitura-de-joao-pessoa-promove-1a-edicao-do-projeto-estacao-por-do-sol-neste-sabado\/","og_site_name":"Encontra Jo\u00e3o Pessoa","article_published_time":"2026-03-21T16:54:24+00:00","author":"Encontra Jo\u00e3o Pessoa","twitter_card":"summary_large_image","twitter_misc":{"Escrito por":"Encontra Jo\u00e3o Pessoa","Est. tempo de leitura":"4 minutos"},"schema":{"@context":"https:\/\/schema.org","@graph":[{"@type":"Article","@id":"https:\/\/www.encontrajoaopessoa.com.br\/sobre\/prefeitura-de-joao-pessoa-promove-1a-edicao-do-projeto-estacao-por-do-sol-neste-sabado\/#article","isPartOf":{"@id":"https:\/\/www.encontrajoaopessoa.com.br\/sobre\/prefeitura-de-joao-pessoa-promove-1a-edicao-do-projeto-estacao-por-do-sol-neste-sabado\/"},"author":{"name":"Encontra Jo\u00e3o Pessoa","@id":"https:\/\/www.encontrajoaopessoa.com.br\/sobre\/#\/schema\/person\/dcf4dbc803217a030dfb489f4a014aca"},"headline":"Prefeitura de Jo\u00e3o Pessoa promove 1\u00aa edi\u00e7\u00e3o do projeto \u2018Esta\u00e7\u00e3o P\u00f4r do Sol\u2019 neste s\u00e1bado","datePublished":"2026-03-21T16:54:24+00:00","mainEntityOfPage":{"@id":"https:\/\/www.encontrajoaopessoa.com.br\/sobre\/prefeitura-de-joao-pessoa-promove-1a-edicao-do-projeto-estacao-por-do-sol-neste-sabado\/"},"wordCount":757,"articleSection":["Cultura Jo\u00e3o Pessoa"],"inLanguage":"pt-BR"},{"@type":"WebPage","@id":"https:\/\/www.encontrajoaopessoa.com.br\/sobre\/prefeitura-de-joao-pessoa-promove-1a-edicao-do-projeto-estacao-por-do-sol-neste-sabado\/","url":"https:\/\/www.encontrajoaopessoa.com.br\/sobre\/prefeitura-de-joao-pessoa-promove-1a-edicao-do-projeto-estacao-por-do-sol-neste-sabado\/","name":"Prefeitura de Jo\u00e3o Pessoa promove 1\u00aa edi\u00e7\u00e3o do projeto \u2018Esta\u00e7\u00e3o P\u00f4r do Sol\u2019 neste s\u00e1bado - Encontra Jo\u00e3o Pessoa","isPartOf":{"@id":"https:\/\/www.encontrajoaopessoa.com.br\/sobre\/#website"},"datePublished":"2026-03-21T16:54:24+00:00","author":{"@id":"https:\/\/www.encontrajoaopessoa.com.br\/sobre\/#\/schema\/person\/dcf4dbc803217a030dfb489f4a014aca"},"breadcrumb":{"@id":"https:\/\/www.encontrajoaopessoa.com.br\/sobre\/prefeitura-de-joao-pessoa-promove-1a-edicao-do-projeto-estacao-por-do-sol-neste-sabado\/#breadcrumb"},"inLanguage":"pt-BR","potentialAction":[{"@type":"ReadAction","target":["https:\/\/www.encontrajoaopessoa.com.br\/sobre\/prefeitura-de-joao-pessoa-promove-1a-edicao-do-projeto-estacao-por-do-sol-neste-sabado\/"]}]},{"@type":"BreadcrumbList","@id":"https:\/\/www.encontrajoaopessoa.com.br\/sobre\/prefeitura-de-joao-pessoa-promove-1a-edicao-do-projeto-estacao-por-do-sol-neste-sabado\/#breadcrumb","itemListElement":[{"@type":"ListItem","position":1,"name":"In\u00edcio","item":"https:\/\/www.encontrajoaopessoa.com.br\/sobre\/"},{"@type":"ListItem","position":2,"name":"Prefeitura de Jo\u00e3o Pessoa promove 1\u00aa edi\u00e7\u00e3o do projeto \u2018Esta\u00e7\u00e3o P\u00f4r do Sol\u2019 neste s\u00e1bado"}]},{"@type":"WebSite","@id":"https:\/\/www.encontrajoaopessoa.com.br\/sobre\/#website","url":"https:\/\/www.encontrajoaopessoa.com.br\/sobre\/","name":"Encontra Jo\u00e3o Pessoa","description":"Not\u00edcias, eventos, informa\u00e7\u00f5es e dicas na cidade Jo\u00e3o Pessoa e regi\u00e3o.","potentialAction":[{"@type":"SearchAction","target":{"@type":"EntryPoint","urlTemplate":"https:\/\/www.encontrajoaopessoa.com.br\/sobre\/?s={search_term_string}"},"query-input":{"@type":"PropertyValueSpecification","valueRequired":true,"valueName":"search_term_string"}}],"inLanguage":"pt-BR"},{"@type":"Person","@id":"https:\/\/www.encontrajoaopessoa.com.br\/sobre\/#\/schema\/person\/dcf4dbc803217a030dfb489f4a014aca","name":"Encontra Jo\u00e3o Pessoa","image":{"@type":"ImageObject","inLanguage":"pt-BR","@id":"https:\/\/secure.gravatar.com\/avatar\/507340682b8270222e1f208e23198b6ae7e2c6a1033ae84e99bc6bce4f82a387?s=96&d=mm&r=g","url":"https:\/\/secure.gravatar.com\/avatar\/507340682b8270222e1f208e23198b6ae7e2c6a1033ae84e99bc6bce4f82a387?s=96&d=mm&r=g","contentUrl":"https:\/\/secure.gravatar.com\/avatar\/507340682b8270222e1f208e23198b6ae7e2c6a1033ae84e99bc6bce4f82a387?s=96&d=mm&r=g","caption":"Encontra Jo\u00e3o Pessoa"},"url":"https:\/\/www.encontrajoaopessoa.com.br\/sobre\/author\/ejoaopessoa\/"}]}},"_links":{"self":[{"href":"https:\/\/www.encontrajoaopessoa.com.br\/sobre\/wp-json\/wp\/v2\/posts\/1250","targetHints":{"allow":["GET"]}}],"collection":[{"href":"https:\/\/www.encontrajoaopessoa.com.br\/sobre\/wp-json\/wp\/v2\/posts"}],"about":[{"href":"https:\/\/www.encontrajoaopessoa.com.br\/sobre\/wp-json\/wp\/v2\/types\/post"}],"author":[{"embeddable":true,"href":"https:\/\/www.encontrajoaopessoa.com.br\/sobre\/wp-json\/wp\/v2\/users\/1"}],"replies":[{"embeddable":true,"href":"https:\/\/www.encontrajoaopessoa.com.br\/sobre\/wp-json\/wp\/v2\/comments?post=1250"}],"version-history":[{"count":0,"href":"https:\/\/www.encontrajoaopessoa.com.br\/sobre\/wp-json\/wp\/v2\/posts\/1250\/revisions"}],"wp:attachment":[{"href":"https:\/\/www.encontrajoaopessoa.com.br\/sobre\/wp-json\/wp\/v2\/media?parent=1250"}],"wp:term":[{"taxonomy":"category","embeddable":true,"href":"https:\/\/www.encontrajoaopessoa.com.br\/sobre\/wp-json\/wp\/v2\/categories?post=1250"},{"taxonomy":"post_tag","embeddable":true,"href":"https:\/\/www.encontrajoaopessoa.com.br\/sobre\/wp-json\/wp\/v2\/tags?post=1250"}],"curies":[{"name":"wp","href":"https:\/\/api.w.org\/{rel}","templated":true}]}}