{"id":1202,"date":"2026-03-01T13:55:27","date_gmt":"2026-03-01T16:55:27","guid":{"rendered":"https:\/\/www.encontrajoaopessoa.com.br\/sobre\/joao-pessoa-sedia-reuniao-da-comissao-nacional-de-intergestores-de-politicas-lgbtqia\/"},"modified":"2026-03-01T13:55:27","modified_gmt":"2026-03-01T16:55:27","slug":"joao-pessoa-sedia-reuniao-da-comissao-nacional-de-intergestores-de-politicas-lgbtqia","status":"publish","type":"post","link":"https:\/\/www.encontrajoaopessoa.com.br\/sobre\/joao-pessoa-sedia-reuniao-da-comissao-nacional-de-intergestores-de-politicas-lgbtqia\/","title":{"rendered":"Jo\u00e3o Pessoa sedia reuni\u00e3o da Comiss\u00e3o Nacional de Intergestores de Pol\u00edticas LGBTQIA+"},"content":{"rendered":"<div class=\"866aa4a7c674253f40eaa20e0e3e928c\" data-index=\"1\" style=\"float: none; margin:0px;\">\n<!-- Anuncio display - global -->\r\n<ins class=\"adsbygoogle\"\r\n     style=\"display:block\"\r\n     data-ad-client=\"ca-pub-8585364105181520\"\r\n     data-ad-slot=\"8789329856\"\r\n     data-ad-format=\"auto\"\r\n     data-full-width-responsive=\"true\"><\/ins>\r\n<script>\r\n     (adsbygoogle = window.adsbygoogle || []).push({});\r\n<\/script>\n<\/div>\n<h2>Import\u00e2ncia da Comiss\u00e3o Nacional de Intergestores<\/h2>\n<p>A Comiss\u00e3o Nacional de Intergestores de Pol\u00edticas LGBTQIA+ (CNIP) desempenha um papel essencial na formula\u00e7\u00e3o e implementa\u00e7\u00e3o de pol\u00edticas p\u00fablicas voltadas para a inclus\u00e3o e defesa dos direitos da comunidade LGBTQIA+. Essa comiss\u00e3o conecta diversas esferas de governo e promove a troca de experi\u00eancias e pr\u00e1ticas bem-sucedidas entre os munic\u00edpios, estados e o governo federal, atuando como um importante canal de di\u00e1logo e colabora\u00e7\u00e3o.<\/p>\n<h2>Hist\u00f3rico da Comiss\u00e3o Nacional de Pol\u00edticas LGBTQIA+<\/h2>\n<p>A CNIP foi criada como parte de um esfor\u00e7o mais amplo do governo brasileiro para garantir os direitos da popula\u00e7\u00e3o LGBTQIA+, surgindo em resposta \u00e0 necessidade de um maior espa\u00e7o para a discuss\u00e3o dessas pol\u00edticas. Desde sua forma\u00e7\u00e3o, a comiss\u00e3o tem sido respons\u00e1vel por coordenar iniciativas e projetos que visam reduzir a discrimina\u00e7\u00e3o e promover a cidadania plena para esta popula\u00e7\u00e3o, que historicamente enfrenta uma s\u00e9rie de desafios em rela\u00e7\u00e3o \u00e0 igualdade de direitos.<\/p>\n<h2>Objetivos da Reuni\u00e3o em Jo\u00e3o Pessoa<\/h2>\n<p>Durante a 5\u00aa reuni\u00e3o da comiss\u00e3o, que ocorrer\u00e1 em Jo\u00e3o Pessoa nos dias 2, 3 e 4 de mar\u00e7o, os principais objetivos incluem:<\/p>\n<p><img decoding=\"async\" src=\"https:\/\/www.encontrajoaopessoa.com.br\/sobre\/wp-content\/uploads\/2026\/03\/joao-pessoa-sedia-reuniao-da-comissao-nacional-de-intergestores-de-politicas-lgbtqia.webp\" alt=\"Comiss\u00e3o Nacional de Intergestores de Pol\u00edticas LGBTQIA+\" loading=\"lazy\" \/><\/p>\n<ul>\n<li>Discutir estrat\u00e9gias para fortalecer a implementa\u00e7\u00e3o de pol\u00edticas p\u00fablicas para a comunidade LGBTQIA+.<\/li>\n<li>Compartilhar experi\u00eancias de sucesso entre as diversas esferas de governo.<\/li>\n<li>Avaliar os desafios enfrentados na execu\u00e7\u00e3o dessas pol\u00edticas em diferentes contextos.<\/li>\n<li>Planejar a\u00e7\u00f5es futuras em conjunto, promovendo um ambiente mais seguro e inclusivo para todos.<\/li>\n<\/ul>\n<h2>Principais Temas a Serem Debatidos<\/h2>\n<p>Os encontros em Jo\u00e3o Pessoa abordaram uma gama de t\u00f3picos relevantes, incluindo:<\/p>\n<ul>\n<li><strong>Educa\u00e7\u00e3o e Conscientiza\u00e7\u00e3o:<\/strong> A import\u00e2ncia de incorporar a tem\u00e1tica LGBTQIA+ nas escolas e nas campanhas educativas.<\/li>\n<li><strong>Sa\u00fade e Bem-estar:<\/strong> Discutir as especificidades dos servi\u00e7os de sa\u00fade que atendem a comunidade, incluindo quest\u00f5es de sa\u00fade mental e preven\u00e7\u00e3o de doen\u00e7as.<\/li>\n<li><strong>Seguran\u00e7a P\u00fablica:<\/strong> Analisar a viol\u00eancia contra a popula\u00e7\u00e3o LGBTQIA+ e discutir formas de garantir a prote\u00e7\u00e3o e os direitos humanos.<\/li>\n<li><strong>Apoio a Pol\u00edticas Locais:<\/strong> Estabelecer um suporte mais robusto para iniciativas locais que visem a inclus\u00e3o e a igualdade de direitos.<\/li>\n<\/ul>\n<h2>Expectativas dos Participantes da Reuni\u00e3o<\/h2>\n<p>Os representantes presentes esperam que a reuni\u00e3o resulte em compromissos s\u00f3lidos e planos de a\u00e7\u00e3o eficazes. Al\u00e9m de fortalecer v\u00ednculos entre os participantes, \u00e9 crucial que as discuss\u00f5es se traduzam em melhorias concretas na vida da popula\u00e7\u00e3o LGBTQIA+. A perspectiva \u00e9 que a reuni\u00e3o em Jo\u00e3o Pessoa n\u00e3o apenas traga novas ideias, mas tamb\u00e9m reforce um esp\u00edrito colaborativo entre as esferas de governo.<\/p>\n<h2>A\u00e7\u00f5es e Pol\u00edticas de Inclus\u00e3o para LGBTQIA+<\/h2>\n<p>As a\u00e7\u00f5es discutidas durante a reuni\u00e3o visam n\u00e3o s\u00f3 a cria\u00e7\u00e3o de pol\u00edticas mais inclusivas, mas tamb\u00e9m a implementa\u00e7\u00e3o de projetos que promovam a visibilidade e a cidadania ativa da popula\u00e7\u00e3o LGBTQIA+. Exemplos dessas a\u00e7\u00f5es incluem:<\/p>\n<ul>\n<li>Programas de capacita\u00e7\u00e3o e forma\u00e7\u00e3o para servidores p\u00fablicos sobre direitos LGBTQIA+.<\/li>\n<li>Campanhas de conscientiza\u00e7\u00e3o que abordem a diversidade de forma positiva.<\/li>\n<li>Parcerias com institui\u00e7\u00f5es de ensino para promover a inclus\u00e3o nas escolas.<\/li>\n<\/ul>\n<h2>O Papel da Prefeitura de Jo\u00e3o Pessoa<\/h2>\n<p>A Prefeitura de Jo\u00e3o Pessoa, atrav\u00e9s da sua Coordenadoria da Promo\u00e7\u00e3o \u00e0 Cidadania LGBT, tem sido fundamental na organiza\u00e7\u00e3o desse evento. O coordenador Geraldo Filho destaca que a cidade \u00e9 uma das poucas no Brasil a possuir uma estrutura dedicada exclusivamente \u00e0s necessidades da popula\u00e7\u00e3o LGBTQIA+. O compromisso da prefeitura com a causa \u00e9 refletido na busca por um espa\u00e7o onde a inclus\u00e3o e a diversidade sejam valorizadas.<\/p>\n<h2>Como a Reuni\u00e3o Pode Impactar a Comunidade<\/h2>\n<p>A realiza\u00e7\u00e3o da CNIP em Jo\u00e3o Pessoa \u00e9 um passo significante n\u00e3o apenas para a visibilidade das quest\u00f5es LGBTQIA+, mas tamb\u00e9m para o fortalecimento das pol\u00edticas p\u00fablicas em n\u00edvel local. O impacto esperado inclui uma maior mobiliza\u00e7\u00e3o social, a implementa\u00e7\u00e3o de a\u00e7\u00f5es concretas e um di\u00e1logo aberto com a sociedade civil. Essa reuni\u00e3o pode ser um catalisador para mudan\u00e7as necess\u00e1rias, contribuindo para um ambiente mais saud\u00e1vel e respeitoso.<\/p>\n<h2>Testemunhos de L\u00edderes LGBTQIA+<\/h2>\n<p>V\u00e1rios l\u00edderes e ativistas da comunidade expressaram a import\u00e2ncia da reuni\u00e3o para o fortalecimento dos direitos LGBTQIA+. Eles ressaltam que eventos como esse s\u00e3o essenciais para unir esfor\u00e7os e promover uma agenda positiva de mudan\u00e7as. Testemunhos indicam que a troca de experi\u00eancias pode ser um elemento transformador, permitindo que grupos locais se inspirem e adotem melhores pr\u00e1ticas em suas regi\u00f5es.<\/p>\n<h2>Pr\u00f3ximos Passos Ap\u00f3s a Reuni\u00e3o<\/h2>\n<p>Ap\u00f3s a reuni\u00e3o, os participantes se comprometer\u00e3o a levar as discuss\u00f5es para suas respectivas localiza\u00e7\u00f5es, implementando as ideias debatidas e acompanhando os resultados. A continuidade do di\u00e1logo ser\u00e1 vital para garantir que os avan\u00e7os sejam mantidos e que novas iniciativas surjam. A expectativa \u00e9 que a comiss\u00e3o continue ativa, estabelecendo encontros regulares e f\u00f3runs para discuss\u00e3o constante das pol\u00edticas LGBTQIA+ no Brasil.<\/p>\n\n<div style=\"font-size: 0px; height: 0px; line-height: 0px; margin: 0; padding: 0; clear: both;\"><\/div>","protected":false},"excerpt":{"rendered":"<p>Jo\u00e3o Pessoa recebe a 5\u00aa reuni\u00e3o da Comiss\u00e3o Nacional de Intergestores de Pol\u00edticas LGBTQIA+.<\/p>\n","protected":false},"author":1,"featured_media":1201,"comment_status":"closed","ping_status":"closed","sticky":false,"template":"","format":"standard","meta":{"footnotes":""},"categories":[1],"tags":[],"class_list":["post-1202","post","type-post","status-publish","format-standard","has-post-thumbnail","hentry","category-noticias-em-joao-pessoa","has_thumb"],"yoast_head":"<!-- This site is optimized with the Yoast SEO plugin v26.4 - https:\/\/yoast.com\/wordpress\/plugins\/seo\/ -->\n<title>Jo\u00e3o Pessoa sedia reuni\u00e3o da Comiss\u00e3o Nacional de Intergestores de Pol\u00edticas LGBTQIA+ - Encontra Jo\u00e3o Pessoa<\/title>\n<meta name=\"robots\" content=\"index, follow, max-snippet:-1, max-image-preview:large, max-video-preview:-1\" \/>\n<link rel=\"canonical\" href=\"https:\/\/www.encontrajoaopessoa.com.br\/sobre\/joao-pessoa-sedia-reuniao-da-comissao-nacional-de-intergestores-de-politicas-lgbtqia\/\" \/>\n<meta property=\"og:locale\" content=\"pt_BR\" \/>\n<meta property=\"og:type\" content=\"article\" \/>\n<meta property=\"og:title\" content=\"Jo\u00e3o Pessoa sedia reuni\u00e3o da Comiss\u00e3o Nacional de Intergestores de Pol\u00edticas LGBTQIA+ - Encontra Jo\u00e3o Pessoa\" \/>\n<meta property=\"og:description\" content=\"Jo\u00e3o Pessoa recebe a 5\u00aa reuni\u00e3o da Comiss\u00e3o Nacional de Intergestores de Pol\u00edticas LGBTQIA+.\" \/>\n<meta property=\"og:url\" content=\"https:\/\/www.encontrajoaopessoa.com.br\/sobre\/joao-pessoa-sedia-reuniao-da-comissao-nacional-de-intergestores-de-politicas-lgbtqia\/\" \/>\n<meta property=\"og:site_name\" content=\"Encontra Jo\u00e3o Pessoa\" \/>\n<meta property=\"article:published_time\" content=\"2026-03-01T16:55:27+00:00\" \/>\n<meta property=\"og:image\" content=\"https:\/\/www.encontrajoaopessoa.com.br\/sobre\/wp-content\/uploads\/2026\/03\/joao-pessoa-sedia-reuniao-da-comissao-nacional-de-intergestores-de-politicas-lgbtqia.webp\" \/>\n<meta name=\"author\" content=\"Encontra Jo\u00e3o Pessoa\" \/>\n<meta name=\"twitter:card\" content=\"summary_large_image\" \/>\n<meta name=\"twitter:label1\" content=\"Escrito por\" \/>\n\t<meta name=\"twitter:data1\" content=\"Encontra Jo\u00e3o Pessoa\" \/>\n\t<meta name=\"twitter:label2\" content=\"Est. tempo de leitura\" \/>\n\t<meta name=\"twitter:data2\" content=\"4 minutos\" \/>\n<script type=\"application\/ld+json\" class=\"yoast-schema-graph\">{\"@context\":\"https:\/\/schema.org\",\"@graph\":[{\"@type\":\"WebPage\",\"@id\":\"https:\/\/www.encontrajoaopessoa.com.br\/sobre\/joao-pessoa-sedia-reuniao-da-comissao-nacional-de-intergestores-de-politicas-lgbtqia\/\",\"url\":\"https:\/\/www.encontrajoaopessoa.com.br\/sobre\/joao-pessoa-sedia-reuniao-da-comissao-nacional-de-intergestores-de-politicas-lgbtqia\/\",\"name\":\"Jo\u00e3o Pessoa sedia reuni\u00e3o da Comiss\u00e3o Nacional de Intergestores de Pol\u00edticas LGBTQIA+ - Encontra Jo\u00e3o Pessoa\",\"isPartOf\":{\"@id\":\"https:\/\/www.encontrajoaopessoa.com.br\/sobre\/#website\"},\"primaryImageOfPage\":{\"@id\":\"https:\/\/www.encontrajoaopessoa.com.br\/sobre\/joao-pessoa-sedia-reuniao-da-comissao-nacional-de-intergestores-de-politicas-lgbtqia\/#primaryimage\"},\"image\":{\"@id\":\"https:\/\/www.encontrajoaopessoa.com.br\/sobre\/joao-pessoa-sedia-reuniao-da-comissao-nacional-de-intergestores-de-politicas-lgbtqia\/#primaryimage\"},\"thumbnailUrl\":\"https:\/\/www.encontrajoaopessoa.com.br\/sobre\/wp-content\/uploads\/2026\/03\/joao-pessoa-sedia-reuniao-da-comissao-nacional-de-intergestores-de-politicas-lgbtqia.webp\",\"datePublished\":\"2026-03-01T16:55:27+00:00\",\"author\":{\"@id\":\"https:\/\/www.encontrajoaopessoa.com.br\/sobre\/#\/schema\/person\/dcf4dbc803217a030dfb489f4a014aca\"},\"breadcrumb\":{\"@id\":\"https:\/\/www.encontrajoaopessoa.com.br\/sobre\/joao-pessoa-sedia-reuniao-da-comissao-nacional-de-intergestores-de-politicas-lgbtqia\/#breadcrumb\"},\"inLanguage\":\"pt-BR\",\"potentialAction\":[{\"@type\":\"ReadAction\",\"target\":[\"https:\/\/www.encontrajoaopessoa.com.br\/sobre\/joao-pessoa-sedia-reuniao-da-comissao-nacional-de-intergestores-de-politicas-lgbtqia\/\"]}]},{\"@type\":\"ImageObject\",\"inLanguage\":\"pt-BR\",\"@id\":\"https:\/\/www.encontrajoaopessoa.com.br\/sobre\/joao-pessoa-sedia-reuniao-da-comissao-nacional-de-intergestores-de-politicas-lgbtqia\/#primaryimage\",\"url\":\"https:\/\/www.encontrajoaopessoa.com.br\/sobre\/wp-content\/uploads\/2026\/03\/joao-pessoa-sedia-reuniao-da-comissao-nacional-de-intergestores-de-politicas-lgbtqia.webp\",\"contentUrl\":\"https:\/\/www.encontrajoaopessoa.com.br\/sobre\/wp-content\/uploads\/2026\/03\/joao-pessoa-sedia-reuniao-da-comissao-nacional-de-intergestores-de-politicas-lgbtqia.webp\",\"width\":280,\"height\":280,\"caption\":\"Comiss\u00e3o Nacional de Intergestores de Pol\u00edticas LGBTQIA+\"},{\"@type\":\"BreadcrumbList\",\"@id\":\"https:\/\/www.encontrajoaopessoa.com.br\/sobre\/joao-pessoa-sedia-reuniao-da-comissao-nacional-de-intergestores-de-politicas-lgbtqia\/#breadcrumb\",\"itemListElement\":[{\"@type\":\"ListItem\",\"position\":1,\"name\":\"In\u00edcio\",\"item\":\"https:\/\/www.encontrajoaopessoa.com.br\/sobre\/\"},{\"@type\":\"ListItem\",\"position\":2,\"name\":\"Jo\u00e3o Pessoa sedia reuni\u00e3o da Comiss\u00e3o Nacional de Intergestores de Pol\u00edticas LGBTQIA+\"}]},{\"@type\":\"WebSite\",\"@id\":\"https:\/\/www.encontrajoaopessoa.com.br\/sobre\/#website\",\"url\":\"https:\/\/www.encontrajoaopessoa.com.br\/sobre\/\",\"name\":\"Encontra Jo\u00e3o Pessoa\",\"description\":\"Not\u00edcias, eventos, informa\u00e7\u00f5es e dicas na cidade Jo\u00e3o Pessoa e regi\u00e3o.\",\"potentialAction\":[{\"@type\":\"SearchAction\",\"target\":{\"@type\":\"EntryPoint\",\"urlTemplate\":\"https:\/\/www.encontrajoaopessoa.com.br\/sobre\/?s={search_term_string}\"},\"query-input\":{\"@type\":\"PropertyValueSpecification\",\"valueRequired\":true,\"valueName\":\"search_term_string\"}}],\"inLanguage\":\"pt-BR\"},{\"@type\":\"Person\",\"@id\":\"https:\/\/www.encontrajoaopessoa.com.br\/sobre\/#\/schema\/person\/dcf4dbc803217a030dfb489f4a014aca\",\"name\":\"Encontra Jo\u00e3o Pessoa\",\"image\":{\"@type\":\"ImageObject\",\"inLanguage\":\"pt-BR\",\"@id\":\"https:\/\/www.encontrajoaopessoa.com.br\/sobre\/#\/schema\/person\/image\/\",\"url\":\"https:\/\/secure.gravatar.com\/avatar\/507340682b8270222e1f208e23198b6ae7e2c6a1033ae84e99bc6bce4f82a387?s=96&d=mm&r=g\",\"contentUrl\":\"https:\/\/secure.gravatar.com\/avatar\/507340682b8270222e1f208e23198b6ae7e2c6a1033ae84e99bc6bce4f82a387?s=96&d=mm&r=g\",\"caption\":\"Encontra Jo\u00e3o Pessoa\"},\"url\":\"https:\/\/www.encontrajoaopessoa.com.br\/sobre\/author\/ejoaopessoa\/\"}]}<\/script>\n<!-- \/ Yoast SEO plugin. -->","yoast_head_json":{"title":"Jo\u00e3o Pessoa sedia reuni\u00e3o da Comiss\u00e3o Nacional de Intergestores de Pol\u00edticas LGBTQIA+ - Encontra Jo\u00e3o Pessoa","robots":{"index":"index","follow":"follow","max-snippet":"max-snippet:-1","max-image-preview":"max-image-preview:large","max-video-preview":"max-video-preview:-1"},"canonical":"https:\/\/www.encontrajoaopessoa.com.br\/sobre\/joao-pessoa-sedia-reuniao-da-comissao-nacional-de-intergestores-de-politicas-lgbtqia\/","og_locale":"pt_BR","og_type":"article","og_title":"Jo\u00e3o Pessoa sedia reuni\u00e3o da Comiss\u00e3o Nacional de Intergestores de Pol\u00edticas LGBTQIA+ - Encontra Jo\u00e3o Pessoa","og_description":"Jo\u00e3o Pessoa recebe a 5\u00aa reuni\u00e3o da Comiss\u00e3o Nacional de Intergestores de Pol\u00edticas LGBTQIA+.","og_url":"https:\/\/www.encontrajoaopessoa.com.br\/sobre\/joao-pessoa-sedia-reuniao-da-comissao-nacional-de-intergestores-de-politicas-lgbtqia\/","og_site_name":"Encontra Jo\u00e3o Pessoa","article_published_time":"2026-03-01T16:55:27+00:00","og_image":[{"url":"https:\/\/www.encontrajoaopessoa.com.br\/sobre\/wp-content\/uploads\/2026\/03\/joao-pessoa-sedia-reuniao-da-comissao-nacional-de-intergestores-de-politicas-lgbtqia.webp","type":"","width":"","height":""}],"author":"Encontra Jo\u00e3o Pessoa","twitter_card":"summary_large_image","twitter_misc":{"Escrito por":"Encontra Jo\u00e3o Pessoa","Est. tempo de leitura":"4 minutos"},"schema":{"@context":"https:\/\/schema.org","@graph":[{"@type":"WebPage","@id":"https:\/\/www.encontrajoaopessoa.com.br\/sobre\/joao-pessoa-sedia-reuniao-da-comissao-nacional-de-intergestores-de-politicas-lgbtqia\/","url":"https:\/\/www.encontrajoaopessoa.com.br\/sobre\/joao-pessoa-sedia-reuniao-da-comissao-nacional-de-intergestores-de-politicas-lgbtqia\/","name":"Jo\u00e3o Pessoa sedia reuni\u00e3o da Comiss\u00e3o Nacional de Intergestores de Pol\u00edticas LGBTQIA+ - Encontra Jo\u00e3o Pessoa","isPartOf":{"@id":"https:\/\/www.encontrajoaopessoa.com.br\/sobre\/#website"},"primaryImageOfPage":{"@id":"https:\/\/www.encontrajoaopessoa.com.br\/sobre\/joao-pessoa-sedia-reuniao-da-comissao-nacional-de-intergestores-de-politicas-lgbtqia\/#primaryimage"},"image":{"@id":"https:\/\/www.encontrajoaopessoa.com.br\/sobre\/joao-pessoa-sedia-reuniao-da-comissao-nacional-de-intergestores-de-politicas-lgbtqia\/#primaryimage"},"thumbnailUrl":"https:\/\/www.encontrajoaopessoa.com.br\/sobre\/wp-content\/uploads\/2026\/03\/joao-pessoa-sedia-reuniao-da-comissao-nacional-de-intergestores-de-politicas-lgbtqia.webp","datePublished":"2026-03-01T16:55:27+00:00","author":{"@id":"https:\/\/www.encontrajoaopessoa.com.br\/sobre\/#\/schema\/person\/dcf4dbc803217a030dfb489f4a014aca"},"breadcrumb":{"@id":"https:\/\/www.encontrajoaopessoa.com.br\/sobre\/joao-pessoa-sedia-reuniao-da-comissao-nacional-de-intergestores-de-politicas-lgbtqia\/#breadcrumb"},"inLanguage":"pt-BR","potentialAction":[{"@type":"ReadAction","target":["https:\/\/www.encontrajoaopessoa.com.br\/sobre\/joao-pessoa-sedia-reuniao-da-comissao-nacional-de-intergestores-de-politicas-lgbtqia\/"]}]},{"@type":"ImageObject","inLanguage":"pt-BR","@id":"https:\/\/www.encontrajoaopessoa.com.br\/sobre\/joao-pessoa-sedia-reuniao-da-comissao-nacional-de-intergestores-de-politicas-lgbtqia\/#primaryimage","url":"https:\/\/www.encontrajoaopessoa.com.br\/sobre\/wp-content\/uploads\/2026\/03\/joao-pessoa-sedia-reuniao-da-comissao-nacional-de-intergestores-de-politicas-lgbtqia.webp","contentUrl":"https:\/\/www.encontrajoaopessoa.com.br\/sobre\/wp-content\/uploads\/2026\/03\/joao-pessoa-sedia-reuniao-da-comissao-nacional-de-intergestores-de-politicas-lgbtqia.webp","width":280,"height":280,"caption":"Comiss\u00e3o Nacional de Intergestores de Pol\u00edticas LGBTQIA+"},{"@type":"BreadcrumbList","@id":"https:\/\/www.encontrajoaopessoa.com.br\/sobre\/joao-pessoa-sedia-reuniao-da-comissao-nacional-de-intergestores-de-politicas-lgbtqia\/#breadcrumb","itemListElement":[{"@type":"ListItem","position":1,"name":"In\u00edcio","item":"https:\/\/www.encontrajoaopessoa.com.br\/sobre\/"},{"@type":"ListItem","position":2,"name":"Jo\u00e3o Pessoa sedia reuni\u00e3o da Comiss\u00e3o Nacional de Intergestores de Pol\u00edticas LGBTQIA+"}]},{"@type":"WebSite","@id":"https:\/\/www.encontrajoaopessoa.com.br\/sobre\/#website","url":"https:\/\/www.encontrajoaopessoa.com.br\/sobre\/","name":"Encontra Jo\u00e3o Pessoa","description":"Not\u00edcias, eventos, informa\u00e7\u00f5es e dicas na cidade Jo\u00e3o Pessoa e regi\u00e3o.","potentialAction":[{"@type":"SearchAction","target":{"@type":"EntryPoint","urlTemplate":"https:\/\/www.encontrajoaopessoa.com.br\/sobre\/?s={search_term_string}"},"query-input":{"@type":"PropertyValueSpecification","valueRequired":true,"valueName":"search_term_string"}}],"inLanguage":"pt-BR"},{"@type":"Person","@id":"https:\/\/www.encontrajoaopessoa.com.br\/sobre\/#\/schema\/person\/dcf4dbc803217a030dfb489f4a014aca","name":"Encontra Jo\u00e3o Pessoa","image":{"@type":"ImageObject","inLanguage":"pt-BR","@id":"https:\/\/www.encontrajoaopessoa.com.br\/sobre\/#\/schema\/person\/image\/","url":"https:\/\/secure.gravatar.com\/avatar\/507340682b8270222e1f208e23198b6ae7e2c6a1033ae84e99bc6bce4f82a387?s=96&d=mm&r=g","contentUrl":"https:\/\/secure.gravatar.com\/avatar\/507340682b8270222e1f208e23198b6ae7e2c6a1033ae84e99bc6bce4f82a387?s=96&d=mm&r=g","caption":"Encontra Jo\u00e3o Pessoa"},"url":"https:\/\/www.encontrajoaopessoa.com.br\/sobre\/author\/ejoaopessoa\/"}]}},"_links":{"self":[{"href":"https:\/\/www.encontrajoaopessoa.com.br\/sobre\/wp-json\/wp\/v2\/posts\/1202","targetHints":{"allow":["GET"]}}],"collection":[{"href":"https:\/\/www.encontrajoaopessoa.com.br\/sobre\/wp-json\/wp\/v2\/posts"}],"about":[{"href":"https:\/\/www.encontrajoaopessoa.com.br\/sobre\/wp-json\/wp\/v2\/types\/post"}],"author":[{"embeddable":true,"href":"https:\/\/www.encontrajoaopessoa.com.br\/sobre\/wp-json\/wp\/v2\/users\/1"}],"replies":[{"embeddable":true,"href":"https:\/\/www.encontrajoaopessoa.com.br\/sobre\/wp-json\/wp\/v2\/comments?post=1202"}],"version-history":[{"count":0,"href":"https:\/\/www.encontrajoaopessoa.com.br\/sobre\/wp-json\/wp\/v2\/posts\/1202\/revisions"}],"wp:featuredmedia":[{"embeddable":true,"href":"https:\/\/www.encontrajoaopessoa.com.br\/sobre\/wp-json\/wp\/v2\/media\/1201"}],"wp:attachment":[{"href":"https:\/\/www.encontrajoaopessoa.com.br\/sobre\/wp-json\/wp\/v2\/media?parent=1202"}],"wp:term":[{"taxonomy":"category","embeddable":true,"href":"https:\/\/www.encontrajoaopessoa.com.br\/sobre\/wp-json\/wp\/v2\/categories?post=1202"},{"taxonomy":"post_tag","embeddable":true,"href":"https:\/\/www.encontrajoaopessoa.com.br\/sobre\/wp-json\/wp\/v2\/tags?post=1202"}],"curies":[{"name":"wp","href":"https:\/\/api.w.org\/{rel}","templated":true}]}}