{"id":1182,"date":"2026-02-26T13:54:40","date_gmt":"2026-02-26T16:54:40","guid":{"rendered":"https:\/\/www.encontrajoaopessoa.com.br\/sobre\/prefeitura-de-joao-pessoa-reforca-chamado-a-populacao-para-o-dia-d-de-multivacinacao\/"},"modified":"2026-02-26T13:54:40","modified_gmt":"2026-02-26T16:54:40","slug":"prefeitura-de-joao-pessoa-reforca-chamado-a-populacao-para-o-dia-d-de-multivacinacao","status":"publish","type":"post","link":"https:\/\/www.encontrajoaopessoa.com.br\/sobre\/prefeitura-de-joao-pessoa-reforca-chamado-a-populacao-para-o-dia-d-de-multivacinacao\/","title":{"rendered":"Prefeitura de Jo\u00e3o Pessoa refor\u00e7a chamado \u00e0 popula\u00e7\u00e3o para o Dia D de Multivacina\u00e7\u00e3o"},"content":{"rendered":"<div class=\"866aa4a7c674253f40eaa20e0e3e928c\" data-index=\"1\" style=\"float: none; margin:0px;\">\n<!-- Anuncio display - global -->\r\n<ins class=\"adsbygoogle\"\r\n     style=\"display:block\"\r\n     data-ad-client=\"ca-pub-8585364105181520\"\r\n     data-ad-slot=\"8789329856\"\r\n     data-ad-format=\"auto\"\r\n     data-full-width-responsive=\"true\"><\/ins>\r\n<script>\r\n     (adsbygoogle = window.adsbygoogle || []).push({});\r\n<\/script>\n<\/div>\n<h2>O que \u00e9 o Dia D de Multivacina\u00e7\u00e3o?<\/h2>\n<p>O Dia D de Multivacina\u00e7\u00e3o \u00e9 uma a\u00e7\u00e3o coordenada que ocorre em todo o Brasil, com o objetivo de promover a vacina\u00e7\u00e3o em massa para diferentes faixas et\u00e1rias. Durante este evento, s\u00e3o oferecidas vacinas essenciais previstas no Calend\u00e1rio Nacional de Vacina\u00e7\u00e3o, permitindo que cidad\u00e3os de todas as idades tenham acesso \u00e0s imuniza\u00e7\u00f5es necess\u00e1rias. A iniciativa visa garantir que as vacinas estejam dispon\u00edveis em diversas localiza\u00e7\u00f5es, aumentando a acessibilidade e a conscientiza\u00e7\u00e3o sobre a import\u00e2ncia da vacina\u00e7\u00e3o.<\/p>\n<h2>Import\u00e2ncia da Vacina\u00e7\u00e3o para Todos<\/h2>\n<p>A vacina\u00e7\u00e3o \u00e9 um dos m\u00e9todos mais eficazes para prevenir doen\u00e7as e proteger a sa\u00fade p\u00fablica. Ao vacinar indiv\u00edduos de todas as idades, cria-se uma barreira contra a propaga\u00e7\u00e3o de doen\u00e7as imunopreven\u00edveis. Isso n\u00e3o apenas protege aqueles que recebem as vacinas, mas tamb\u00e9m a comunidade em geral, uma vez que a imuniza\u00e7\u00e3o em massa ajuda a alcan\u00e7ar a &#8220;imunidade de rebanho&#8221;, onde a circula\u00e7\u00e3o do v\u00edrus \u00e9 reduzida. Neste contexto, o Dia D de Multivacina\u00e7\u00e3o se torna um evento de grande relev\u00e2ncia, exatamente por incentivar a ades\u00e3o \u00e0 vacina\u00e7\u00e3o como um dever social.<\/p>\n<h2>Vacinas Dispon\u00edveis no Dia D<\/h2>\n<p>No Dia D de Multivacina\u00e7\u00e3o, s\u00e3o disponibilizadas v\u00e1rias vacinas, incluindo:<\/p>\n<p><img decoding=\"async\" src=\"https:\/\/www.encontrajoaopessoa.com.br\/sobre\/wp-content\/uploads\/2026\/02\/prefeitura-de-joao-pessoa-reforca-chamado-a-populacao-para-o-dia-d-de-multivacinacao-1.webp\" alt=\"Dia D de Multivacina\u00e7\u00e3o\" loading=\"lazy\" \/><\/p>\n<ul>\n<li><strong>Dengue:<\/strong> voltada principalmente para adolescentes de 10 a 14 anos.<\/li>\n<li><strong>Influenza:<\/strong> dispon\u00edvel para todas as pessoas a partir dos 6 meses de idade.<\/li>\n<li><strong>Covid-19:<\/strong> destinada a crian\u00e7as com menos de 5 anos e a grupos priorit\u00e1rios.<\/li>\n<li><strong>HPV:<\/strong> atualiza\u00e7\u00e3o para o p\u00fablico de 9 a 19 anos.<\/li>\n<li><strong>V\u00edrus Sincicial Respirat\u00f3rio (VSR):<\/strong> indicada para gestantes.<\/li>\n<\/ul>\n<h2>Pontos de Vacina\u00e7\u00e3o em Jo\u00e3o Pessoa<\/h2>\n<p>Para facilitar o acesso \u00e0 vacina\u00e7\u00e3o, Jo\u00e3o Pessoa disponibiliza v\u00e1rios locais onde as pessoas podem se vacinar durante o Dia D. Esses locais incluem:<\/p>\n<ul>\n<li><strong>Unidades de Sa\u00fade da Fam\u00edlia (USFs)<\/strong><\/li>\n<li><strong>Policl\u00ednicas Municipais:<\/strong> incluindo as de Cristo, Mangabeira, Mandacaru, Jaguaribe e Praias.<\/li>\n<li><strong>Centro Municipal de Imuniza\u00e7\u00e3o (Torre)<\/strong><\/li>\n<\/ul>\n<p>Al\u00e9m desses, pontos m\u00f3veis tamb\u00e9m ser\u00e3o montados. As unidades ir\u00e3o funcionar em hor\u00e1rios distintos, oferecendo vacinas at\u00e9 o meio-dia.<\/p>\n<h2>Como Funciona a Imuniza\u00e7\u00e3o Contra a Dengue?<\/h2>\n<p>A vacina\u00e7\u00e3o contra a dengue \u00e9 realizada por meio da vacina Qdenga, que requer duas doses para garantir prote\u00e7\u00e3o adequada. As doses devem ser aplicadas com um intervalo de 90 dias, de modo a maximizar a efic\u00e1cia do imunizante. Mesmo que muitos jovens j\u00e1 tenham recebido a primeira dose, a ades\u00e3o \u00e0 segunda aplica\u00e7\u00e3o ainda precisa ser aumentada. \u00c9 um forte alerta para pais e respons\u00e1veis que ainda n\u00e3o iniciaram ou conclu\u00edram o esquema vacinal de seus filhos.<\/p>\n<h2>Dados de Vacina\u00e7\u00e3o em Jo\u00e3o Pessoa<\/h2>\n<p>Os dados de vacina\u00e7\u00e3o s\u00e3o cruciais para entender a situa\u00e7\u00e3o atual da imuniza\u00e7\u00e3o na cidade. Segundo informa\u00e7\u00f5es do DataSUS, em Jo\u00e3o Pessoa, um total de 24.562 crian\u00e7as e adolescentes receberam a primeira dose da vacina contra a dengue. Contudo, apenas 10.248 retornaram para completar a vacina\u00e7\u00e3o com a segunda dose. Esses n\u00fameros apontam para a necessidade de mobiliza\u00e7\u00e3o e conscientiza\u00e7\u00e3o sobre a import\u00e2ncia de concluir o esquema vacinal.<\/p>\n<h2>Hor\u00e1rios e Locais para se Vacinar<\/h2>\n<p>No Dia D, a vacina\u00e7\u00e3o ocorrer\u00e1 em hor\u00e1rios espec\u00edficos para atender ao p\u00fablico:<\/p>\n<h3>Unidades de Sa\u00fade da Fam\u00edlia e Policl\u00ednicas<\/h3>\n<p><strong>Hor\u00e1rio:<\/strong> das 8h \u00e0s 12h<\/p>\n<h3>Pontos M\u00f3veis: Home Center Ferreira Costa, BR 230 \u2013 Aeroclube; Shopping Sul \u2013 Banc\u00e1rios; Shopping Tambi\u00e1<\/h3>\n<p><strong>Hor\u00e1rio:<\/strong> das 8h \u00e0s 16h<\/p>\n<p>Todos os locais oferecer\u00e3o vacinas do calend\u00e1rio de rotina, abrangendo as vacinas de dengue, influenza, Covid-19, HPV e VSR para gestantes.<\/p>\n<h2>Alertas para Pais e Respons\u00e1veis<\/h2>\n<p>Os profissionais de sa\u00fade refor\u00e7am a import\u00e2ncia de que pais e respons\u00e1veis fiquem atentos ao calend\u00e1rio vacinal de seus filhos. A imuniza\u00e7\u00e3o n\u00e3o apenas protege as crian\u00e7as, mas tamb\u00e9m contribui para a sa\u00fade da comunidade. \u00c9 essencial que os respons\u00e1veis garantam que as vacinas estejam atualizadas e que todas as doses necess\u00e1rias sejam ministradas.<\/p>\n<h2>Benef\u00edcios da Vacina\u00e7\u00e3o em Massa<\/h2>\n<p>A vacina\u00e7\u00e3o em massa traz uma s\u00e9rie de benef\u00edcios, tais como:<\/p>\n<ul>\n<li><strong>Preven\u00e7\u00e3o de Doen\u00e7as:<\/strong> Reduz a incid\u00eancia de doen\u00e7as que podem causar s\u00e9rios problemas \u00e0 sa\u00fade.<\/li>\n<li><strong>Prote\u00e7\u00e3o da Comunidade:<\/strong> A imuniza\u00e7\u00e3o em massa ajuda a criar uma comunidade mais saud\u00e1vel.<\/li>\n<li><strong>Redu\u00e7\u00e3o de Custos com Sa\u00fade:<\/strong> Prevenir doen\u00e7as pode resultar em menos gastos com tratamentos e interna\u00e7\u00f5es hospitalares.<\/li>\n<li><strong>Aumento da Qualidade de Vida:<\/strong> Uma popula\u00e7\u00e3o imunizada tende a ter uma qualidade de vida melhor.<\/li>\n<\/ul>\n<h2>Pr\u00f3ximos Passos ap\u00f3s o Dia D<\/h2>\n<p>Ap\u00f3s a realiza\u00e7\u00e3o do Dia D de Multivacina\u00e7\u00e3o, \u00e9 fundamental que continuem as atividades de conscientiza\u00e7\u00e3o sobre a import\u00e2ncia da vacina\u00e7\u00e3o. Al\u00e9m disso, as unidades de sa\u00fade devem permanecer ativas, oferecendo imuniza\u00e7\u00f5es constantes, garantindo que a popula\u00e7\u00e3o tenha sempre acesso \u00e0s vacinas necess\u00e1rias. Incentivar a regulariza\u00e7\u00e3o das cadernetas de vacina\u00e7\u00e3o \u00e9 parte essencial desse processo.<\/p>\n\n<div style=\"font-size: 0px; height: 0px; line-height: 0px; margin: 0; padding: 0; clear: both;\"><\/div>","protected":false},"excerpt":{"rendered":"<p>Dia D de Multivacina\u00e7\u00e3o promete ampliar a prote\u00e7\u00e3o de sa\u00fade em Jo\u00e3o Pessoa.<\/p>\n","protected":false},"author":1,"featured_media":1181,"comment_status":"closed","ping_status":"closed","sticky":false,"template":"","format":"standard","meta":{"footnotes":""},"categories":[1],"tags":[],"class_list":["post-1182","post","type-post","status-publish","format-standard","has-post-thumbnail","hentry","category-noticias-em-joao-pessoa","has_thumb"],"yoast_head":"<!-- This site is optimized with the Yoast SEO plugin v26.4 - https:\/\/yoast.com\/wordpress\/plugins\/seo\/ -->\n<title>Prefeitura de Jo\u00e3o Pessoa refor\u00e7a chamado \u00e0 popula\u00e7\u00e3o para o Dia D de Multivacina\u00e7\u00e3o - Encontra Jo\u00e3o Pessoa<\/title>\n<meta name=\"robots\" content=\"index, follow, max-snippet:-1, max-image-preview:large, max-video-preview:-1\" \/>\n<link rel=\"canonical\" href=\"https:\/\/www.encontrajoaopessoa.com.br\/sobre\/prefeitura-de-joao-pessoa-reforca-chamado-a-populacao-para-o-dia-d-de-multivacinacao\/\" \/>\n<meta property=\"og:locale\" content=\"pt_BR\" \/>\n<meta property=\"og:type\" content=\"article\" \/>\n<meta property=\"og:title\" content=\"Prefeitura de Jo\u00e3o Pessoa refor\u00e7a chamado \u00e0 popula\u00e7\u00e3o para o Dia D de Multivacina\u00e7\u00e3o - Encontra Jo\u00e3o Pessoa\" \/>\n<meta property=\"og:description\" content=\"Dia D de Multivacina\u00e7\u00e3o promete ampliar a prote\u00e7\u00e3o de sa\u00fade em Jo\u00e3o Pessoa.\" \/>\n<meta property=\"og:url\" content=\"https:\/\/www.encontrajoaopessoa.com.br\/sobre\/prefeitura-de-joao-pessoa-reforca-chamado-a-populacao-para-o-dia-d-de-multivacinacao\/\" \/>\n<meta property=\"og:site_name\" content=\"Encontra Jo\u00e3o Pessoa\" \/>\n<meta property=\"article:published_time\" content=\"2026-02-26T16:54:40+00:00\" \/>\n<meta property=\"og:image\" content=\"https:\/\/www.encontrajoaopessoa.com.br\/sobre\/wp-content\/uploads\/2026\/02\/prefeitura-de-joao-pessoa-reforca-chamado-a-populacao-para-o-dia-d-de-multivacinacao-1.webp\" \/>\n<meta name=\"author\" content=\"Encontra Jo\u00e3o Pessoa\" \/>\n<meta name=\"twitter:card\" content=\"summary_large_image\" \/>\n<meta name=\"twitter:label1\" content=\"Escrito por\" \/>\n\t<meta name=\"twitter:data1\" content=\"Encontra Jo\u00e3o Pessoa\" \/>\n\t<meta name=\"twitter:label2\" content=\"Est. tempo de leitura\" \/>\n\t<meta name=\"twitter:data2\" content=\"4 minutos\" \/>\n<script type=\"application\/ld+json\" class=\"yoast-schema-graph\">{\"@context\":\"https:\/\/schema.org\",\"@graph\":[{\"@type\":\"WebPage\",\"@id\":\"https:\/\/www.encontrajoaopessoa.com.br\/sobre\/prefeitura-de-joao-pessoa-reforca-chamado-a-populacao-para-o-dia-d-de-multivacinacao\/\",\"url\":\"https:\/\/www.encontrajoaopessoa.com.br\/sobre\/prefeitura-de-joao-pessoa-reforca-chamado-a-populacao-para-o-dia-d-de-multivacinacao\/\",\"name\":\"Prefeitura de Jo\u00e3o Pessoa refor\u00e7a chamado \u00e0 popula\u00e7\u00e3o para o Dia D de Multivacina\u00e7\u00e3o - Encontra Jo\u00e3o Pessoa\",\"isPartOf\":{\"@id\":\"https:\/\/www.encontrajoaopessoa.com.br\/sobre\/#website\"},\"primaryImageOfPage\":{\"@id\":\"https:\/\/www.encontrajoaopessoa.com.br\/sobre\/prefeitura-de-joao-pessoa-reforca-chamado-a-populacao-para-o-dia-d-de-multivacinacao\/#primaryimage\"},\"image\":{\"@id\":\"https:\/\/www.encontrajoaopessoa.com.br\/sobre\/prefeitura-de-joao-pessoa-reforca-chamado-a-populacao-para-o-dia-d-de-multivacinacao\/#primaryimage\"},\"thumbnailUrl\":\"https:\/\/www.encontrajoaopessoa.com.br\/sobre\/wp-content\/uploads\/2026\/02\/prefeitura-de-joao-pessoa-reforca-chamado-a-populacao-para-o-dia-d-de-multivacinacao-1.webp\",\"datePublished\":\"2026-02-26T16:54:40+00:00\",\"author\":{\"@id\":\"https:\/\/www.encontrajoaopessoa.com.br\/sobre\/#\/schema\/person\/dcf4dbc803217a030dfb489f4a014aca\"},\"breadcrumb\":{\"@id\":\"https:\/\/www.encontrajoaopessoa.com.br\/sobre\/prefeitura-de-joao-pessoa-reforca-chamado-a-populacao-para-o-dia-d-de-multivacinacao\/#breadcrumb\"},\"inLanguage\":\"pt-BR\",\"potentialAction\":[{\"@type\":\"ReadAction\",\"target\":[\"https:\/\/www.encontrajoaopessoa.com.br\/sobre\/prefeitura-de-joao-pessoa-reforca-chamado-a-populacao-para-o-dia-d-de-multivacinacao\/\"]}]},{\"@type\":\"ImageObject\",\"inLanguage\":\"pt-BR\",\"@id\":\"https:\/\/www.encontrajoaopessoa.com.br\/sobre\/prefeitura-de-joao-pessoa-reforca-chamado-a-populacao-para-o-dia-d-de-multivacinacao\/#primaryimage\",\"url\":\"https:\/\/www.encontrajoaopessoa.com.br\/sobre\/wp-content\/uploads\/2026\/02\/prefeitura-de-joao-pessoa-reforca-chamado-a-populacao-para-o-dia-d-de-multivacinacao-1.webp\",\"contentUrl\":\"https:\/\/www.encontrajoaopessoa.com.br\/sobre\/wp-content\/uploads\/2026\/02\/prefeitura-de-joao-pessoa-reforca-chamado-a-populacao-para-o-dia-d-de-multivacinacao-1.webp\",\"width\":280,\"height\":280,\"caption\":\"Dia D de Multivacina\u00e7\u00e3o\"},{\"@type\":\"BreadcrumbList\",\"@id\":\"https:\/\/www.encontrajoaopessoa.com.br\/sobre\/prefeitura-de-joao-pessoa-reforca-chamado-a-populacao-para-o-dia-d-de-multivacinacao\/#breadcrumb\",\"itemListElement\":[{\"@type\":\"ListItem\",\"position\":1,\"name\":\"In\u00edcio\",\"item\":\"https:\/\/www.encontrajoaopessoa.com.br\/sobre\/\"},{\"@type\":\"ListItem\",\"position\":2,\"name\":\"Prefeitura de Jo\u00e3o Pessoa refor\u00e7a chamado \u00e0 popula\u00e7\u00e3o para o Dia D de Multivacina\u00e7\u00e3o\"}]},{\"@type\":\"WebSite\",\"@id\":\"https:\/\/www.encontrajoaopessoa.com.br\/sobre\/#website\",\"url\":\"https:\/\/www.encontrajoaopessoa.com.br\/sobre\/\",\"name\":\"Encontra Jo\u00e3o Pessoa\",\"description\":\"Not\u00edcias, eventos, informa\u00e7\u00f5es e dicas na cidade Jo\u00e3o Pessoa e regi\u00e3o.\",\"potentialAction\":[{\"@type\":\"SearchAction\",\"target\":{\"@type\":\"EntryPoint\",\"urlTemplate\":\"https:\/\/www.encontrajoaopessoa.com.br\/sobre\/?s={search_term_string}\"},\"query-input\":{\"@type\":\"PropertyValueSpecification\",\"valueRequired\":true,\"valueName\":\"search_term_string\"}}],\"inLanguage\":\"pt-BR\"},{\"@type\":\"Person\",\"@id\":\"https:\/\/www.encontrajoaopessoa.com.br\/sobre\/#\/schema\/person\/dcf4dbc803217a030dfb489f4a014aca\",\"name\":\"Encontra Jo\u00e3o Pessoa\",\"image\":{\"@type\":\"ImageObject\",\"inLanguage\":\"pt-BR\",\"@id\":\"https:\/\/www.encontrajoaopessoa.com.br\/sobre\/#\/schema\/person\/image\/\",\"url\":\"https:\/\/secure.gravatar.com\/avatar\/507340682b8270222e1f208e23198b6ae7e2c6a1033ae84e99bc6bce4f82a387?s=96&d=mm&r=g\",\"contentUrl\":\"https:\/\/secure.gravatar.com\/avatar\/507340682b8270222e1f208e23198b6ae7e2c6a1033ae84e99bc6bce4f82a387?s=96&d=mm&r=g\",\"caption\":\"Encontra Jo\u00e3o Pessoa\"},\"url\":\"https:\/\/www.encontrajoaopessoa.com.br\/sobre\/author\/ejoaopessoa\/\"}]}<\/script>\n<!-- \/ Yoast SEO plugin. -->","yoast_head_json":{"title":"Prefeitura de Jo\u00e3o Pessoa refor\u00e7a chamado \u00e0 popula\u00e7\u00e3o para o Dia D de Multivacina\u00e7\u00e3o - Encontra Jo\u00e3o Pessoa","robots":{"index":"index","follow":"follow","max-snippet":"max-snippet:-1","max-image-preview":"max-image-preview:large","max-video-preview":"max-video-preview:-1"},"canonical":"https:\/\/www.encontrajoaopessoa.com.br\/sobre\/prefeitura-de-joao-pessoa-reforca-chamado-a-populacao-para-o-dia-d-de-multivacinacao\/","og_locale":"pt_BR","og_type":"article","og_title":"Prefeitura de Jo\u00e3o Pessoa refor\u00e7a chamado \u00e0 popula\u00e7\u00e3o para o Dia D de Multivacina\u00e7\u00e3o - Encontra Jo\u00e3o Pessoa","og_description":"Dia D de Multivacina\u00e7\u00e3o promete ampliar a prote\u00e7\u00e3o de sa\u00fade em Jo\u00e3o Pessoa.","og_url":"https:\/\/www.encontrajoaopessoa.com.br\/sobre\/prefeitura-de-joao-pessoa-reforca-chamado-a-populacao-para-o-dia-d-de-multivacinacao\/","og_site_name":"Encontra Jo\u00e3o Pessoa","article_published_time":"2026-02-26T16:54:40+00:00","og_image":[{"url":"https:\/\/www.encontrajoaopessoa.com.br\/sobre\/wp-content\/uploads\/2026\/02\/prefeitura-de-joao-pessoa-reforca-chamado-a-populacao-para-o-dia-d-de-multivacinacao-1.webp","type":"","width":"","height":""}],"author":"Encontra Jo\u00e3o Pessoa","twitter_card":"summary_large_image","twitter_misc":{"Escrito por":"Encontra Jo\u00e3o Pessoa","Est. tempo de leitura":"4 minutos"},"schema":{"@context":"https:\/\/schema.org","@graph":[{"@type":"WebPage","@id":"https:\/\/www.encontrajoaopessoa.com.br\/sobre\/prefeitura-de-joao-pessoa-reforca-chamado-a-populacao-para-o-dia-d-de-multivacinacao\/","url":"https:\/\/www.encontrajoaopessoa.com.br\/sobre\/prefeitura-de-joao-pessoa-reforca-chamado-a-populacao-para-o-dia-d-de-multivacinacao\/","name":"Prefeitura de Jo\u00e3o Pessoa refor\u00e7a chamado \u00e0 popula\u00e7\u00e3o para o Dia D de Multivacina\u00e7\u00e3o - Encontra Jo\u00e3o Pessoa","isPartOf":{"@id":"https:\/\/www.encontrajoaopessoa.com.br\/sobre\/#website"},"primaryImageOfPage":{"@id":"https:\/\/www.encontrajoaopessoa.com.br\/sobre\/prefeitura-de-joao-pessoa-reforca-chamado-a-populacao-para-o-dia-d-de-multivacinacao\/#primaryimage"},"image":{"@id":"https:\/\/www.encontrajoaopessoa.com.br\/sobre\/prefeitura-de-joao-pessoa-reforca-chamado-a-populacao-para-o-dia-d-de-multivacinacao\/#primaryimage"},"thumbnailUrl":"https:\/\/www.encontrajoaopessoa.com.br\/sobre\/wp-content\/uploads\/2026\/02\/prefeitura-de-joao-pessoa-reforca-chamado-a-populacao-para-o-dia-d-de-multivacinacao-1.webp","datePublished":"2026-02-26T16:54:40+00:00","author":{"@id":"https:\/\/www.encontrajoaopessoa.com.br\/sobre\/#\/schema\/person\/dcf4dbc803217a030dfb489f4a014aca"},"breadcrumb":{"@id":"https:\/\/www.encontrajoaopessoa.com.br\/sobre\/prefeitura-de-joao-pessoa-reforca-chamado-a-populacao-para-o-dia-d-de-multivacinacao\/#breadcrumb"},"inLanguage":"pt-BR","potentialAction":[{"@type":"ReadAction","target":["https:\/\/www.encontrajoaopessoa.com.br\/sobre\/prefeitura-de-joao-pessoa-reforca-chamado-a-populacao-para-o-dia-d-de-multivacinacao\/"]}]},{"@type":"ImageObject","inLanguage":"pt-BR","@id":"https:\/\/www.encontrajoaopessoa.com.br\/sobre\/prefeitura-de-joao-pessoa-reforca-chamado-a-populacao-para-o-dia-d-de-multivacinacao\/#primaryimage","url":"https:\/\/www.encontrajoaopessoa.com.br\/sobre\/wp-content\/uploads\/2026\/02\/prefeitura-de-joao-pessoa-reforca-chamado-a-populacao-para-o-dia-d-de-multivacinacao-1.webp","contentUrl":"https:\/\/www.encontrajoaopessoa.com.br\/sobre\/wp-content\/uploads\/2026\/02\/prefeitura-de-joao-pessoa-reforca-chamado-a-populacao-para-o-dia-d-de-multivacinacao-1.webp","width":280,"height":280,"caption":"Dia D de Multivacina\u00e7\u00e3o"},{"@type":"BreadcrumbList","@id":"https:\/\/www.encontrajoaopessoa.com.br\/sobre\/prefeitura-de-joao-pessoa-reforca-chamado-a-populacao-para-o-dia-d-de-multivacinacao\/#breadcrumb","itemListElement":[{"@type":"ListItem","position":1,"name":"In\u00edcio","item":"https:\/\/www.encontrajoaopessoa.com.br\/sobre\/"},{"@type":"ListItem","position":2,"name":"Prefeitura de Jo\u00e3o Pessoa refor\u00e7a chamado \u00e0 popula\u00e7\u00e3o para o Dia D de Multivacina\u00e7\u00e3o"}]},{"@type":"WebSite","@id":"https:\/\/www.encontrajoaopessoa.com.br\/sobre\/#website","url":"https:\/\/www.encontrajoaopessoa.com.br\/sobre\/","name":"Encontra Jo\u00e3o Pessoa","description":"Not\u00edcias, eventos, informa\u00e7\u00f5es e dicas na cidade Jo\u00e3o Pessoa e regi\u00e3o.","potentialAction":[{"@type":"SearchAction","target":{"@type":"EntryPoint","urlTemplate":"https:\/\/www.encontrajoaopessoa.com.br\/sobre\/?s={search_term_string}"},"query-input":{"@type":"PropertyValueSpecification","valueRequired":true,"valueName":"search_term_string"}}],"inLanguage":"pt-BR"},{"@type":"Person","@id":"https:\/\/www.encontrajoaopessoa.com.br\/sobre\/#\/schema\/person\/dcf4dbc803217a030dfb489f4a014aca","name":"Encontra Jo\u00e3o Pessoa","image":{"@type":"ImageObject","inLanguage":"pt-BR","@id":"https:\/\/www.encontrajoaopessoa.com.br\/sobre\/#\/schema\/person\/image\/","url":"https:\/\/secure.gravatar.com\/avatar\/507340682b8270222e1f208e23198b6ae7e2c6a1033ae84e99bc6bce4f82a387?s=96&d=mm&r=g","contentUrl":"https:\/\/secure.gravatar.com\/avatar\/507340682b8270222e1f208e23198b6ae7e2c6a1033ae84e99bc6bce4f82a387?s=96&d=mm&r=g","caption":"Encontra Jo\u00e3o Pessoa"},"url":"https:\/\/www.encontrajoaopessoa.com.br\/sobre\/author\/ejoaopessoa\/"}]}},"_links":{"self":[{"href":"https:\/\/www.encontrajoaopessoa.com.br\/sobre\/wp-json\/wp\/v2\/posts\/1182","targetHints":{"allow":["GET"]}}],"collection":[{"href":"https:\/\/www.encontrajoaopessoa.com.br\/sobre\/wp-json\/wp\/v2\/posts"}],"about":[{"href":"https:\/\/www.encontrajoaopessoa.com.br\/sobre\/wp-json\/wp\/v2\/types\/post"}],"author":[{"embeddable":true,"href":"https:\/\/www.encontrajoaopessoa.com.br\/sobre\/wp-json\/wp\/v2\/users\/1"}],"replies":[{"embeddable":true,"href":"https:\/\/www.encontrajoaopessoa.com.br\/sobre\/wp-json\/wp\/v2\/comments?post=1182"}],"version-history":[{"count":0,"href":"https:\/\/www.encontrajoaopessoa.com.br\/sobre\/wp-json\/wp\/v2\/posts\/1182\/revisions"}],"wp:featuredmedia":[{"embeddable":true,"href":"https:\/\/www.encontrajoaopessoa.com.br\/sobre\/wp-json\/wp\/v2\/media\/1181"}],"wp:attachment":[{"href":"https:\/\/www.encontrajoaopessoa.com.br\/sobre\/wp-json\/wp\/v2\/media?parent=1182"}],"wp:term":[{"taxonomy":"category","embeddable":true,"href":"https:\/\/www.encontrajoaopessoa.com.br\/sobre\/wp-json\/wp\/v2\/categories?post=1182"},{"taxonomy":"post_tag","embeddable":true,"href":"https:\/\/www.encontrajoaopessoa.com.br\/sobre\/wp-json\/wp\/v2\/tags?post=1182"}],"curies":[{"name":"wp","href":"https:\/\/api.w.org\/{rel}","templated":true}]}}