{"id":1155,"date":"2026-02-21T13:54:48","date_gmt":"2026-02-21T16:54:48","guid":{"rendered":"https:\/\/www.encontrajoaopessoa.com.br\/sobre\/apos-arquibancada-ceder-desfiles-do-carnaval-tradicao-de-joao-pessoa-sao-remarcados-para-o-fim-de-semana\/"},"modified":"2026-02-21T13:54:48","modified_gmt":"2026-02-21T16:54:48","slug":"apos-arquibancada-ceder-desfiles-do-carnaval-tradicao-de-joao-pessoa-sao-remarcados-para-o-fim-de-semana","status":"publish","type":"post","link":"https:\/\/www.encontrajoaopessoa.com.br\/sobre\/apos-arquibancada-ceder-desfiles-do-carnaval-tradicao-de-joao-pessoa-sao-remarcados-para-o-fim-de-semana\/","title":{"rendered":"Ap\u00f3s arquibancada ceder, desfiles do Carnaval Tradi\u00e7\u00e3o de Jo\u00e3o Pessoa s\u00e3o remarcados para o fim de semana"},"content":{"rendered":"<div class=\"866aa4a7c674253f40eaa20e0e3e928c\" data-index=\"1\" style=\"float: none; margin:0px;\">\n<!-- Anuncio display - global -->\r\n<ins class=\"adsbygoogle\"\r\n     style=\"display:block\"\r\n     data-ad-client=\"ca-pub-8585364105181520\"\r\n     data-ad-slot=\"8789329856\"\r\n     data-ad-format=\"auto\"\r\n     data-full-width-responsive=\"true\"><\/ins>\r\n<script>\r\n     (adsbygoogle = window.adsbygoogle || []).push({});\r\n<\/script>\n<\/div>\n<h2>A Causa da Suspens\u00e3o dos Desfiles<\/h2>\n<p>Os desfiles do Carnaval Tradi\u00e7\u00e3o em Jo\u00e3o Pessoa foram suspensos devido \u00e0 cede da arquibancada durante uma das apresenta\u00e7\u00f5es. Este incidente ocorreu na segunda-feira (16) e foi um momento de Tens\u00e3o para os organizadores e espectadores presentes no evento. Segundo informa\u00e7\u00f5es, a superlota\u00e7\u00e3o em uma das arquibancadas levou a essa situa\u00e7\u00e3o indesejada. A seguran\u00e7a das pessoas \u00e9 a prioridade m\u00e1xima e, por isso, a decis\u00e3o de interromper as festividades foi tomada.<\/p>\n<h2>Nova Programa\u00e7\u00e3o para o Carnaval<\/h2>\n<p>Ap\u00f3s a suspens\u00e3o, os organizadores rapidamente se mobilizaram para agendar novas datas para os desfiles. Assim, as apresenta\u00e7\u00f5es que estavam previstas para a segunda-feira (16) foram adiadas para o pr\u00f3ximo s\u00e1bado (21), enquanto as programadas para a ter\u00e7a-feira (17) acontecer\u00e3o no domingo (22). Esta decis\u00e3o visa garantir que todos possam desfrutar do carnaval com seguran\u00e7a e alegria, mantendo a ess\u00eancia da festividade. Os desfiles ser\u00e3o realizados na Avenida Duarte da Silveira, um local conhecido que comporta uma quantidade significativa de espectadores.<\/p>\n<h2>Medidas de Seguran\u00e7a Implementadas<\/h2>\n<p>A seguran\u00e7a \u00e9 um aspecto cr\u00edtico em eventos de grande porte como o Carnaval Tradi\u00e7\u00e3o. Em resposta ao incidente, as autoridades locais, incluindo a Funda\u00e7\u00e3o Cultural de Jo\u00e3o Pessoa, a Pol\u00edcia Militar e o Corpo de Bombeiros, est\u00e3o colaborando para assegurar a integridade das estruturas e do p\u00fablico. Um plano de seguran\u00e7a abrangente foi elaborado, incluindo a realiza\u00e7\u00e3o de inspe\u00e7\u00f5es rigorosas nas arquibancadas e a implementa\u00e7\u00e3o de novas normas de ocupa\u00e7\u00e3o para evitar superlota\u00e7\u00e3o. Al\u00e9m disso, um acompanhamento constante ser\u00e1 feito durante os desfiles para garantir a corretude das medidas de seguran\u00e7a.<\/p>\n<p><img decoding=\"async\" src=\"https:\/\/www.encontrajoaopessoa.com.br\/sobre\/wp-content\/uploads\/2026\/02\/apos-arquibancada-ceder-desfiles-do-carnaval-tradicao-de-joao-pessoa-sao-remarcados-para-o-fim-de-se.webp\" alt=\"\" loading=\"lazy\" \/><\/p>\n<h2>O Papel da Pol\u00edcia Militar no Evento<\/h2>\n<p>A Pol\u00edcia Militar desempenhar\u00e1 um papel fundamental na reabertura dos desfiles. Com uma presen\u00e7a significativa na \u00e1rea, a corpora\u00e7\u00e3o ajudar\u00e1 na organiza\u00e7\u00e3o do p\u00fablico e no controle da multid\u00e3o. Al\u00e9m disso, a pol\u00edcia estar\u00e1 presente para garantir que as normas de seguran\u00e7a sejam seguidas, colaborando com os organizadores para um evento tranquilo e seguro. Essa estrat\u00e9gia \u00e9 vital para reconstruir a confian\u00e7a da popula\u00e7\u00e3o quanto \u00e0 seguran\u00e7a do carnaval ap\u00f3s o incidente. As autoridades est\u00e3o comprometidas em oferecer um ambiente controlado, minimizando quaisquer riscos futuros.<\/p>\n<h2>Expectativas para o Retorno dos Desfiles<\/h2>\n<p>As expectativas para o retorno dos desfiles s\u00e3o altas. O diretor executivo da Funda\u00e7\u00e3o Cultural de Jo\u00e3o Pessoa, Marcus Alves, expressou otimismo quanto \u00e0 nova programa\u00e7\u00e3o. O p\u00fablico \u00e9 ansioso para participar das festividades e celebrar a cultura local. O desempenho das Ala Ursas, um dos principais destaques do carnaval, promete encantar os espectadores, com temas que evocam tradi\u00e7\u00f5es regionais e folclore. A troca de datas possibilitar\u00e1 uma maior prepara\u00e7\u00e3o e aprimoramento das estruturas, garantindo que todos tenham uma experi\u00eancia memor\u00e1vel e segura.<\/p>\n<h2>Impacto do Acidente na Comunidade<\/h2>\n<p>O acidente na arquibancada n\u00e3o teve feridos, mas deixou um impacto significativo na comunidade. O cancelamento dos desfiles criou uma onda de preocupa\u00e7\u00e3o entre os moradores e foli\u00f5es, que veem o carnaval como uma das principais celebra\u00e7\u00f5es culturais da regi\u00e3o. Esse evento n\u00e3o apenas proporciona entretenimento, mas tamb\u00e9m \u00e9 uma fonte de orgulho e identidade local. Assim, a suspens\u00e3o trouxe \u00e0 tona a import\u00e2ncia de se priorizar a seguran\u00e7a, com o objetivo de preservar essa tradi\u00e7\u00e3o.<\/p>\n<h2>Reuni\u00e3o com Autoridades e Organizador<\/h2>\n<p>Uma s\u00e9rie de reuni\u00f5es entre as autoridades competentes e os organizadores do carnaval foi fundamental para garantir uma resposta r\u00e1pida ap\u00f3s o evento. Essas discuss\u00f5es se concentraram em revisar protocolos de seguran\u00e7a e em planejar o futuro do Carnaval Tradi\u00e7\u00e3o. No encontro, ficou claro que todos est\u00e3o comprometidos em oferecer um carnaval que respeite as tradi\u00e7\u00f5es e ainda priorize a seguran\u00e7a do p\u00fablico. A continuidade dos desfiles foi decidida com um consenso de todos os envolvidos, sublinhando a necessidade de colabora\u00e7\u00e3o entre a comunidade, autoridades e organizadores.<\/p>\n<h2>O Que Esperar das Atra\u00e7\u00f5es Remarcadas<\/h2>\n<p>Os desfiles remarcados devem trazer uma gama diversificada de atra\u00e7\u00f5es, incluindo performances vibrantes das ala ursas e outras manifesta\u00e7\u00f5es culturais. Os organizadores est\u00e3o garantindo que a programa\u00e7\u00e3o respeite as tradi\u00e7\u00f5es enquanto abra\u00e7a inova\u00e7\u00f5es que atraem o p\u00fablico. Com o tema das supersti\u00e7\u00f5es unificado em algumas apresenta\u00e7\u00f5es, o p\u00fablico pode esperar muitas cores, m\u00fasicas cativantes e dan\u00e7as envolventes que simbolizam a for\u00e7a cultural de Jo\u00e3o Pessoa. Os ensaios e prepara\u00e7\u00f5es j\u00e1 est\u00e3o em andamento, com a expectativa de que os grupos entreguem performances ainda melhores do que as previstas inicialmente.<\/p>\n<h2>Import\u00e2ncia do Carnaval para Jo\u00e3o Pessoa<\/h2>\n<p>O Carnaval Tradi\u00e7\u00e3o \u00e9 uma express\u00e3o vital da cultura de Jo\u00e3o Pessoa, refletindo o esp\u00edrito e a criatividade de sua popula\u00e7\u00e3o. Para muitos, \u00e9 uma \u00e9poca de festa, alegria e uni\u00e3o, quando as pessoas se re\u00fanem para celebrar suas ra\u00edzes culturais. Economicamente, o carnaval tamb\u00e9m desempenha um papel importante, gerando receita para o com\u00e9rcio local atrav\u00e9s do turismo e da venda de produtos. Desta forma, a realiza\u00e7\u00e3o dos desfiles representa n\u00e3o apenas uma festividade, mas uma reafirma\u00e7\u00e3o da identidade e coes\u00e3o social entre os habitantes.<\/p>\n<h2>Hist\u00f3ria do Carnaval na Regi\u00e3o<\/h2>\n<p>O Carnaval em Jo\u00e3o Pessoa possui uma rica hist\u00f3ria que remonta a v\u00e1rias gera\u00e7\u00f5es. As tradi\u00e7\u00f5es folcl\u00f3ricas, combinadas com elementos modernos, fazem desse evento uma celebra\u00e7\u00e3o \u00fanica. Com influences de culturas africanas, ind\u00edgenas e europeias, as festividades evolu\u00edram ao longo dos anos, incorporando diferentes g\u00eaneros musicais e dan\u00e7as. O apoio da comunidade e a participa\u00e7\u00e3o ativa de grupos culturais, como as ala ursas, serve para preservar a viva mem\u00f3ria do carnaval, enriquecendo ainda mais a hist\u00f3ria deste evento.<\/p>\n\n<div style=\"font-size: 0px; height: 0px; line-height: 0px; margin: 0; padding: 0; clear: both;\"><\/div>","protected":false},"excerpt":{"rendered":"<p>Desfiles do Carnaval de Jo\u00e3o Pessoa foram remarcados ap\u00f3s arquibancada ceder. Fique por dentro!<\/p>\n","protected":false},"author":1,"featured_media":1154,"comment_status":"closed","ping_status":"closed","sticky":false,"template":"","format":"standard","meta":{"footnotes":""},"categories":[1],"tags":[],"class_list":["post-1155","post","type-post","status-publish","format-standard","has-post-thumbnail","hentry","category-noticias-em-joao-pessoa","has_thumb"],"yoast_head":"<!-- This site is optimized with the Yoast SEO plugin v26.4 - https:\/\/yoast.com\/wordpress\/plugins\/seo\/ -->\n<title>Ap\u00f3s arquibancada ceder, desfiles do Carnaval Tradi\u00e7\u00e3o de Jo\u00e3o Pessoa s\u00e3o remarcados para o fim de semana - Encontra Jo\u00e3o Pessoa<\/title>\n<meta name=\"robots\" content=\"index, follow, max-snippet:-1, max-image-preview:large, max-video-preview:-1\" \/>\n<link rel=\"canonical\" href=\"https:\/\/www.encontrajoaopessoa.com.br\/sobre\/apos-arquibancada-ceder-desfiles-do-carnaval-tradicao-de-joao-pessoa-sao-remarcados-para-o-fim-de-semana\/\" \/>\n<meta property=\"og:locale\" content=\"pt_BR\" \/>\n<meta property=\"og:type\" content=\"article\" \/>\n<meta property=\"og:title\" content=\"Ap\u00f3s arquibancada ceder, desfiles do Carnaval Tradi\u00e7\u00e3o de Jo\u00e3o Pessoa s\u00e3o remarcados para o fim de semana - Encontra Jo\u00e3o Pessoa\" \/>\n<meta property=\"og:description\" content=\"Desfiles do Carnaval de Jo\u00e3o Pessoa foram remarcados ap\u00f3s arquibancada ceder. Fique por dentro!\" \/>\n<meta property=\"og:url\" content=\"https:\/\/www.encontrajoaopessoa.com.br\/sobre\/apos-arquibancada-ceder-desfiles-do-carnaval-tradicao-de-joao-pessoa-sao-remarcados-para-o-fim-de-semana\/\" \/>\n<meta property=\"og:site_name\" content=\"Encontra Jo\u00e3o Pessoa\" \/>\n<meta property=\"article:published_time\" content=\"2026-02-21T16:54:48+00:00\" \/>\n<meta property=\"og:image\" content=\"https:\/\/www.encontrajoaopessoa.com.br\/sobre\/wp-content\/uploads\/2026\/02\/apos-arquibancada-ceder-desfiles-do-carnaval-tradicao-de-joao-pessoa-sao-remarcados-para-o-fim-de-se.webp\" \/>\n<meta name=\"author\" content=\"Encontra Jo\u00e3o Pessoa\" \/>\n<meta name=\"twitter:card\" content=\"summary_large_image\" \/>\n<meta name=\"twitter:label1\" content=\"Escrito por\" \/>\n\t<meta name=\"twitter:data1\" content=\"Encontra Jo\u00e3o Pessoa\" \/>\n\t<meta name=\"twitter:label2\" content=\"Est. tempo de leitura\" \/>\n\t<meta name=\"twitter:data2\" content=\"5 minutos\" \/>\n<script type=\"application\/ld+json\" class=\"yoast-schema-graph\">{\"@context\":\"https:\/\/schema.org\",\"@graph\":[{\"@type\":\"WebPage\",\"@id\":\"https:\/\/www.encontrajoaopessoa.com.br\/sobre\/apos-arquibancada-ceder-desfiles-do-carnaval-tradicao-de-joao-pessoa-sao-remarcados-para-o-fim-de-semana\/\",\"url\":\"https:\/\/www.encontrajoaopessoa.com.br\/sobre\/apos-arquibancada-ceder-desfiles-do-carnaval-tradicao-de-joao-pessoa-sao-remarcados-para-o-fim-de-semana\/\",\"name\":\"Ap\u00f3s arquibancada ceder, desfiles do Carnaval Tradi\u00e7\u00e3o de Jo\u00e3o Pessoa s\u00e3o remarcados para o fim de semana - Encontra Jo\u00e3o Pessoa\",\"isPartOf\":{\"@id\":\"https:\/\/www.encontrajoaopessoa.com.br\/sobre\/#website\"},\"primaryImageOfPage\":{\"@id\":\"https:\/\/www.encontrajoaopessoa.com.br\/sobre\/apos-arquibancada-ceder-desfiles-do-carnaval-tradicao-de-joao-pessoa-sao-remarcados-para-o-fim-de-semana\/#primaryimage\"},\"image\":{\"@id\":\"https:\/\/www.encontrajoaopessoa.com.br\/sobre\/apos-arquibancada-ceder-desfiles-do-carnaval-tradicao-de-joao-pessoa-sao-remarcados-para-o-fim-de-semana\/#primaryimage\"},\"thumbnailUrl\":\"https:\/\/www.encontrajoaopessoa.com.br\/sobre\/wp-content\/uploads\/2026\/02\/apos-arquibancada-ceder-desfiles-do-carnaval-tradicao-de-joao-pessoa-sao-remarcados-para-o-fim-de-se.webp\",\"datePublished\":\"2026-02-21T16:54:48+00:00\",\"author\":{\"@id\":\"https:\/\/www.encontrajoaopessoa.com.br\/sobre\/#\/schema\/person\/dcf4dbc803217a030dfb489f4a014aca\"},\"breadcrumb\":{\"@id\":\"https:\/\/www.encontrajoaopessoa.com.br\/sobre\/apos-arquibancada-ceder-desfiles-do-carnaval-tradicao-de-joao-pessoa-sao-remarcados-para-o-fim-de-semana\/#breadcrumb\"},\"inLanguage\":\"pt-BR\",\"potentialAction\":[{\"@type\":\"ReadAction\",\"target\":[\"https:\/\/www.encontrajoaopessoa.com.br\/sobre\/apos-arquibancada-ceder-desfiles-do-carnaval-tradicao-de-joao-pessoa-sao-remarcados-para-o-fim-de-semana\/\"]}]},{\"@type\":\"ImageObject\",\"inLanguage\":\"pt-BR\",\"@id\":\"https:\/\/www.encontrajoaopessoa.com.br\/sobre\/apos-arquibancada-ceder-desfiles-do-carnaval-tradicao-de-joao-pessoa-sao-remarcados-para-o-fim-de-semana\/#primaryimage\",\"url\":\"https:\/\/www.encontrajoaopessoa.com.br\/sobre\/wp-content\/uploads\/2026\/02\/apos-arquibancada-ceder-desfiles-do-carnaval-tradicao-de-joao-pessoa-sao-remarcados-para-o-fim-de-se.webp\",\"contentUrl\":\"https:\/\/www.encontrajoaopessoa.com.br\/sobre\/wp-content\/uploads\/2026\/02\/apos-arquibancada-ceder-desfiles-do-carnaval-tradicao-de-joao-pessoa-sao-remarcados-para-o-fim-de-se.webp\",\"width\":280,\"height\":280},{\"@type\":\"BreadcrumbList\",\"@id\":\"https:\/\/www.encontrajoaopessoa.com.br\/sobre\/apos-arquibancada-ceder-desfiles-do-carnaval-tradicao-de-joao-pessoa-sao-remarcados-para-o-fim-de-semana\/#breadcrumb\",\"itemListElement\":[{\"@type\":\"ListItem\",\"position\":1,\"name\":\"In\u00edcio\",\"item\":\"https:\/\/www.encontrajoaopessoa.com.br\/sobre\/\"},{\"@type\":\"ListItem\",\"position\":2,\"name\":\"Ap\u00f3s arquibancada ceder, desfiles do Carnaval Tradi\u00e7\u00e3o de Jo\u00e3o Pessoa s\u00e3o remarcados para o fim de semana\"}]},{\"@type\":\"WebSite\",\"@id\":\"https:\/\/www.encontrajoaopessoa.com.br\/sobre\/#website\",\"url\":\"https:\/\/www.encontrajoaopessoa.com.br\/sobre\/\",\"name\":\"Encontra Jo\u00e3o Pessoa\",\"description\":\"Not\u00edcias, eventos, informa\u00e7\u00f5es e dicas na cidade Jo\u00e3o Pessoa e regi\u00e3o.\",\"potentialAction\":[{\"@type\":\"SearchAction\",\"target\":{\"@type\":\"EntryPoint\",\"urlTemplate\":\"https:\/\/www.encontrajoaopessoa.com.br\/sobre\/?s={search_term_string}\"},\"query-input\":{\"@type\":\"PropertyValueSpecification\",\"valueRequired\":true,\"valueName\":\"search_term_string\"}}],\"inLanguage\":\"pt-BR\"},{\"@type\":\"Person\",\"@id\":\"https:\/\/www.encontrajoaopessoa.com.br\/sobre\/#\/schema\/person\/dcf4dbc803217a030dfb489f4a014aca\",\"name\":\"Encontra Jo\u00e3o Pessoa\",\"image\":{\"@type\":\"ImageObject\",\"inLanguage\":\"pt-BR\",\"@id\":\"https:\/\/www.encontrajoaopessoa.com.br\/sobre\/#\/schema\/person\/image\/\",\"url\":\"https:\/\/secure.gravatar.com\/avatar\/507340682b8270222e1f208e23198b6ae7e2c6a1033ae84e99bc6bce4f82a387?s=96&d=mm&r=g\",\"contentUrl\":\"https:\/\/secure.gravatar.com\/avatar\/507340682b8270222e1f208e23198b6ae7e2c6a1033ae84e99bc6bce4f82a387?s=96&d=mm&r=g\",\"caption\":\"Encontra Jo\u00e3o Pessoa\"},\"url\":\"https:\/\/www.encontrajoaopessoa.com.br\/sobre\/author\/ejoaopessoa\/\"}]}<\/script>\n<!-- \/ Yoast SEO plugin. -->","yoast_head_json":{"title":"Ap\u00f3s arquibancada ceder, desfiles do Carnaval Tradi\u00e7\u00e3o de Jo\u00e3o Pessoa s\u00e3o remarcados para o fim de semana - Encontra Jo\u00e3o Pessoa","robots":{"index":"index","follow":"follow","max-snippet":"max-snippet:-1","max-image-preview":"max-image-preview:large","max-video-preview":"max-video-preview:-1"},"canonical":"https:\/\/www.encontrajoaopessoa.com.br\/sobre\/apos-arquibancada-ceder-desfiles-do-carnaval-tradicao-de-joao-pessoa-sao-remarcados-para-o-fim-de-semana\/","og_locale":"pt_BR","og_type":"article","og_title":"Ap\u00f3s arquibancada ceder, desfiles do Carnaval Tradi\u00e7\u00e3o de Jo\u00e3o Pessoa s\u00e3o remarcados para o fim de semana - Encontra Jo\u00e3o Pessoa","og_description":"Desfiles do Carnaval de Jo\u00e3o Pessoa foram remarcados ap\u00f3s arquibancada ceder. Fique por dentro!","og_url":"https:\/\/www.encontrajoaopessoa.com.br\/sobre\/apos-arquibancada-ceder-desfiles-do-carnaval-tradicao-de-joao-pessoa-sao-remarcados-para-o-fim-de-semana\/","og_site_name":"Encontra Jo\u00e3o Pessoa","article_published_time":"2026-02-21T16:54:48+00:00","og_image":[{"url":"https:\/\/www.encontrajoaopessoa.com.br\/sobre\/wp-content\/uploads\/2026\/02\/apos-arquibancada-ceder-desfiles-do-carnaval-tradicao-de-joao-pessoa-sao-remarcados-para-o-fim-de-se.webp","type":"","width":"","height":""}],"author":"Encontra Jo\u00e3o Pessoa","twitter_card":"summary_large_image","twitter_misc":{"Escrito por":"Encontra Jo\u00e3o Pessoa","Est. tempo de leitura":"5 minutos"},"schema":{"@context":"https:\/\/schema.org","@graph":[{"@type":"WebPage","@id":"https:\/\/www.encontrajoaopessoa.com.br\/sobre\/apos-arquibancada-ceder-desfiles-do-carnaval-tradicao-de-joao-pessoa-sao-remarcados-para-o-fim-de-semana\/","url":"https:\/\/www.encontrajoaopessoa.com.br\/sobre\/apos-arquibancada-ceder-desfiles-do-carnaval-tradicao-de-joao-pessoa-sao-remarcados-para-o-fim-de-semana\/","name":"Ap\u00f3s arquibancada ceder, desfiles do Carnaval Tradi\u00e7\u00e3o de Jo\u00e3o Pessoa s\u00e3o remarcados para o fim de semana - Encontra Jo\u00e3o Pessoa","isPartOf":{"@id":"https:\/\/www.encontrajoaopessoa.com.br\/sobre\/#website"},"primaryImageOfPage":{"@id":"https:\/\/www.encontrajoaopessoa.com.br\/sobre\/apos-arquibancada-ceder-desfiles-do-carnaval-tradicao-de-joao-pessoa-sao-remarcados-para-o-fim-de-semana\/#primaryimage"},"image":{"@id":"https:\/\/www.encontrajoaopessoa.com.br\/sobre\/apos-arquibancada-ceder-desfiles-do-carnaval-tradicao-de-joao-pessoa-sao-remarcados-para-o-fim-de-semana\/#primaryimage"},"thumbnailUrl":"https:\/\/www.encontrajoaopessoa.com.br\/sobre\/wp-content\/uploads\/2026\/02\/apos-arquibancada-ceder-desfiles-do-carnaval-tradicao-de-joao-pessoa-sao-remarcados-para-o-fim-de-se.webp","datePublished":"2026-02-21T16:54:48+00:00","author":{"@id":"https:\/\/www.encontrajoaopessoa.com.br\/sobre\/#\/schema\/person\/dcf4dbc803217a030dfb489f4a014aca"},"breadcrumb":{"@id":"https:\/\/www.encontrajoaopessoa.com.br\/sobre\/apos-arquibancada-ceder-desfiles-do-carnaval-tradicao-de-joao-pessoa-sao-remarcados-para-o-fim-de-semana\/#breadcrumb"},"inLanguage":"pt-BR","potentialAction":[{"@type":"ReadAction","target":["https:\/\/www.encontrajoaopessoa.com.br\/sobre\/apos-arquibancada-ceder-desfiles-do-carnaval-tradicao-de-joao-pessoa-sao-remarcados-para-o-fim-de-semana\/"]}]},{"@type":"ImageObject","inLanguage":"pt-BR","@id":"https:\/\/www.encontrajoaopessoa.com.br\/sobre\/apos-arquibancada-ceder-desfiles-do-carnaval-tradicao-de-joao-pessoa-sao-remarcados-para-o-fim-de-semana\/#primaryimage","url":"https:\/\/www.encontrajoaopessoa.com.br\/sobre\/wp-content\/uploads\/2026\/02\/apos-arquibancada-ceder-desfiles-do-carnaval-tradicao-de-joao-pessoa-sao-remarcados-para-o-fim-de-se.webp","contentUrl":"https:\/\/www.encontrajoaopessoa.com.br\/sobre\/wp-content\/uploads\/2026\/02\/apos-arquibancada-ceder-desfiles-do-carnaval-tradicao-de-joao-pessoa-sao-remarcados-para-o-fim-de-se.webp","width":280,"height":280},{"@type":"BreadcrumbList","@id":"https:\/\/www.encontrajoaopessoa.com.br\/sobre\/apos-arquibancada-ceder-desfiles-do-carnaval-tradicao-de-joao-pessoa-sao-remarcados-para-o-fim-de-semana\/#breadcrumb","itemListElement":[{"@type":"ListItem","position":1,"name":"In\u00edcio","item":"https:\/\/www.encontrajoaopessoa.com.br\/sobre\/"},{"@type":"ListItem","position":2,"name":"Ap\u00f3s arquibancada ceder, desfiles do Carnaval Tradi\u00e7\u00e3o de Jo\u00e3o Pessoa s\u00e3o remarcados para o fim de semana"}]},{"@type":"WebSite","@id":"https:\/\/www.encontrajoaopessoa.com.br\/sobre\/#website","url":"https:\/\/www.encontrajoaopessoa.com.br\/sobre\/","name":"Encontra Jo\u00e3o Pessoa","description":"Not\u00edcias, eventos, informa\u00e7\u00f5es e dicas na cidade Jo\u00e3o Pessoa e regi\u00e3o.","potentialAction":[{"@type":"SearchAction","target":{"@type":"EntryPoint","urlTemplate":"https:\/\/www.encontrajoaopessoa.com.br\/sobre\/?s={search_term_string}"},"query-input":{"@type":"PropertyValueSpecification","valueRequired":true,"valueName":"search_term_string"}}],"inLanguage":"pt-BR"},{"@type":"Person","@id":"https:\/\/www.encontrajoaopessoa.com.br\/sobre\/#\/schema\/person\/dcf4dbc803217a030dfb489f4a014aca","name":"Encontra Jo\u00e3o Pessoa","image":{"@type":"ImageObject","inLanguage":"pt-BR","@id":"https:\/\/www.encontrajoaopessoa.com.br\/sobre\/#\/schema\/person\/image\/","url":"https:\/\/secure.gravatar.com\/avatar\/507340682b8270222e1f208e23198b6ae7e2c6a1033ae84e99bc6bce4f82a387?s=96&d=mm&r=g","contentUrl":"https:\/\/secure.gravatar.com\/avatar\/507340682b8270222e1f208e23198b6ae7e2c6a1033ae84e99bc6bce4f82a387?s=96&d=mm&r=g","caption":"Encontra Jo\u00e3o Pessoa"},"url":"https:\/\/www.encontrajoaopessoa.com.br\/sobre\/author\/ejoaopessoa\/"}]}},"_links":{"self":[{"href":"https:\/\/www.encontrajoaopessoa.com.br\/sobre\/wp-json\/wp\/v2\/posts\/1155","targetHints":{"allow":["GET"]}}],"collection":[{"href":"https:\/\/www.encontrajoaopessoa.com.br\/sobre\/wp-json\/wp\/v2\/posts"}],"about":[{"href":"https:\/\/www.encontrajoaopessoa.com.br\/sobre\/wp-json\/wp\/v2\/types\/post"}],"author":[{"embeddable":true,"href":"https:\/\/www.encontrajoaopessoa.com.br\/sobre\/wp-json\/wp\/v2\/users\/1"}],"replies":[{"embeddable":true,"href":"https:\/\/www.encontrajoaopessoa.com.br\/sobre\/wp-json\/wp\/v2\/comments?post=1155"}],"version-history":[{"count":0,"href":"https:\/\/www.encontrajoaopessoa.com.br\/sobre\/wp-json\/wp\/v2\/posts\/1155\/revisions"}],"wp:featuredmedia":[{"embeddable":true,"href":"https:\/\/www.encontrajoaopessoa.com.br\/sobre\/wp-json\/wp\/v2\/media\/1154"}],"wp:attachment":[{"href":"https:\/\/www.encontrajoaopessoa.com.br\/sobre\/wp-json\/wp\/v2\/media?parent=1155"}],"wp:term":[{"taxonomy":"category","embeddable":true,"href":"https:\/\/www.encontrajoaopessoa.com.br\/sobre\/wp-json\/wp\/v2\/categories?post=1155"},{"taxonomy":"post_tag","embeddable":true,"href":"https:\/\/www.encontrajoaopessoa.com.br\/sobre\/wp-json\/wp\/v2\/tags?post=1155"}],"curies":[{"name":"wp","href":"https:\/\/api.w.org\/{rel}","templated":true}]}}