{"id":1144,"date":"2026-02-18T13:55:15","date_gmt":"2026-02-18T16:55:15","guid":{"rendered":"https:\/\/www.encontrajoaopessoa.com.br\/sobre\/prefeitura-convoca-mais-de-260-cuidadores-voluntarios-para-passarem-por-processo-de-formacao\/"},"modified":"2026-02-18T13:55:15","modified_gmt":"2026-02-18T16:55:15","slug":"prefeitura-convoca-mais-de-260-cuidadores-voluntarios-para-passarem-por-processo-de-formacao","status":"publish","type":"post","link":"https:\/\/www.encontrajoaopessoa.com.br\/sobre\/prefeitura-convoca-mais-de-260-cuidadores-voluntarios-para-passarem-por-processo-de-formacao\/","title":{"rendered":"Prefeitura convoca mais de 260 cuidadores volunt\u00e1rios para passarem por processo de forma\u00e7\u00e3o"},"content":{"rendered":"<div class=\"866aa4a7c674253f40eaa20e0e3e928c\" data-index=\"1\" style=\"float: none; margin:0px;\">\n<!-- Anuncio display - global -->\r\n<ins class=\"adsbygoogle\"\r\n     style=\"display:block\"\r\n     data-ad-client=\"ca-pub-8585364105181520\"\r\n     data-ad-slot=\"8789329856\"\r\n     data-ad-format=\"auto\"\r\n     data-full-width-responsive=\"true\"><\/ins>\r\n<script>\r\n     (adsbygoogle = window.adsbygoogle || []).push({});\r\n<\/script>\n<\/div>\n<h2>Objetivo da Convoca\u00e7\u00e3o<\/h2>\n<p>A Secretaria de Educa\u00e7\u00e3o e Cultura de Jo\u00e3o Pessoa (Sedec-JP) est\u00e1 convocando um total de 266 candidatos que foram selecionados na lista de espera e na reserva para a fun\u00e7\u00e3o de cuidadores volunt\u00e1rios. Essa iniciativa \u00e9 parte do processo seletivo de 2025, e representa a quarta convoca\u00e7\u00e3o promovida pela Prefeitura Municipal para somar esfor\u00e7os na assist\u00eancia educacional.<\/p>\n<h2>Import\u00e2ncia da Forma\u00e7\u00e3o<\/h2>\n<p>Os convocados devem passar por um curso de forma\u00e7\u00e3o obrigat\u00f3ria, que ocorrer\u00e1 no dia 24 de fevereiro no audit\u00f3rio do Centro Administrativo Municipal, em \u00c1gua Fria. Essa forma\u00e7\u00e3o \u00e9 essencial para garantir que os cuidadores estejam bem preparados para desempenhar suas fun\u00e7\u00f5es com compet\u00eancia e responsabilidade, assegurando que possam oferecer o suporte necess\u00e1rio \u00e0s crian\u00e7as atendidas pela educa\u00e7\u00e3o especial.<\/p>\n<h2>Datas e Locais da Forma\u00e7\u00e3o<\/h2>\n<ul>\n<li><strong>Data:<\/strong> 24 de fevereiro<\/li>\n<li><strong>Local:<\/strong> Audit\u00f3rio do Centro Administrativo Municipal (CAM), \u00c1gua Fria<\/li>\n<li><strong>Hor\u00e1rios:<\/strong><\/li>\n<ul>\n<li>1\u00b0 grupo: 8h \u00e0s 12h<\/li>\n<li>2\u00b0 grupo: 13h \u00e0s 17h<\/li>\n<\/ul>\n<\/ul>\n<h2>Perfil dos Cuidadores<\/h2>\n<p>Os cuidadores volunt\u00e1rios t\u00eam um papel fundamental no ambiente escolar, oferecendo suporte em diversas \u00e1reas, como:<\/p>\n<p><img decoding=\"async\" src=\"https:\/\/www.encontrajoaopessoa.com.br\/sobre\/wp-content\/uploads\/2026\/02\/prefeitura-convoca-mais-de-260-cuidadores-voluntarios-para-passarem-por-processo-de-formacao.webp\" alt=\"cuidadores volunt\u00e1rios\" loading=\"lazy\" \/><\/p>\n<ul>\n<li>Higiene pessoal dos alunos<\/li>\n<li>Locomo\u00e7\u00e3o dentro do ambiente escolar<\/li>\n<li>Assist\u00eancia durante as refei\u00e7\u00f5es<\/li>\n<li>Promo\u00e7\u00e3o da comunica\u00e7\u00e3o e intera\u00e7\u00e3o social<\/li>\n<li>Apoio em atividades pedag\u00f3gicas, seguindo a orienta\u00e7\u00e3o dos professores<\/li>\n<\/ul>\n<h2>Benef\u00edcios para os Cuidadores<\/h2>\n<p>Os cuidadores convocados poder\u00e3o receber uma bolsa mensal de at\u00e9 R$ 1.836, desde que optem por trabalhar em dois turnos, o que representa uma valiosa oportunidade para colaborar com a educa\u00e7\u00e3o e ainda contar com uma compensa\u00e7\u00e3o financeira significativa.<\/p>\n<h2>O Papel da Educa\u00e7\u00e3o Especial<\/h2>\n<p>A inclus\u00e3o de cuidadores na rede educacional refor\u00e7a o compromisso da Prefeitura com a qualidade da educa\u00e7\u00e3o p\u00fablica em Jo\u00e3o Pessoa. A atua\u00e7\u00e3o de cuidadores capacitados n\u00e3o apenas beneficia as crian\u00e7as com necessidades especiais, mas tamb\u00e9m fortalece a estrutura de apoio existente para atender a essa demanda.<\/p>\n<h2>Suporte \u00e0s Crian\u00e7as<\/h2>\n<p>Com a chegada de novos cuidadores, a Prefeitura amplia consideravelmente a rede de apoio destinada \u00e0s crian\u00e7as na educa\u00e7\u00e3o especial, promovendo um ambiente escolar mais inclusivo. Isso possibilita que todas as crian\u00e7as tenham acesso a um ensino de qualidade, independentemente de suas necessidades individuais.<\/p>\n<h2>Requisitos para Candidatos<\/h2>\n<p>Os candidatos devem manter seus dados atualizados, especialmente informa\u00e7\u00f5es de contato, e qualquer mudan\u00e7a deve ser comunicada pessoalmente \u00e0 equipe da Divis\u00e3o de Educa\u00e7\u00e3o Especial. Isso \u00e9 fundamental para garantir uma comunica\u00e7\u00e3o eficiente e o acompanhamento adequado do processo seletivo.<\/p>\n<h2>Comunica\u00e7\u00e3o com a Prefeitura<\/h2>\n<p>Para qualquer d\u00favida ou necessidade de atualiza\u00e7\u00e3o de dados, os candidatos podem se dirigir \u00e0 Divis\u00e3o de Educa\u00e7\u00e3o Especial da Secretaria de Educa\u00e7\u00e3o, que funciona no Centro Administrativo Municipal, de segunda a sexta-feira, das 8h \u00e0s 14h. \u00c9 crucial que os cuidadores em potencial se mantenham informados e engajados durante todo o processo.<\/p>\n<h2>Pr\u00f3ximos Passos Para os Convocados<\/h2>\n<p>Os convocados devem ter aten\u00e7\u00e3o aos prazos e \u00e0s orienta\u00e7\u00f5es fornecidas pela Secretaria. Participar da forma\u00e7\u00e3o \u00e9 um passo indispens\u00e1vel para aqueles que desejam se integrar efetivamente ao quadro de cuidadores volunt\u00e1rios. A forma\u00e7\u00e3o inicial proporcionar\u00e1 os conhecimentos necess\u00e1rios para que possam atuar de maneira eficaz e com responsabilidade.<\/p>\n\n<div style=\"font-size: 0px; height: 0px; line-height: 0px; margin: 0; padding: 0; clear: both;\"><\/div>","protected":false},"excerpt":{"rendered":"<p>Cuidadores volunt\u00e1rios s\u00e3o convocados para processo de forma\u00e7\u00e3o importante.<\/p>\n","protected":false},"author":1,"featured_media":1143,"comment_status":"closed","ping_status":"closed","sticky":false,"template":"","format":"standard","meta":{"footnotes":""},"categories":[1],"tags":[],"class_list":["post-1144","post","type-post","status-publish","format-standard","has-post-thumbnail","hentry","category-noticias-em-joao-pessoa","has_thumb"],"yoast_head":"<!-- This site is optimized with the Yoast SEO plugin v26.4 - https:\/\/yoast.com\/wordpress\/plugins\/seo\/ -->\n<title>Prefeitura convoca mais de 260 cuidadores volunt\u00e1rios para passarem por processo de forma\u00e7\u00e3o - Encontra Jo\u00e3o Pessoa<\/title>\n<meta name=\"robots\" content=\"index, follow, max-snippet:-1, max-image-preview:large, max-video-preview:-1\" \/>\n<link rel=\"canonical\" href=\"https:\/\/www.encontrajoaopessoa.com.br\/sobre\/prefeitura-convoca-mais-de-260-cuidadores-voluntarios-para-passarem-por-processo-de-formacao\/\" \/>\n<meta property=\"og:locale\" content=\"pt_BR\" \/>\n<meta property=\"og:type\" content=\"article\" \/>\n<meta property=\"og:title\" content=\"Prefeitura convoca mais de 260 cuidadores volunt\u00e1rios para passarem por processo de forma\u00e7\u00e3o - Encontra Jo\u00e3o Pessoa\" \/>\n<meta property=\"og:description\" content=\"Cuidadores volunt\u00e1rios s\u00e3o convocados para processo de forma\u00e7\u00e3o importante.\" \/>\n<meta property=\"og:url\" content=\"https:\/\/www.encontrajoaopessoa.com.br\/sobre\/prefeitura-convoca-mais-de-260-cuidadores-voluntarios-para-passarem-por-processo-de-formacao\/\" \/>\n<meta property=\"og:site_name\" content=\"Encontra Jo\u00e3o Pessoa\" \/>\n<meta property=\"article:published_time\" content=\"2026-02-18T16:55:15+00:00\" \/>\n<meta property=\"og:image\" content=\"https:\/\/www.encontrajoaopessoa.com.br\/sobre\/wp-content\/uploads\/2026\/02\/prefeitura-convoca-mais-de-260-cuidadores-voluntarios-para-passarem-por-processo-de-formacao.webp\" \/>\n<meta name=\"author\" content=\"Encontra Jo\u00e3o Pessoa\" \/>\n<meta name=\"twitter:card\" content=\"summary_large_image\" \/>\n<meta name=\"twitter:label1\" content=\"Escrito por\" \/>\n\t<meta name=\"twitter:data1\" content=\"Encontra Jo\u00e3o Pessoa\" \/>\n\t<meta name=\"twitter:label2\" content=\"Est. tempo de leitura\" \/>\n\t<meta name=\"twitter:data2\" content=\"3 minutos\" \/>\n<script type=\"application\/ld+json\" class=\"yoast-schema-graph\">{\"@context\":\"https:\/\/schema.org\",\"@graph\":[{\"@type\":\"WebPage\",\"@id\":\"https:\/\/www.encontrajoaopessoa.com.br\/sobre\/prefeitura-convoca-mais-de-260-cuidadores-voluntarios-para-passarem-por-processo-de-formacao\/\",\"url\":\"https:\/\/www.encontrajoaopessoa.com.br\/sobre\/prefeitura-convoca-mais-de-260-cuidadores-voluntarios-para-passarem-por-processo-de-formacao\/\",\"name\":\"Prefeitura convoca mais de 260 cuidadores volunt\u00e1rios para passarem por processo de forma\u00e7\u00e3o - Encontra Jo\u00e3o Pessoa\",\"isPartOf\":{\"@id\":\"https:\/\/www.encontrajoaopessoa.com.br\/sobre\/#website\"},\"primaryImageOfPage\":{\"@id\":\"https:\/\/www.encontrajoaopessoa.com.br\/sobre\/prefeitura-convoca-mais-de-260-cuidadores-voluntarios-para-passarem-por-processo-de-formacao\/#primaryimage\"},\"image\":{\"@id\":\"https:\/\/www.encontrajoaopessoa.com.br\/sobre\/prefeitura-convoca-mais-de-260-cuidadores-voluntarios-para-passarem-por-processo-de-formacao\/#primaryimage\"},\"thumbnailUrl\":\"https:\/\/www.encontrajoaopessoa.com.br\/sobre\/wp-content\/uploads\/2026\/02\/prefeitura-convoca-mais-de-260-cuidadores-voluntarios-para-passarem-por-processo-de-formacao.webp\",\"datePublished\":\"2026-02-18T16:55:15+00:00\",\"author\":{\"@id\":\"https:\/\/www.encontrajoaopessoa.com.br\/sobre\/#\/schema\/person\/dcf4dbc803217a030dfb489f4a014aca\"},\"breadcrumb\":{\"@id\":\"https:\/\/www.encontrajoaopessoa.com.br\/sobre\/prefeitura-convoca-mais-de-260-cuidadores-voluntarios-para-passarem-por-processo-de-formacao\/#breadcrumb\"},\"inLanguage\":\"pt-BR\",\"potentialAction\":[{\"@type\":\"ReadAction\",\"target\":[\"https:\/\/www.encontrajoaopessoa.com.br\/sobre\/prefeitura-convoca-mais-de-260-cuidadores-voluntarios-para-passarem-por-processo-de-formacao\/\"]}]},{\"@type\":\"ImageObject\",\"inLanguage\":\"pt-BR\",\"@id\":\"https:\/\/www.encontrajoaopessoa.com.br\/sobre\/prefeitura-convoca-mais-de-260-cuidadores-voluntarios-para-passarem-por-processo-de-formacao\/#primaryimage\",\"url\":\"https:\/\/www.encontrajoaopessoa.com.br\/sobre\/wp-content\/uploads\/2026\/02\/prefeitura-convoca-mais-de-260-cuidadores-voluntarios-para-passarem-por-processo-de-formacao.webp\",\"contentUrl\":\"https:\/\/www.encontrajoaopessoa.com.br\/sobre\/wp-content\/uploads\/2026\/02\/prefeitura-convoca-mais-de-260-cuidadores-voluntarios-para-passarem-por-processo-de-formacao.webp\",\"width\":280,\"height\":280,\"caption\":\"cuidadores volunt\u00e1rios\"},{\"@type\":\"BreadcrumbList\",\"@id\":\"https:\/\/www.encontrajoaopessoa.com.br\/sobre\/prefeitura-convoca-mais-de-260-cuidadores-voluntarios-para-passarem-por-processo-de-formacao\/#breadcrumb\",\"itemListElement\":[{\"@type\":\"ListItem\",\"position\":1,\"name\":\"In\u00edcio\",\"item\":\"https:\/\/www.encontrajoaopessoa.com.br\/sobre\/\"},{\"@type\":\"ListItem\",\"position\":2,\"name\":\"Prefeitura convoca mais de 260 cuidadores volunt\u00e1rios para passarem por processo de forma\u00e7\u00e3o\"}]},{\"@type\":\"WebSite\",\"@id\":\"https:\/\/www.encontrajoaopessoa.com.br\/sobre\/#website\",\"url\":\"https:\/\/www.encontrajoaopessoa.com.br\/sobre\/\",\"name\":\"Encontra Jo\u00e3o Pessoa\",\"description\":\"Not\u00edcias, eventos, informa\u00e7\u00f5es e dicas na cidade Jo\u00e3o Pessoa e regi\u00e3o.\",\"potentialAction\":[{\"@type\":\"SearchAction\",\"target\":{\"@type\":\"EntryPoint\",\"urlTemplate\":\"https:\/\/www.encontrajoaopessoa.com.br\/sobre\/?s={search_term_string}\"},\"query-input\":{\"@type\":\"PropertyValueSpecification\",\"valueRequired\":true,\"valueName\":\"search_term_string\"}}],\"inLanguage\":\"pt-BR\"},{\"@type\":\"Person\",\"@id\":\"https:\/\/www.encontrajoaopessoa.com.br\/sobre\/#\/schema\/person\/dcf4dbc803217a030dfb489f4a014aca\",\"name\":\"Encontra Jo\u00e3o Pessoa\",\"image\":{\"@type\":\"ImageObject\",\"inLanguage\":\"pt-BR\",\"@id\":\"https:\/\/www.encontrajoaopessoa.com.br\/sobre\/#\/schema\/person\/image\/\",\"url\":\"https:\/\/secure.gravatar.com\/avatar\/507340682b8270222e1f208e23198b6ae7e2c6a1033ae84e99bc6bce4f82a387?s=96&d=mm&r=g\",\"contentUrl\":\"https:\/\/secure.gravatar.com\/avatar\/507340682b8270222e1f208e23198b6ae7e2c6a1033ae84e99bc6bce4f82a387?s=96&d=mm&r=g\",\"caption\":\"Encontra Jo\u00e3o Pessoa\"},\"url\":\"https:\/\/www.encontrajoaopessoa.com.br\/sobre\/author\/ejoaopessoa\/\"}]}<\/script>\n<!-- \/ Yoast SEO plugin. -->","yoast_head_json":{"title":"Prefeitura convoca mais de 260 cuidadores volunt\u00e1rios para passarem por processo de forma\u00e7\u00e3o - Encontra Jo\u00e3o Pessoa","robots":{"index":"index","follow":"follow","max-snippet":"max-snippet:-1","max-image-preview":"max-image-preview:large","max-video-preview":"max-video-preview:-1"},"canonical":"https:\/\/www.encontrajoaopessoa.com.br\/sobre\/prefeitura-convoca-mais-de-260-cuidadores-voluntarios-para-passarem-por-processo-de-formacao\/","og_locale":"pt_BR","og_type":"article","og_title":"Prefeitura convoca mais de 260 cuidadores volunt\u00e1rios para passarem por processo de forma\u00e7\u00e3o - Encontra Jo\u00e3o Pessoa","og_description":"Cuidadores volunt\u00e1rios s\u00e3o convocados para processo de forma\u00e7\u00e3o importante.","og_url":"https:\/\/www.encontrajoaopessoa.com.br\/sobre\/prefeitura-convoca-mais-de-260-cuidadores-voluntarios-para-passarem-por-processo-de-formacao\/","og_site_name":"Encontra Jo\u00e3o Pessoa","article_published_time":"2026-02-18T16:55:15+00:00","og_image":[{"url":"https:\/\/www.encontrajoaopessoa.com.br\/sobre\/wp-content\/uploads\/2026\/02\/prefeitura-convoca-mais-de-260-cuidadores-voluntarios-para-passarem-por-processo-de-formacao.webp","type":"","width":"","height":""}],"author":"Encontra Jo\u00e3o Pessoa","twitter_card":"summary_large_image","twitter_misc":{"Escrito por":"Encontra Jo\u00e3o Pessoa","Est. tempo de leitura":"3 minutos"},"schema":{"@context":"https:\/\/schema.org","@graph":[{"@type":"WebPage","@id":"https:\/\/www.encontrajoaopessoa.com.br\/sobre\/prefeitura-convoca-mais-de-260-cuidadores-voluntarios-para-passarem-por-processo-de-formacao\/","url":"https:\/\/www.encontrajoaopessoa.com.br\/sobre\/prefeitura-convoca-mais-de-260-cuidadores-voluntarios-para-passarem-por-processo-de-formacao\/","name":"Prefeitura convoca mais de 260 cuidadores volunt\u00e1rios para passarem por processo de forma\u00e7\u00e3o - Encontra Jo\u00e3o Pessoa","isPartOf":{"@id":"https:\/\/www.encontrajoaopessoa.com.br\/sobre\/#website"},"primaryImageOfPage":{"@id":"https:\/\/www.encontrajoaopessoa.com.br\/sobre\/prefeitura-convoca-mais-de-260-cuidadores-voluntarios-para-passarem-por-processo-de-formacao\/#primaryimage"},"image":{"@id":"https:\/\/www.encontrajoaopessoa.com.br\/sobre\/prefeitura-convoca-mais-de-260-cuidadores-voluntarios-para-passarem-por-processo-de-formacao\/#primaryimage"},"thumbnailUrl":"https:\/\/www.encontrajoaopessoa.com.br\/sobre\/wp-content\/uploads\/2026\/02\/prefeitura-convoca-mais-de-260-cuidadores-voluntarios-para-passarem-por-processo-de-formacao.webp","datePublished":"2026-02-18T16:55:15+00:00","author":{"@id":"https:\/\/www.encontrajoaopessoa.com.br\/sobre\/#\/schema\/person\/dcf4dbc803217a030dfb489f4a014aca"},"breadcrumb":{"@id":"https:\/\/www.encontrajoaopessoa.com.br\/sobre\/prefeitura-convoca-mais-de-260-cuidadores-voluntarios-para-passarem-por-processo-de-formacao\/#breadcrumb"},"inLanguage":"pt-BR","potentialAction":[{"@type":"ReadAction","target":["https:\/\/www.encontrajoaopessoa.com.br\/sobre\/prefeitura-convoca-mais-de-260-cuidadores-voluntarios-para-passarem-por-processo-de-formacao\/"]}]},{"@type":"ImageObject","inLanguage":"pt-BR","@id":"https:\/\/www.encontrajoaopessoa.com.br\/sobre\/prefeitura-convoca-mais-de-260-cuidadores-voluntarios-para-passarem-por-processo-de-formacao\/#primaryimage","url":"https:\/\/www.encontrajoaopessoa.com.br\/sobre\/wp-content\/uploads\/2026\/02\/prefeitura-convoca-mais-de-260-cuidadores-voluntarios-para-passarem-por-processo-de-formacao.webp","contentUrl":"https:\/\/www.encontrajoaopessoa.com.br\/sobre\/wp-content\/uploads\/2026\/02\/prefeitura-convoca-mais-de-260-cuidadores-voluntarios-para-passarem-por-processo-de-formacao.webp","width":280,"height":280,"caption":"cuidadores volunt\u00e1rios"},{"@type":"BreadcrumbList","@id":"https:\/\/www.encontrajoaopessoa.com.br\/sobre\/prefeitura-convoca-mais-de-260-cuidadores-voluntarios-para-passarem-por-processo-de-formacao\/#breadcrumb","itemListElement":[{"@type":"ListItem","position":1,"name":"In\u00edcio","item":"https:\/\/www.encontrajoaopessoa.com.br\/sobre\/"},{"@type":"ListItem","position":2,"name":"Prefeitura convoca mais de 260 cuidadores volunt\u00e1rios para passarem por processo de forma\u00e7\u00e3o"}]},{"@type":"WebSite","@id":"https:\/\/www.encontrajoaopessoa.com.br\/sobre\/#website","url":"https:\/\/www.encontrajoaopessoa.com.br\/sobre\/","name":"Encontra Jo\u00e3o Pessoa","description":"Not\u00edcias, eventos, informa\u00e7\u00f5es e dicas na cidade Jo\u00e3o Pessoa e regi\u00e3o.","potentialAction":[{"@type":"SearchAction","target":{"@type":"EntryPoint","urlTemplate":"https:\/\/www.encontrajoaopessoa.com.br\/sobre\/?s={search_term_string}"},"query-input":{"@type":"PropertyValueSpecification","valueRequired":true,"valueName":"search_term_string"}}],"inLanguage":"pt-BR"},{"@type":"Person","@id":"https:\/\/www.encontrajoaopessoa.com.br\/sobre\/#\/schema\/person\/dcf4dbc803217a030dfb489f4a014aca","name":"Encontra Jo\u00e3o Pessoa","image":{"@type":"ImageObject","inLanguage":"pt-BR","@id":"https:\/\/www.encontrajoaopessoa.com.br\/sobre\/#\/schema\/person\/image\/","url":"https:\/\/secure.gravatar.com\/avatar\/507340682b8270222e1f208e23198b6ae7e2c6a1033ae84e99bc6bce4f82a387?s=96&d=mm&r=g","contentUrl":"https:\/\/secure.gravatar.com\/avatar\/507340682b8270222e1f208e23198b6ae7e2c6a1033ae84e99bc6bce4f82a387?s=96&d=mm&r=g","caption":"Encontra Jo\u00e3o Pessoa"},"url":"https:\/\/www.encontrajoaopessoa.com.br\/sobre\/author\/ejoaopessoa\/"}]}},"_links":{"self":[{"href":"https:\/\/www.encontrajoaopessoa.com.br\/sobre\/wp-json\/wp\/v2\/posts\/1144","targetHints":{"allow":["GET"]}}],"collection":[{"href":"https:\/\/www.encontrajoaopessoa.com.br\/sobre\/wp-json\/wp\/v2\/posts"}],"about":[{"href":"https:\/\/www.encontrajoaopessoa.com.br\/sobre\/wp-json\/wp\/v2\/types\/post"}],"author":[{"embeddable":true,"href":"https:\/\/www.encontrajoaopessoa.com.br\/sobre\/wp-json\/wp\/v2\/users\/1"}],"replies":[{"embeddable":true,"href":"https:\/\/www.encontrajoaopessoa.com.br\/sobre\/wp-json\/wp\/v2\/comments?post=1144"}],"version-history":[{"count":0,"href":"https:\/\/www.encontrajoaopessoa.com.br\/sobre\/wp-json\/wp\/v2\/posts\/1144\/revisions"}],"wp:featuredmedia":[{"embeddable":true,"href":"https:\/\/www.encontrajoaopessoa.com.br\/sobre\/wp-json\/wp\/v2\/media\/1143"}],"wp:attachment":[{"href":"https:\/\/www.encontrajoaopessoa.com.br\/sobre\/wp-json\/wp\/v2\/media?parent=1144"}],"wp:term":[{"taxonomy":"category","embeddable":true,"href":"https:\/\/www.encontrajoaopessoa.com.br\/sobre\/wp-json\/wp\/v2\/categories?post=1144"},{"taxonomy":"post_tag","embeddable":true,"href":"https:\/\/www.encontrajoaopessoa.com.br\/sobre\/wp-json\/wp\/v2\/tags?post=1144"}],"curies":[{"name":"wp","href":"https:\/\/api.w.org\/{rel}","templated":true}]}}