{"id":1135,"date":"2026-02-17T13:27:54","date_gmt":"2026-02-17T16:27:54","guid":{"rendered":"https:\/\/www.encontrajoaopessoa.com.br\/sobre\/escolas-de-samba-levam-cor-e-ritmo-ao-carnaval-tradicao-de-joao-pessoa\/"},"modified":"2026-02-17T13:27:54","modified_gmt":"2026-02-17T16:27:54","slug":"escolas-de-samba-levam-cor-e-ritmo-ao-carnaval-tradicao-de-joao-pessoa","status":"publish","type":"post","link":"https:\/\/www.encontrajoaopessoa.com.br\/sobre\/escolas-de-samba-levam-cor-e-ritmo-ao-carnaval-tradicao-de-joao-pessoa\/","title":{"rendered":"Escolas de Samba levam cor e ritmo ao Carnaval Tradi\u00e7\u00e3o de Jo\u00e3o Pessoa"},"content":{"rendered":"<div class=\"866aa4a7c674253f40eaa20e0e3e928c\" data-index=\"1\" style=\"float: none; margin:0px;\">\n<!-- Anuncio display - global -->\r\n<ins class=\"adsbygoogle\"\r\n     style=\"display:block\"\r\n     data-ad-client=\"ca-pub-8585364105181520\"\r\n     data-ad-slot=\"8789329856\"\r\n     data-ad-format=\"auto\"\r\n     data-full-width-responsive=\"true\"><\/ins>\r\n<script>\r\n     (adsbygoogle = window.adsbygoogle || []).push({});\r\n<\/script>\n<\/div>\n<h2>A Hist\u00f3ria das Escolas de Samba na Capital Paraibana<\/h2>\n<p>As escolas de samba desempenham um papel crucial na cultura carnavalesca de Jo\u00e3o Pessoa, integrando a hist\u00f3ria e a identidade local em seus desfiles. Este fen\u00f4meno cultural e social emergiu ao longo do tempo, e atualmente \u00e9 um dos aspectos mais aguardados do Carnaval. As agremia\u00e7\u00f5es, que re\u00fanem moradores de diversas \u00e1reas da cidade, oferecem uma rica tape\u00e7aria de narrativas, tradi\u00e7\u00f5es e express\u00f5es art\u00edsticas.<\/p>\n<h2>A Prepara\u00e7\u00e3o das Agremia\u00e7\u00f5es para o Desfile<\/h2>\n<p>No run-up para os desfiles, as escolas de samba se dedicam ao intenso trabalho de ensaios e montagem dos carros aleg\u00f3ricos. As comunidades se unem em prol de um \u00fanico objetivo: apresentar um espet\u00e1culo que cative o p\u00fablico. A prepara\u00e7\u00e3o envolve a cria\u00e7\u00e3o de fantasias, composi\u00e7\u00f5es musicais e a defini\u00e7\u00e3o de enredos que reverberam a cultura local, incorporando a hist\u00f3ria, lendas e as realidades sociais da regi\u00e3o.<\/p>\n<h2>Impacto Cultural do Carnaval em Jo\u00e3o Pessoa<\/h2>\n<p>O Carnaval em Jo\u00e3o Pessoa n\u00e3o \u00e9 apenas uma celebra\u00e7\u00e3o festiva; \u00e9 um evento que representa uma resist\u00eancia cultural e um motor de transforma\u00e7\u00e3o social. A festividade fomenta a valoriza\u00e7\u00e3o da cultura popular e proporciona uma plataforma para artistas locais, m\u00fasicos e artes\u00e3os. Assim, as escolas de samba tornam-se um reflexo das tradi\u00e7\u00f5es que permeiam a sociedade paraibana, contribuindo para a preserva\u00e7\u00e3o de sua heran\u00e7a cultural.<\/p>\n<p><img decoding=\"async\" src=\"https:\/\/www.encontrajoaopessoa.com.br\/sobre\/wp-content\/uploads\/2026\/02\/escolas-de-samba-levam-cor-e-ritmo-ao-carnaval-tradicao-de-joao-pessoa.webp\" alt=\"escolas de samba\" loading=\"lazy\" \/><\/p>\n<h2>Os Enredos Criativos deste Ano<\/h2>\n<p>A cada edi\u00e7\u00e3o do Carnaval, as escolas apresentam enredos que capturam a imagina\u00e7\u00e3o popular e exploram temas contempor\u00e2neos. Para este ano, diversas agremia\u00e7\u00f5es optaram por contar hist\u00f3rias que resgatam lendas folcl\u00f3ricas e quest\u00f5es sociais, buscando envolver o p\u00fablico em reflex\u00f5es profundas enquanto se divertem. A criatividade nas letras dos sambas-enredos e na elabora\u00e7\u00e3o de fantasias destaca a originalidade e a inova\u00e7\u00e3o dos carnavalescos.<\/p>\n<h2>A Participa\u00e7\u00e3o das Comunidades no Carnaval<\/h2>\n<p>As escolas de samba s\u00e3o mais do que agrupamentos de pessoas; elas s\u00e3o comunidades inteiras que colaboram e participam ativamente do processo de cria\u00e7\u00e3o. Desde a confec\u00e7\u00e3o de adere\u00e7os e fantasias at\u00e9 os ensaios e desfiles, moradores de diferentes idades e profiss\u00f5es se re\u00fanem para celebrar suas identidades culturais. Essa intera\u00e7\u00e3o social fortalece os la\u00e7os comunit\u00e1rios e incentiva a inclus\u00e3o cultural.<\/p>\n<h2>A Import\u00e2ncia do Apoio Governamental<\/h2>\n<p>O papel da administra\u00e7\u00e3o p\u00fablica \u00e9 essencial para o sucesso do Carnaval tradi\u00e7\u00f5es em Jo\u00e3o Pessoa. O suporte financeiro e log\u00edstico oferecido pelo governo local, atrav\u00e9s da Funda\u00e7\u00e3o Cultural de Jo\u00e3o Pessoa (Funjope), permite que as escolas invistam em infraestrutura, materiais e ensaios. Este apoio \u00e9 fundamental para incentivar a qualidade dos desfiles e fomentar o crescimento cultural na cidade.<\/p>\n<h2>Efeitos do Carnaval na Economia Local<\/h2>\n<p>Al\u00e9m de suas dimens\u00f5es culturais, o Carnaval tem um impacto significativo na economia de Jo\u00e3o Pessoa. O evento atrai turistas de diversas regi\u00f5es, gerando receita para o com\u00e9rcio local, restaurantes, e hot\u00e9is. A movimenta\u00e7\u00e3o financeira associada ao Carnaval fomenta a gera\u00e7\u00e3o de empregos tempor\u00e1rios e promove o fortalecimento de neg\u00f3cios locais durante a alta temporada do turismo.<\/p>\n<h2>Novidades no Desfile deste Ano<\/h2>\n<p>Todos os anos, as escolas buscam trazer inova\u00e7\u00f5es para suas apresenta\u00e7\u00f5es, e 2026 ser\u00e1 marcado por estreias e mudan\u00e7as. Neste ano, a nova escola &#8220;Guardi\u00f5es do Samba&#8221; promete surpreender o p\u00fablico com um enredo ousado e uma estrutura de desfile robusta. Essa escola, entre outras, est\u00e1 pronta para apresentar suas alegorias e promover uma verdadeira festa da cultura e criatividade na Avenida Duarte da Silveira.<\/p>\n<h2>Os Elementos que Fazem o Carnaval Especial<\/h2>\n<p>Dentre os muitos elementos que contribuem para a singularidade do Carnaval de Jo\u00e3o Pessoa, destacam-se as fantasias vibrantes, a energia das baterias e o envolvimento do p\u00fablico. A sinergia entre a apresenta\u00e7\u00e3o das escolas e a participa\u00e7\u00e3o da plateia cria um ambiente festivo contagiante. Cada desfile \u00e9 uma oportunidade para express\u00f5es emocionais e culturais, tornando a experi\u00eancia inesquec\u00edvel para os participantes e espectadores.<\/p>\n<h2>As Emo\u00e7\u00f5es e Tradi\u00e7\u00f5es do Carnaval Tradi\u00e7\u00e3o<\/h2>\n<p>Por fim, o Carnaval Tradi\u00e7\u00e3o de Jo\u00e3o Pessoa resgata emo\u00e7\u00f5es profundas ligadas \u00e0 cultura popular e \u00e0 vida comunit\u00e1ria. As alegrias, os sorrisos e as l\u00e1grimas de felicidade que permeiam os desfiles ilustram a import\u00e2ncia dessa manifesta\u00e7\u00e3o art\u00edstica. O samba, como g\u00eanero musical, tem o poder de contar hist\u00f3rias e unir pessoas, tornando o Carnaval uma celebra\u00e7\u00e3o de resist\u00eancia, vida e amor pela cultura. \u00c9 a reafirma\u00e7\u00e3o de que, apesar das adversidades, as tradi\u00e7\u00f5es vivem e prosperam, abra\u00e7ando todos os que desejam celebrar suas ra\u00edzes culturais e sociais.<\/p>\n\n<div style=\"font-size: 0px; height: 0px; line-height: 0px; margin: 0; padding: 0; clear: both;\"><\/div>","protected":false},"excerpt":{"rendered":"<p>Escolas de Samba trazem cor e ritmo ao Carnaval Tradi\u00e7\u00e3o de Jo\u00e3o Pessoa.<\/p>\n","protected":false},"author":1,"featured_media":1134,"comment_status":"closed","ping_status":"closed","sticky":false,"template":"","format":"standard","meta":{"footnotes":""},"categories":[1],"tags":[],"class_list":["post-1135","post","type-post","status-publish","format-standard","has-post-thumbnail","hentry","category-noticias-em-joao-pessoa","has_thumb"],"yoast_head":"<!-- This site is optimized with the Yoast SEO plugin v26.4 - https:\/\/yoast.com\/wordpress\/plugins\/seo\/ -->\n<title>Escolas de Samba levam cor e ritmo ao Carnaval Tradi\u00e7\u00e3o de Jo\u00e3o Pessoa - Encontra Jo\u00e3o Pessoa<\/title>\n<meta name=\"robots\" content=\"index, follow, max-snippet:-1, max-image-preview:large, max-video-preview:-1\" \/>\n<link rel=\"canonical\" href=\"https:\/\/www.encontrajoaopessoa.com.br\/sobre\/escolas-de-samba-levam-cor-e-ritmo-ao-carnaval-tradicao-de-joao-pessoa\/\" \/>\n<meta property=\"og:locale\" content=\"pt_BR\" \/>\n<meta property=\"og:type\" content=\"article\" \/>\n<meta property=\"og:title\" content=\"Escolas de Samba levam cor e ritmo ao Carnaval Tradi\u00e7\u00e3o de Jo\u00e3o Pessoa - Encontra Jo\u00e3o Pessoa\" \/>\n<meta property=\"og:description\" content=\"Escolas de Samba trazem cor e ritmo ao Carnaval Tradi\u00e7\u00e3o de Jo\u00e3o Pessoa.\" \/>\n<meta property=\"og:url\" content=\"https:\/\/www.encontrajoaopessoa.com.br\/sobre\/escolas-de-samba-levam-cor-e-ritmo-ao-carnaval-tradicao-de-joao-pessoa\/\" \/>\n<meta property=\"og:site_name\" content=\"Encontra Jo\u00e3o Pessoa\" \/>\n<meta property=\"article:published_time\" content=\"2026-02-17T16:27:54+00:00\" \/>\n<meta property=\"og:image\" content=\"https:\/\/www.encontrajoaopessoa.com.br\/sobre\/wp-content\/uploads\/2026\/02\/escolas-de-samba-levam-cor-e-ritmo-ao-carnaval-tradicao-de-joao-pessoa.webp\" \/>\n<meta name=\"author\" content=\"Encontra Jo\u00e3o Pessoa\" \/>\n<meta name=\"twitter:card\" content=\"summary_large_image\" \/>\n<meta name=\"twitter:label1\" content=\"Escrito por\" \/>\n\t<meta name=\"twitter:data1\" content=\"Encontra Jo\u00e3o Pessoa\" \/>\n\t<meta name=\"twitter:label2\" content=\"Est. tempo de leitura\" \/>\n\t<meta name=\"twitter:data2\" content=\"4 minutos\" \/>\n<script type=\"application\/ld+json\" class=\"yoast-schema-graph\">{\"@context\":\"https:\/\/schema.org\",\"@graph\":[{\"@type\":\"WebPage\",\"@id\":\"https:\/\/www.encontrajoaopessoa.com.br\/sobre\/escolas-de-samba-levam-cor-e-ritmo-ao-carnaval-tradicao-de-joao-pessoa\/\",\"url\":\"https:\/\/www.encontrajoaopessoa.com.br\/sobre\/escolas-de-samba-levam-cor-e-ritmo-ao-carnaval-tradicao-de-joao-pessoa\/\",\"name\":\"Escolas de Samba levam cor e ritmo ao Carnaval Tradi\u00e7\u00e3o de Jo\u00e3o Pessoa - Encontra Jo\u00e3o Pessoa\",\"isPartOf\":{\"@id\":\"https:\/\/www.encontrajoaopessoa.com.br\/sobre\/#website\"},\"primaryImageOfPage\":{\"@id\":\"https:\/\/www.encontrajoaopessoa.com.br\/sobre\/escolas-de-samba-levam-cor-e-ritmo-ao-carnaval-tradicao-de-joao-pessoa\/#primaryimage\"},\"image\":{\"@id\":\"https:\/\/www.encontrajoaopessoa.com.br\/sobre\/escolas-de-samba-levam-cor-e-ritmo-ao-carnaval-tradicao-de-joao-pessoa\/#primaryimage\"},\"thumbnailUrl\":\"https:\/\/www.encontrajoaopessoa.com.br\/sobre\/wp-content\/uploads\/2026\/02\/escolas-de-samba-levam-cor-e-ritmo-ao-carnaval-tradicao-de-joao-pessoa.webp\",\"datePublished\":\"2026-02-17T16:27:54+00:00\",\"author\":{\"@id\":\"https:\/\/www.encontrajoaopessoa.com.br\/sobre\/#\/schema\/person\/dcf4dbc803217a030dfb489f4a014aca\"},\"breadcrumb\":{\"@id\":\"https:\/\/www.encontrajoaopessoa.com.br\/sobre\/escolas-de-samba-levam-cor-e-ritmo-ao-carnaval-tradicao-de-joao-pessoa\/#breadcrumb\"},\"inLanguage\":\"pt-BR\",\"potentialAction\":[{\"@type\":\"ReadAction\",\"target\":[\"https:\/\/www.encontrajoaopessoa.com.br\/sobre\/escolas-de-samba-levam-cor-e-ritmo-ao-carnaval-tradicao-de-joao-pessoa\/\"]}]},{\"@type\":\"ImageObject\",\"inLanguage\":\"pt-BR\",\"@id\":\"https:\/\/www.encontrajoaopessoa.com.br\/sobre\/escolas-de-samba-levam-cor-e-ritmo-ao-carnaval-tradicao-de-joao-pessoa\/#primaryimage\",\"url\":\"https:\/\/www.encontrajoaopessoa.com.br\/sobre\/wp-content\/uploads\/2026\/02\/escolas-de-samba-levam-cor-e-ritmo-ao-carnaval-tradicao-de-joao-pessoa.webp\",\"contentUrl\":\"https:\/\/www.encontrajoaopessoa.com.br\/sobre\/wp-content\/uploads\/2026\/02\/escolas-de-samba-levam-cor-e-ritmo-ao-carnaval-tradicao-de-joao-pessoa.webp\",\"width\":280,\"height\":280,\"caption\":\"escolas de samba\"},{\"@type\":\"BreadcrumbList\",\"@id\":\"https:\/\/www.encontrajoaopessoa.com.br\/sobre\/escolas-de-samba-levam-cor-e-ritmo-ao-carnaval-tradicao-de-joao-pessoa\/#breadcrumb\",\"itemListElement\":[{\"@type\":\"ListItem\",\"position\":1,\"name\":\"In\u00edcio\",\"item\":\"https:\/\/www.encontrajoaopessoa.com.br\/sobre\/\"},{\"@type\":\"ListItem\",\"position\":2,\"name\":\"Escolas de Samba levam cor e ritmo ao Carnaval Tradi\u00e7\u00e3o de Jo\u00e3o Pessoa\"}]},{\"@type\":\"WebSite\",\"@id\":\"https:\/\/www.encontrajoaopessoa.com.br\/sobre\/#website\",\"url\":\"https:\/\/www.encontrajoaopessoa.com.br\/sobre\/\",\"name\":\"Encontra Jo\u00e3o Pessoa\",\"description\":\"Not\u00edcias, eventos, informa\u00e7\u00f5es e dicas na cidade Jo\u00e3o Pessoa e regi\u00e3o.\",\"potentialAction\":[{\"@type\":\"SearchAction\",\"target\":{\"@type\":\"EntryPoint\",\"urlTemplate\":\"https:\/\/www.encontrajoaopessoa.com.br\/sobre\/?s={search_term_string}\"},\"query-input\":{\"@type\":\"PropertyValueSpecification\",\"valueRequired\":true,\"valueName\":\"search_term_string\"}}],\"inLanguage\":\"pt-BR\"},{\"@type\":\"Person\",\"@id\":\"https:\/\/www.encontrajoaopessoa.com.br\/sobre\/#\/schema\/person\/dcf4dbc803217a030dfb489f4a014aca\",\"name\":\"Encontra Jo\u00e3o Pessoa\",\"image\":{\"@type\":\"ImageObject\",\"inLanguage\":\"pt-BR\",\"@id\":\"https:\/\/www.encontrajoaopessoa.com.br\/sobre\/#\/schema\/person\/image\/\",\"url\":\"https:\/\/secure.gravatar.com\/avatar\/507340682b8270222e1f208e23198b6ae7e2c6a1033ae84e99bc6bce4f82a387?s=96&d=mm&r=g\",\"contentUrl\":\"https:\/\/secure.gravatar.com\/avatar\/507340682b8270222e1f208e23198b6ae7e2c6a1033ae84e99bc6bce4f82a387?s=96&d=mm&r=g\",\"caption\":\"Encontra Jo\u00e3o Pessoa\"},\"url\":\"https:\/\/www.encontrajoaopessoa.com.br\/sobre\/author\/ejoaopessoa\/\"}]}<\/script>\n<!-- \/ Yoast SEO plugin. -->","yoast_head_json":{"title":"Escolas de Samba levam cor e ritmo ao Carnaval Tradi\u00e7\u00e3o de Jo\u00e3o Pessoa - Encontra Jo\u00e3o Pessoa","robots":{"index":"index","follow":"follow","max-snippet":"max-snippet:-1","max-image-preview":"max-image-preview:large","max-video-preview":"max-video-preview:-1"},"canonical":"https:\/\/www.encontrajoaopessoa.com.br\/sobre\/escolas-de-samba-levam-cor-e-ritmo-ao-carnaval-tradicao-de-joao-pessoa\/","og_locale":"pt_BR","og_type":"article","og_title":"Escolas de Samba levam cor e ritmo ao Carnaval Tradi\u00e7\u00e3o de Jo\u00e3o Pessoa - Encontra Jo\u00e3o Pessoa","og_description":"Escolas de Samba trazem cor e ritmo ao Carnaval Tradi\u00e7\u00e3o de Jo\u00e3o Pessoa.","og_url":"https:\/\/www.encontrajoaopessoa.com.br\/sobre\/escolas-de-samba-levam-cor-e-ritmo-ao-carnaval-tradicao-de-joao-pessoa\/","og_site_name":"Encontra Jo\u00e3o Pessoa","article_published_time":"2026-02-17T16:27:54+00:00","og_image":[{"url":"https:\/\/www.encontrajoaopessoa.com.br\/sobre\/wp-content\/uploads\/2026\/02\/escolas-de-samba-levam-cor-e-ritmo-ao-carnaval-tradicao-de-joao-pessoa.webp","type":"","width":"","height":""}],"author":"Encontra Jo\u00e3o Pessoa","twitter_card":"summary_large_image","twitter_misc":{"Escrito por":"Encontra Jo\u00e3o Pessoa","Est. tempo de leitura":"4 minutos"},"schema":{"@context":"https:\/\/schema.org","@graph":[{"@type":"WebPage","@id":"https:\/\/www.encontrajoaopessoa.com.br\/sobre\/escolas-de-samba-levam-cor-e-ritmo-ao-carnaval-tradicao-de-joao-pessoa\/","url":"https:\/\/www.encontrajoaopessoa.com.br\/sobre\/escolas-de-samba-levam-cor-e-ritmo-ao-carnaval-tradicao-de-joao-pessoa\/","name":"Escolas de Samba levam cor e ritmo ao Carnaval Tradi\u00e7\u00e3o de Jo\u00e3o Pessoa - Encontra Jo\u00e3o Pessoa","isPartOf":{"@id":"https:\/\/www.encontrajoaopessoa.com.br\/sobre\/#website"},"primaryImageOfPage":{"@id":"https:\/\/www.encontrajoaopessoa.com.br\/sobre\/escolas-de-samba-levam-cor-e-ritmo-ao-carnaval-tradicao-de-joao-pessoa\/#primaryimage"},"image":{"@id":"https:\/\/www.encontrajoaopessoa.com.br\/sobre\/escolas-de-samba-levam-cor-e-ritmo-ao-carnaval-tradicao-de-joao-pessoa\/#primaryimage"},"thumbnailUrl":"https:\/\/www.encontrajoaopessoa.com.br\/sobre\/wp-content\/uploads\/2026\/02\/escolas-de-samba-levam-cor-e-ritmo-ao-carnaval-tradicao-de-joao-pessoa.webp","datePublished":"2026-02-17T16:27:54+00:00","author":{"@id":"https:\/\/www.encontrajoaopessoa.com.br\/sobre\/#\/schema\/person\/dcf4dbc803217a030dfb489f4a014aca"},"breadcrumb":{"@id":"https:\/\/www.encontrajoaopessoa.com.br\/sobre\/escolas-de-samba-levam-cor-e-ritmo-ao-carnaval-tradicao-de-joao-pessoa\/#breadcrumb"},"inLanguage":"pt-BR","potentialAction":[{"@type":"ReadAction","target":["https:\/\/www.encontrajoaopessoa.com.br\/sobre\/escolas-de-samba-levam-cor-e-ritmo-ao-carnaval-tradicao-de-joao-pessoa\/"]}]},{"@type":"ImageObject","inLanguage":"pt-BR","@id":"https:\/\/www.encontrajoaopessoa.com.br\/sobre\/escolas-de-samba-levam-cor-e-ritmo-ao-carnaval-tradicao-de-joao-pessoa\/#primaryimage","url":"https:\/\/www.encontrajoaopessoa.com.br\/sobre\/wp-content\/uploads\/2026\/02\/escolas-de-samba-levam-cor-e-ritmo-ao-carnaval-tradicao-de-joao-pessoa.webp","contentUrl":"https:\/\/www.encontrajoaopessoa.com.br\/sobre\/wp-content\/uploads\/2026\/02\/escolas-de-samba-levam-cor-e-ritmo-ao-carnaval-tradicao-de-joao-pessoa.webp","width":280,"height":280,"caption":"escolas de samba"},{"@type":"BreadcrumbList","@id":"https:\/\/www.encontrajoaopessoa.com.br\/sobre\/escolas-de-samba-levam-cor-e-ritmo-ao-carnaval-tradicao-de-joao-pessoa\/#breadcrumb","itemListElement":[{"@type":"ListItem","position":1,"name":"In\u00edcio","item":"https:\/\/www.encontrajoaopessoa.com.br\/sobre\/"},{"@type":"ListItem","position":2,"name":"Escolas de Samba levam cor e ritmo ao Carnaval Tradi\u00e7\u00e3o de Jo\u00e3o Pessoa"}]},{"@type":"WebSite","@id":"https:\/\/www.encontrajoaopessoa.com.br\/sobre\/#website","url":"https:\/\/www.encontrajoaopessoa.com.br\/sobre\/","name":"Encontra Jo\u00e3o Pessoa","description":"Not\u00edcias, eventos, informa\u00e7\u00f5es e dicas na cidade Jo\u00e3o Pessoa e regi\u00e3o.","potentialAction":[{"@type":"SearchAction","target":{"@type":"EntryPoint","urlTemplate":"https:\/\/www.encontrajoaopessoa.com.br\/sobre\/?s={search_term_string}"},"query-input":{"@type":"PropertyValueSpecification","valueRequired":true,"valueName":"search_term_string"}}],"inLanguage":"pt-BR"},{"@type":"Person","@id":"https:\/\/www.encontrajoaopessoa.com.br\/sobre\/#\/schema\/person\/dcf4dbc803217a030dfb489f4a014aca","name":"Encontra Jo\u00e3o Pessoa","image":{"@type":"ImageObject","inLanguage":"pt-BR","@id":"https:\/\/www.encontrajoaopessoa.com.br\/sobre\/#\/schema\/person\/image\/","url":"https:\/\/secure.gravatar.com\/avatar\/507340682b8270222e1f208e23198b6ae7e2c6a1033ae84e99bc6bce4f82a387?s=96&d=mm&r=g","contentUrl":"https:\/\/secure.gravatar.com\/avatar\/507340682b8270222e1f208e23198b6ae7e2c6a1033ae84e99bc6bce4f82a387?s=96&d=mm&r=g","caption":"Encontra Jo\u00e3o Pessoa"},"url":"https:\/\/www.encontrajoaopessoa.com.br\/sobre\/author\/ejoaopessoa\/"}]}},"_links":{"self":[{"href":"https:\/\/www.encontrajoaopessoa.com.br\/sobre\/wp-json\/wp\/v2\/posts\/1135","targetHints":{"allow":["GET"]}}],"collection":[{"href":"https:\/\/www.encontrajoaopessoa.com.br\/sobre\/wp-json\/wp\/v2\/posts"}],"about":[{"href":"https:\/\/www.encontrajoaopessoa.com.br\/sobre\/wp-json\/wp\/v2\/types\/post"}],"author":[{"embeddable":true,"href":"https:\/\/www.encontrajoaopessoa.com.br\/sobre\/wp-json\/wp\/v2\/users\/1"}],"replies":[{"embeddable":true,"href":"https:\/\/www.encontrajoaopessoa.com.br\/sobre\/wp-json\/wp\/v2\/comments?post=1135"}],"version-history":[{"count":0,"href":"https:\/\/www.encontrajoaopessoa.com.br\/sobre\/wp-json\/wp\/v2\/posts\/1135\/revisions"}],"wp:featuredmedia":[{"embeddable":true,"href":"https:\/\/www.encontrajoaopessoa.com.br\/sobre\/wp-json\/wp\/v2\/media\/1134"}],"wp:attachment":[{"href":"https:\/\/www.encontrajoaopessoa.com.br\/sobre\/wp-json\/wp\/v2\/media?parent=1135"}],"wp:term":[{"taxonomy":"category","embeddable":true,"href":"https:\/\/www.encontrajoaopessoa.com.br\/sobre\/wp-json\/wp\/v2\/categories?post=1135"},{"taxonomy":"post_tag","embeddable":true,"href":"https:\/\/www.encontrajoaopessoa.com.br\/sobre\/wp-json\/wp\/v2\/tags?post=1135"}],"curies":[{"name":"wp","href":"https:\/\/api.w.org\/{rel}","templated":true}]}}