{"id":1122,"date":"2026-02-15T14:02:45","date_gmt":"2026-02-15T17:02:45","guid":{"rendered":"https:\/\/www.encontrajoaopessoa.com.br\/sobre\/carnaval-multicultural-apresenta-roberta-miranda-maria-gadu-fafa-de-belem-e-mundo-livre-s-a\/"},"modified":"2026-02-15T14:02:45","modified_gmt":"2026-02-15T17:02:45","slug":"carnaval-multicultural-apresenta-roberta-miranda-maria-gadu-fafa-de-belem-e-mundo-livre-s-a","status":"publish","type":"post","link":"https:\/\/www.encontrajoaopessoa.com.br\/sobre\/carnaval-multicultural-apresenta-roberta-miranda-maria-gadu-fafa-de-belem-e-mundo-livre-s-a\/","title":{"rendered":"Carnaval Multicultural apresenta Roberta Miranda, Maria Gad\u00fa, Faf\u00e1 de Bel\u00e9m e Mundo Livre S\/A"},"content":{"rendered":"<div class=\"866aa4a7c674253f40eaa20e0e3e928c\" data-index=\"1\" style=\"float: none; margin:0px;\">\n<!-- Anuncio display - global -->\r\n<ins class=\"adsbygoogle\"\r\n     style=\"display:block\"\r\n     data-ad-client=\"ca-pub-8585364105181520\"\r\n     data-ad-slot=\"8789329856\"\r\n     data-ad-format=\"auto\"\r\n     data-full-width-responsive=\"true\"><\/ins>\r\n<script>\r\n     (adsbygoogle = window.adsbygoogle || []).push({});\r\n<\/script>\n<\/div>\n<h2>Carnaval Multicultural em Jo\u00e3o Pessoa<\/h2>\n<p>O Carnaval Multicultural de Jo\u00e3o Pessoa \u00e9 um evento vibrante que celebra a rica diversidade cultural do Brasil. No pr\u00f3ximo fim de semana, ocorrer\u00e1 um desfile de seis blocos, refletindo uma ampla gama de ritmos e tradi\u00e7\u00f5es, entre os dias 14 e 15 de fevereiro de 2026. Este evento se estender\u00e1 por v\u00e1rias regi\u00f5es da cidade, incluindo o Centro Hist\u00f3rico e a Orla, al\u00e9m de bairros tradicionalmente carnavalescos como Torre e Mangabeira.<\/p>\n<h2>Atra\u00e7\u00f5es Art\u00edsticas do Carnaval Multicultural<\/h2>\n<p>O Carnaval promete trazer grandes nomes da m\u00fasica brasileira, como Roberta Miranda, Maria Gad\u00fa, Faf\u00e1 de Bel\u00e9m e a banda Mundo Livre S\/A. Essa mistura de artistas renomados refor\u00e7a a ideia de uma celebra\u00e7\u00e3o acess\u00edvel e que homenageia as diversas manifesta\u00e7\u00f5es culturais do Brasil.<\/p>\n<h2>Programa\u00e7\u00e3o Completa do Fim de Semana<\/h2>\n<p>O cronograma de atividades para o carnaval inclui:<\/p>\n<p><img decoding=\"async\" src=\"https:\/\/www.encontrajoaopessoa.com.br\/sobre\/wp-content\/uploads\/2026\/02\/carnaval-multicultural-apresenta-roberta-miranda-maria-gadu-fafa-de-belem-e-mundo-livre-s-a.webp\" alt=\"Carnaval Multicultural\" loading=\"lazy\" \/><\/p>\n<ul>\n<li><strong>14 de Fevereiro (S\u00e1bado)<\/strong><\/li>\n<ul>\n<li><strong>Boi do Bessa<\/strong>: 13h \u00e0s 00h &#8211; Roberta Miranda e Maria Gad\u00fa.<\/li>\n<li><strong>Elefante da Torre<\/strong>: 12h \u00e0s 20h &#8211; Helton, orquestra de frevo e outros.<\/li>\n<li><strong>Vaca Morta<\/strong>: 19h \u00e0s 00h &#8211; Banda A Ruiva.<\/li>\n<li><strong>Urso Gay<\/strong>: 17h \u00e0s 20h &#8211; Banda Pra Curtir em Mangabeira.<\/li>\n<li><strong>As Raparigas de Chico<\/strong>: 16h \u00e0s 00h &#8211; Faf\u00e1 de Bel\u00e9m.<\/li>\n<\/ul>\n<li><strong>15 de Fevereiro (Domingo)<\/strong><\/li>\n<ul>\n<li><strong>E Tome Ladeira<\/strong>: 13h \u00e0s 22h &#8211; Banda Mundo Livre S\/A.<\/li>\n<li><strong>Bloco da Diversidade<\/strong>: 9h \u00e0s 11h &#8211; Orquestra de Frevo Swat, com um foco na cultura LGBTTQIAPNB+.<\/li>\n<\/ul>\n<\/ul>\n<h2>Import\u00e2ncia da Diversidade Cultural no Evento<\/h2>\n<p>O Carnaval Multicultural \u00e9 um espa\u00e7o onde ritmos e estilos variados se encontram. Desde o frevo, maracatu at\u00e9 a m\u00fasica popular contempor\u00e2nea, a estrutura do evento reflete a riqueza da cultura brasileira. As performances s\u00e3o adaptadas para incluir elementos que celebram a pluralidade, promovendo respeito e inclus\u00e3o dentro da comunidade.<\/p>\n<h2>Participa\u00e7\u00e3o de Blocos Tradicionais e Populares<\/h2>\n<p>A presen\u00e7a de blocos tradicionais \u00e9 fundamental para manter viva a ess\u00eancia do carnaval de rua. Blocos como &#8220;Boi do Bessa&#8221; e &#8220;Elefante da Torre&#8221; trazem artistas tanto conhecidos na cena musical quanto novos talentos, criando um ambiente prop\u00edcio para a conviv\u00eancia e compartilhamento cultural.<\/p>\n<h2>Expectativa de P\u00fablico e Seguran\u00e7a<\/h2>\n<p>Os organizadores est\u00e3o preparados para receber um p\u00fablico expressivo, com agendas bem definidas que garantem a seguran\u00e7a e a tranquilidade durante as celebra\u00e7\u00f5es. O planejamento inclui o envolvimento de diversas secretarias da prefeitura e associa\u00e7\u00f5es locais, garantindo que todas as medidas de seguran\u00e7a sejam implementadas.<\/p>\n<h2>Artistas em Destaque e Suas Contribui\u00e7\u00f5es<\/h2>\n<p>Os artistas convidados possuem um papel significativo na cultura musical brasileira. Roberta Miranda, com seu talento incompar\u00e1vel, e Maria Gad\u00fa, refer\u00eancia da nova MPB, s\u00e3o apenas alguns dos destaques que enriquecem o carnaval. Faf\u00e1 de Bel\u00e9m, conhecida por seu forte carisma e performances apaixonadas, tamb\u00e9m trar\u00e1 uma energia \u00fanica ao evento.<\/p>\n<h2>Impacto do Carnaval na Economia Local<\/h2>\n<p>Al\u00e9m de ser uma festa popular, o Carnaval Multicultural gera um impacto positivo na economia local. A movimenta\u00e7\u00e3o de turistas e foli\u00f5es impulsiona o com\u00e9rcio e servi\u00e7os, beneficiando restaurantes, hot\u00e9is e lojas na regi\u00e3o, criando um ciclo de vitalidade para o setor econ\u00f4mico da cidade.<\/p>\n<h2>Hist\u00f3ria do Carnaval Multicultural em Jo\u00e3o Pessoa<\/h2>\n<p>O Carnaval Multicultural j\u00e1 se estabeleceu como uma das maiores celebra\u00e7\u00f5es da cidade, unindo cidad\u00e3os e visitantes em torno da arte e da cultura. Desde sua primeira edi\u00e7\u00e3o, o evento tem se expandido e modernizado, sempre respeitando suas origens carnavalescas e a tradi\u00e7\u00e3o local.<\/p>\n<h2>Opini\u00f5es dos Organizadores e da Prefeitura<\/h2>\n<p>De acordo com Marcus Alves, diretor da Funjope, a dire\u00e7\u00e3o e o planejamento que envolvem o Carnaval s\u00e3o incisivos em divergir da rotina, proporcionando uma festa que realmente representa a diversidade cultural da cidade. A apoio da administra\u00e7\u00e3o municipal refor\u00e7a essa proposta, tornando o carnaval uma prioridade nas a\u00e7\u00f5es culturais de Jo\u00e3o Pessoa.<\/p>\n<h2>Melhores Localiza\u00e7\u00f5es para Aproveitar o Festejo<\/h2>\n<p>Acentuando seu papel de centro cultural, o Centro Hist\u00f3rico e as \u00e1reas da Orla ser\u00e3o os locais mais estrat\u00e9gicos para o p\u00fablico vivenciar as festividades. A infraestrutura montada garante acessibilidade e seguran\u00e7a para todos os foli\u00f5es, promovendo uma experi\u00eancia inesquec\u00edvel.<\/p>\n\n<div style=\"font-size: 0px; height: 0px; line-height: 0px; margin: 0; padding: 0; clear: both;\"><\/div>","protected":false},"excerpt":{"rendered":"<p>Carnaval Multicultural traz grandes nomes para Jo\u00e3o Pessoa em 2026.<\/p>\n","protected":false},"author":1,"featured_media":1121,"comment_status":"closed","ping_status":"closed","sticky":false,"template":"","format":"standard","meta":{"footnotes":""},"categories":[1],"tags":[],"class_list":["post-1122","post","type-post","status-publish","format-standard","has-post-thumbnail","hentry","category-noticias-em-joao-pessoa","has_thumb"],"yoast_head":"<!-- This site is optimized with the Yoast SEO plugin v26.4 - https:\/\/yoast.com\/wordpress\/plugins\/seo\/ -->\n<title>Carnaval Multicultural apresenta Roberta Miranda, Maria Gad\u00fa, Faf\u00e1 de Bel\u00e9m e Mundo Livre S\/A - Encontra Jo\u00e3o Pessoa<\/title>\n<meta name=\"robots\" content=\"index, follow, max-snippet:-1, max-image-preview:large, max-video-preview:-1\" \/>\n<link rel=\"canonical\" href=\"https:\/\/www.encontrajoaopessoa.com.br\/sobre\/carnaval-multicultural-apresenta-roberta-miranda-maria-gadu-fafa-de-belem-e-mundo-livre-s-a\/\" \/>\n<meta property=\"og:locale\" content=\"pt_BR\" \/>\n<meta property=\"og:type\" content=\"article\" \/>\n<meta property=\"og:title\" content=\"Carnaval Multicultural apresenta Roberta Miranda, Maria Gad\u00fa, Faf\u00e1 de Bel\u00e9m e Mundo Livre S\/A - Encontra Jo\u00e3o Pessoa\" \/>\n<meta property=\"og:description\" content=\"Carnaval Multicultural traz grandes nomes para Jo\u00e3o Pessoa em 2026.\" \/>\n<meta property=\"og:url\" content=\"https:\/\/www.encontrajoaopessoa.com.br\/sobre\/carnaval-multicultural-apresenta-roberta-miranda-maria-gadu-fafa-de-belem-e-mundo-livre-s-a\/\" \/>\n<meta property=\"og:site_name\" content=\"Encontra Jo\u00e3o Pessoa\" \/>\n<meta property=\"article:published_time\" content=\"2026-02-15T17:02:45+00:00\" \/>\n<meta property=\"og:image\" content=\"https:\/\/www.encontrajoaopessoa.com.br\/sobre\/wp-content\/uploads\/2026\/02\/carnaval-multicultural-apresenta-roberta-miranda-maria-gadu-fafa-de-belem-e-mundo-livre-s-a.webp\" \/>\n<meta name=\"author\" content=\"Encontra Jo\u00e3o Pessoa\" \/>\n<meta name=\"twitter:card\" content=\"summary_large_image\" \/>\n<meta name=\"twitter:label1\" content=\"Escrito por\" \/>\n\t<meta name=\"twitter:data1\" content=\"Encontra Jo\u00e3o Pessoa\" \/>\n\t<meta name=\"twitter:label2\" content=\"Est. tempo de leitura\" \/>\n\t<meta name=\"twitter:data2\" content=\"4 minutos\" \/>\n<script type=\"application\/ld+json\" class=\"yoast-schema-graph\">{\"@context\":\"https:\/\/schema.org\",\"@graph\":[{\"@type\":\"WebPage\",\"@id\":\"https:\/\/www.encontrajoaopessoa.com.br\/sobre\/carnaval-multicultural-apresenta-roberta-miranda-maria-gadu-fafa-de-belem-e-mundo-livre-s-a\/\",\"url\":\"https:\/\/www.encontrajoaopessoa.com.br\/sobre\/carnaval-multicultural-apresenta-roberta-miranda-maria-gadu-fafa-de-belem-e-mundo-livre-s-a\/\",\"name\":\"Carnaval Multicultural apresenta Roberta Miranda, Maria Gad\u00fa, Faf\u00e1 de Bel\u00e9m e Mundo Livre S\/A - Encontra Jo\u00e3o Pessoa\",\"isPartOf\":{\"@id\":\"https:\/\/www.encontrajoaopessoa.com.br\/sobre\/#website\"},\"primaryImageOfPage\":{\"@id\":\"https:\/\/www.encontrajoaopessoa.com.br\/sobre\/carnaval-multicultural-apresenta-roberta-miranda-maria-gadu-fafa-de-belem-e-mundo-livre-s-a\/#primaryimage\"},\"image\":{\"@id\":\"https:\/\/www.encontrajoaopessoa.com.br\/sobre\/carnaval-multicultural-apresenta-roberta-miranda-maria-gadu-fafa-de-belem-e-mundo-livre-s-a\/#primaryimage\"},\"thumbnailUrl\":\"https:\/\/www.encontrajoaopessoa.com.br\/sobre\/wp-content\/uploads\/2026\/02\/carnaval-multicultural-apresenta-roberta-miranda-maria-gadu-fafa-de-belem-e-mundo-livre-s-a.webp\",\"datePublished\":\"2026-02-15T17:02:45+00:00\",\"author\":{\"@id\":\"https:\/\/www.encontrajoaopessoa.com.br\/sobre\/#\/schema\/person\/dcf4dbc803217a030dfb489f4a014aca\"},\"breadcrumb\":{\"@id\":\"https:\/\/www.encontrajoaopessoa.com.br\/sobre\/carnaval-multicultural-apresenta-roberta-miranda-maria-gadu-fafa-de-belem-e-mundo-livre-s-a\/#breadcrumb\"},\"inLanguage\":\"pt-BR\",\"potentialAction\":[{\"@type\":\"ReadAction\",\"target\":[\"https:\/\/www.encontrajoaopessoa.com.br\/sobre\/carnaval-multicultural-apresenta-roberta-miranda-maria-gadu-fafa-de-belem-e-mundo-livre-s-a\/\"]}]},{\"@type\":\"ImageObject\",\"inLanguage\":\"pt-BR\",\"@id\":\"https:\/\/www.encontrajoaopessoa.com.br\/sobre\/carnaval-multicultural-apresenta-roberta-miranda-maria-gadu-fafa-de-belem-e-mundo-livre-s-a\/#primaryimage\",\"url\":\"https:\/\/www.encontrajoaopessoa.com.br\/sobre\/wp-content\/uploads\/2026\/02\/carnaval-multicultural-apresenta-roberta-miranda-maria-gadu-fafa-de-belem-e-mundo-livre-s-a.webp\",\"contentUrl\":\"https:\/\/www.encontrajoaopessoa.com.br\/sobre\/wp-content\/uploads\/2026\/02\/carnaval-multicultural-apresenta-roberta-miranda-maria-gadu-fafa-de-belem-e-mundo-livre-s-a.webp\",\"width\":280,\"height\":280,\"caption\":\"Carnaval Multicultural\"},{\"@type\":\"BreadcrumbList\",\"@id\":\"https:\/\/www.encontrajoaopessoa.com.br\/sobre\/carnaval-multicultural-apresenta-roberta-miranda-maria-gadu-fafa-de-belem-e-mundo-livre-s-a\/#breadcrumb\",\"itemListElement\":[{\"@type\":\"ListItem\",\"position\":1,\"name\":\"In\u00edcio\",\"item\":\"https:\/\/www.encontrajoaopessoa.com.br\/sobre\/\"},{\"@type\":\"ListItem\",\"position\":2,\"name\":\"Carnaval Multicultural apresenta Roberta Miranda, Maria Gad\u00fa, Faf\u00e1 de Bel\u00e9m e Mundo Livre S\/A\"}]},{\"@type\":\"WebSite\",\"@id\":\"https:\/\/www.encontrajoaopessoa.com.br\/sobre\/#website\",\"url\":\"https:\/\/www.encontrajoaopessoa.com.br\/sobre\/\",\"name\":\"Encontra Jo\u00e3o Pessoa\",\"description\":\"Not\u00edcias, eventos, informa\u00e7\u00f5es e dicas na cidade Jo\u00e3o Pessoa e regi\u00e3o.\",\"potentialAction\":[{\"@type\":\"SearchAction\",\"target\":{\"@type\":\"EntryPoint\",\"urlTemplate\":\"https:\/\/www.encontrajoaopessoa.com.br\/sobre\/?s={search_term_string}\"},\"query-input\":{\"@type\":\"PropertyValueSpecification\",\"valueRequired\":true,\"valueName\":\"search_term_string\"}}],\"inLanguage\":\"pt-BR\"},{\"@type\":\"Person\",\"@id\":\"https:\/\/www.encontrajoaopessoa.com.br\/sobre\/#\/schema\/person\/dcf4dbc803217a030dfb489f4a014aca\",\"name\":\"Encontra Jo\u00e3o Pessoa\",\"image\":{\"@type\":\"ImageObject\",\"inLanguage\":\"pt-BR\",\"@id\":\"https:\/\/www.encontrajoaopessoa.com.br\/sobre\/#\/schema\/person\/image\/\",\"url\":\"https:\/\/secure.gravatar.com\/avatar\/507340682b8270222e1f208e23198b6ae7e2c6a1033ae84e99bc6bce4f82a387?s=96&d=mm&r=g\",\"contentUrl\":\"https:\/\/secure.gravatar.com\/avatar\/507340682b8270222e1f208e23198b6ae7e2c6a1033ae84e99bc6bce4f82a387?s=96&d=mm&r=g\",\"caption\":\"Encontra Jo\u00e3o Pessoa\"},\"url\":\"https:\/\/www.encontrajoaopessoa.com.br\/sobre\/author\/ejoaopessoa\/\"}]}<\/script>\n<!-- \/ Yoast SEO plugin. -->","yoast_head_json":{"title":"Carnaval Multicultural apresenta Roberta Miranda, Maria Gad\u00fa, Faf\u00e1 de Bel\u00e9m e Mundo Livre S\/A - Encontra Jo\u00e3o Pessoa","robots":{"index":"index","follow":"follow","max-snippet":"max-snippet:-1","max-image-preview":"max-image-preview:large","max-video-preview":"max-video-preview:-1"},"canonical":"https:\/\/www.encontrajoaopessoa.com.br\/sobre\/carnaval-multicultural-apresenta-roberta-miranda-maria-gadu-fafa-de-belem-e-mundo-livre-s-a\/","og_locale":"pt_BR","og_type":"article","og_title":"Carnaval Multicultural apresenta Roberta Miranda, Maria Gad\u00fa, Faf\u00e1 de Bel\u00e9m e Mundo Livre S\/A - Encontra Jo\u00e3o Pessoa","og_description":"Carnaval Multicultural traz grandes nomes para Jo\u00e3o Pessoa em 2026.","og_url":"https:\/\/www.encontrajoaopessoa.com.br\/sobre\/carnaval-multicultural-apresenta-roberta-miranda-maria-gadu-fafa-de-belem-e-mundo-livre-s-a\/","og_site_name":"Encontra Jo\u00e3o Pessoa","article_published_time":"2026-02-15T17:02:45+00:00","og_image":[{"url":"https:\/\/www.encontrajoaopessoa.com.br\/sobre\/wp-content\/uploads\/2026\/02\/carnaval-multicultural-apresenta-roberta-miranda-maria-gadu-fafa-de-belem-e-mundo-livre-s-a.webp","type":"","width":"","height":""}],"author":"Encontra Jo\u00e3o Pessoa","twitter_card":"summary_large_image","twitter_misc":{"Escrito por":"Encontra Jo\u00e3o Pessoa","Est. tempo de leitura":"4 minutos"},"schema":{"@context":"https:\/\/schema.org","@graph":[{"@type":"WebPage","@id":"https:\/\/www.encontrajoaopessoa.com.br\/sobre\/carnaval-multicultural-apresenta-roberta-miranda-maria-gadu-fafa-de-belem-e-mundo-livre-s-a\/","url":"https:\/\/www.encontrajoaopessoa.com.br\/sobre\/carnaval-multicultural-apresenta-roberta-miranda-maria-gadu-fafa-de-belem-e-mundo-livre-s-a\/","name":"Carnaval Multicultural apresenta Roberta Miranda, Maria Gad\u00fa, Faf\u00e1 de Bel\u00e9m e Mundo Livre S\/A - Encontra Jo\u00e3o Pessoa","isPartOf":{"@id":"https:\/\/www.encontrajoaopessoa.com.br\/sobre\/#website"},"primaryImageOfPage":{"@id":"https:\/\/www.encontrajoaopessoa.com.br\/sobre\/carnaval-multicultural-apresenta-roberta-miranda-maria-gadu-fafa-de-belem-e-mundo-livre-s-a\/#primaryimage"},"image":{"@id":"https:\/\/www.encontrajoaopessoa.com.br\/sobre\/carnaval-multicultural-apresenta-roberta-miranda-maria-gadu-fafa-de-belem-e-mundo-livre-s-a\/#primaryimage"},"thumbnailUrl":"https:\/\/www.encontrajoaopessoa.com.br\/sobre\/wp-content\/uploads\/2026\/02\/carnaval-multicultural-apresenta-roberta-miranda-maria-gadu-fafa-de-belem-e-mundo-livre-s-a.webp","datePublished":"2026-02-15T17:02:45+00:00","author":{"@id":"https:\/\/www.encontrajoaopessoa.com.br\/sobre\/#\/schema\/person\/dcf4dbc803217a030dfb489f4a014aca"},"breadcrumb":{"@id":"https:\/\/www.encontrajoaopessoa.com.br\/sobre\/carnaval-multicultural-apresenta-roberta-miranda-maria-gadu-fafa-de-belem-e-mundo-livre-s-a\/#breadcrumb"},"inLanguage":"pt-BR","potentialAction":[{"@type":"ReadAction","target":["https:\/\/www.encontrajoaopessoa.com.br\/sobre\/carnaval-multicultural-apresenta-roberta-miranda-maria-gadu-fafa-de-belem-e-mundo-livre-s-a\/"]}]},{"@type":"ImageObject","inLanguage":"pt-BR","@id":"https:\/\/www.encontrajoaopessoa.com.br\/sobre\/carnaval-multicultural-apresenta-roberta-miranda-maria-gadu-fafa-de-belem-e-mundo-livre-s-a\/#primaryimage","url":"https:\/\/www.encontrajoaopessoa.com.br\/sobre\/wp-content\/uploads\/2026\/02\/carnaval-multicultural-apresenta-roberta-miranda-maria-gadu-fafa-de-belem-e-mundo-livre-s-a.webp","contentUrl":"https:\/\/www.encontrajoaopessoa.com.br\/sobre\/wp-content\/uploads\/2026\/02\/carnaval-multicultural-apresenta-roberta-miranda-maria-gadu-fafa-de-belem-e-mundo-livre-s-a.webp","width":280,"height":280,"caption":"Carnaval Multicultural"},{"@type":"BreadcrumbList","@id":"https:\/\/www.encontrajoaopessoa.com.br\/sobre\/carnaval-multicultural-apresenta-roberta-miranda-maria-gadu-fafa-de-belem-e-mundo-livre-s-a\/#breadcrumb","itemListElement":[{"@type":"ListItem","position":1,"name":"In\u00edcio","item":"https:\/\/www.encontrajoaopessoa.com.br\/sobre\/"},{"@type":"ListItem","position":2,"name":"Carnaval Multicultural apresenta Roberta Miranda, Maria Gad\u00fa, Faf\u00e1 de Bel\u00e9m e Mundo Livre S\/A"}]},{"@type":"WebSite","@id":"https:\/\/www.encontrajoaopessoa.com.br\/sobre\/#website","url":"https:\/\/www.encontrajoaopessoa.com.br\/sobre\/","name":"Encontra Jo\u00e3o Pessoa","description":"Not\u00edcias, eventos, informa\u00e7\u00f5es e dicas na cidade Jo\u00e3o Pessoa e regi\u00e3o.","potentialAction":[{"@type":"SearchAction","target":{"@type":"EntryPoint","urlTemplate":"https:\/\/www.encontrajoaopessoa.com.br\/sobre\/?s={search_term_string}"},"query-input":{"@type":"PropertyValueSpecification","valueRequired":true,"valueName":"search_term_string"}}],"inLanguage":"pt-BR"},{"@type":"Person","@id":"https:\/\/www.encontrajoaopessoa.com.br\/sobre\/#\/schema\/person\/dcf4dbc803217a030dfb489f4a014aca","name":"Encontra Jo\u00e3o Pessoa","image":{"@type":"ImageObject","inLanguage":"pt-BR","@id":"https:\/\/www.encontrajoaopessoa.com.br\/sobre\/#\/schema\/person\/image\/","url":"https:\/\/secure.gravatar.com\/avatar\/507340682b8270222e1f208e23198b6ae7e2c6a1033ae84e99bc6bce4f82a387?s=96&d=mm&r=g","contentUrl":"https:\/\/secure.gravatar.com\/avatar\/507340682b8270222e1f208e23198b6ae7e2c6a1033ae84e99bc6bce4f82a387?s=96&d=mm&r=g","caption":"Encontra Jo\u00e3o Pessoa"},"url":"https:\/\/www.encontrajoaopessoa.com.br\/sobre\/author\/ejoaopessoa\/"}]}},"_links":{"self":[{"href":"https:\/\/www.encontrajoaopessoa.com.br\/sobre\/wp-json\/wp\/v2\/posts\/1122","targetHints":{"allow":["GET"]}}],"collection":[{"href":"https:\/\/www.encontrajoaopessoa.com.br\/sobre\/wp-json\/wp\/v2\/posts"}],"about":[{"href":"https:\/\/www.encontrajoaopessoa.com.br\/sobre\/wp-json\/wp\/v2\/types\/post"}],"author":[{"embeddable":true,"href":"https:\/\/www.encontrajoaopessoa.com.br\/sobre\/wp-json\/wp\/v2\/users\/1"}],"replies":[{"embeddable":true,"href":"https:\/\/www.encontrajoaopessoa.com.br\/sobre\/wp-json\/wp\/v2\/comments?post=1122"}],"version-history":[{"count":0,"href":"https:\/\/www.encontrajoaopessoa.com.br\/sobre\/wp-json\/wp\/v2\/posts\/1122\/revisions"}],"wp:featuredmedia":[{"embeddable":true,"href":"https:\/\/www.encontrajoaopessoa.com.br\/sobre\/wp-json\/wp\/v2\/media\/1121"}],"wp:attachment":[{"href":"https:\/\/www.encontrajoaopessoa.com.br\/sobre\/wp-json\/wp\/v2\/media?parent=1122"}],"wp:term":[{"taxonomy":"category","embeddable":true,"href":"https:\/\/www.encontrajoaopessoa.com.br\/sobre\/wp-json\/wp\/v2\/categories?post=1122"},{"taxonomy":"post_tag","embeddable":true,"href":"https:\/\/www.encontrajoaopessoa.com.br\/sobre\/wp-json\/wp\/v2\/tags?post=1122"}],"curies":[{"name":"wp","href":"https:\/\/api.w.org\/{rel}","templated":true}]}}