{"id":1120,"date":"2026-02-14T14:02:49","date_gmt":"2026-02-14T17:02:49","guid":{"rendered":"https:\/\/www.encontrajoaopessoa.com.br\/sobre\/prefeitura-de-joao-pessoa-decreta-ponto-facultativo-no-pos\/"},"modified":"2026-02-14T14:02:49","modified_gmt":"2026-02-14T17:02:49","slug":"prefeitura-de-joao-pessoa-decreta-ponto-facultativo-no-pos","status":"publish","type":"post","link":"https:\/\/www.encontrajoaopessoa.com.br\/sobre\/prefeitura-de-joao-pessoa-decreta-ponto-facultativo-no-pos\/","title":{"rendered":"Prefeitura de Jo\u00e3o Pessoa decreta ponto facultativo no p\u00f3s"},"content":{"rendered":"<div class=\"866aa4a7c674253f40eaa20e0e3e928c\" data-index=\"1\" style=\"float: none; margin:0px;\">\n<!-- Anuncio display - global -->\r\n<ins class=\"adsbygoogle\"\r\n     style=\"display:block\"\r\n     data-ad-client=\"ca-pub-8585364105181520\"\r\n     data-ad-slot=\"8789329856\"\r\n     data-ad-format=\"auto\"\r\n     data-full-width-responsive=\"true\"><\/ins>\r\n<script>\r\n     (adsbygoogle = window.adsbygoogle || []).push({});\r\n<\/script>\n<\/div>\n<h2>Altera\u00e7\u00f5es no Expediente Municipal<\/h2>\n<p>A administra\u00e7\u00e3o municipal de Jo\u00e3o Pessoa anunciou mudan\u00e7as significativas no hor\u00e1rio das reparti\u00e7\u00f5es p\u00fablicas devido \u00e0s festividades de Muri\u00e7ocas do Miramar e ao Carnaval de 2026. As adapta\u00e7\u00f5es visam atender \u00e0 demanda ocasionada pelos eventos, al\u00e9m de garantir a organiza\u00e7\u00e3o do fluxo de trabalho nas entidades municipais.<\/p>\n<h2>Datas do Ponto Facultativo<\/h2>\n<p>O ponto facultativo ocorrer\u00e1 em datas espec\u00edficas, conforme estipulado pela Prefeitura. Na segunda-feira, dia 16 de fevereiro, e na ter\u00e7a-feira, dia 17 de fevereiro, n\u00e3o haver\u00e1 expediente nas reparti\u00e7\u00f5es municipais. Essa pausa permitir\u00e1 que os funcion\u00e1rios desfrutem do Carnaval e as atividades normais da cidade possam ser ajustadas.<\/p>\n<h2>Hor\u00e1rios Especiais Durante o Carnaval<\/h2>\n<p>No dia seguinte ao desfile das Muri\u00e7ocas do Miramar, na quinta-feira, 12 de fevereiro, o hor\u00e1rio de funcionamento ser\u00e1 reduzido, com o expediente das 12h \u00e0s 17h. Essa altera\u00e7\u00e3o \u00e9 uma medida para lidar com os efeitos da festa, permitindo que os servidores se restabele\u00e7am antes de voltarem a suas fun\u00e7\u00f5es.<\/p>\n<p><img decoding=\"async\" src=\"https:\/\/www.encontrajoaopessoa.com.br\/sobre\/wp-content\/uploads\/2026\/02\/prefeitura-de-joao-pessoa-decreta-ponto-facultativo-no-pos.webp\" alt=\"ponto facultativo Jo\u00e3o Pessoa\" loading=\"lazy\" \/><\/p>\n<h2>Servi\u00e7os Essenciais e Funcionamento<\/h2>\n<p>Durante o per\u00edodo de Carnaval, os servi\u00e7os essenciais permanecer\u00e3o em funcionamento, mesmo com o ponto facultativo. Isso significa que \u00e1reas como sa\u00fade, seguran\u00e7a e manuten\u00e7\u00e3o p\u00fablica estar\u00e3o ativas, garantindo que a popula\u00e7\u00e3o tenha acesso a servi\u00e7os cr\u00edticos durante essa \u00e9poca de festividade.<\/p>\n<h2>Impacts no Tr\u00e2nsito e Rotina da Cidade<\/h2>\n<p>Os desfiles e as celebra\u00e7\u00f5es do Carnaval s\u00e3o conhecidos por interferirem no tr\u00e2nsito local. A Prefeitura alertou que haver\u00e1 ajustes nas rotas e sinaliza\u00e7\u00f5es, de modo a minimizar congestionamentos e facilitar a movimenta\u00e7\u00e3o de foli\u00f5es e residentes. Os cidad\u00e3os devem permanecer atentos \u00e0s orienta\u00e7\u00f5es e poss\u00edveis mudan\u00e7as na rotina.<\/p>\n<h2>Como Funcionar\u00e1 o Expediente na Quarta-feira de Cinzas<\/h2>\n<p>O expediente retornar\u00e1 na Quarta-feira de Cinzas, 18 de fevereiro, por\u00e9m, com hor\u00e1rios adaptados. As atividades ser\u00e3o retomas a partir das 12h, ap\u00f3s a pausa das festividades de Carnaval. Essa medida visa garantir que os servidores tenham tempo suficiente para a transi\u00e7\u00e3o de volta \u00e0 rotina.<\/p>\n<h2>Repercuss\u00e3o nas Redes Sociais<\/h2>\n<p>A decis\u00e3o sobre o ponto facultativo e as altera\u00e7\u00f5es no expediente provocaram um burburinho nas redes sociais. Muitos cidad\u00e3os expressaram satisfa\u00e7\u00e3o com a medida, ao passo que outros discutem sobre os impactos no servi\u00e7o p\u00fablico e nas atividades cotidianas. Essa discuss\u00e3o nas redes tamb\u00e9m serve como um term\u00f4metro sobre a aceita\u00e7\u00e3o das altera\u00e7\u00f5es na cidade.<\/p>\n<h2>Dicas para Aproveitar o Carnaval em Jo\u00e3o Pessoa<\/h2>\n<p>Os cidad\u00e3os s\u00e3o incentivados a aproveitar o Carnaval com responsabilidade. Algumas dicas incluem:<\/p>\n<ul>\n<li><strong>Planejar a Participa\u00e7\u00e3o:<\/strong> Escolher os blocos e eventos a serem visitados com anteced\u00eancia.<\/li>\n<li><strong>Usar Transporte P\u00fablico:<\/strong> Minimizar o uso de ve\u00edculos particulares para evitar problemas de estacionamento e tr\u00e2nsito.<\/li>\n<li><strong>Proteger-se do Sol:<\/strong> Utilizar protetor solar e se manter hidratado.<\/li>\n<\/ul>\n<h2>O Que Esperar do Carnaval e do Desfile Muri\u00e7ocas<\/h2>\n<p>O Carnaval de 2026 promete ser um evento vibrante com m\u00faltiplas apresenta\u00e7\u00f5es art\u00edsticas. O tradicional bloco Muri\u00e7ocas do Miramar contar\u00e1 com artistas renomados, agregando valor cultural \u00e0 festividade e atraindo foli\u00f5es de diversas regi\u00f5es. Espera-se uma grande participa\u00e7\u00e3o popular nas ruas de Jo\u00e3o Pessoa, enriquecendo ainda mais a celebra\u00e7\u00e3o.<\/p>\n<h2>Iniciativas da Prefeitura para o Carnaval 2026<\/h2>\n<p>A Prefeitura tamb\u00e9m anunciou v\u00e1rias iniciativas para garantir a seguran\u00e7a e o bem-estar dos participantes durante o Carnaval. Medidas de seguran\u00e7a adicionais, refor\u00e7o nas equipes de sa\u00fade e estrat\u00e9gias para minimizar os impactos do evento no cotidiano da cidade s\u00e3o algumas das a\u00e7\u00f5es que est\u00e3o sendo planejadas.<\/p>\n\n<div style=\"font-size: 0px; height: 0px; line-height: 0px; margin: 0; padding: 0; clear: both;\"><\/div>","protected":false},"excerpt":{"rendered":"<p>Jo\u00e3o Pessoa decreta ponto facultativo ap\u00f3s o Carnaval 2026; veja as mudan\u00e7as no expediente.<\/p>\n","protected":false},"author":1,"featured_media":1119,"comment_status":"closed","ping_status":"closed","sticky":false,"template":"","format":"standard","meta":{"footnotes":""},"categories":[1],"tags":[],"class_list":["post-1120","post","type-post","status-publish","format-standard","has-post-thumbnail","hentry","category-noticias-em-joao-pessoa","has_thumb"],"yoast_head":"<!-- This site is optimized with the Yoast SEO plugin v26.4 - https:\/\/yoast.com\/wordpress\/plugins\/seo\/ -->\n<title>Prefeitura de Jo\u00e3o Pessoa decreta ponto facultativo no p\u00f3s - Encontra Jo\u00e3o Pessoa<\/title>\n<meta name=\"robots\" content=\"index, follow, max-snippet:-1, max-image-preview:large, max-video-preview:-1\" \/>\n<link rel=\"canonical\" href=\"https:\/\/www.encontrajoaopessoa.com.br\/sobre\/prefeitura-de-joao-pessoa-decreta-ponto-facultativo-no-pos\/\" \/>\n<meta property=\"og:locale\" content=\"pt_BR\" \/>\n<meta property=\"og:type\" content=\"article\" \/>\n<meta property=\"og:title\" content=\"Prefeitura de Jo\u00e3o Pessoa decreta ponto facultativo no p\u00f3s - Encontra Jo\u00e3o Pessoa\" \/>\n<meta property=\"og:description\" content=\"Jo\u00e3o Pessoa decreta ponto facultativo ap\u00f3s o Carnaval 2026; veja as mudan\u00e7as no expediente.\" \/>\n<meta property=\"og:url\" content=\"https:\/\/www.encontrajoaopessoa.com.br\/sobre\/prefeitura-de-joao-pessoa-decreta-ponto-facultativo-no-pos\/\" \/>\n<meta property=\"og:site_name\" content=\"Encontra Jo\u00e3o Pessoa\" \/>\n<meta property=\"article:published_time\" content=\"2026-02-14T17:02:49+00:00\" \/>\n<meta property=\"og:image\" content=\"https:\/\/www.encontrajoaopessoa.com.br\/sobre\/wp-content\/uploads\/2026\/02\/prefeitura-de-joao-pessoa-decreta-ponto-facultativo-no-pos.webp\" \/>\n<meta name=\"author\" content=\"Encontra Jo\u00e3o Pessoa\" \/>\n<meta name=\"twitter:card\" content=\"summary_large_image\" \/>\n<meta name=\"twitter:label1\" content=\"Escrito por\" \/>\n\t<meta name=\"twitter:data1\" content=\"Encontra Jo\u00e3o Pessoa\" \/>\n\t<meta name=\"twitter:label2\" content=\"Est. tempo de leitura\" \/>\n\t<meta name=\"twitter:data2\" content=\"3 minutos\" \/>\n<script type=\"application\/ld+json\" class=\"yoast-schema-graph\">{\"@context\":\"https:\/\/schema.org\",\"@graph\":[{\"@type\":\"WebPage\",\"@id\":\"https:\/\/www.encontrajoaopessoa.com.br\/sobre\/prefeitura-de-joao-pessoa-decreta-ponto-facultativo-no-pos\/\",\"url\":\"https:\/\/www.encontrajoaopessoa.com.br\/sobre\/prefeitura-de-joao-pessoa-decreta-ponto-facultativo-no-pos\/\",\"name\":\"Prefeitura de Jo\u00e3o Pessoa decreta ponto facultativo no p\u00f3s - Encontra Jo\u00e3o Pessoa\",\"isPartOf\":{\"@id\":\"https:\/\/www.encontrajoaopessoa.com.br\/sobre\/#website\"},\"primaryImageOfPage\":{\"@id\":\"https:\/\/www.encontrajoaopessoa.com.br\/sobre\/prefeitura-de-joao-pessoa-decreta-ponto-facultativo-no-pos\/#primaryimage\"},\"image\":{\"@id\":\"https:\/\/www.encontrajoaopessoa.com.br\/sobre\/prefeitura-de-joao-pessoa-decreta-ponto-facultativo-no-pos\/#primaryimage\"},\"thumbnailUrl\":\"https:\/\/www.encontrajoaopessoa.com.br\/sobre\/wp-content\/uploads\/2026\/02\/prefeitura-de-joao-pessoa-decreta-ponto-facultativo-no-pos.webp\",\"datePublished\":\"2026-02-14T17:02:49+00:00\",\"author\":{\"@id\":\"https:\/\/www.encontrajoaopessoa.com.br\/sobre\/#\/schema\/person\/dcf4dbc803217a030dfb489f4a014aca\"},\"breadcrumb\":{\"@id\":\"https:\/\/www.encontrajoaopessoa.com.br\/sobre\/prefeitura-de-joao-pessoa-decreta-ponto-facultativo-no-pos\/#breadcrumb\"},\"inLanguage\":\"pt-BR\",\"potentialAction\":[{\"@type\":\"ReadAction\",\"target\":[\"https:\/\/www.encontrajoaopessoa.com.br\/sobre\/prefeitura-de-joao-pessoa-decreta-ponto-facultativo-no-pos\/\"]}]},{\"@type\":\"ImageObject\",\"inLanguage\":\"pt-BR\",\"@id\":\"https:\/\/www.encontrajoaopessoa.com.br\/sobre\/prefeitura-de-joao-pessoa-decreta-ponto-facultativo-no-pos\/#primaryimage\",\"url\":\"https:\/\/www.encontrajoaopessoa.com.br\/sobre\/wp-content\/uploads\/2026\/02\/prefeitura-de-joao-pessoa-decreta-ponto-facultativo-no-pos.webp\",\"contentUrl\":\"https:\/\/www.encontrajoaopessoa.com.br\/sobre\/wp-content\/uploads\/2026\/02\/prefeitura-de-joao-pessoa-decreta-ponto-facultativo-no-pos.webp\",\"width\":280,\"height\":280,\"caption\":\"ponto facultativo Jo\u00e3o Pessoa\"},{\"@type\":\"BreadcrumbList\",\"@id\":\"https:\/\/www.encontrajoaopessoa.com.br\/sobre\/prefeitura-de-joao-pessoa-decreta-ponto-facultativo-no-pos\/#breadcrumb\",\"itemListElement\":[{\"@type\":\"ListItem\",\"position\":1,\"name\":\"In\u00edcio\",\"item\":\"https:\/\/www.encontrajoaopessoa.com.br\/sobre\/\"},{\"@type\":\"ListItem\",\"position\":2,\"name\":\"Prefeitura de Jo\u00e3o Pessoa decreta ponto facultativo no p\u00f3s\"}]},{\"@type\":\"WebSite\",\"@id\":\"https:\/\/www.encontrajoaopessoa.com.br\/sobre\/#website\",\"url\":\"https:\/\/www.encontrajoaopessoa.com.br\/sobre\/\",\"name\":\"Encontra Jo\u00e3o Pessoa\",\"description\":\"Not\u00edcias, eventos, informa\u00e7\u00f5es e dicas na cidade Jo\u00e3o Pessoa e regi\u00e3o.\",\"potentialAction\":[{\"@type\":\"SearchAction\",\"target\":{\"@type\":\"EntryPoint\",\"urlTemplate\":\"https:\/\/www.encontrajoaopessoa.com.br\/sobre\/?s={search_term_string}\"},\"query-input\":{\"@type\":\"PropertyValueSpecification\",\"valueRequired\":true,\"valueName\":\"search_term_string\"}}],\"inLanguage\":\"pt-BR\"},{\"@type\":\"Person\",\"@id\":\"https:\/\/www.encontrajoaopessoa.com.br\/sobre\/#\/schema\/person\/dcf4dbc803217a030dfb489f4a014aca\",\"name\":\"Encontra Jo\u00e3o Pessoa\",\"image\":{\"@type\":\"ImageObject\",\"inLanguage\":\"pt-BR\",\"@id\":\"https:\/\/www.encontrajoaopessoa.com.br\/sobre\/#\/schema\/person\/image\/\",\"url\":\"https:\/\/secure.gravatar.com\/avatar\/507340682b8270222e1f208e23198b6ae7e2c6a1033ae84e99bc6bce4f82a387?s=96&d=mm&r=g\",\"contentUrl\":\"https:\/\/secure.gravatar.com\/avatar\/507340682b8270222e1f208e23198b6ae7e2c6a1033ae84e99bc6bce4f82a387?s=96&d=mm&r=g\",\"caption\":\"Encontra Jo\u00e3o Pessoa\"},\"url\":\"https:\/\/www.encontrajoaopessoa.com.br\/sobre\/author\/ejoaopessoa\/\"}]}<\/script>\n<!-- \/ Yoast SEO plugin. -->","yoast_head_json":{"title":"Prefeitura de Jo\u00e3o Pessoa decreta ponto facultativo no p\u00f3s - Encontra Jo\u00e3o Pessoa","robots":{"index":"index","follow":"follow","max-snippet":"max-snippet:-1","max-image-preview":"max-image-preview:large","max-video-preview":"max-video-preview:-1"},"canonical":"https:\/\/www.encontrajoaopessoa.com.br\/sobre\/prefeitura-de-joao-pessoa-decreta-ponto-facultativo-no-pos\/","og_locale":"pt_BR","og_type":"article","og_title":"Prefeitura de Jo\u00e3o Pessoa decreta ponto facultativo no p\u00f3s - Encontra Jo\u00e3o Pessoa","og_description":"Jo\u00e3o Pessoa decreta ponto facultativo ap\u00f3s o Carnaval 2026; veja as mudan\u00e7as no expediente.","og_url":"https:\/\/www.encontrajoaopessoa.com.br\/sobre\/prefeitura-de-joao-pessoa-decreta-ponto-facultativo-no-pos\/","og_site_name":"Encontra Jo\u00e3o Pessoa","article_published_time":"2026-02-14T17:02:49+00:00","og_image":[{"url":"https:\/\/www.encontrajoaopessoa.com.br\/sobre\/wp-content\/uploads\/2026\/02\/prefeitura-de-joao-pessoa-decreta-ponto-facultativo-no-pos.webp","type":"","width":"","height":""}],"author":"Encontra Jo\u00e3o Pessoa","twitter_card":"summary_large_image","twitter_misc":{"Escrito por":"Encontra Jo\u00e3o Pessoa","Est. tempo de leitura":"3 minutos"},"schema":{"@context":"https:\/\/schema.org","@graph":[{"@type":"WebPage","@id":"https:\/\/www.encontrajoaopessoa.com.br\/sobre\/prefeitura-de-joao-pessoa-decreta-ponto-facultativo-no-pos\/","url":"https:\/\/www.encontrajoaopessoa.com.br\/sobre\/prefeitura-de-joao-pessoa-decreta-ponto-facultativo-no-pos\/","name":"Prefeitura de Jo\u00e3o Pessoa decreta ponto facultativo no p\u00f3s - Encontra Jo\u00e3o Pessoa","isPartOf":{"@id":"https:\/\/www.encontrajoaopessoa.com.br\/sobre\/#website"},"primaryImageOfPage":{"@id":"https:\/\/www.encontrajoaopessoa.com.br\/sobre\/prefeitura-de-joao-pessoa-decreta-ponto-facultativo-no-pos\/#primaryimage"},"image":{"@id":"https:\/\/www.encontrajoaopessoa.com.br\/sobre\/prefeitura-de-joao-pessoa-decreta-ponto-facultativo-no-pos\/#primaryimage"},"thumbnailUrl":"https:\/\/www.encontrajoaopessoa.com.br\/sobre\/wp-content\/uploads\/2026\/02\/prefeitura-de-joao-pessoa-decreta-ponto-facultativo-no-pos.webp","datePublished":"2026-02-14T17:02:49+00:00","author":{"@id":"https:\/\/www.encontrajoaopessoa.com.br\/sobre\/#\/schema\/person\/dcf4dbc803217a030dfb489f4a014aca"},"breadcrumb":{"@id":"https:\/\/www.encontrajoaopessoa.com.br\/sobre\/prefeitura-de-joao-pessoa-decreta-ponto-facultativo-no-pos\/#breadcrumb"},"inLanguage":"pt-BR","potentialAction":[{"@type":"ReadAction","target":["https:\/\/www.encontrajoaopessoa.com.br\/sobre\/prefeitura-de-joao-pessoa-decreta-ponto-facultativo-no-pos\/"]}]},{"@type":"ImageObject","inLanguage":"pt-BR","@id":"https:\/\/www.encontrajoaopessoa.com.br\/sobre\/prefeitura-de-joao-pessoa-decreta-ponto-facultativo-no-pos\/#primaryimage","url":"https:\/\/www.encontrajoaopessoa.com.br\/sobre\/wp-content\/uploads\/2026\/02\/prefeitura-de-joao-pessoa-decreta-ponto-facultativo-no-pos.webp","contentUrl":"https:\/\/www.encontrajoaopessoa.com.br\/sobre\/wp-content\/uploads\/2026\/02\/prefeitura-de-joao-pessoa-decreta-ponto-facultativo-no-pos.webp","width":280,"height":280,"caption":"ponto facultativo Jo\u00e3o Pessoa"},{"@type":"BreadcrumbList","@id":"https:\/\/www.encontrajoaopessoa.com.br\/sobre\/prefeitura-de-joao-pessoa-decreta-ponto-facultativo-no-pos\/#breadcrumb","itemListElement":[{"@type":"ListItem","position":1,"name":"In\u00edcio","item":"https:\/\/www.encontrajoaopessoa.com.br\/sobre\/"},{"@type":"ListItem","position":2,"name":"Prefeitura de Jo\u00e3o Pessoa decreta ponto facultativo no p\u00f3s"}]},{"@type":"WebSite","@id":"https:\/\/www.encontrajoaopessoa.com.br\/sobre\/#website","url":"https:\/\/www.encontrajoaopessoa.com.br\/sobre\/","name":"Encontra Jo\u00e3o Pessoa","description":"Not\u00edcias, eventos, informa\u00e7\u00f5es e dicas na cidade Jo\u00e3o Pessoa e regi\u00e3o.","potentialAction":[{"@type":"SearchAction","target":{"@type":"EntryPoint","urlTemplate":"https:\/\/www.encontrajoaopessoa.com.br\/sobre\/?s={search_term_string}"},"query-input":{"@type":"PropertyValueSpecification","valueRequired":true,"valueName":"search_term_string"}}],"inLanguage":"pt-BR"},{"@type":"Person","@id":"https:\/\/www.encontrajoaopessoa.com.br\/sobre\/#\/schema\/person\/dcf4dbc803217a030dfb489f4a014aca","name":"Encontra Jo\u00e3o Pessoa","image":{"@type":"ImageObject","inLanguage":"pt-BR","@id":"https:\/\/www.encontrajoaopessoa.com.br\/sobre\/#\/schema\/person\/image\/","url":"https:\/\/secure.gravatar.com\/avatar\/507340682b8270222e1f208e23198b6ae7e2c6a1033ae84e99bc6bce4f82a387?s=96&d=mm&r=g","contentUrl":"https:\/\/secure.gravatar.com\/avatar\/507340682b8270222e1f208e23198b6ae7e2c6a1033ae84e99bc6bce4f82a387?s=96&d=mm&r=g","caption":"Encontra Jo\u00e3o Pessoa"},"url":"https:\/\/www.encontrajoaopessoa.com.br\/sobre\/author\/ejoaopessoa\/"}]}},"_links":{"self":[{"href":"https:\/\/www.encontrajoaopessoa.com.br\/sobre\/wp-json\/wp\/v2\/posts\/1120","targetHints":{"allow":["GET"]}}],"collection":[{"href":"https:\/\/www.encontrajoaopessoa.com.br\/sobre\/wp-json\/wp\/v2\/posts"}],"about":[{"href":"https:\/\/www.encontrajoaopessoa.com.br\/sobre\/wp-json\/wp\/v2\/types\/post"}],"author":[{"embeddable":true,"href":"https:\/\/www.encontrajoaopessoa.com.br\/sobre\/wp-json\/wp\/v2\/users\/1"}],"replies":[{"embeddable":true,"href":"https:\/\/www.encontrajoaopessoa.com.br\/sobre\/wp-json\/wp\/v2\/comments?post=1120"}],"version-history":[{"count":0,"href":"https:\/\/www.encontrajoaopessoa.com.br\/sobre\/wp-json\/wp\/v2\/posts\/1120\/revisions"}],"wp:featuredmedia":[{"embeddable":true,"href":"https:\/\/www.encontrajoaopessoa.com.br\/sobre\/wp-json\/wp\/v2\/media\/1119"}],"wp:attachment":[{"href":"https:\/\/www.encontrajoaopessoa.com.br\/sobre\/wp-json\/wp\/v2\/media?parent=1120"}],"wp:term":[{"taxonomy":"category","embeddable":true,"href":"https:\/\/www.encontrajoaopessoa.com.br\/sobre\/wp-json\/wp\/v2\/categories?post=1120"},{"taxonomy":"post_tag","embeddable":true,"href":"https:\/\/www.encontrajoaopessoa.com.br\/sobre\/wp-json\/wp\/v2\/tags?post=1120"}],"curies":[{"name":"wp","href":"https:\/\/api.w.org\/{rel}","templated":true}]}}