{"id":107,"date":"2013-02-14T00:01:44","date_gmt":"2013-02-14T02:01:44","guid":{"rendered":"http:\/\/www.encontrajoaopessoa.com.br\/noticias\/?p=107"},"modified":"2019-05-13T15:23:14","modified_gmt":"2019-05-13T18:23:14","slug":"alquimedes-daera-e-a-atracao-do-quinta-com-jazz-na-estacao-cabo-branco-em-joao-pessoa","status":"publish","type":"post","link":"https:\/\/www.encontrajoaopessoa.com.br\/sobre\/alquimedes-daera-e-a-atracao-do-quinta-com-jazz-na-estacao-cabo-branco-em-joao-pessoa\/","title":{"rendered":"Alquimides Daera \u00e9 a atra\u00e7\u00e3o do Quinta com Jazz na Esta\u00e7\u00e3o Cabo Branco em Jo\u00e3o Pessoa"},"content":{"rendered":"<div class=\"866aa4a7c674253f40eaa20e0e3e928c\" data-index=\"1\" style=\"float: none; margin:0px;\">\n<!-- Anuncio display - global -->\r\n<ins class=\"adsbygoogle\"\r\n     style=\"display:block\"\r\n     data-ad-client=\"ca-pub-8585364105181520\"\r\n     data-ad-slot=\"8789329856\"\r\n     data-ad-format=\"auto\"\r\n     data-full-width-responsive=\"true\"><\/ins>\r\n<script>\r\n     (adsbygoogle = window.adsbygoogle || []).push({});\r\n<\/script>\n<\/div>\n<p>O projeto Quinta com Jazz retoma as atividades, pr\u00f3xima quinta-feira (21), 18h, no Terra\u00e7o Panor\u00e2mico da Esta\u00e7\u00e3o Cabo Branco \u2013 Ci\u00eancia, Cultura e Artes, no Altiplano. A jam session contar\u00e1 com a participa\u00e7\u00e3o do m\u00fasico Alquimides Daera, que tocar\u00e1 com uma banda base, mas o convidado especial \u00e9 o p\u00fablico, que pode levar seu pr\u00f3prio <a title=\"Instrumento Musical em Jo\u00e3o Pessoa\" href=\"http:\/\/www.encontrajoaopessoa.com.br\/i\/instrumento-musical-em-joao-pessoa.shtml\" target=\"_blank\" rel=\"noopener noreferrer\">instrumento musical na cidade de Jo\u00e3o Pessoa<\/a> e tocar de improviso com outros m\u00fasicos. A entrada \u00e9 gratuita.<\/p>\n<p>Acompanha o m\u00fasico nesta apresenta\u00e7\u00e3o improvisada os m\u00fasicos Will (baixo) e Beto Preah (bateria) e Ed\u00fa Ara\u00fajo (piano). Segundo DaEra, o projeto Quinta com Jazz \u00e9 um espa\u00e7o importante para artistas que n\u00e3o s\u00e3o conhecidos na cidade.<\/p>\n<p>Sobre o m\u00fasico<\/p>\n<p>Alquimides \u00e9 mais conhecido por \u201cDaera\u201d. Ele \u00e9 natural de Itaporanga (PB). Come\u00e7ou a carreira art\u00edstica em 1970 apresentando-se em bares, casas de shows, festas populares, mostrando o que h\u00e1 de melhor da m\u00fasica brasileira. Em 1976, lan\u00e7ou o CD \u201cIdentidade Nordestina\u201d com suas primeiras composi\u00e7\u00f5es e iniciou a primeira turn\u00ea em S\u00e3o Paulo pelo Departamento de Teatro da Secretaria Municipal de Cultura, onde se apresentou no Museu de Arte de <a href=\"http:\/\/www.cidadedesp.com.br\" target=\"_blank\" rel=\"noopener noreferrer\">guia S\u00e3o Paulo<\/a> (MASP), Casa das Retortas, Biblioteca M\u00e1rio de Andrade, Teatro Artur Azevedo.<\/p>\n<p>Comp\u00f4s o CD \u201cTemporal\u201d. Participou das bandas, Os Natos, de Itaporanga, Os Invictos, de Pianc\u00f3, Terra\u00e7o de Som, de Campina Grande, e em Jo\u00e3o Pessoa participou da Banda Metal\u00fargica Filip\u00e9ia. Em S\u00e3o Paulo participou da Banda Eucalipto e fez parte do Coral da Secretaria de Cultura do Estado de S\u00e3o Paulo como tenor.<\/p>\n<p>\u00c9 de autoria de Alquimides Daera a pe\u00e7a para coral \u201cFlores\u201d. Em 1978o artista conheceu o cantor e compositor Geraldo Vandr\u00e9, de quem se tornou amigo e parceiro, com quem tem v\u00e1rias can\u00e7\u00f5es em parceria. O curr\u00edculo Daera \u00e9 recheado. Al\u00e9m de m\u00fasico \u00e9 formado em Jornalismo, com experi\u00eancia em r\u00e1dio, compositor, regente e estudou avia\u00e7\u00e3o civil.<\/p>\n<p>Ele gravou os CDs \u201cAmor Sublime\u201d (1989), \u201cGeografonauta\u201d, produziu o CD \u201c50 can\u00e7\u00f5es de Amor e um Poema de Espera do poeta Ronaldo Cunha Lima\u201d, \u201cEnigma\u201d, \u201cConex\u00e3o 200\u201d, uma colet\u00e2nea com artistas do Estado. Produziu ainda em 2002, com Clube do Jazz Para\u00edba Brasil, o CD \u201cJazzbai\u00e3o\u201d, que conta a hist\u00f3ria do Jazz ao Bai\u00e3o. No ano de 2003, com a Orquestra Borborema Jazz Band, com m\u00fasicos locais, produz o CD \u201cSimples Paz\u201d. \u00c9 produtor musical do CD \u201cSoftware do Destino\u201d, em parceria com Ajalmar Maia. \u00c9 produtor do CD \u201cMemorial\u201d, que registra o melhor do Campina Jazz Festival de 2007, 2008 e 2010. Atualmente \u00e9 presidente do Clube do Jazz da Para\u00edba, que re\u00fane m\u00fasicos e amantes do jazz e blues.<\/p>\n<p>O projeto<\/p>\n<p>O Quinta com Jazz nasceu da vontade de \u2018agitar\u2019 a cena musical de Jo\u00e3o Pessoa. Hoje \u00e9 ponto de encontro de m\u00fasicos profissionais e amadores, que se re\u00fanem a cada 15 dias para uma noite de improvisa\u00e7\u00e3o e troca de experi\u00eancias. Marcam presen\u00e7as, tamb\u00e9m, apreciadores de boa m\u00fasica, que se deliciam com o som do ritmo que embalou os clubes americanos no in\u00edcio do s\u00e9culo passado e que \u00e9 refer\u00eancia de m\u00fasica de qualidade at\u00e9 hoje.<\/p>\n<p><strong>Servi\u00e7o<\/strong><\/p>\n<p>Projeto Quinta com Jazz<\/p>\n<p>Atra\u00e7\u00e3o: Alquimides Daera<\/p>\n<p>Data: 21 de fevereiro (quinta-feira)<\/p>\n<p>Hora: 18h<\/p>\n<p>Local: Terra\u00e7o Panor\u00e2mico da Esta\u00e7\u00e3o Cabo Branco \u2013 Ci\u00eancia, Cultura e Artes \u2013 Altiplano.<\/p>\n<p>Informa\u00e7\u00f5es: 3214.8303 \u2013 3214.827<\/p>\n<p>Twitter: @estacaocb<\/p>\n<p>joaopessoa.pb.gov.br\/estacaocb<\/p>\n<p><em>Fonte: Prefeitura Municipal de Jo\u00e3o Pessoa<\/em><\/p>\n\n<div style=\"font-size: 0px; height: 0px; line-height: 0px; margin: 0; padding: 0; clear: both;\"><\/div>","protected":false},"excerpt":{"rendered":"<p>O projeto Quinta com Jazz retoma as atividades, pr\u00f3xima quinta-feira (21), 18h, no Terra\u00e7o Panor\u00e2mico da Esta\u00e7\u00e3o Cabo Branco \u2013 Ci\u00eancia, Cultura e Artes, no Altiplano. A jam session contar\u00e1 com a participa\u00e7\u00e3o do m\u00fasico Alquimides Daera, que tocar\u00e1 com uma banda base, mas o convidado especial \u00e9 o p\u00fablico, que pode levar seu pr\u00f3prio instrumento musical na cidade de Jo\u00e3o Pessoa e tocar de improviso com outros m\u00fasicos. A entrada \u00e9 gratuita. Acompanha o m\u00fasico nesta apresenta\u00e7\u00e3o improvisada os m\u00fasicos Will (baixo) e Beto Preah (bateria) e Ed\u00fa Ara\u00fajo (piano). Segundo DaEra, o projeto Quinta com Jazz \u00e9 um <\/p>\n","protected":false},"author":1,"featured_media":0,"comment_status":"open","ping_status":"open","sticky":false,"template":"","format":"standard","meta":{"footnotes":""},"categories":[1,7],"tags":[11],"class_list":["post-107","post","type-post","status-publish","format-standard","hentry","category-noticias-em-joao-pessoa","category-servicos-em-joao-pessoa","tag-joao-pessoa"],"yoast_head":"<!-- This site is optimized with the Yoast SEO plugin v26.4 - https:\/\/yoast.com\/wordpress\/plugins\/seo\/ -->\n<title>Alquimides Daera \u00e9 a atra\u00e7\u00e3o do Quinta com Jazz na Esta\u00e7\u00e3o Cabo Branco em Jo\u00e3o Pessoa - Encontra Jo\u00e3o Pessoa<\/title>\n<meta name=\"robots\" content=\"index, follow, max-snippet:-1, max-image-preview:large, max-video-preview:-1\" \/>\n<link rel=\"canonical\" href=\"https:\/\/www.encontrajoaopessoa.com.br\/sobre\/alquimedes-daera-e-a-atracao-do-quinta-com-jazz-na-estacao-cabo-branco-em-joao-pessoa\/\" \/>\n<meta property=\"og:locale\" content=\"pt_BR\" \/>\n<meta property=\"og:type\" content=\"article\" \/>\n<meta property=\"og:title\" content=\"Alquimides Daera \u00e9 a atra\u00e7\u00e3o do Quinta com Jazz na Esta\u00e7\u00e3o Cabo Branco em Jo\u00e3o Pessoa - Encontra Jo\u00e3o Pessoa\" \/>\n<meta property=\"og:description\" content=\"O projeto Quinta com Jazz retoma as atividades, pr\u00f3xima quinta-feira (21), 18h, no Terra\u00e7o Panor\u00e2mico da Esta\u00e7\u00e3o Cabo Branco \u2013 Ci\u00eancia, Cultura e Artes, no Altiplano. A jam session contar\u00e1 com a participa\u00e7\u00e3o do m\u00fasico Alquimides Daera, que tocar\u00e1 com uma banda base, mas o convidado especial \u00e9 o p\u00fablico, que pode levar seu pr\u00f3prio instrumento musical na cidade de Jo\u00e3o Pessoa e tocar de improviso com outros m\u00fasicos. A entrada \u00e9 gratuita. Acompanha o m\u00fasico nesta apresenta\u00e7\u00e3o improvisada os m\u00fasicos Will (baixo) e Beto Preah (bateria) e Ed\u00fa Ara\u00fajo (piano). Segundo DaEra, o projeto Quinta com Jazz \u00e9 um\" \/>\n<meta property=\"og:url\" content=\"https:\/\/www.encontrajoaopessoa.com.br\/sobre\/alquimedes-daera-e-a-atracao-do-quinta-com-jazz-na-estacao-cabo-branco-em-joao-pessoa\/\" \/>\n<meta property=\"og:site_name\" content=\"Encontra Jo\u00e3o Pessoa\" \/>\n<meta property=\"article:published_time\" content=\"2013-02-14T02:01:44+00:00\" \/>\n<meta property=\"article:modified_time\" content=\"2019-05-13T18:23:14+00:00\" \/>\n<meta name=\"author\" content=\"Encontra Jo\u00e3o Pessoa\" \/>\n<meta name=\"twitter:card\" content=\"summary_large_image\" \/>\n<meta name=\"twitter:label1\" content=\"Escrito por\" \/>\n\t<meta name=\"twitter:data1\" content=\"Encontra Jo\u00e3o Pessoa\" \/>\n\t<meta name=\"twitter:label2\" content=\"Est. tempo de leitura\" \/>\n\t<meta name=\"twitter:data2\" content=\"3 minutos\" \/>\n<script type=\"application\/ld+json\" class=\"yoast-schema-graph\">{\"@context\":\"https:\/\/schema.org\",\"@graph\":[{\"@type\":\"WebPage\",\"@id\":\"https:\/\/www.encontrajoaopessoa.com.br\/sobre\/alquimedes-daera-e-a-atracao-do-quinta-com-jazz-na-estacao-cabo-branco-em-joao-pessoa\/\",\"url\":\"https:\/\/www.encontrajoaopessoa.com.br\/sobre\/alquimedes-daera-e-a-atracao-do-quinta-com-jazz-na-estacao-cabo-branco-em-joao-pessoa\/\",\"name\":\"Alquimides Daera \u00e9 a atra\u00e7\u00e3o do Quinta com Jazz na Esta\u00e7\u00e3o Cabo Branco em Jo\u00e3o Pessoa - Encontra Jo\u00e3o Pessoa\",\"isPartOf\":{\"@id\":\"https:\/\/www.encontrajoaopessoa.com.br\/sobre\/#website\"},\"datePublished\":\"2013-02-14T02:01:44+00:00\",\"dateModified\":\"2019-05-13T18:23:14+00:00\",\"author\":{\"@id\":\"https:\/\/www.encontrajoaopessoa.com.br\/sobre\/#\/schema\/person\/dcf4dbc803217a030dfb489f4a014aca\"},\"breadcrumb\":{\"@id\":\"https:\/\/www.encontrajoaopessoa.com.br\/sobre\/alquimedes-daera-e-a-atracao-do-quinta-com-jazz-na-estacao-cabo-branco-em-joao-pessoa\/#breadcrumb\"},\"inLanguage\":\"pt-BR\",\"potentialAction\":[{\"@type\":\"ReadAction\",\"target\":[\"https:\/\/www.encontrajoaopessoa.com.br\/sobre\/alquimedes-daera-e-a-atracao-do-quinta-com-jazz-na-estacao-cabo-branco-em-joao-pessoa\/\"]}]},{\"@type\":\"BreadcrumbList\",\"@id\":\"https:\/\/www.encontrajoaopessoa.com.br\/sobre\/alquimedes-daera-e-a-atracao-do-quinta-com-jazz-na-estacao-cabo-branco-em-joao-pessoa\/#breadcrumb\",\"itemListElement\":[{\"@type\":\"ListItem\",\"position\":1,\"name\":\"In\u00edcio\",\"item\":\"https:\/\/www.encontrajoaopessoa.com.br\/sobre\/\"},{\"@type\":\"ListItem\",\"position\":2,\"name\":\"Alquimides Daera \u00e9 a atra\u00e7\u00e3o do Quinta com Jazz na Esta\u00e7\u00e3o Cabo Branco em Jo\u00e3o Pessoa\"}]},{\"@type\":\"WebSite\",\"@id\":\"https:\/\/www.encontrajoaopessoa.com.br\/sobre\/#website\",\"url\":\"https:\/\/www.encontrajoaopessoa.com.br\/sobre\/\",\"name\":\"Encontra Jo\u00e3o Pessoa\",\"description\":\"Not\u00edcias, eventos, informa\u00e7\u00f5es e dicas na cidade Jo\u00e3o Pessoa e regi\u00e3o.\",\"potentialAction\":[{\"@type\":\"SearchAction\",\"target\":{\"@type\":\"EntryPoint\",\"urlTemplate\":\"https:\/\/www.encontrajoaopessoa.com.br\/sobre\/?s={search_term_string}\"},\"query-input\":{\"@type\":\"PropertyValueSpecification\",\"valueRequired\":true,\"valueName\":\"search_term_string\"}}],\"inLanguage\":\"pt-BR\"},{\"@type\":\"Person\",\"@id\":\"https:\/\/www.encontrajoaopessoa.com.br\/sobre\/#\/schema\/person\/dcf4dbc803217a030dfb489f4a014aca\",\"name\":\"Encontra Jo\u00e3o Pessoa\",\"image\":{\"@type\":\"ImageObject\",\"inLanguage\":\"pt-BR\",\"@id\":\"https:\/\/www.encontrajoaopessoa.com.br\/sobre\/#\/schema\/person\/image\/\",\"url\":\"https:\/\/secure.gravatar.com\/avatar\/507340682b8270222e1f208e23198b6ae7e2c6a1033ae84e99bc6bce4f82a387?s=96&d=mm&r=g\",\"contentUrl\":\"https:\/\/secure.gravatar.com\/avatar\/507340682b8270222e1f208e23198b6ae7e2c6a1033ae84e99bc6bce4f82a387?s=96&d=mm&r=g\",\"caption\":\"Encontra Jo\u00e3o Pessoa\"},\"url\":\"https:\/\/www.encontrajoaopessoa.com.br\/sobre\/author\/ejoaopessoa\/\"}]}<\/script>\n<!-- \/ Yoast SEO plugin. -->","yoast_head_json":{"title":"Alquimides Daera \u00e9 a atra\u00e7\u00e3o do Quinta com Jazz na Esta\u00e7\u00e3o Cabo Branco em Jo\u00e3o Pessoa - Encontra Jo\u00e3o Pessoa","robots":{"index":"index","follow":"follow","max-snippet":"max-snippet:-1","max-image-preview":"max-image-preview:large","max-video-preview":"max-video-preview:-1"},"canonical":"https:\/\/www.encontrajoaopessoa.com.br\/sobre\/alquimedes-daera-e-a-atracao-do-quinta-com-jazz-na-estacao-cabo-branco-em-joao-pessoa\/","og_locale":"pt_BR","og_type":"article","og_title":"Alquimides Daera \u00e9 a atra\u00e7\u00e3o do Quinta com Jazz na Esta\u00e7\u00e3o Cabo Branco em Jo\u00e3o Pessoa - Encontra Jo\u00e3o Pessoa","og_description":"O projeto Quinta com Jazz retoma as atividades, pr\u00f3xima quinta-feira (21), 18h, no Terra\u00e7o Panor\u00e2mico da Esta\u00e7\u00e3o Cabo Branco \u2013 Ci\u00eancia, Cultura e Artes, no Altiplano. A jam session contar\u00e1 com a participa\u00e7\u00e3o do m\u00fasico Alquimides Daera, que tocar\u00e1 com uma banda base, mas o convidado especial \u00e9 o p\u00fablico, que pode levar seu pr\u00f3prio instrumento musical na cidade de Jo\u00e3o Pessoa e tocar de improviso com outros m\u00fasicos. A entrada \u00e9 gratuita. Acompanha o m\u00fasico nesta apresenta\u00e7\u00e3o improvisada os m\u00fasicos Will (baixo) e Beto Preah (bateria) e Ed\u00fa Ara\u00fajo (piano). Segundo DaEra, o projeto Quinta com Jazz \u00e9 um","og_url":"https:\/\/www.encontrajoaopessoa.com.br\/sobre\/alquimedes-daera-e-a-atracao-do-quinta-com-jazz-na-estacao-cabo-branco-em-joao-pessoa\/","og_site_name":"Encontra Jo\u00e3o Pessoa","article_published_time":"2013-02-14T02:01:44+00:00","article_modified_time":"2019-05-13T18:23:14+00:00","author":"Encontra Jo\u00e3o Pessoa","twitter_card":"summary_large_image","twitter_misc":{"Escrito por":"Encontra Jo\u00e3o Pessoa","Est. tempo de leitura":"3 minutos"},"schema":{"@context":"https:\/\/schema.org","@graph":[{"@type":"WebPage","@id":"https:\/\/www.encontrajoaopessoa.com.br\/sobre\/alquimedes-daera-e-a-atracao-do-quinta-com-jazz-na-estacao-cabo-branco-em-joao-pessoa\/","url":"https:\/\/www.encontrajoaopessoa.com.br\/sobre\/alquimedes-daera-e-a-atracao-do-quinta-com-jazz-na-estacao-cabo-branco-em-joao-pessoa\/","name":"Alquimides Daera \u00e9 a atra\u00e7\u00e3o do Quinta com Jazz na Esta\u00e7\u00e3o Cabo Branco em Jo\u00e3o Pessoa - Encontra Jo\u00e3o Pessoa","isPartOf":{"@id":"https:\/\/www.encontrajoaopessoa.com.br\/sobre\/#website"},"datePublished":"2013-02-14T02:01:44+00:00","dateModified":"2019-05-13T18:23:14+00:00","author":{"@id":"https:\/\/www.encontrajoaopessoa.com.br\/sobre\/#\/schema\/person\/dcf4dbc803217a030dfb489f4a014aca"},"breadcrumb":{"@id":"https:\/\/www.encontrajoaopessoa.com.br\/sobre\/alquimedes-daera-e-a-atracao-do-quinta-com-jazz-na-estacao-cabo-branco-em-joao-pessoa\/#breadcrumb"},"inLanguage":"pt-BR","potentialAction":[{"@type":"ReadAction","target":["https:\/\/www.encontrajoaopessoa.com.br\/sobre\/alquimedes-daera-e-a-atracao-do-quinta-com-jazz-na-estacao-cabo-branco-em-joao-pessoa\/"]}]},{"@type":"BreadcrumbList","@id":"https:\/\/www.encontrajoaopessoa.com.br\/sobre\/alquimedes-daera-e-a-atracao-do-quinta-com-jazz-na-estacao-cabo-branco-em-joao-pessoa\/#breadcrumb","itemListElement":[{"@type":"ListItem","position":1,"name":"In\u00edcio","item":"https:\/\/www.encontrajoaopessoa.com.br\/sobre\/"},{"@type":"ListItem","position":2,"name":"Alquimides Daera \u00e9 a atra\u00e7\u00e3o do Quinta com Jazz na Esta\u00e7\u00e3o Cabo Branco em Jo\u00e3o Pessoa"}]},{"@type":"WebSite","@id":"https:\/\/www.encontrajoaopessoa.com.br\/sobre\/#website","url":"https:\/\/www.encontrajoaopessoa.com.br\/sobre\/","name":"Encontra Jo\u00e3o Pessoa","description":"Not\u00edcias, eventos, informa\u00e7\u00f5es e dicas na cidade Jo\u00e3o Pessoa e regi\u00e3o.","potentialAction":[{"@type":"SearchAction","target":{"@type":"EntryPoint","urlTemplate":"https:\/\/www.encontrajoaopessoa.com.br\/sobre\/?s={search_term_string}"},"query-input":{"@type":"PropertyValueSpecification","valueRequired":true,"valueName":"search_term_string"}}],"inLanguage":"pt-BR"},{"@type":"Person","@id":"https:\/\/www.encontrajoaopessoa.com.br\/sobre\/#\/schema\/person\/dcf4dbc803217a030dfb489f4a014aca","name":"Encontra Jo\u00e3o Pessoa","image":{"@type":"ImageObject","inLanguage":"pt-BR","@id":"https:\/\/www.encontrajoaopessoa.com.br\/sobre\/#\/schema\/person\/image\/","url":"https:\/\/secure.gravatar.com\/avatar\/507340682b8270222e1f208e23198b6ae7e2c6a1033ae84e99bc6bce4f82a387?s=96&d=mm&r=g","contentUrl":"https:\/\/secure.gravatar.com\/avatar\/507340682b8270222e1f208e23198b6ae7e2c6a1033ae84e99bc6bce4f82a387?s=96&d=mm&r=g","caption":"Encontra Jo\u00e3o Pessoa"},"url":"https:\/\/www.encontrajoaopessoa.com.br\/sobre\/author\/ejoaopessoa\/"}]}},"_links":{"self":[{"href":"https:\/\/www.encontrajoaopessoa.com.br\/sobre\/wp-json\/wp\/v2\/posts\/107","targetHints":{"allow":["GET"]}}],"collection":[{"href":"https:\/\/www.encontrajoaopessoa.com.br\/sobre\/wp-json\/wp\/v2\/posts"}],"about":[{"href":"https:\/\/www.encontrajoaopessoa.com.br\/sobre\/wp-json\/wp\/v2\/types\/post"}],"author":[{"embeddable":true,"href":"https:\/\/www.encontrajoaopessoa.com.br\/sobre\/wp-json\/wp\/v2\/users\/1"}],"replies":[{"embeddable":true,"href":"https:\/\/www.encontrajoaopessoa.com.br\/sobre\/wp-json\/wp\/v2\/comments?post=107"}],"version-history":[{"count":0,"href":"https:\/\/www.encontrajoaopessoa.com.br\/sobre\/wp-json\/wp\/v2\/posts\/107\/revisions"}],"wp:attachment":[{"href":"https:\/\/www.encontrajoaopessoa.com.br\/sobre\/wp-json\/wp\/v2\/media?parent=107"}],"wp:term":[{"taxonomy":"category","embeddable":true,"href":"https:\/\/www.encontrajoaopessoa.com.br\/sobre\/wp-json\/wp\/v2\/categories?post=107"},{"taxonomy":"post_tag","embeddable":true,"href":"https:\/\/www.encontrajoaopessoa.com.br\/sobre\/wp-json\/wp\/v2\/tags?post=107"}],"curies":[{"name":"wp","href":"https:\/\/api.w.org\/{rel}","templated":true}]}}