{"id":1061,"date":"2026-02-01T14:31:12","date_gmt":"2026-02-01T17:31:12","guid":{"rendered":"https:\/\/www.encontrajoaopessoa.com.br\/sobre\/cicero-lucena-anuncia-pagamento-do-escola-nota-10-para-educadores-sociais-e-convoca-novos-profissionais-para-reforcar-a-inclusao-nas-escolas\/"},"modified":"2026-02-01T14:31:12","modified_gmt":"2026-02-01T17:31:12","slug":"cicero-lucena-anuncia-pagamento-do-escola-nota-10-para-educadores-sociais-e-convoca-novos-profissionais-para-reforcar-a-inclusao-nas-escolas","status":"publish","type":"post","link":"https:\/\/www.encontrajoaopessoa.com.br\/sobre\/cicero-lucena-anuncia-pagamento-do-escola-nota-10-para-educadores-sociais-e-convoca-novos-profissionais-para-reforcar-a-inclusao-nas-escolas\/","title":{"rendered":"C\u00edcero Lucena anuncia pagamento do \u2018Escola Nota 10\u2019 para educadores sociais e convoca novos profissionais para refor\u00e7ar a inclus\u00e3o nas escolas"},"content":{"rendered":"<div class=\"866aa4a7c674253f40eaa20e0e3e928c\" data-index=\"1\" style=\"float: none; margin:0px;\">\n<!-- Anuncio display - global -->\r\n<ins class=\"adsbygoogle\"\r\n     style=\"display:block\"\r\n     data-ad-client=\"ca-pub-8585364105181520\"\r\n     data-ad-slot=\"8789329856\"\r\n     data-ad-format=\"auto\"\r\n     data-full-width-responsive=\"true\"><\/ins>\r\n<script>\r\n     (adsbygoogle = window.adsbygoogle || []).push({});\r\n<\/script>\n<\/div>\n<h2>A Nova Medida de C\u00edcero Lucena<\/h2>\n<p>O prefeito de Jo\u00e3o Pessoa, C\u00edcero Lucena, deu um passo significativo no avan\u00e7o da inclus\u00e3o nas escolas ao anunciar a inclus\u00e3o dos educadores sociais no programa Escola Nota 10. Este programa, referente ao 14\u00ba sal\u00e1rio da Educa\u00e7\u00e3o, foi revelado em um evento que marcou a 14\u00aa Jornada de Forma\u00e7\u00e3o dos Educadores Municipais, realizado no Teatro Pedra do Reino. Esta iniciativa demonstra um forte compromisso da administra\u00e7\u00e3o municipal em promover a inclus\u00e3o e o suporte a crian\u00e7as com necessidades especiais.<\/p>\n<h2>O que \u00e9 o pr\u00eamio Escola Nota 10?<\/h2>\n<p>O pr\u00eamio Escola Nota 10 consiste em um incentivo oferecido aos profissionais da educa\u00e7\u00e3o em Jo\u00e3o Pessoa, destacando e recompensando o trabalho dos educadores que se dedicam ao ensino e \u00e0 inclus\u00e3o de alunos com defici\u00eancia ou necessidades at\u00edpicas. Este pr\u00eamio \u00e9 uma parte essencial da pol\u00edtica educacional da cidade, que visa valorizar os educadores e promover um ambiente escolar mais acess\u00edvel e inclusivo.<\/p>\n<h2>A Import\u00e2ncia dos Educadores Sociais<\/h2>\n<p>Os educadores sociais desempenham uma fun\u00e7\u00e3o vital nas escolas, especialmente na inclus\u00e3o de alunos com caracter\u00edsticas diferentes. Eles s\u00e3o respons\u00e1veis por criar um ambiente acolhedor que assegura que todas as crian\u00e7as, independente de suas necessidades, possam se desenvolver plenamente. Esta figura profissional \u00e9 essencial para garantir que as pol\u00edticas de inclus\u00e3o se transformem em pr\u00e1ticas efetivas dentro das salas de aula.<\/p>\n<p><img decoding=\"async\" src=\"https:\/\/www.encontrajoaopessoa.com.br\/sobre\/wp-content\/uploads\/2026\/02\/cicero-lucena-anuncia-pagamento-do-escola-nota-10-para-educadores-sociais-e-convoca-novos-profission.webp\" alt=\"Escola Nota 10\" loading=\"lazy\" \/><\/p>\n<h2>Forma\u00e7\u00e3o para Educadores Municipais<\/h2>\n<p>Durante a Jornada de Forma\u00e7\u00e3o dos Educadores Municipais, os profissionais t\u00eam a oportunidade de aprimorar suas habilidades e aprender novas metodologias que possam ser aplicadas em sala de aula. Essa forma\u00e7\u00e3o \u00e9 crucial, pois prepara os educadores para enfrentar os desafios di\u00e1rios, promovendo uma educa\u00e7\u00e3o de qualidade e inclusiva.<\/p>\n<h2>Desafios da Inclus\u00e3o nas Escolas<\/h2>\n<p>A implementa\u00e7\u00e3o de uma educa\u00e7\u00e3o verdadeiramente inclusiva enfrenta diversos obst\u00e1culos. Entre eles, destaca-se a necessidade de capacita\u00e7\u00e3o espec\u00edfica para educadores, a falta de recursos adequados, al\u00e9m da forma\u00e7\u00e3o de uma cultura escolar que valorize a diversidade. A qualifica\u00e7\u00e3o dos cuidadores e educadores \u00e9 fundamental para garantir que as necessidades de todos os alunos sejam adequadamente atendidas.<\/p>\n<h2>O Papel da Secretaria de Educa\u00e7\u00e3o<\/h2>\n<p>A Secretaria de Educa\u00e7\u00e3o tem um papel crucial na promo\u00e7\u00e3o de a\u00e7\u00f5es que visem \u00e0 inclus\u00e3o. Este \u00f3rg\u00e3o \u00e9 respons\u00e1vel por planejar e executar pol\u00edticas que garantam que os alunos com necessidades especiais recebam o suporte necess\u00e1rio. O apoio da Secretaria \u00e9 essencial para assegurar que iniciativas como o Escola Nota 10 sejam fortalecidas e se tornem um modelo para outras cidades.<\/p>\n<h2>N\u00famero de Crian\u00e7as com Necessidades Especiais<\/h2>\n<p>Atualmente, a Rede Municipal de Ensino em Jo\u00e3o Pessoa atende cerca de 80 mil alunos, dos quais aproximadamente 8 mil t\u00eam alguma necessidade especial. Esse n\u00famero reflete a realidade de muitas escolas que necessitam de um suporte adicional para atender a essa demanda crescente, tornando necess\u00e1rio o refor\u00e7o de equipes com mais educadores sociais e cuidadores.<\/p>\n<h2>Resultados Esperados com o Pr\u00eamio<\/h2>\n<p>A introdu\u00e7\u00e3o do pr\u00eamio Escola Nota 10 visa n\u00e3o apenas reconhecer o trabalho dos educadores, mas tamb\u00e9m incentivar melhores pr\u00e1ticas educacionais e promover a inclus\u00e3o de crian\u00e7as com defici\u00eancia. Espera-se que isso leve a um ambiente escolar mais positivo e din\u00e2mico, onde todos os alunos possam se sentir valorizados e acolhidos.<\/p>\n<h2>Depoimentos de Educadores<\/h2>\n<p>Educadores como Gabriela Silva, que atua como cuidadora de crian\u00e7as autistas, destacam a import\u00e2ncia do reconhecimento promovido pela Prefeitura. Segundo ela, a inclus\u00e3o e valoriza\u00e7\u00e3o desses profissionais contribui diretamente para um ambiente escolar mais harmonioso e produtivo, e o pr\u00eamio \u00e9 um est\u00edmulo adicional para que todos se empenhem na educa\u00e7\u00e3o de qualidade.<\/p>\n<h2>Futuro da Educa\u00e7\u00e3o Inclusiva em Jo\u00e3o Pessoa<\/h2>\n<p>O futuro da educa\u00e7\u00e3o inclusiva em Jo\u00e3o Pessoa depende do fortalecimento das pol\u00edticas p\u00fablicas e da continuidade do apoio aos educadores e cuidadores. A gest\u00e3o municipal est\u00e1 comprometida em expandir esses programas e garantir que mais profissionais sejam convocados e qualificados para atender \u00e0s crescentes demandas do ensino inclusivo, assegurando que cada crian\u00e7a, independentemente de suas caracter\u00edsticas individuais, tenha a oportunidade de aprender e se desenvolver.<\/p>\n<p>Em suma, as medidas anunciadas por C\u00edcero Lucena representam um importante avan\u00e7o na educa\u00e7\u00e3o inclusiva da cidade. A inclus\u00e3o de educadores sociais no pagamento do pr\u00eamio Escola Nota 10 e a convoca\u00e7\u00e3o de novos profissionais s\u00e3o passos que n\u00e3o apenas beneficiam os alunos, mas tamb\u00e9m promovem um ambiente escolar onde o respeito \u00e0 diversidade e ao desenvolvimento de cada crian\u00e7a s\u00e3o prioridades.<\/p>\n<p>Atrav\u00e9s dessas iniciativas, pretende-se estabelecer um modelo que sirva de refer\u00eancia para outras localidades, comprometendo-se a transformar a educa\u00e7\u00e3o em um espa\u00e7o onde todos t\u00eam a chance de prosperar, contribuindo assim para uma sociedade mais justa e igualit\u00e1ria.<\/p>\n\n<div style=\"font-size: 0px; height: 0px; line-height: 0px; margin: 0; padding: 0; clear: both;\"><\/div>","protected":false},"excerpt":{"rendered":"<p>C\u00edcero Lucena promove inclus\u00e3o educacional com pr\u00eamio Escola Nota 10 para educadores sociais.<\/p>\n","protected":false},"author":1,"featured_media":1060,"comment_status":"closed","ping_status":"closed","sticky":false,"template":"","format":"standard","meta":{"footnotes":""},"categories":[1],"tags":[],"class_list":["post-1061","post","type-post","status-publish","format-standard","has-post-thumbnail","hentry","category-noticias-em-joao-pessoa","has_thumb"],"yoast_head":"<!-- This site is optimized with the Yoast SEO plugin v28.2 - https:\/\/yoast.com\/product\/yoast-seo-wordpress\/ -->\n<title>C\u00edcero Lucena anuncia pagamento do \u2018Escola Nota 10\u2019 para educadores sociais e convoca novos profissionais para refor\u00e7ar a inclus\u00e3o nas escolas - Encontra Jo\u00e3o Pessoa<\/title>\n<meta name=\"robots\" content=\"index, follow, max-snippet:-1, max-image-preview:large, max-video-preview:-1\" \/>\n<link rel=\"canonical\" href=\"https:\/\/www.encontrajoaopessoa.com.br\/sobre\/cicero-lucena-anuncia-pagamento-do-escola-nota-10-para-educadores-sociais-e-convoca-novos-profissionais-para-reforcar-a-inclusao-nas-escolas\/\" \/>\n<meta property=\"og:locale\" content=\"pt_BR\" \/>\n<meta property=\"og:type\" content=\"article\" \/>\n<meta property=\"og:title\" content=\"C\u00edcero Lucena anuncia pagamento do \u2018Escola Nota 10\u2019 para educadores sociais e convoca novos profissionais para refor\u00e7ar a inclus\u00e3o nas escolas - Encontra Jo\u00e3o Pessoa\" \/>\n<meta property=\"og:description\" content=\"C\u00edcero Lucena promove inclus\u00e3o educacional com pr\u00eamio Escola Nota 10 para educadores sociais.\" \/>\n<meta property=\"og:url\" content=\"https:\/\/www.encontrajoaopessoa.com.br\/sobre\/cicero-lucena-anuncia-pagamento-do-escola-nota-10-para-educadores-sociais-e-convoca-novos-profissionais-para-reforcar-a-inclusao-nas-escolas\/\" \/>\n<meta property=\"og:site_name\" content=\"Encontra Jo\u00e3o Pessoa\" \/>\n<meta property=\"article:published_time\" content=\"2026-02-01T17:31:12+00:00\" \/>\n<meta property=\"og:image\" content=\"https:\/\/www.encontrajoaopessoa.com.br\/sobre\/wp-content\/uploads\/2026\/02\/cicero-lucena-anuncia-pagamento-do-escola-nota-10-para-educadores-sociais-e-convoca-novos-profission.webp\" \/>\n<meta name=\"author\" content=\"Encontra Jo\u00e3o Pessoa\" \/>\n<meta name=\"twitter:card\" content=\"summary_large_image\" \/>\n<meta name=\"twitter:label1\" content=\"Escrito por\" \/>\n\t<meta name=\"twitter:data1\" content=\"Encontra Jo\u00e3o Pessoa\" \/>\n\t<meta name=\"twitter:label2\" content=\"Est. tempo de leitura\" \/>\n\t<meta name=\"twitter:data2\" content=\"4 minutos\" \/>\n<script type=\"application\/ld+json\" class=\"yoast-schema-graph\">{\"@context\":\"https:\\\/\\\/schema.org\",\"@graph\":[{\"@type\":\"Article\",\"@id\":\"https:\\\/\\\/www.encontrajoaopessoa.com.br\\\/sobre\\\/cicero-lucena-anuncia-pagamento-do-escola-nota-10-para-educadores-sociais-e-convoca-novos-profissionais-para-reforcar-a-inclusao-nas-escolas\\\/#article\",\"isPartOf\":{\"@id\":\"https:\\\/\\\/www.encontrajoaopessoa.com.br\\\/sobre\\\/cicero-lucena-anuncia-pagamento-do-escola-nota-10-para-educadores-sociais-e-convoca-novos-profissionais-para-reforcar-a-inclusao-nas-escolas\\\/\"},\"author\":{\"name\":\"Encontra Jo\u00e3o Pessoa\",\"@id\":\"https:\\\/\\\/www.encontrajoaopessoa.com.br\\\/sobre\\\/#\\\/schema\\\/person\\\/dcf4dbc803217a030dfb489f4a014aca\"},\"headline\":\"C\u00edcero Lucena anuncia pagamento do \u2018Escola Nota 10\u2019 para educadores sociais e convoca novos profissionais para refor\u00e7ar a inclus\u00e3o nas escolas\",\"datePublished\":\"2026-02-01T17:31:12+00:00\",\"mainEntityOfPage\":{\"@id\":\"https:\\\/\\\/www.encontrajoaopessoa.com.br\\\/sobre\\\/cicero-lucena-anuncia-pagamento-do-escola-nota-10-para-educadores-sociais-e-convoca-novos-profissionais-para-reforcar-a-inclusao-nas-escolas\\\/\"},\"wordCount\":860,\"image\":{\"@id\":\"https:\\\/\\\/www.encontrajoaopessoa.com.br\\\/sobre\\\/cicero-lucena-anuncia-pagamento-do-escola-nota-10-para-educadores-sociais-e-convoca-novos-profissionais-para-reforcar-a-inclusao-nas-escolas\\\/#primaryimage\"},\"thumbnailUrl\":\"https:\\\/\\\/www.encontrajoaopessoa.com.br\\\/sobre\\\/wp-content\\\/uploads\\\/2026\\\/02\\\/cicero-lucena-anuncia-pagamento-do-escola-nota-10-para-educadores-sociais-e-convoca-novos-profission.webp\",\"articleSection\":[\"Not\u00edcias Jo\u00e3o Pessoa\"],\"inLanguage\":\"pt-BR\"},{\"@type\":\"WebPage\",\"@id\":\"https:\\\/\\\/www.encontrajoaopessoa.com.br\\\/sobre\\\/cicero-lucena-anuncia-pagamento-do-escola-nota-10-para-educadores-sociais-e-convoca-novos-profissionais-para-reforcar-a-inclusao-nas-escolas\\\/\",\"url\":\"https:\\\/\\\/www.encontrajoaopessoa.com.br\\\/sobre\\\/cicero-lucena-anuncia-pagamento-do-escola-nota-10-para-educadores-sociais-e-convoca-novos-profissionais-para-reforcar-a-inclusao-nas-escolas\\\/\",\"name\":\"C\u00edcero Lucena anuncia pagamento do \u2018Escola Nota 10\u2019 para educadores sociais e convoca novos profissionais para refor\u00e7ar a inclus\u00e3o nas escolas - Encontra Jo\u00e3o Pessoa\",\"isPartOf\":{\"@id\":\"https:\\\/\\\/www.encontrajoaopessoa.com.br\\\/sobre\\\/#website\"},\"primaryImageOfPage\":{\"@id\":\"https:\\\/\\\/www.encontrajoaopessoa.com.br\\\/sobre\\\/cicero-lucena-anuncia-pagamento-do-escola-nota-10-para-educadores-sociais-e-convoca-novos-profissionais-para-reforcar-a-inclusao-nas-escolas\\\/#primaryimage\"},\"image\":{\"@id\":\"https:\\\/\\\/www.encontrajoaopessoa.com.br\\\/sobre\\\/cicero-lucena-anuncia-pagamento-do-escola-nota-10-para-educadores-sociais-e-convoca-novos-profissionais-para-reforcar-a-inclusao-nas-escolas\\\/#primaryimage\"},\"thumbnailUrl\":\"https:\\\/\\\/www.encontrajoaopessoa.com.br\\\/sobre\\\/wp-content\\\/uploads\\\/2026\\\/02\\\/cicero-lucena-anuncia-pagamento-do-escola-nota-10-para-educadores-sociais-e-convoca-novos-profission.webp\",\"datePublished\":\"2026-02-01T17:31:12+00:00\",\"author\":{\"@id\":\"https:\\\/\\\/www.encontrajoaopessoa.com.br\\\/sobre\\\/#\\\/schema\\\/person\\\/dcf4dbc803217a030dfb489f4a014aca\"},\"breadcrumb\":{\"@id\":\"https:\\\/\\\/www.encontrajoaopessoa.com.br\\\/sobre\\\/cicero-lucena-anuncia-pagamento-do-escola-nota-10-para-educadores-sociais-e-convoca-novos-profissionais-para-reforcar-a-inclusao-nas-escolas\\\/#breadcrumb\"},\"inLanguage\":\"pt-BR\",\"potentialAction\":[{\"@type\":\"ReadAction\",\"target\":[\"https:\\\/\\\/www.encontrajoaopessoa.com.br\\\/sobre\\\/cicero-lucena-anuncia-pagamento-do-escola-nota-10-para-educadores-sociais-e-convoca-novos-profissionais-para-reforcar-a-inclusao-nas-escolas\\\/\"]}]},{\"@type\":\"ImageObject\",\"inLanguage\":\"pt-BR\",\"@id\":\"https:\\\/\\\/www.encontrajoaopessoa.com.br\\\/sobre\\\/cicero-lucena-anuncia-pagamento-do-escola-nota-10-para-educadores-sociais-e-convoca-novos-profissionais-para-reforcar-a-inclusao-nas-escolas\\\/#primaryimage\",\"url\":\"https:\\\/\\\/www.encontrajoaopessoa.com.br\\\/sobre\\\/wp-content\\\/uploads\\\/2026\\\/02\\\/cicero-lucena-anuncia-pagamento-do-escola-nota-10-para-educadores-sociais-e-convoca-novos-profission.webp\",\"contentUrl\":\"https:\\\/\\\/www.encontrajoaopessoa.com.br\\\/sobre\\\/wp-content\\\/uploads\\\/2026\\\/02\\\/cicero-lucena-anuncia-pagamento-do-escola-nota-10-para-educadores-sociais-e-convoca-novos-profission.webp\",\"width\":280,\"height\":280,\"caption\":\"Escola Nota 10\"},{\"@type\":\"BreadcrumbList\",\"@id\":\"https:\\\/\\\/www.encontrajoaopessoa.com.br\\\/sobre\\\/cicero-lucena-anuncia-pagamento-do-escola-nota-10-para-educadores-sociais-e-convoca-novos-profissionais-para-reforcar-a-inclusao-nas-escolas\\\/#breadcrumb\",\"itemListElement\":[{\"@type\":\"ListItem\",\"position\":1,\"name\":\"In\u00edcio\",\"item\":\"https:\\\/\\\/www.encontrajoaopessoa.com.br\\\/sobre\\\/\"},{\"@type\":\"ListItem\",\"position\":2,\"name\":\"C\u00edcero Lucena anuncia pagamento do \u2018Escola Nota 10\u2019 para educadores sociais e convoca novos profissionais para refor\u00e7ar a inclus\u00e3o nas escolas\"}]},{\"@type\":\"WebSite\",\"@id\":\"https:\\\/\\\/www.encontrajoaopessoa.com.br\\\/sobre\\\/#website\",\"url\":\"https:\\\/\\\/www.encontrajoaopessoa.com.br\\\/sobre\\\/\",\"name\":\"Encontra Jo\u00e3o Pessoa\",\"description\":\"Not\u00edcias, eventos, informa\u00e7\u00f5es e dicas na cidade Jo\u00e3o Pessoa e regi\u00e3o.\",\"potentialAction\":[{\"@type\":\"SearchAction\",\"target\":{\"@type\":\"EntryPoint\",\"urlTemplate\":\"https:\\\/\\\/www.encontrajoaopessoa.com.br\\\/sobre\\\/?s={search_term_string}\"},\"query-input\":{\"@type\":\"PropertyValueSpecification\",\"valueRequired\":true,\"valueName\":\"search_term_string\"}}],\"inLanguage\":\"pt-BR\"},{\"@type\":\"Person\",\"@id\":\"https:\\\/\\\/www.encontrajoaopessoa.com.br\\\/sobre\\\/#\\\/schema\\\/person\\\/dcf4dbc803217a030dfb489f4a014aca\",\"name\":\"Encontra Jo\u00e3o Pessoa\",\"image\":{\"@type\":\"ImageObject\",\"inLanguage\":\"pt-BR\",\"@id\":\"https:\\\/\\\/secure.gravatar.com\\\/avatar\\\/507340682b8270222e1f208e23198b6ae7e2c6a1033ae84e99bc6bce4f82a387?s=96&d=mm&r=g\",\"url\":\"https:\\\/\\\/secure.gravatar.com\\\/avatar\\\/507340682b8270222e1f208e23198b6ae7e2c6a1033ae84e99bc6bce4f82a387?s=96&d=mm&r=g\",\"contentUrl\":\"https:\\\/\\\/secure.gravatar.com\\\/avatar\\\/507340682b8270222e1f208e23198b6ae7e2c6a1033ae84e99bc6bce4f82a387?s=96&d=mm&r=g\",\"caption\":\"Encontra Jo\u00e3o Pessoa\"},\"url\":\"https:\\\/\\\/www.encontrajoaopessoa.com.br\\\/sobre\\\/author\\\/ejoaopessoa\\\/\"}]}<\/script>\n<!-- \/ Yoast SEO plugin. -->","yoast_head_json":{"title":"C\u00edcero Lucena anuncia pagamento do \u2018Escola Nota 10\u2019 para educadores sociais e convoca novos profissionais para refor\u00e7ar a inclus\u00e3o nas escolas - Encontra Jo\u00e3o Pessoa","robots":{"index":"index","follow":"follow","max-snippet":"max-snippet:-1","max-image-preview":"max-image-preview:large","max-video-preview":"max-video-preview:-1"},"canonical":"https:\/\/www.encontrajoaopessoa.com.br\/sobre\/cicero-lucena-anuncia-pagamento-do-escola-nota-10-para-educadores-sociais-e-convoca-novos-profissionais-para-reforcar-a-inclusao-nas-escolas\/","og_locale":"pt_BR","og_type":"article","og_title":"C\u00edcero Lucena anuncia pagamento do \u2018Escola Nota 10\u2019 para educadores sociais e convoca novos profissionais para refor\u00e7ar a inclus\u00e3o nas escolas - Encontra Jo\u00e3o Pessoa","og_description":"C\u00edcero Lucena promove inclus\u00e3o educacional com pr\u00eamio Escola Nota 10 para educadores sociais.","og_url":"https:\/\/www.encontrajoaopessoa.com.br\/sobre\/cicero-lucena-anuncia-pagamento-do-escola-nota-10-para-educadores-sociais-e-convoca-novos-profissionais-para-reforcar-a-inclusao-nas-escolas\/","og_site_name":"Encontra Jo\u00e3o Pessoa","article_published_time":"2026-02-01T17:31:12+00:00","og_image":[{"url":"https:\/\/www.encontrajoaopessoa.com.br\/sobre\/wp-content\/uploads\/2026\/02\/cicero-lucena-anuncia-pagamento-do-escola-nota-10-para-educadores-sociais-e-convoca-novos-profission.webp","type":"","width":"","height":""}],"author":"Encontra Jo\u00e3o Pessoa","twitter_card":"summary_large_image","twitter_misc":{"Escrito por":"Encontra Jo\u00e3o Pessoa","Est. tempo de leitura":"4 minutos"},"schema":{"@context":"https:\/\/schema.org","@graph":[{"@type":"Article","@id":"https:\/\/www.encontrajoaopessoa.com.br\/sobre\/cicero-lucena-anuncia-pagamento-do-escola-nota-10-para-educadores-sociais-e-convoca-novos-profissionais-para-reforcar-a-inclusao-nas-escolas\/#article","isPartOf":{"@id":"https:\/\/www.encontrajoaopessoa.com.br\/sobre\/cicero-lucena-anuncia-pagamento-do-escola-nota-10-para-educadores-sociais-e-convoca-novos-profissionais-para-reforcar-a-inclusao-nas-escolas\/"},"author":{"name":"Encontra Jo\u00e3o Pessoa","@id":"https:\/\/www.encontrajoaopessoa.com.br\/sobre\/#\/schema\/person\/dcf4dbc803217a030dfb489f4a014aca"},"headline":"C\u00edcero Lucena anuncia pagamento do \u2018Escola Nota 10\u2019 para educadores sociais e convoca novos profissionais para refor\u00e7ar a inclus\u00e3o nas escolas","datePublished":"2026-02-01T17:31:12+00:00","mainEntityOfPage":{"@id":"https:\/\/www.encontrajoaopessoa.com.br\/sobre\/cicero-lucena-anuncia-pagamento-do-escola-nota-10-para-educadores-sociais-e-convoca-novos-profissionais-para-reforcar-a-inclusao-nas-escolas\/"},"wordCount":860,"image":{"@id":"https:\/\/www.encontrajoaopessoa.com.br\/sobre\/cicero-lucena-anuncia-pagamento-do-escola-nota-10-para-educadores-sociais-e-convoca-novos-profissionais-para-reforcar-a-inclusao-nas-escolas\/#primaryimage"},"thumbnailUrl":"https:\/\/www.encontrajoaopessoa.com.br\/sobre\/wp-content\/uploads\/2026\/02\/cicero-lucena-anuncia-pagamento-do-escola-nota-10-para-educadores-sociais-e-convoca-novos-profission.webp","articleSection":["Not\u00edcias Jo\u00e3o Pessoa"],"inLanguage":"pt-BR"},{"@type":"WebPage","@id":"https:\/\/www.encontrajoaopessoa.com.br\/sobre\/cicero-lucena-anuncia-pagamento-do-escola-nota-10-para-educadores-sociais-e-convoca-novos-profissionais-para-reforcar-a-inclusao-nas-escolas\/","url":"https:\/\/www.encontrajoaopessoa.com.br\/sobre\/cicero-lucena-anuncia-pagamento-do-escola-nota-10-para-educadores-sociais-e-convoca-novos-profissionais-para-reforcar-a-inclusao-nas-escolas\/","name":"C\u00edcero Lucena anuncia pagamento do \u2018Escola Nota 10\u2019 para educadores sociais e convoca novos profissionais para refor\u00e7ar a inclus\u00e3o nas escolas - Encontra Jo\u00e3o Pessoa","isPartOf":{"@id":"https:\/\/www.encontrajoaopessoa.com.br\/sobre\/#website"},"primaryImageOfPage":{"@id":"https:\/\/www.encontrajoaopessoa.com.br\/sobre\/cicero-lucena-anuncia-pagamento-do-escola-nota-10-para-educadores-sociais-e-convoca-novos-profissionais-para-reforcar-a-inclusao-nas-escolas\/#primaryimage"},"image":{"@id":"https:\/\/www.encontrajoaopessoa.com.br\/sobre\/cicero-lucena-anuncia-pagamento-do-escola-nota-10-para-educadores-sociais-e-convoca-novos-profissionais-para-reforcar-a-inclusao-nas-escolas\/#primaryimage"},"thumbnailUrl":"https:\/\/www.encontrajoaopessoa.com.br\/sobre\/wp-content\/uploads\/2026\/02\/cicero-lucena-anuncia-pagamento-do-escola-nota-10-para-educadores-sociais-e-convoca-novos-profission.webp","datePublished":"2026-02-01T17:31:12+00:00","author":{"@id":"https:\/\/www.encontrajoaopessoa.com.br\/sobre\/#\/schema\/person\/dcf4dbc803217a030dfb489f4a014aca"},"breadcrumb":{"@id":"https:\/\/www.encontrajoaopessoa.com.br\/sobre\/cicero-lucena-anuncia-pagamento-do-escola-nota-10-para-educadores-sociais-e-convoca-novos-profissionais-para-reforcar-a-inclusao-nas-escolas\/#breadcrumb"},"inLanguage":"pt-BR","potentialAction":[{"@type":"ReadAction","target":["https:\/\/www.encontrajoaopessoa.com.br\/sobre\/cicero-lucena-anuncia-pagamento-do-escola-nota-10-para-educadores-sociais-e-convoca-novos-profissionais-para-reforcar-a-inclusao-nas-escolas\/"]}]},{"@type":"ImageObject","inLanguage":"pt-BR","@id":"https:\/\/www.encontrajoaopessoa.com.br\/sobre\/cicero-lucena-anuncia-pagamento-do-escola-nota-10-para-educadores-sociais-e-convoca-novos-profissionais-para-reforcar-a-inclusao-nas-escolas\/#primaryimage","url":"https:\/\/www.encontrajoaopessoa.com.br\/sobre\/wp-content\/uploads\/2026\/02\/cicero-lucena-anuncia-pagamento-do-escola-nota-10-para-educadores-sociais-e-convoca-novos-profission.webp","contentUrl":"https:\/\/www.encontrajoaopessoa.com.br\/sobre\/wp-content\/uploads\/2026\/02\/cicero-lucena-anuncia-pagamento-do-escola-nota-10-para-educadores-sociais-e-convoca-novos-profission.webp","width":280,"height":280,"caption":"Escola Nota 10"},{"@type":"BreadcrumbList","@id":"https:\/\/www.encontrajoaopessoa.com.br\/sobre\/cicero-lucena-anuncia-pagamento-do-escola-nota-10-para-educadores-sociais-e-convoca-novos-profissionais-para-reforcar-a-inclusao-nas-escolas\/#breadcrumb","itemListElement":[{"@type":"ListItem","position":1,"name":"In\u00edcio","item":"https:\/\/www.encontrajoaopessoa.com.br\/sobre\/"},{"@type":"ListItem","position":2,"name":"C\u00edcero Lucena anuncia pagamento do \u2018Escola Nota 10\u2019 para educadores sociais e convoca novos profissionais para refor\u00e7ar a inclus\u00e3o nas escolas"}]},{"@type":"WebSite","@id":"https:\/\/www.encontrajoaopessoa.com.br\/sobre\/#website","url":"https:\/\/www.encontrajoaopessoa.com.br\/sobre\/","name":"Encontra Jo\u00e3o Pessoa","description":"Not\u00edcias, eventos, informa\u00e7\u00f5es e dicas na cidade Jo\u00e3o Pessoa e regi\u00e3o.","potentialAction":[{"@type":"SearchAction","target":{"@type":"EntryPoint","urlTemplate":"https:\/\/www.encontrajoaopessoa.com.br\/sobre\/?s={search_term_string}"},"query-input":{"@type":"PropertyValueSpecification","valueRequired":true,"valueName":"search_term_string"}}],"inLanguage":"pt-BR"},{"@type":"Person","@id":"https:\/\/www.encontrajoaopessoa.com.br\/sobre\/#\/schema\/person\/dcf4dbc803217a030dfb489f4a014aca","name":"Encontra Jo\u00e3o Pessoa","image":{"@type":"ImageObject","inLanguage":"pt-BR","@id":"https:\/\/secure.gravatar.com\/avatar\/507340682b8270222e1f208e23198b6ae7e2c6a1033ae84e99bc6bce4f82a387?s=96&d=mm&r=g","url":"https:\/\/secure.gravatar.com\/avatar\/507340682b8270222e1f208e23198b6ae7e2c6a1033ae84e99bc6bce4f82a387?s=96&d=mm&r=g","contentUrl":"https:\/\/secure.gravatar.com\/avatar\/507340682b8270222e1f208e23198b6ae7e2c6a1033ae84e99bc6bce4f82a387?s=96&d=mm&r=g","caption":"Encontra Jo\u00e3o Pessoa"},"url":"https:\/\/www.encontrajoaopessoa.com.br\/sobre\/author\/ejoaopessoa\/"}]}},"_links":{"self":[{"href":"https:\/\/www.encontrajoaopessoa.com.br\/sobre\/wp-json\/wp\/v2\/posts\/1061","targetHints":{"allow":["GET"]}}],"collection":[{"href":"https:\/\/www.encontrajoaopessoa.com.br\/sobre\/wp-json\/wp\/v2\/posts"}],"about":[{"href":"https:\/\/www.encontrajoaopessoa.com.br\/sobre\/wp-json\/wp\/v2\/types\/post"}],"author":[{"embeddable":true,"href":"https:\/\/www.encontrajoaopessoa.com.br\/sobre\/wp-json\/wp\/v2\/users\/1"}],"replies":[{"embeddable":true,"href":"https:\/\/www.encontrajoaopessoa.com.br\/sobre\/wp-json\/wp\/v2\/comments?post=1061"}],"version-history":[{"count":0,"href":"https:\/\/www.encontrajoaopessoa.com.br\/sobre\/wp-json\/wp\/v2\/posts\/1061\/revisions"}],"wp:featuredmedia":[{"embeddable":true,"href":"https:\/\/www.encontrajoaopessoa.com.br\/sobre\/wp-json\/wp\/v2\/media\/1060"}],"wp:attachment":[{"href":"https:\/\/www.encontrajoaopessoa.com.br\/sobre\/wp-json\/wp\/v2\/media?parent=1061"}],"wp:term":[{"taxonomy":"category","embeddable":true,"href":"https:\/\/www.encontrajoaopessoa.com.br\/sobre\/wp-json\/wp\/v2\/categories?post=1061"},{"taxonomy":"post_tag","embeddable":true,"href":"https:\/\/www.encontrajoaopessoa.com.br\/sobre\/wp-json\/wp\/v2\/tags?post=1061"}],"curies":[{"name":"wp","href":"https:\/\/api.w.org\/{rel}","templated":true}]}}