{"id":1017,"date":"2026-01-24T14:05:27","date_gmt":"2026-01-24T17:05:27","guid":{"rendered":"https:\/\/www.encontrajoaopessoa.com.br\/sobre\/secretaria-de-meio-ambiente-volta-a-coordenar-cuidado-e-protecao-animal-em-joao-pessoa\/"},"modified":"2026-01-24T14:05:27","modified_gmt":"2026-01-24T17:05:27","slug":"secretaria-de-meio-ambiente-volta-a-coordenar-cuidado-e-protecao-animal-em-joao-pessoa","status":"publish","type":"post","link":"https:\/\/www.encontrajoaopessoa.com.br\/sobre\/secretaria-de-meio-ambiente-volta-a-coordenar-cuidado-e-protecao-animal-em-joao-pessoa\/","title":{"rendered":"Secretaria de Meio Ambiente volta a coordenar Cuidado e Prote\u00e7\u00e3o Animal em Jo\u00e3o Pessoa"},"content":{"rendered":"<div class=\"866aa4a7c674253f40eaa20e0e3e928c\" data-index=\"1\" style=\"float: none; margin:0px;\">\n<!-- Anuncio display - global -->\r\n<ins class=\"adsbygoogle\"\r\n     style=\"display:block\"\r\n     data-ad-client=\"ca-pub-8585364105181520\"\r\n     data-ad-slot=\"8789329856\"\r\n     data-ad-format=\"auto\"\r\n     data-full-width-responsive=\"true\"><\/ins>\r\n<script>\r\n     (adsbygoogle = window.adsbygoogle || []).push({});\r\n<\/script>\n<\/div>\n<h2>Introdu\u00e7\u00e3o \u00e0 Gest\u00e3o do Cuidado e Prote\u00e7\u00e3o Animal em Jo\u00e3o Pessoa<\/h2>\n<p>A<a href=\"https:\/\/www.joaopessoa.pb.gov.br\/\">Secretaria de Meio Ambiente (Semam)<\/a> da Prefeitura de Jo\u00e3o Pessoa assume novamente a lideran\u00e7a nas diretrizes voltadas para a prote\u00e7\u00e3o animal. Este segmento compreende a administra\u00e7\u00e3o de servi\u00e7os essenciais como o Hospital do Pet, a Cl\u00ednica do Pet e o Castram\u00f3vel, cada um com fun\u00e7\u00f5es espec\u00edficas voltadas ao bem-estar dos animais na cidade.<\/p>\n<h2>Mudan\u00e7a Administrativa e Seus Impactos<\/h2>\n<p>Com a recente reestrutura\u00e7\u00e3o na gest\u00e3o, a Semam inicia uma fase de avalia\u00e7\u00e3o detalhada das opera\u00e7\u00f5es e infraestrutura dos servi\u00e7os de prote\u00e7\u00e3o aos animais. O objetivo \u00e9 restabelecer a confian\u00e7a da comunidade nos atendimentos, garantindo efici\u00eancia e seguran\u00e7a na continuidade das atividades voltadas para os pets.<\/p>\n<h2>Avalia\u00e7\u00e3o T\u00e9cnica dos Servi\u00e7os de Bem-Estar Animal<\/h2>\n<p>Neste contexto, a equipe t\u00e9cnica da Semam est\u00e1 realizando uma an\u00e1lise minuciosa dos locais de atendimento, buscando identificar e corrigir poss\u00edveis defici\u00eancias. Essa avalia\u00e7\u00e3o \u00e9 crucial para definir o pr\u00f3ximo passo na reabertura dos servi\u00e7os afetados e na reconquista da confian\u00e7a p\u00fablica.<\/p>\n<p><img decoding=\"async\" src=\"https:\/\/www.encontrajoaopessoa.com.br\/sobre\/wp-content\/uploads\/2026\/01\/secretaria-de-meio-ambiente-volta-a-coordenar-cuidado-e-protecao-animal-em-joao-pessoa.webp\" alt=\"Cuidado e Prote\u00e7\u00e3o Animal\" loading=\"lazy\" \/><\/p>\n<h2>Hospital do Pet: O Que Esperar da Nova Gest\u00e3o?<\/h2>\n<p>O Hospital do Pet, localizado na Avenida Santa Catarina, \u00e9 um dos principais centros de atendimento veterin\u00e1rio da cidade. Durante a transi\u00e7\u00e3o administrativa, as solicita\u00e7\u00f5es de servi\u00e7os foram temporariamente suspensas. Isso ocorre para permitir a implementa\u00e7\u00e3o de melhorias no sistema administrativo e garantir que o servi\u00e7o ofere\u00e7a uma experi\u00eancia mais satisfat\u00f3ria e confi\u00e1vel aos usu\u00e1rios.<\/p>\n<h2>Cl\u00ednica do Pet e Suas Novas Diretrizes<\/h2>\n<p>Paralelamente, a Cl\u00ednica do Pet, situada na Rua Marechal Almeida Barreto, passa por atualiza\u00e7\u00f5es em suas opera\u00e7\u00f5es. Essas transforma\u00e7\u00f5es visam n\u00e3o s\u00f3 a efici\u00eancia no atendimento, mas tamb\u00e9m uma melhoria na qualidade dos servi\u00e7os oferecidos, proporcionando um ambiente mais acolhedor e respeitoso, alinhado aos padr\u00f5es de bem-estar animal.<\/p>\n<h2>Castram\u00f3vel: Retorno \u00e0 Atividade<\/h2>\n<p>O Castram\u00f3vel \u00e9 um componente vital da pol\u00edtica de controle populacional de c\u00e3es e gatos no munic\u00edpio. Recentemente, foram descobertos problemas que impactavam seu funcionamento. Ap\u00f3s uma vistoria t\u00e9cnica, a equipe da Semam constatou que era necess\u00e1rio realizar interven\u00e7\u00f5es para que o Castram\u00f3vel pudesse voltar a operar adequadamente.<\/p>\n<h2>Import\u00e2ncia do Atendimento ao Cidad\u00e3o na Prote\u00e7\u00e3o Animal<\/h2>\n<p>O papel do cidad\u00e3o \u00e9 fundamental em iniciativas de prote\u00e7\u00e3o animal. Durante este per\u00edodo de reformula\u00e7\u00e3o, as solicita\u00e7\u00f5es de castra\u00e7\u00e3o podem ser feitas por meios alternativos, como o sistema 1Doc, pelo site oficial da Prefeitura, ou atrav\u00e9s do atendimento presencial no Hospital do Pet e na Cl\u00ednica do Pet.<\/p>\n<h2>Como Acompanhar as Mudan\u00e7as nos Servi\u00e7os<\/h2>\n<p>Para manter-se atualizado sobre o retorno das opera\u00e7\u00f5es e os novos procedimentos, a comunidade \u00e9 incentivada a acompanhar as comunica\u00e7\u00f5es oficiais da Prefeitura. Isso garante que todos estejam informados sobre quando os servi\u00e7os estar\u00e3o dispon\u00edveis e quais melhorias foram implementadas.<\/p>\n<h2>Perspectivas para o Bem-Estar Animal em Jo\u00e3o Pessoa<\/h2>\n<p>As mudan\u00e7as introduzidas visam n\u00e3o apenas a melhoria nas condi\u00e7\u00f5es de atendimento, mas tamb\u00e9m uma reavalia\u00e7\u00e3o das pol\u00edticas p\u00fablicas relacionadas ao bem-estar animal. A inten\u00e7\u00e3o \u00e9 criar um sistema mais eficaz, que promova a sa\u00fade dos animais e a educa\u00e7\u00e3o da popula\u00e7\u00e3o a respeito dos cuidados com pets.<\/p>\n<h2>Implica\u00e7\u00f5es da Nova Gest\u00e3o na Sociedade<\/h2>\n<p>O fortalecimento da gest\u00e3o p\u00fablica em torno do cuidado animal ter\u00e1 um impacto significativo na sociedade. A expectativa \u00e9 que, com a implementa\u00e7\u00e3o das melhorias, a popula\u00e7\u00e3o possa confiar novamente nos servi\u00e7os oferecidos, refletindo numa maior participa\u00e7\u00e3o da comunidade em causas de prote\u00e7\u00e3o animal.<\/p>\n<h2>Engajamento da Comunidade na Causa Animal<\/h2>\n<p>O sucesso das pol\u00edticas de cuidado e prote\u00e7\u00e3o animal depende do engajamento da comunidade. \u00c9 essencial que os cidad\u00e3os se tornem defensores ativamente engajados, seja por meio da ado\u00e7\u00e3o, do voluntariado ou do apoio em campanhas de bem-estar animal. Essa a\u00e7\u00e3o coletiva cria um ambiente mais saud\u00e1vel e acolhedor para nossos amigos de quatro patas.<\/p>\n<h2>Conclus\u00e3o<\/h2>\n<p>A gest\u00e3o do cuidado e prote\u00e7\u00e3o animal em Jo\u00e3o Pessoa, sob a nova dire\u00e7\u00e3o da Secretaria de Meio Ambiente, traz consigo a promessa de renova\u00e7\u00e3o e comprometimento com o bem-estar dos animais. Com a reavalia\u00e7\u00e3o dos servi\u00e7os e a colabora\u00e7\u00e3o da comunidade, espera-se um futuro mais promissor para os pets e seus tutores na cidade.<\/p>\n\n<div style=\"font-size: 0px; height: 0px; line-height: 0px; margin: 0; padding: 0; clear: both;\"><\/div>","protected":false},"excerpt":{"rendered":"<p>Cuidado e Prote\u00e7\u00e3o Animal \u00e9 prioridade em Jo\u00e3o Pessoa com nova gest\u00e3o da Semam.<\/p>\n","protected":false},"author":1,"featured_media":1016,"comment_status":"closed","ping_status":"closed","sticky":false,"template":"","format":"standard","meta":{"footnotes":""},"categories":[1],"tags":[],"class_list":["post-1017","post","type-post","status-publish","format-standard","has-post-thumbnail","hentry","category-noticias-em-joao-pessoa","has_thumb"],"yoast_head":"<!-- This site is optimized with the Yoast SEO plugin v26.4 - https:\/\/yoast.com\/wordpress\/plugins\/seo\/ -->\n<title>Secretaria de Meio Ambiente volta a coordenar Cuidado e Prote\u00e7\u00e3o Animal em Jo\u00e3o Pessoa - Encontra Jo\u00e3o Pessoa<\/title>\n<meta name=\"robots\" content=\"index, follow, max-snippet:-1, max-image-preview:large, max-video-preview:-1\" \/>\n<link rel=\"canonical\" href=\"https:\/\/www.encontrajoaopessoa.com.br\/sobre\/secretaria-de-meio-ambiente-volta-a-coordenar-cuidado-e-protecao-animal-em-joao-pessoa\/\" \/>\n<meta property=\"og:locale\" content=\"pt_BR\" \/>\n<meta property=\"og:type\" content=\"article\" \/>\n<meta property=\"og:title\" content=\"Secretaria de Meio Ambiente volta a coordenar Cuidado e Prote\u00e7\u00e3o Animal em Jo\u00e3o Pessoa - Encontra Jo\u00e3o Pessoa\" \/>\n<meta property=\"og:description\" content=\"Cuidado e Prote\u00e7\u00e3o Animal \u00e9 prioridade em Jo\u00e3o Pessoa com nova gest\u00e3o da Semam.\" \/>\n<meta property=\"og:url\" content=\"https:\/\/www.encontrajoaopessoa.com.br\/sobre\/secretaria-de-meio-ambiente-volta-a-coordenar-cuidado-e-protecao-animal-em-joao-pessoa\/\" \/>\n<meta property=\"og:site_name\" content=\"Encontra Jo\u00e3o Pessoa\" \/>\n<meta property=\"article:published_time\" content=\"2026-01-24T17:05:27+00:00\" \/>\n<meta property=\"og:image\" content=\"https:\/\/www.encontrajoaopessoa.com.br\/sobre\/wp-content\/uploads\/2026\/01\/secretaria-de-meio-ambiente-volta-a-coordenar-cuidado-e-protecao-animal-em-joao-pessoa.webp\" \/>\n<meta name=\"author\" content=\"Encontra Jo\u00e3o Pessoa\" \/>\n<meta name=\"twitter:card\" content=\"summary_large_image\" \/>\n<meta name=\"twitter:label1\" content=\"Escrito por\" \/>\n\t<meta name=\"twitter:data1\" content=\"Encontra Jo\u00e3o Pessoa\" \/>\n\t<meta name=\"twitter:label2\" content=\"Est. tempo de leitura\" \/>\n\t<meta name=\"twitter:data2\" content=\"4 minutos\" \/>\n<script type=\"application\/ld+json\" class=\"yoast-schema-graph\">{\"@context\":\"https:\/\/schema.org\",\"@graph\":[{\"@type\":\"WebPage\",\"@id\":\"https:\/\/www.encontrajoaopessoa.com.br\/sobre\/secretaria-de-meio-ambiente-volta-a-coordenar-cuidado-e-protecao-animal-em-joao-pessoa\/\",\"url\":\"https:\/\/www.encontrajoaopessoa.com.br\/sobre\/secretaria-de-meio-ambiente-volta-a-coordenar-cuidado-e-protecao-animal-em-joao-pessoa\/\",\"name\":\"Secretaria de Meio Ambiente volta a coordenar Cuidado e Prote\u00e7\u00e3o Animal em Jo\u00e3o Pessoa - Encontra Jo\u00e3o Pessoa\",\"isPartOf\":{\"@id\":\"https:\/\/www.encontrajoaopessoa.com.br\/sobre\/#website\"},\"primaryImageOfPage\":{\"@id\":\"https:\/\/www.encontrajoaopessoa.com.br\/sobre\/secretaria-de-meio-ambiente-volta-a-coordenar-cuidado-e-protecao-animal-em-joao-pessoa\/#primaryimage\"},\"image\":{\"@id\":\"https:\/\/www.encontrajoaopessoa.com.br\/sobre\/secretaria-de-meio-ambiente-volta-a-coordenar-cuidado-e-protecao-animal-em-joao-pessoa\/#primaryimage\"},\"thumbnailUrl\":\"https:\/\/www.encontrajoaopessoa.com.br\/sobre\/wp-content\/uploads\/2026\/01\/secretaria-de-meio-ambiente-volta-a-coordenar-cuidado-e-protecao-animal-em-joao-pessoa.webp\",\"datePublished\":\"2026-01-24T17:05:27+00:00\",\"author\":{\"@id\":\"https:\/\/www.encontrajoaopessoa.com.br\/sobre\/#\/schema\/person\/dcf4dbc803217a030dfb489f4a014aca\"},\"breadcrumb\":{\"@id\":\"https:\/\/www.encontrajoaopessoa.com.br\/sobre\/secretaria-de-meio-ambiente-volta-a-coordenar-cuidado-e-protecao-animal-em-joao-pessoa\/#breadcrumb\"},\"inLanguage\":\"pt-BR\",\"potentialAction\":[{\"@type\":\"ReadAction\",\"target\":[\"https:\/\/www.encontrajoaopessoa.com.br\/sobre\/secretaria-de-meio-ambiente-volta-a-coordenar-cuidado-e-protecao-animal-em-joao-pessoa\/\"]}]},{\"@type\":\"ImageObject\",\"inLanguage\":\"pt-BR\",\"@id\":\"https:\/\/www.encontrajoaopessoa.com.br\/sobre\/secretaria-de-meio-ambiente-volta-a-coordenar-cuidado-e-protecao-animal-em-joao-pessoa\/#primaryimage\",\"url\":\"https:\/\/www.encontrajoaopessoa.com.br\/sobre\/wp-content\/uploads\/2026\/01\/secretaria-de-meio-ambiente-volta-a-coordenar-cuidado-e-protecao-animal-em-joao-pessoa.webp\",\"contentUrl\":\"https:\/\/www.encontrajoaopessoa.com.br\/sobre\/wp-content\/uploads\/2026\/01\/secretaria-de-meio-ambiente-volta-a-coordenar-cuidado-e-protecao-animal-em-joao-pessoa.webp\",\"width\":280,\"height\":280,\"caption\":\"Cuidado e Prote\u00e7\u00e3o Animal\"},{\"@type\":\"BreadcrumbList\",\"@id\":\"https:\/\/www.encontrajoaopessoa.com.br\/sobre\/secretaria-de-meio-ambiente-volta-a-coordenar-cuidado-e-protecao-animal-em-joao-pessoa\/#breadcrumb\",\"itemListElement\":[{\"@type\":\"ListItem\",\"position\":1,\"name\":\"In\u00edcio\",\"item\":\"https:\/\/www.encontrajoaopessoa.com.br\/sobre\/\"},{\"@type\":\"ListItem\",\"position\":2,\"name\":\"Secretaria de Meio Ambiente volta a coordenar Cuidado e Prote\u00e7\u00e3o Animal em Jo\u00e3o Pessoa\"}]},{\"@type\":\"WebSite\",\"@id\":\"https:\/\/www.encontrajoaopessoa.com.br\/sobre\/#website\",\"url\":\"https:\/\/www.encontrajoaopessoa.com.br\/sobre\/\",\"name\":\"Encontra Jo\u00e3o Pessoa\",\"description\":\"Not\u00edcias, eventos, informa\u00e7\u00f5es e dicas na cidade Jo\u00e3o Pessoa e regi\u00e3o.\",\"potentialAction\":[{\"@type\":\"SearchAction\",\"target\":{\"@type\":\"EntryPoint\",\"urlTemplate\":\"https:\/\/www.encontrajoaopessoa.com.br\/sobre\/?s={search_term_string}\"},\"query-input\":{\"@type\":\"PropertyValueSpecification\",\"valueRequired\":true,\"valueName\":\"search_term_string\"}}],\"inLanguage\":\"pt-BR\"},{\"@type\":\"Person\",\"@id\":\"https:\/\/www.encontrajoaopessoa.com.br\/sobre\/#\/schema\/person\/dcf4dbc803217a030dfb489f4a014aca\",\"name\":\"Encontra Jo\u00e3o Pessoa\",\"image\":{\"@type\":\"ImageObject\",\"inLanguage\":\"pt-BR\",\"@id\":\"https:\/\/www.encontrajoaopessoa.com.br\/sobre\/#\/schema\/person\/image\/\",\"url\":\"https:\/\/secure.gravatar.com\/avatar\/507340682b8270222e1f208e23198b6ae7e2c6a1033ae84e99bc6bce4f82a387?s=96&d=mm&r=g\",\"contentUrl\":\"https:\/\/secure.gravatar.com\/avatar\/507340682b8270222e1f208e23198b6ae7e2c6a1033ae84e99bc6bce4f82a387?s=96&d=mm&r=g\",\"caption\":\"Encontra Jo\u00e3o Pessoa\"},\"url\":\"https:\/\/www.encontrajoaopessoa.com.br\/sobre\/author\/ejoaopessoa\/\"}]}<\/script>\n<!-- \/ Yoast SEO plugin. -->","yoast_head_json":{"title":"Secretaria de Meio Ambiente volta a coordenar Cuidado e Prote\u00e7\u00e3o Animal em Jo\u00e3o Pessoa - Encontra Jo\u00e3o Pessoa","robots":{"index":"index","follow":"follow","max-snippet":"max-snippet:-1","max-image-preview":"max-image-preview:large","max-video-preview":"max-video-preview:-1"},"canonical":"https:\/\/www.encontrajoaopessoa.com.br\/sobre\/secretaria-de-meio-ambiente-volta-a-coordenar-cuidado-e-protecao-animal-em-joao-pessoa\/","og_locale":"pt_BR","og_type":"article","og_title":"Secretaria de Meio Ambiente volta a coordenar Cuidado e Prote\u00e7\u00e3o Animal em Jo\u00e3o Pessoa - Encontra Jo\u00e3o Pessoa","og_description":"Cuidado e Prote\u00e7\u00e3o Animal \u00e9 prioridade em Jo\u00e3o Pessoa com nova gest\u00e3o da Semam.","og_url":"https:\/\/www.encontrajoaopessoa.com.br\/sobre\/secretaria-de-meio-ambiente-volta-a-coordenar-cuidado-e-protecao-animal-em-joao-pessoa\/","og_site_name":"Encontra Jo\u00e3o Pessoa","article_published_time":"2026-01-24T17:05:27+00:00","og_image":[{"url":"https:\/\/www.encontrajoaopessoa.com.br\/sobre\/wp-content\/uploads\/2026\/01\/secretaria-de-meio-ambiente-volta-a-coordenar-cuidado-e-protecao-animal-em-joao-pessoa.webp","type":"","width":"","height":""}],"author":"Encontra Jo\u00e3o Pessoa","twitter_card":"summary_large_image","twitter_misc":{"Escrito por":"Encontra Jo\u00e3o Pessoa","Est. tempo de leitura":"4 minutos"},"schema":{"@context":"https:\/\/schema.org","@graph":[{"@type":"WebPage","@id":"https:\/\/www.encontrajoaopessoa.com.br\/sobre\/secretaria-de-meio-ambiente-volta-a-coordenar-cuidado-e-protecao-animal-em-joao-pessoa\/","url":"https:\/\/www.encontrajoaopessoa.com.br\/sobre\/secretaria-de-meio-ambiente-volta-a-coordenar-cuidado-e-protecao-animal-em-joao-pessoa\/","name":"Secretaria de Meio Ambiente volta a coordenar Cuidado e Prote\u00e7\u00e3o Animal em Jo\u00e3o Pessoa - Encontra Jo\u00e3o Pessoa","isPartOf":{"@id":"https:\/\/www.encontrajoaopessoa.com.br\/sobre\/#website"},"primaryImageOfPage":{"@id":"https:\/\/www.encontrajoaopessoa.com.br\/sobre\/secretaria-de-meio-ambiente-volta-a-coordenar-cuidado-e-protecao-animal-em-joao-pessoa\/#primaryimage"},"image":{"@id":"https:\/\/www.encontrajoaopessoa.com.br\/sobre\/secretaria-de-meio-ambiente-volta-a-coordenar-cuidado-e-protecao-animal-em-joao-pessoa\/#primaryimage"},"thumbnailUrl":"https:\/\/www.encontrajoaopessoa.com.br\/sobre\/wp-content\/uploads\/2026\/01\/secretaria-de-meio-ambiente-volta-a-coordenar-cuidado-e-protecao-animal-em-joao-pessoa.webp","datePublished":"2026-01-24T17:05:27+00:00","author":{"@id":"https:\/\/www.encontrajoaopessoa.com.br\/sobre\/#\/schema\/person\/dcf4dbc803217a030dfb489f4a014aca"},"breadcrumb":{"@id":"https:\/\/www.encontrajoaopessoa.com.br\/sobre\/secretaria-de-meio-ambiente-volta-a-coordenar-cuidado-e-protecao-animal-em-joao-pessoa\/#breadcrumb"},"inLanguage":"pt-BR","potentialAction":[{"@type":"ReadAction","target":["https:\/\/www.encontrajoaopessoa.com.br\/sobre\/secretaria-de-meio-ambiente-volta-a-coordenar-cuidado-e-protecao-animal-em-joao-pessoa\/"]}]},{"@type":"ImageObject","inLanguage":"pt-BR","@id":"https:\/\/www.encontrajoaopessoa.com.br\/sobre\/secretaria-de-meio-ambiente-volta-a-coordenar-cuidado-e-protecao-animal-em-joao-pessoa\/#primaryimage","url":"https:\/\/www.encontrajoaopessoa.com.br\/sobre\/wp-content\/uploads\/2026\/01\/secretaria-de-meio-ambiente-volta-a-coordenar-cuidado-e-protecao-animal-em-joao-pessoa.webp","contentUrl":"https:\/\/www.encontrajoaopessoa.com.br\/sobre\/wp-content\/uploads\/2026\/01\/secretaria-de-meio-ambiente-volta-a-coordenar-cuidado-e-protecao-animal-em-joao-pessoa.webp","width":280,"height":280,"caption":"Cuidado e Prote\u00e7\u00e3o Animal"},{"@type":"BreadcrumbList","@id":"https:\/\/www.encontrajoaopessoa.com.br\/sobre\/secretaria-de-meio-ambiente-volta-a-coordenar-cuidado-e-protecao-animal-em-joao-pessoa\/#breadcrumb","itemListElement":[{"@type":"ListItem","position":1,"name":"In\u00edcio","item":"https:\/\/www.encontrajoaopessoa.com.br\/sobre\/"},{"@type":"ListItem","position":2,"name":"Secretaria de Meio Ambiente volta a coordenar Cuidado e Prote\u00e7\u00e3o Animal em Jo\u00e3o Pessoa"}]},{"@type":"WebSite","@id":"https:\/\/www.encontrajoaopessoa.com.br\/sobre\/#website","url":"https:\/\/www.encontrajoaopessoa.com.br\/sobre\/","name":"Encontra Jo\u00e3o Pessoa","description":"Not\u00edcias, eventos, informa\u00e7\u00f5es e dicas na cidade Jo\u00e3o Pessoa e regi\u00e3o.","potentialAction":[{"@type":"SearchAction","target":{"@type":"EntryPoint","urlTemplate":"https:\/\/www.encontrajoaopessoa.com.br\/sobre\/?s={search_term_string}"},"query-input":{"@type":"PropertyValueSpecification","valueRequired":true,"valueName":"search_term_string"}}],"inLanguage":"pt-BR"},{"@type":"Person","@id":"https:\/\/www.encontrajoaopessoa.com.br\/sobre\/#\/schema\/person\/dcf4dbc803217a030dfb489f4a014aca","name":"Encontra Jo\u00e3o Pessoa","image":{"@type":"ImageObject","inLanguage":"pt-BR","@id":"https:\/\/www.encontrajoaopessoa.com.br\/sobre\/#\/schema\/person\/image\/","url":"https:\/\/secure.gravatar.com\/avatar\/507340682b8270222e1f208e23198b6ae7e2c6a1033ae84e99bc6bce4f82a387?s=96&d=mm&r=g","contentUrl":"https:\/\/secure.gravatar.com\/avatar\/507340682b8270222e1f208e23198b6ae7e2c6a1033ae84e99bc6bce4f82a387?s=96&d=mm&r=g","caption":"Encontra Jo\u00e3o Pessoa"},"url":"https:\/\/www.encontrajoaopessoa.com.br\/sobre\/author\/ejoaopessoa\/"}]}},"_links":{"self":[{"href":"https:\/\/www.encontrajoaopessoa.com.br\/sobre\/wp-json\/wp\/v2\/posts\/1017","targetHints":{"allow":["GET"]}}],"collection":[{"href":"https:\/\/www.encontrajoaopessoa.com.br\/sobre\/wp-json\/wp\/v2\/posts"}],"about":[{"href":"https:\/\/www.encontrajoaopessoa.com.br\/sobre\/wp-json\/wp\/v2\/types\/post"}],"author":[{"embeddable":true,"href":"https:\/\/www.encontrajoaopessoa.com.br\/sobre\/wp-json\/wp\/v2\/users\/1"}],"replies":[{"embeddable":true,"href":"https:\/\/www.encontrajoaopessoa.com.br\/sobre\/wp-json\/wp\/v2\/comments?post=1017"}],"version-history":[{"count":0,"href":"https:\/\/www.encontrajoaopessoa.com.br\/sobre\/wp-json\/wp\/v2\/posts\/1017\/revisions"}],"wp:featuredmedia":[{"embeddable":true,"href":"https:\/\/www.encontrajoaopessoa.com.br\/sobre\/wp-json\/wp\/v2\/media\/1016"}],"wp:attachment":[{"href":"https:\/\/www.encontrajoaopessoa.com.br\/sobre\/wp-json\/wp\/v2\/media?parent=1017"}],"wp:term":[{"taxonomy":"category","embeddable":true,"href":"https:\/\/www.encontrajoaopessoa.com.br\/sobre\/wp-json\/wp\/v2\/categories?post=1017"},{"taxonomy":"post_tag","embeddable":true,"href":"https:\/\/www.encontrajoaopessoa.com.br\/sobre\/wp-json\/wp\/v2\/tags?post=1017"}],"curies":[{"name":"wp","href":"https:\/\/api.w.org\/{rel}","templated":true}]}}